{"id":81882,"date":"2014-04-25T17:08:49","date_gmt":"2014-04-25T16:08:49","guid":{"rendered":"http:\/\/www.visit-ulcinj.com\/blog\/?p=81882"},"modified":"2014-04-25T17:08:49","modified_gmt":"2014-04-25T16:08:49","slug":"marreveshje-bashkepunimi-mal-zi-shqiperi-ne-fushen-e-turizmit","status":"publish","type":"post","link":"https:\/\/www.visit-ulcinj.com\/blog\/2014\/04\/25\/marreveshje-bashkepunimi-mal-zi-shqiperi-ne-fushen-e-turizmit\/","title":{"rendered":"Marr\u00ebveshje bashk\u00ebpunimi Mal i Zi &#8211; Shqip\u00ebri, n\u00eb fush\u00ebn e turizmit"},"content":{"rendered":"<div id=\"stcpDiv\">\n<div><a href=\"http:\/\/www.visit-ulcinj.com\/blog\/wp-content\/uploads\/2014\/04\/Gvozdenovic-Gjermeni-Tirana.jpg\"><img loading=\"lazy\" class=\"alignleft  wp-image-81883\" alt=\"Gvozdenovic-Gjermeni-Tirana\" src=\"http:\/\/www.visit-ulcinj.com\/blog\/wp-content\/uploads\/2014\/04\/Gvozdenovic-Gjermeni-Tirana.jpg\" width=\"508\" height=\"311\" \/><\/a>Ministrja \u00a0e \u00a0Zhvillimit \u00a0Urban \u00a0dhe \u00a0Turizmit \u00a0Eglantina \u00a0Gjermeni n\u00ebnshkroi sot Marr\u00ebveshjen \u00a0me \u00a0Ministrin \u00a0e \u00a0Zhvillimit \u00a0t\u00eb Q\u00ebndruesh\u00ebm dhe Turizmit t\u00eb Malit t\u00eb Zi Branimir Gvozdenovic. Kjo \u00a0marr\u00ebveshje \u00a0synon \u00a0t\u00eb \u00a0forcoj\u00eb \u00a0marr\u00ebdh\u00ebniet \u00a0dypal\u00ebshe \u00a0n\u00eb fush\u00ebn \u00a0e \u00a0turizmit, \u00a0duke \u00a0kontribuar \u00a0n\u00eb \u00a0njohjen \u00a0reciproke \u00a0t\u00eb historis\u00eb, kultur\u00ebs dhe tradit\u00ebs s\u00eb popujve tan\u00eb fqinj\u00eb. Marr\u00ebveshja synon leht\u00ebsimin e procedurave t\u00eb kontrollit kufitar t\u00eb grupeve t\u00eb organizuara turistike, konform legjislacionit n\u00eb fuqi,inkurajon bashk\u00ebpunimin mes institucioneve p\u00ebrkat\u00ebse turistike si publike ashtu edhe private, dhe nxit shk\u00ebmbimin e p\u00ebrvojave n\u00eb fush\u00ebn e turizmit dhe informacionit statistikor.<\/div>\n<div><\/div>\n<div>Gjat\u00eb \u00a0takimit \u00a0q\u00eb \u00a0delegacioni \u00a0malazes \u00a0zhvilloi \u00a0n\u00eb \u00a0mjediset \u00a0e Ministris\u00eb s\u00eb Zhvillimit Urban dhe Turizmit u ra dakord q\u00eb pal\u00ebt \u00a0t\u00eb nxisin \u00a0shk\u00ebmbimin \u00a0e \u00a0turist\u00ebve \u00a0n\u00eb \u00a0t\u00eb \u00a0dy \u00a0an\u00ebt \u00a0e \u00a0kufirit, duke promovuar potencialet turistike t\u00eb dy vendeve, duke organizuar panaire, \u00a0por \u00a0edhe \u00a0veprimtari \u00a0t\u00eb \u00a0p\u00ebrbashk\u00ebta \u00a0turistike \u00a0mes operator\u00ebve turistik\u00eb t\u00eb dy vendeve tona. Ministrat Gjermeni dhe Gvozdenovic ndan\u00eb t\u00eb nj\u00ebjtin mendim sa i takon krijimit t\u00eb tregut t\u00eb p\u00ebrbashk\u00ebt turistik mes 2 vendeve dhe ran\u00eb dakord t\u00eb punojn\u00eb bashkarisht p\u00ebr t\u00eb inkurajuar lundrimin me kro\u00e7ere p\u00ebrgjat\u00eb bregdetit Adriatik t\u00eb dy vendeve. Nj\u00eb tjet\u00ebr nism\u00eb konkrete mes dy vendeve jan\u00eb \u00a0udh\u00ebtimet me vark\u00eb n\u00eb t\u00eb dy an\u00ebt e liqenit t\u00eb Shkodr\u00ebs, p\u00ebr t\u00eb nxitur turizmin.<\/div>\n<div><a href=\"http:\/\/www.visit-ulcinj.com\/blog\/wp-content\/uploads\/2014\/04\/Gvozdenovic-Gjermeni-Tirana-1.jpg\"><img loading=\"lazy\" class=\"alignleft  wp-image-81884\" alt=\"Gvozdenovic-Gjermeni-Tirana-1\" src=\"http:\/\/www.visit-ulcinj.com\/blog\/wp-content\/uploads\/2014\/04\/Gvozdenovic-Gjermeni-Tirana-1.jpg\" width=\"508\" height=\"360\" \/><\/a><\/div>\n<div>Ministrja Gjermeni gjat\u00eb daljes para mediave u ndal konkretisht n\u00eb dy projektet rajonale mes Shqip\u00ebris\u00eb, Kosov\u00ebs dhe Malit t\u00eb Zi,projektit \u00a0nd\u00ebrkufitar \u00a0t\u00eb \u00a0Alpeve dhe \u00a0projektit Majat \u00a0e Ballkanit . \u201cP\u00ebrmes \u00a0k\u00ebtyre \u00a0projekteve \u00a0rajonave, \u00a0ne \u00a0synojm\u00eb \u00a0zhvillimin \u00a0e produktit lokal turistik, u shpreh Ministrja Gjermeni, e cila vler\u00ebsoi se k\u00ebto oferta turistike rajonale promovojn\u00eb atraktionet turistike,ofrojn\u00eb kombinimin \u00a0e kulturave dhe traditave mes vendeve, duke garantuar \u00a0zhvillimin \u00a0ekonomik \u00a0dhe \u00a0duke \u00a0e \u00a0b\u00ebr\u00eb \u00a0rajonin \u00a0ton\u00eb konkurues n\u00eb tregun evropian\u201d. Ministrja \u00a0Gjermeni \u00a0e \u00a0njohu \u00a0homologun \u00a0malazez \u00a0me \u00a0ecurin\u00eb \u00a0e projektit \u00a0p\u00ebr \u00a0pal\u00ebn \u00a0shqiptare. \u00a0Hartimi \u00a0i \u00a0Masterplanit \u00a0t\u00eb \u00a0Alpeve brenda territorit t\u00eb Shqip\u00ebris\u00eb synon realizimin e nj\u00eb \u00a0studimi t\u00eb thelluar p\u00ebr nxitjen e m\u00ebtejshme t\u00eb turizmit n\u00eb zon\u00ebn e Alpeve,planifikimin \u00a0e \u00a0nj\u00eb \u00a0zhvillimi \u00a0t\u00eb \u00a0q\u00ebndruesh\u00ebm \u00a0dhe \u00a0investime \u00a0n\u00eb p\u00ebrmir\u00ebsimin e infrastruktur\u00ebs publike n\u00eb koordinim me biznesin e komunitetet vendore.<\/div>\n<div><\/div>\n<div>Projekti \u00a0Majat \u00a0e \u00a0Ballkkanit synon \u00a0krijimin \u00a0e \u00a0shtegut \u00a0malor \u00a0me gjat\u00ebsi rreth 192 kilometra q\u00eb shtrihet n\u00eb 3 vendet tona, Shqip\u00ebri,Kosov\u00eb dhe Mal i Zi, i cili promovon potencialet turistike t\u00eb k\u00ebtyre zonave, por sh\u00ebrben edhe si \u00a0nj\u00eb model bashk\u00ebpunimi nd\u00ebrmjet tre shteteve kufitare. T\u00eb dy pal\u00ebt ran\u00eb dakord t\u00eb punojn\u00eb p\u00ebr projektin nd\u00ebrkufitar t\u00eb Liqenit \u00a0t\u00eb \u00a0Shkodr\u00ebs \u00a0i \u00a0cili \u00a0do \u00a0t\u00eb \u00a0nxis\u00eb \u00a0jo \u00a0vet\u00ebm \u00a0shk\u00ebmbimet turistike, por edhe ato t\u00eb mallrave mes dy vendeve tona. Marr\u00ebveshja e n\u00ebnshkruar nga dy ministrat, synon angazhimin e t\u00eb \u00a0dy \u00a0vendeve \u00a0p\u00ebrmes \u00a0programeve \u00a0t\u00eb \u00a0p\u00ebrbashk\u00ebta, \u00a0edhe n\u00ebp\u00ebrmjet fondeve IPA \u00a0n\u00eb menaxhimin e liqenit t\u00eb Shkodr\u00ebs apo investime \u00a0q\u00eb \u00a0synojn\u00eb \u00a0p\u00ebrmir\u00ebsimin \u00a0e \u00a0infrastruktur\u00ebs \u00a0turistike p\u00ebrgjat\u00eb bregdetit t\u00eb dy vendeve. Kjo Marr\u00ebveshje vjen pas asaj t\u00eb n\u00ebnshkruar m\u00eb pal\u00ebn Kosovare,marr\u00ebveshje t\u00eb cilat synojn\u00eb forcimin e bashk\u00ebpunimit rajonal dhe krijimin e paketave t\u00eb p\u00ebrbashk\u00ebta turistike.<\/div>\n<\/div>\n<div><strong>Gazeta SOT<\/strong><\/div>\n","protected":false},"excerpt":{"rendered":"<p>Ministrja \u00a0e \u00a0Zhvillimit \u00a0Urban \u00a0dhe \u00a0Turizmit \u00a0Eglantina \u00a0Gjermeni n\u00ebnshkroi sot Marr\u00ebveshjen \u00a0me \u00a0Ministrin \u00a0e \u00a0Zhvillimit \u00a0t\u00eb Q\u00ebndruesh\u00ebm dhe Turizmit t\u00eb Malit t\u00eb Zi Branimir Gvozdenovic. Kjo \u00a0marr\u00ebveshje \u00a0synon \u00a0t\u00eb \u00a0forcoj\u00eb \u00a0marr\u00ebdh\u00ebniet \u00a0dypal\u00ebshe \u00a0n\u00eb fush\u00ebn \u00a0e \u00a0turizmit, \u00a0duke \u00a0kontribuar \u00a0n\u00eb \u00a0njohjen \u00a0reciproke \u00a0t\u00eb historis\u00eb, kultur\u00ebs dhe tradit\u00ebs s\u00eb popujve tan\u00eb fqinj\u00eb. Marr\u00ebveshja synon leht\u00ebsimin e procedurave [&hellip;]<\/p>\n","protected":false},"author":1,"featured_media":0,"comment_status":"closed","ping_status":"closed","sticky":false,"template":"","format":"standard","meta":{"spay_email":"","jetpack_publicize_message":"","jetpack_is_tweetstorm":false,"jetpack_publicize_feature_enabled":true},"categories":[7],"tags":[],"jetpack_publicize_connections":[],"yoast_head":"<!-- This site is optimized with the Yoast SEO plugin v19.1 - https:\/\/yoast.com\/wordpress\/plugins\/seo\/ -->\n<title>Marr\u00ebveshje bashk\u00ebpunimi Mal i Zi - Shqip\u00ebri, n\u00eb fush\u00ebn e turizmit - Lajme nga Ulqini<\/title>\n<meta name=\"description\" content=\"Ministrja \u00a0e \u00a0Zhvillimit \u00a0Urban \u00a0dhe \u00a0Turizmit \u00a0Eglantina \u00a0Gjermeni n\u00ebnshkroi sot Marr\u00ebveshjen \u00a0me \u00a0Ministrin \u00a0e \u00a0Zhvillimit \u00a0t\u00eb Q\u00ebndruesh\u00ebm dhe Turizmit\" \/>\n<meta name=\"robots\" content=\"index, follow, max-snippet:-1, max-image-preview:large, max-video-preview:-1\" \/>\n<link rel=\"canonical\" href=\"https:\/\/www.visit-ulcinj.com\/blog\/2014\/04\/25\/marreveshje-bashkepunimi-mal-zi-shqiperi-ne-fushen-e-turizmit\/\" \/>\n<meta property=\"og:locale\" content=\"en_US\" \/>\n<meta property=\"og:type\" content=\"article\" \/>\n<meta property=\"og:title\" content=\"Marr\u00ebveshje bashk\u00ebpunimi Mal i Zi - Shqip\u00ebri, n\u00eb fush\u00ebn e turizmit - Lajme nga Ulqini\" \/>\n<meta property=\"og:description\" content=\"Ministrja \u00a0e \u00a0Zhvillimit \u00a0Urban \u00a0dhe \u00a0Turizmit \u00a0Eglantina \u00a0Gjermeni n\u00ebnshkroi sot Marr\u00ebveshjen \u00a0me \u00a0Ministrin \u00a0e \u00a0Zhvillimit \u00a0t\u00eb Q\u00ebndruesh\u00ebm dhe Turizmit\" \/>\n<meta property=\"og:url\" content=\"https:\/\/www.visit-ulcinj.com\/blog\/2014\/04\/25\/marreveshje-bashkepunimi-mal-zi-shqiperi-ne-fushen-e-turizmit\/\" \/>\n<meta property=\"og:site_name\" content=\"Lajme nga Ulqini\" \/>\n<meta property=\"article:published_time\" content=\"2014-04-25T16:08:49+00:00\" \/>\n<meta property=\"og:image\" content=\"http:\/\/www.visit-ulcinj.com\/blog\/wp-content\/uploads\/2014\/04\/Gvozdenovic-Gjermeni-Tirana.jpg\" \/>\n<meta name=\"twitter:label1\" content=\"Written by\" \/>\n\t<meta name=\"twitter:data1\" content=\"ulqini\" \/>\n\t<meta name=\"twitter:label2\" content=\"Est. reading time\" \/>\n\t<meta name=\"twitter:data2\" content=\"3 minutes\" \/>\n<script type=\"application\/ld+json\" class=\"yoast-schema-graph\">{\"@context\":\"https:\/\/schema.org\",\"@graph\":[{\"@type\":\"WebSite\",\"@id\":\"https:\/\/www.visit-ulcinj.com\/blog\/#website\",\"url\":\"https:\/\/www.visit-ulcinj.com\/blog\/\",\"name\":\"Lajme nga Ulqini\",\"description\":\"Lajme,Vijesti,Ulqini,Ulqin,Crna Gora,Mali i Zi\",\"potentialAction\":[{\"@type\":\"SearchAction\",\"target\":{\"@type\":\"EntryPoint\",\"urlTemplate\":\"https:\/\/www.visit-ulcinj.com\/blog\/?s={search_term_string}\"},\"query-input\":\"required name=search_term_string\"}],\"inLanguage\":\"en-US\"},{\"@type\":\"ImageObject\",\"inLanguage\":\"en-US\",\"@id\":\"https:\/\/www.visit-ulcinj.com\/blog\/2014\/04\/25\/marreveshje-bashkepunimi-mal-zi-shqiperi-ne-fushen-e-turizmit\/#primaryimage\",\"url\":\"https:\/\/www.visit-ulcinj.com\/blog\/wp-content\/uploads\/2014\/04\/Gvozdenovic-Gjermeni-Tirana.jpg\",\"contentUrl\":\"https:\/\/www.visit-ulcinj.com\/blog\/wp-content\/uploads\/2014\/04\/Gvozdenovic-Gjermeni-Tirana.jpg\",\"width\":470,\"height\":311},{\"@type\":\"WebPage\",\"@id\":\"https:\/\/www.visit-ulcinj.com\/blog\/2014\/04\/25\/marreveshje-bashkepunimi-mal-zi-shqiperi-ne-fushen-e-turizmit\/#webpage\",\"url\":\"https:\/\/www.visit-ulcinj.com\/blog\/2014\/04\/25\/marreveshje-bashkepunimi-mal-zi-shqiperi-ne-fushen-e-turizmit\/\",\"name\":\"Marr\u00ebveshje bashk\u00ebpunimi Mal i Zi - Shqip\u00ebri, n\u00eb fush\u00ebn e turizmit - Lajme nga Ulqini\",\"isPartOf\":{\"@id\":\"https:\/\/www.visit-ulcinj.com\/blog\/#website\"},\"primaryImageOfPage\":{\"@id\":\"https:\/\/www.visit-ulcinj.com\/blog\/2014\/04\/25\/marreveshje-bashkepunimi-mal-zi-shqiperi-ne-fushen-e-turizmit\/#primaryimage\"},\"datePublished\":\"2014-04-25T16:08:49+00:00\",\"dateModified\":\"2014-04-25T16:08:49+00:00\",\"author\":{\"@id\":\"https:\/\/www.visit-ulcinj.com\/blog\/#\/schema\/person\/dcab619c614d3038751c63bc2aadc06d\"},\"description\":\"Ministrja \u00a0e \u00a0Zhvillimit \u00a0Urban \u00a0dhe \u00a0Turizmit \u00a0Eglantina \u00a0Gjermeni n\u00ebnshkroi sot Marr\u00ebveshjen \u00a0me \u00a0Ministrin \u00a0e \u00a0Zhvillimit \u00a0t\u00eb Q\u00ebndruesh\u00ebm dhe Turizmit\",\"breadcrumb\":{\"@id\":\"https:\/\/www.visit-ulcinj.com\/blog\/2014\/04\/25\/marreveshje-bashkepunimi-mal-zi-shqiperi-ne-fushen-e-turizmit\/#breadcrumb\"},\"inLanguage\":\"en-US\",\"potentialAction\":[{\"@type\":\"ReadAction\",\"target\":[\"https:\/\/www.visit-ulcinj.com\/blog\/2014\/04\/25\/marreveshje-bashkepunimi-mal-zi-shqiperi-ne-fushen-e-turizmit\/\"]}]},{\"@type\":\"BreadcrumbList\",\"@id\":\"https:\/\/www.visit-ulcinj.com\/blog\/2014\/04\/25\/marreveshje-bashkepunimi-mal-zi-shqiperi-ne-fushen-e-turizmit\/#breadcrumb\",\"itemListElement\":[{\"@type\":\"ListItem\",\"position\":1,\"name\":\"Marr\u00ebveshje bashk\u00ebpunimi Mal i Zi &#8211; Shqip\u00ebri, n\u00eb fush\u00ebn e turizmit\"}]},{\"@type\":\"Person\",\"@id\":\"https:\/\/www.visit-ulcinj.com\/blog\/#\/schema\/person\/dcab619c614d3038751c63bc2aadc06d\",\"name\":\"ulqini\",\"sameAs\":[\"http:\/\/www.visit-ulcinj.com\"],\"url\":\"https:\/\/www.visit-ulcinj.com\/blog\/author\/admin\/\"}]}<\/script>\n<!-- \/ Yoast SEO plugin. -->","yoast_head_json":{"title":"Marr\u00ebveshje bashk\u00ebpunimi Mal i Zi - Shqip\u00ebri, n\u00eb fush\u00ebn e turizmit - Lajme nga Ulqini","description":"Ministrja \u00a0e \u00a0Zhvillimit \u00a0Urban \u00a0dhe \u00a0Turizmit \u00a0Eglantina \u00a0Gjermeni n\u00ebnshkroi sot Marr\u00ebveshjen \u00a0me \u00a0Ministrin \u00a0e \u00a0Zhvillimit \u00a0t\u00eb Q\u00ebndruesh\u00ebm dhe Turizmit","robots":{"index":"index","follow":"follow","max-snippet":"max-snippet:-1","max-image-preview":"max-image-preview:large","max-video-preview":"max-video-preview:-1"},"canonical":"https:\/\/www.visit-ulcinj.com\/blog\/2014\/04\/25\/marreveshje-bashkepunimi-mal-zi-shqiperi-ne-fushen-e-turizmit\/","og_locale":"en_US","og_type":"article","og_title":"Marr\u00ebveshje bashk\u00ebpunimi Mal i Zi - Shqip\u00ebri, n\u00eb fush\u00ebn e turizmit - Lajme nga Ulqini","og_description":"Ministrja \u00a0e \u00a0Zhvillimit \u00a0Urban \u00a0dhe \u00a0Turizmit \u00a0Eglantina \u00a0Gjermeni n\u00ebnshkroi sot Marr\u00ebveshjen \u00a0me \u00a0Ministrin \u00a0e \u00a0Zhvillimit \u00a0t\u00eb Q\u00ebndruesh\u00ebm dhe Turizmit","og_url":"https:\/\/www.visit-ulcinj.com\/blog\/2014\/04\/25\/marreveshje-bashkepunimi-mal-zi-shqiperi-ne-fushen-e-turizmit\/","og_site_name":"Lajme nga Ulqini","article_published_time":"2014-04-25T16:08:49+00:00","og_image":[{"url":"http:\/\/www.visit-ulcinj.com\/blog\/wp-content\/uploads\/2014\/04\/Gvozdenovic-Gjermeni-Tirana.jpg"}],"twitter_misc":{"Written by":"ulqini","Est. reading time":"3 minutes"},"schema":{"@context":"https:\/\/schema.org","@graph":[{"@type":"WebSite","@id":"https:\/\/www.visit-ulcinj.com\/blog\/#website","url":"https:\/\/www.visit-ulcinj.com\/blog\/","name":"Lajme nga Ulqini","description":"Lajme,Vijesti,Ulqini,Ulqin,Crna Gora,Mali i Zi","potentialAction":[{"@type":"SearchAction","target":{"@type":"EntryPoint","urlTemplate":"https:\/\/www.visit-ulcinj.com\/blog\/?s={search_term_string}"},"query-input":"required name=search_term_string"}],"inLanguage":"en-US"},{"@type":"ImageObject","inLanguage":"en-US","@id":"https:\/\/www.visit-ulcinj.com\/blog\/2014\/04\/25\/marreveshje-bashkepunimi-mal-zi-shqiperi-ne-fushen-e-turizmit\/#primaryimage","url":"https:\/\/www.visit-ulcinj.com\/blog\/wp-content\/uploads\/2014\/04\/Gvozdenovic-Gjermeni-Tirana.jpg","contentUrl":"https:\/\/www.visit-ulcinj.com\/blog\/wp-content\/uploads\/2014\/04\/Gvozdenovic-Gjermeni-Tirana.jpg","width":470,"height":311},{"@type":"WebPage","@id":"https:\/\/www.visit-ulcinj.com\/blog\/2014\/04\/25\/marreveshje-bashkepunimi-mal-zi-shqiperi-ne-fushen-e-turizmit\/#webpage","url":"https:\/\/www.visit-ulcinj.com\/blog\/2014\/04\/25\/marreveshje-bashkepunimi-mal-zi-shqiperi-ne-fushen-e-turizmit\/","name":"Marr\u00ebveshje bashk\u00ebpunimi Mal i Zi - Shqip\u00ebri, n\u00eb fush\u00ebn e turizmit - Lajme nga Ulqini","isPartOf":{"@id":"https:\/\/www.visit-ulcinj.com\/blog\/#website"},"primaryImageOfPage":{"@id":"https:\/\/www.visit-ulcinj.com\/blog\/2014\/04\/25\/marreveshje-bashkepunimi-mal-zi-shqiperi-ne-fushen-e-turizmit\/#primaryimage"},"datePublished":"2014-04-25T16:08:49+00:00","dateModified":"2014-04-25T16:08:49+00:00","author":{"@id":"https:\/\/www.visit-ulcinj.com\/blog\/#\/schema\/person\/dcab619c614d3038751c63bc2aadc06d"},"description":"Ministrja \u00a0e \u00a0Zhvillimit \u00a0Urban \u00a0dhe \u00a0Turizmit \u00a0Eglantina \u00a0Gjermeni n\u00ebnshkroi sot Marr\u00ebveshjen \u00a0me \u00a0Ministrin \u00a0e \u00a0Zhvillimit \u00a0t\u00eb Q\u00ebndruesh\u00ebm dhe Turizmit","breadcrumb":{"@id":"https:\/\/www.visit-ulcinj.com\/blog\/2014\/04\/25\/marreveshje-bashkepunimi-mal-zi-shqiperi-ne-fushen-e-turizmit\/#breadcrumb"},"inLanguage":"en-US","potentialAction":[{"@type":"ReadAction","target":["https:\/\/www.visit-ulcinj.com\/blog\/2014\/04\/25\/marreveshje-bashkepunimi-mal-zi-shqiperi-ne-fushen-e-turizmit\/"]}]},{"@type":"BreadcrumbList","@id":"https:\/\/www.visit-ulcinj.com\/blog\/2014\/04\/25\/marreveshje-bashkepunimi-mal-zi-shqiperi-ne-fushen-e-turizmit\/#breadcrumb","itemListElement":[{"@type":"ListItem","position":1,"name":"Marr\u00ebveshje bashk\u00ebpunimi Mal i Zi &#8211; Shqip\u00ebri, n\u00eb fush\u00ebn e turizmit"}]},{"@type":"Person","@id":"https:\/\/www.visit-ulcinj.com\/blog\/#\/schema\/person\/dcab619c614d3038751c63bc2aadc06d","name":"ulqini","sameAs":["http:\/\/www.visit-ulcinj.com"],"url":"https:\/\/www.visit-ulcinj.com\/blog\/author\/admin\/"}]}},"jetpack_featured_media_url":"","jetpack_sharing_enabled":true,"jetpack_shortlink":"https:\/\/wp.me\/pe6lTn-liG","_links":{"self":[{"href":"https:\/\/www.visit-ulcinj.com\/blog\/wp-json\/wp\/v2\/posts\/81882"}],"collection":[{"href":"https:\/\/www.visit-ulcinj.com\/blog\/wp-json\/wp\/v2\/posts"}],"about":[{"href":"https:\/\/www.visit-ulcinj.com\/blog\/wp-json\/wp\/v2\/types\/post"}],"author":[{"embeddable":true,"href":"https:\/\/www.visit-ulcinj.com\/blog\/wp-json\/wp\/v2\/users\/1"}],"replies":[{"embeddable":true,"href":"https:\/\/www.visit-ulcinj.com\/blog\/wp-json\/wp\/v2\/comments?post=81882"}],"version-history":[{"count":1,"href":"https:\/\/www.visit-ulcinj.com\/blog\/wp-json\/wp\/v2\/posts\/81882\/revisions"}],"predecessor-version":[{"id":81885,"href":"https:\/\/www.visit-ulcinj.com\/blog\/wp-json\/wp\/v2\/posts\/81882\/revisions\/81885"}],"wp:attachment":[{"href":"https:\/\/www.visit-ulcinj.com\/blog\/wp-json\/wp\/v2\/media?parent=81882"}],"wp:term":[{"taxonomy":"category","embeddable":true,"href":"https:\/\/www.visit-ulcinj.com\/blog\/wp-json\/wp\/v2\/categories?post=81882"},{"taxonomy":"post_tag","embeddable":true,"href":"https:\/\/www.visit-ulcinj.com\/blog\/wp-json\/wp\/v2\/tags?post=81882"}],"curies":[{"name":"wp","href":"https:\/\/api.w.org\/{rel}","templated":true}]}}