{"id":81906,"date":"2014-04-26T14:30:32","date_gmt":"2014-04-26T13:30:32","guid":{"rendered":"http:\/\/www.visit-ulcinj.com\/blog\/?p=81906"},"modified":"2014-04-26T14:30:32","modified_gmt":"2014-04-26T13:30:32","slug":"u-ulcinj-odrzan-program-u-sklopu-manifestacije-mjesec-poslanika-s","status":"publish","type":"post","link":"https:\/\/www.visit-ulcinj.com\/blog\/2014\/04\/26\/u-ulcinj-odrzan-program-u-sklopu-manifestacije-mjesec-poslanika-s\/","title":{"rendered":"U Ulcinj odr\u017ean program u sklopu manifestacije \u201eMjesec Poslanika a.s.\u201c"},"content":{"rendered":"<p><a href=\"http:\/\/www.visit-ulcinj.com\/blog\/wp-content\/uploads\/2014\/04\/Manifestacija-Mjesec-Poslanika-a.s.-u-Ulcinju.jpg\"><img loading=\"lazy\" class=\"alignleft  wp-image-81907\" alt=\"Manifestacija Mjesec Poslanika a.s. u Ulcinju\" src=\"http:\/\/www.visit-ulcinj.com\/blog\/wp-content\/uploads\/2014\/04\/Manifestacija-Mjesec-Poslanika-a.s.-u-Ulcinju.jpg\" width=\"508\" height=\"360\" \/><\/a>Ulcinj \u2013 25.04.2014 god. U Sali Doma kulture u Ulcinju je odr\u017ean program u sklopu manifestacije \u201eMjesec Poslanika a.s.\u201c. Publika je u\u017eivala u prelijepim glasovima hora medrese \u201eMehmed Fatih\u201c. Skup je ispred doma\u0107ina poselamio glavi imam prof. Ali Bardhi i po\u017eelio svima dobrodo\u0161licu. Nakon toga se skupu obratio reis Rifat ef. Fejzi\u0107 koji je govorio o projektima koje je Islamska zajednica pokrenula u Ulcinju, i o tome da na\u0161e institucije najvi\u0161e akcenta daju na obrazovanje i da \u0107e se u tom smislu kretati na\u0161i budu\u0107i projekti. Obrazovanje je garant da mlade generacije budu stub svake zajednice i da \u0107emo mi o tome voditi ra\u010duna ako Bog da. Program je vodila profesorica Sahiba Daci\u0107. Programu je prisustovao veliki broj imama iz Ulcinja i obli\u017enjih odbora.<\/p>\n<p><strong>Izvor: Monteislam<\/strong><\/p>\n","protected":false},"excerpt":{"rendered":"<p>Ulcinj \u2013 25.04.2014 god. U Sali Doma kulture u Ulcinju je odr\u017ean program u sklopu manifestacije \u201eMjesec Poslanika a.s.\u201c. Publika je u\u017eivala u prelijepim glasovima hora medrese \u201eMehmed Fatih\u201c. Skup je ispred doma\u0107ina poselamio glavi imam prof. Ali Bardhi i po\u017eelio svima dobrodo\u0161licu. Nakon toga se skupu obratio reis Rifat ef. Fejzi\u0107 koji je govorio [&hellip;]<\/p>\n","protected":false},"author":1,"featured_media":0,"comment_status":"closed","ping_status":"closed","sticky":false,"template":"","format":"standard","meta":{"spay_email":"","jetpack_publicize_message":"","jetpack_is_tweetstorm":false,"jetpack_publicize_feature_enabled":true},"categories":[8337],"tags":[],"jetpack_publicize_connections":[],"yoast_head":"<!-- This site is optimized with the Yoast SEO plugin v19.1 - https:\/\/yoast.com\/wordpress\/plugins\/seo\/ -->\n<title>U Ulcinj odr\u017ean program u sklopu manifestacije \u201eMjesec Poslanika a.s.\u201c - Lajme nga Ulqini<\/title>\n<meta name=\"description\" content=\"Ulcinj \u2013 25.04.2014 god. U Sali Doma kulture u Ulcinju je odr\u017ean program u sklopu manifestacije \u201eMjesec Poslanika a.s.\u201c. Publika je u\u017eivala u prelijepim\" \/>\n<meta name=\"robots\" content=\"index, follow, max-snippet:-1, max-image-preview:large, max-video-preview:-1\" \/>\n<link rel=\"canonical\" href=\"https:\/\/www.visit-ulcinj.com\/blog\/2014\/04\/26\/u-ulcinj-odrzan-program-u-sklopu-manifestacije-mjesec-poslanika-s\/\" \/>\n<meta property=\"og:locale\" content=\"en_US\" \/>\n<meta property=\"og:type\" content=\"article\" \/>\n<meta property=\"og:title\" content=\"U Ulcinj odr\u017ean program u sklopu manifestacije \u201eMjesec Poslanika a.s.\u201c - Lajme nga Ulqini\" \/>\n<meta property=\"og:description\" content=\"Ulcinj \u2013 25.04.2014 god. U Sali Doma kulture u Ulcinju je odr\u017ean program u sklopu manifestacije \u201eMjesec Poslanika a.s.\u201c. Publika je u\u017eivala u prelijepim\" \/>\n<meta property=\"og:url\" content=\"https:\/\/www.visit-ulcinj.com\/blog\/2014\/04\/26\/u-ulcinj-odrzan-program-u-sklopu-manifestacije-mjesec-poslanika-s\/\" \/>\n<meta property=\"og:site_name\" content=\"Lajme nga Ulqini\" \/>\n<meta property=\"article:published_time\" content=\"2014-04-26T13:30:32+00:00\" \/>\n<meta property=\"og:image\" content=\"http:\/\/www.visit-ulcinj.com\/blog\/wp-content\/uploads\/2014\/04\/Manifestacija-Mjesec-Poslanika-a.s.-u-Ulcinju.jpg\" \/>\n<meta name=\"twitter:label1\" content=\"Written by\" \/>\n\t<meta name=\"twitter:data1\" content=\"ulqini\" \/>\n\t<meta name=\"twitter:label2\" content=\"Est. reading time\" \/>\n\t<meta name=\"twitter:data2\" content=\"1 minute\" \/>\n<script type=\"application\/ld+json\" class=\"yoast-schema-graph\">{\"@context\":\"https:\/\/schema.org\",\"@graph\":[{\"@type\":\"WebSite\",\"@id\":\"https:\/\/www.visit-ulcinj.com\/blog\/#website\",\"url\":\"https:\/\/www.visit-ulcinj.com\/blog\/\",\"name\":\"Lajme nga Ulqini\",\"description\":\"Lajme,Vijesti,Ulqini,Ulqin,Crna Gora,Mali i Zi\",\"potentialAction\":[{\"@type\":\"SearchAction\",\"target\":{\"@type\":\"EntryPoint\",\"urlTemplate\":\"https:\/\/www.visit-ulcinj.com\/blog\/?s={search_term_string}\"},\"query-input\":\"required name=search_term_string\"}],\"inLanguage\":\"en-US\"},{\"@type\":\"ImageObject\",\"inLanguage\":\"en-US\",\"@id\":\"https:\/\/www.visit-ulcinj.com\/blog\/2014\/04\/26\/u-ulcinj-odrzan-program-u-sklopu-manifestacije-mjesec-poslanika-s\/#primaryimage\",\"url\":\"https:\/\/www.visit-ulcinj.com\/blog\/wp-content\/uploads\/2014\/04\/Manifestacija-Mjesec-Poslanika-a.s.-u-Ulcinju.jpg\",\"contentUrl\":\"https:\/\/www.visit-ulcinj.com\/blog\/wp-content\/uploads\/2014\/04\/Manifestacija-Mjesec-Poslanika-a.s.-u-Ulcinju.jpg\",\"width\":800,\"height\":600},{\"@type\":\"WebPage\",\"@id\":\"https:\/\/www.visit-ulcinj.com\/blog\/2014\/04\/26\/u-ulcinj-odrzan-program-u-sklopu-manifestacije-mjesec-poslanika-s\/#webpage\",\"url\":\"https:\/\/www.visit-ulcinj.com\/blog\/2014\/04\/26\/u-ulcinj-odrzan-program-u-sklopu-manifestacije-mjesec-poslanika-s\/\",\"name\":\"U Ulcinj odr\u017ean program u sklopu manifestacije \u201eMjesec Poslanika a.s.\u201c - Lajme nga Ulqini\",\"isPartOf\":{\"@id\":\"https:\/\/www.visit-ulcinj.com\/blog\/#website\"},\"primaryImageOfPage\":{\"@id\":\"https:\/\/www.visit-ulcinj.com\/blog\/2014\/04\/26\/u-ulcinj-odrzan-program-u-sklopu-manifestacije-mjesec-poslanika-s\/#primaryimage\"},\"datePublished\":\"2014-04-26T13:30:32+00:00\",\"dateModified\":\"2014-04-26T13:30:32+00:00\",\"author\":{\"@id\":\"https:\/\/www.visit-ulcinj.com\/blog\/#\/schema\/person\/dcab619c614d3038751c63bc2aadc06d\"},\"description\":\"Ulcinj \u2013 25.04.2014 god. U Sali Doma kulture u Ulcinju je odr\u017ean program u sklopu manifestacije \u201eMjesec Poslanika a.s.\u201c. Publika je u\u017eivala u prelijepim\",\"breadcrumb\":{\"@id\":\"https:\/\/www.visit-ulcinj.com\/blog\/2014\/04\/26\/u-ulcinj-odrzan-program-u-sklopu-manifestacije-mjesec-poslanika-s\/#breadcrumb\"},\"inLanguage\":\"en-US\",\"potentialAction\":[{\"@type\":\"ReadAction\",\"target\":[\"https:\/\/www.visit-ulcinj.com\/blog\/2014\/04\/26\/u-ulcinj-odrzan-program-u-sklopu-manifestacije-mjesec-poslanika-s\/\"]}]},{\"@type\":\"BreadcrumbList\",\"@id\":\"https:\/\/www.visit-ulcinj.com\/blog\/2014\/04\/26\/u-ulcinj-odrzan-program-u-sklopu-manifestacije-mjesec-poslanika-s\/#breadcrumb\",\"itemListElement\":[{\"@type\":\"ListItem\",\"position\":1,\"name\":\"U Ulcinj odr\u017ean program u sklopu manifestacije \u201eMjesec Poslanika a.s.\u201c\"}]},{\"@type\":\"Person\",\"@id\":\"https:\/\/www.visit-ulcinj.com\/blog\/#\/schema\/person\/dcab619c614d3038751c63bc2aadc06d\",\"name\":\"ulqini\",\"sameAs\":[\"http:\/\/www.visit-ulcinj.com\"],\"url\":\"https:\/\/www.visit-ulcinj.com\/blog\/author\/admin\/\"}]}<\/script>\n<!-- \/ Yoast SEO plugin. -->","yoast_head_json":{"title":"U Ulcinj odr\u017ean program u sklopu manifestacije \u201eMjesec Poslanika a.s.\u201c - Lajme nga Ulqini","description":"Ulcinj \u2013 25.04.2014 god. U Sali Doma kulture u Ulcinju je odr\u017ean program u sklopu manifestacije \u201eMjesec Poslanika a.s.\u201c. Publika je u\u017eivala u prelijepim","robots":{"index":"index","follow":"follow","max-snippet":"max-snippet:-1","max-image-preview":"max-image-preview:large","max-video-preview":"max-video-preview:-1"},"canonical":"https:\/\/www.visit-ulcinj.com\/blog\/2014\/04\/26\/u-ulcinj-odrzan-program-u-sklopu-manifestacije-mjesec-poslanika-s\/","og_locale":"en_US","og_type":"article","og_title":"U Ulcinj odr\u017ean program u sklopu manifestacije \u201eMjesec Poslanika a.s.\u201c - Lajme nga Ulqini","og_description":"Ulcinj \u2013 25.04.2014 god. U Sali Doma kulture u Ulcinju je odr\u017ean program u sklopu manifestacije \u201eMjesec Poslanika a.s.\u201c. Publika je u\u017eivala u prelijepim","og_url":"https:\/\/www.visit-ulcinj.com\/blog\/2014\/04\/26\/u-ulcinj-odrzan-program-u-sklopu-manifestacije-mjesec-poslanika-s\/","og_site_name":"Lajme nga Ulqini","article_published_time":"2014-04-26T13:30:32+00:00","og_image":[{"url":"http:\/\/www.visit-ulcinj.com\/blog\/wp-content\/uploads\/2014\/04\/Manifestacija-Mjesec-Poslanika-a.s.-u-Ulcinju.jpg"}],"twitter_misc":{"Written by":"ulqini","Est. reading time":"1 minute"},"schema":{"@context":"https:\/\/schema.org","@graph":[{"@type":"WebSite","@id":"https:\/\/www.visit-ulcinj.com\/blog\/#website","url":"https:\/\/www.visit-ulcinj.com\/blog\/","name":"Lajme nga Ulqini","description":"Lajme,Vijesti,Ulqini,Ulqin,Crna Gora,Mali i Zi","potentialAction":[{"@type":"SearchAction","target":{"@type":"EntryPoint","urlTemplate":"https:\/\/www.visit-ulcinj.com\/blog\/?s={search_term_string}"},"query-input":"required name=search_term_string"}],"inLanguage":"en-US"},{"@type":"ImageObject","inLanguage":"en-US","@id":"https:\/\/www.visit-ulcinj.com\/blog\/2014\/04\/26\/u-ulcinj-odrzan-program-u-sklopu-manifestacije-mjesec-poslanika-s\/#primaryimage","url":"https:\/\/www.visit-ulcinj.com\/blog\/wp-content\/uploads\/2014\/04\/Manifestacija-Mjesec-Poslanika-a.s.-u-Ulcinju.jpg","contentUrl":"https:\/\/www.visit-ulcinj.com\/blog\/wp-content\/uploads\/2014\/04\/Manifestacija-Mjesec-Poslanika-a.s.-u-Ulcinju.jpg","width":800,"height":600},{"@type":"WebPage","@id":"https:\/\/www.visit-ulcinj.com\/blog\/2014\/04\/26\/u-ulcinj-odrzan-program-u-sklopu-manifestacije-mjesec-poslanika-s\/#webpage","url":"https:\/\/www.visit-ulcinj.com\/blog\/2014\/04\/26\/u-ulcinj-odrzan-program-u-sklopu-manifestacije-mjesec-poslanika-s\/","name":"U Ulcinj odr\u017ean program u sklopu manifestacije \u201eMjesec Poslanika a.s.\u201c - Lajme nga Ulqini","isPartOf":{"@id":"https:\/\/www.visit-ulcinj.com\/blog\/#website"},"primaryImageOfPage":{"@id":"https:\/\/www.visit-ulcinj.com\/blog\/2014\/04\/26\/u-ulcinj-odrzan-program-u-sklopu-manifestacije-mjesec-poslanika-s\/#primaryimage"},"datePublished":"2014-04-26T13:30:32+00:00","dateModified":"2014-04-26T13:30:32+00:00","author":{"@id":"https:\/\/www.visit-ulcinj.com\/blog\/#\/schema\/person\/dcab619c614d3038751c63bc2aadc06d"},"description":"Ulcinj \u2013 25.04.2014 god. U Sali Doma kulture u Ulcinju je odr\u017ean program u sklopu manifestacije \u201eMjesec Poslanika a.s.\u201c. Publika je u\u017eivala u prelijepim","breadcrumb":{"@id":"https:\/\/www.visit-ulcinj.com\/blog\/2014\/04\/26\/u-ulcinj-odrzan-program-u-sklopu-manifestacije-mjesec-poslanika-s\/#breadcrumb"},"inLanguage":"en-US","potentialAction":[{"@type":"ReadAction","target":["https:\/\/www.visit-ulcinj.com\/blog\/2014\/04\/26\/u-ulcinj-odrzan-program-u-sklopu-manifestacije-mjesec-poslanika-s\/"]}]},{"@type":"BreadcrumbList","@id":"https:\/\/www.visit-ulcinj.com\/blog\/2014\/04\/26\/u-ulcinj-odrzan-program-u-sklopu-manifestacije-mjesec-poslanika-s\/#breadcrumb","itemListElement":[{"@type":"ListItem","position":1,"name":"U Ulcinj odr\u017ean program u sklopu manifestacije \u201eMjesec Poslanika a.s.\u201c"}]},{"@type":"Person","@id":"https:\/\/www.visit-ulcinj.com\/blog\/#\/schema\/person\/dcab619c614d3038751c63bc2aadc06d","name":"ulqini","sameAs":["http:\/\/www.visit-ulcinj.com"],"url":"https:\/\/www.visit-ulcinj.com\/blog\/author\/admin\/"}]}},"jetpack_featured_media_url":"","jetpack_sharing_enabled":true,"jetpack_shortlink":"https:\/\/wp.me\/pe6lTn-lj4","_links":{"self":[{"href":"https:\/\/www.visit-ulcinj.com\/blog\/wp-json\/wp\/v2\/posts\/81906"}],"collection":[{"href":"https:\/\/www.visit-ulcinj.com\/blog\/wp-json\/wp\/v2\/posts"}],"about":[{"href":"https:\/\/www.visit-ulcinj.com\/blog\/wp-json\/wp\/v2\/types\/post"}],"author":[{"embeddable":true,"href":"https:\/\/www.visit-ulcinj.com\/blog\/wp-json\/wp\/v2\/users\/1"}],"replies":[{"embeddable":true,"href":"https:\/\/www.visit-ulcinj.com\/blog\/wp-json\/wp\/v2\/comments?post=81906"}],"version-history":[{"count":1,"href":"https:\/\/www.visit-ulcinj.com\/blog\/wp-json\/wp\/v2\/posts\/81906\/revisions"}],"predecessor-version":[{"id":81908,"href":"https:\/\/www.visit-ulcinj.com\/blog\/wp-json\/wp\/v2\/posts\/81906\/revisions\/81908"}],"wp:attachment":[{"href":"https:\/\/www.visit-ulcinj.com\/blog\/wp-json\/wp\/v2\/media?parent=81906"}],"wp:term":[{"taxonomy":"category","embeddable":true,"href":"https:\/\/www.visit-ulcinj.com\/blog\/wp-json\/wp\/v2\/categories?post=81906"},{"taxonomy":"post_tag","embeddable":true,"href":"https:\/\/www.visit-ulcinj.com\/blog\/wp-json\/wp\/v2\/tags?post=81906"}],"curies":[{"name":"wp","href":"https:\/\/api.w.org\/{rel}","templated":true}]}}