{"id":8191,"date":"2009-01-07T20:52:40","date_gmt":"2009-01-07T19:52:40","guid":{"rendered":"http:\/\/www.visit-ulcinj.com\/blog\/?p=8191"},"modified":"2009-01-07T20:52:40","modified_gmt":"2009-01-07T19:52:40","slug":"u-mbajt-seanca-xvii-e-kuvendit-te-komunes-urbane-te-tuzit","status":"publish","type":"post","link":"https:\/\/www.visit-ulcinj.com\/blog\/2009\/01\/07\/u-mbajt-seanca-xvii-e-kuvendit-te-komunes-urbane-te-tuzit\/","title":{"rendered":"U mbajt seanca XVII e kuvendit t\u00eb komun\u00ebs urbane t\u00eb Tuzit"},"content":{"rendered":"<p><strong><img loading=\"lazy\" class=\"alignleft size-full wp-image-8192\" title=\"keshilltaret-e-kuvendit-te-ku-te-tuzit\" src=\"http:\/\/www.visit-ulcinj.com\/blog\/wp-content\/uploads\/2009\/01\/keshilltaret-e-kuvendit-te-ku-te-tuzit.jpg\" alt=\"keshilltaret-e-kuvendit-te-ku-te-tuzit\" width=\"300\" height=\"225\" \/>Skeptik\u00eb n\u00eb realizimin e k\u00ebrkesave<\/strong><br \/>\nTuz- K\u00ebshilltar\u00ebt e Kuvendit t\u00eb KU t\u00eb Tuzit, t\u00eb h\u00ebn\u00ebn n\u00eb objektin e ri t\u00eb KU t\u00eb Tuzit nj\u00ebz\u00ebri miratuan Vendimin mbi format e mbrojtjes sociale dhe t\u00eb mbrojtjes s\u00eb f\u00ebmij\u00ebve, Vendimin p\u00ebr bursat e student\u00ebve dhe nx\u00ebn\u00ebsve t\u00eb shkollave t\u00eb mesme, Planin p\u00ebr m\u00ebnyr\u00ebn e krijimin t\u00eb kushteve n\u00eb l\u00ebmin e sportit dhe t\u00eb prevenc\u00ebs s\u00eb narkomanis\u00eb, Planin p\u00ebr m\u00ebnyr\u00ebn e krijimit t\u00eb kushteve p\u00ebr zhvillimin e bujq\u00ebsis\u00eb dhe Raportin mbi zgjidhjen e \u00e7\u00ebshtjeve administrative tek administrata e KU t\u00eb Tuzit.<br \/>\nNd\u00ebrkaq, Vendimi mbi ndarjen e \u00e7mimit t\u00eb 29 shtatorit dhe Raporti mbi pun\u00ebn e Institucionit Publik &#8220;Dje\u00e7iji Savez&#8221; nga Podgorica u refuzuan, pasi q\u00eb t\u00eb parin e k\u00ebrkoi k\u00ebshilltari, Vasel Sinishtaj (ASH) dhe t\u00eb dytin k\u00ebshilltari i PSP, Zhelko Miliq, duke i vler\u00ebsuar ato si t\u00eb panevojshme p\u00ebr diskutim. Po ashtu n\u00eb k\u00ebt\u00eb seanc\u00eb u mbyll edhe mbledhja e XIII-t\u00eb e Kuvendit t\u00eb KU t\u00eb Tuzit, pasi q\u00eb propozuaesi e ka t\u00ebrhequr propozimin p\u00ebr organizimin e referendumit p\u00ebr komun\u00eb t\u00eb m\u00ebvet\u00ebsishme t\u00eb Tuzit.<br \/>\nK\u00ebshilltari p\u00ebr sport dhe narkomani pran KU t\u00eb Tuzit, Pal Dreshaj, n\u00eb elaboratin e tij p\u00ebrmendi disa strategji me t\u00eb cilat sporti n\u00eb k\u00ebt\u00eb trev\u00eb do t\u00eb ishte edhe m\u00eb i avancuar. K\u00ebshilltari Dukoviq u shpreh pesimist p\u00ebr elaboratin q\u00eb kishte propozuar Dreshaj, kurse Omer Axhoviq (PDS) propozoi n\u00eb elaboratin p\u00ebr zhvillimin e bujq\u00ebsis\u00eb t\u00eb cilin e ka p\u00ebrgatitur k\u00ebshilltarja p\u00ebr bujq\u00ebsi, Ismeta Gjoka q\u00eb t\u00eb p\u00ebrfshihet edhe ushqimi ekologjik.<br \/>\nK\u00ebshilltari i PSD, Ismet Gjokoviq, pyeti se si \u00ebsht\u00eb e mundur t\u00eb zhvillohet sporti dhe bujq\u00ebsia n\u00eb k\u00ebt\u00eb trev\u00eb me shum\u00ebn prej 2000 euro.<br \/>\nN\u00eb t\u00eb ardhmen KU do t\u00eb finacoj\u00eb 3 student\u00eb dhe dy gjimnazist\u00eb, bursa e t\u00eb cil\u00ebve do t\u00eb jet\u00eb e barabart\u00eb me pag\u00ebn m\u00eb t\u00eb ul\u00ebt mujore.<br \/>\nNikoll\u00eb Camaj vuri n\u00eb dukje se sipas planit financiar \u00ebsht\u00eb v\u00ebshtir\u00eb se mund t\u00eb ralizohet ajo q\u00eb propozohet, kur kemi parasysh faktin se edhe 500.000 euro q\u00eb kan\u00eb qen\u00eb t\u00eb parapara vitin e kaluar p\u00ebr palestr\u00ebn sportive, sivjet nuk figurojn\u00eb fare.<br \/>\n<strong>Rr.D<br \/>\nKoha Javore<\/strong><\/p>\n<!--YouTube Error: bad URL entered-->\n","protected":false},"excerpt":{"rendered":"<p>Skeptik\u00eb n\u00eb realizimin e k\u00ebrkesave Tuz- K\u00ebshilltar\u00ebt e Kuvendit t\u00eb KU t\u00eb Tuzit, t\u00eb h\u00ebn\u00ebn n\u00eb objektin e ri t\u00eb KU t\u00eb Tuzit nj\u00ebz\u00ebri miratuan Vendimin mbi format e mbrojtjes sociale dhe t\u00eb mbrojtjes s\u00eb f\u00ebmij\u00ebve, Vendimin p\u00ebr bursat e student\u00ebve dhe nx\u00ebn\u00ebsve t\u00eb shkollave t\u00eb mesme, Planin p\u00ebr m\u00ebnyr\u00ebn e krijimin t\u00eb kushteve n\u00eb [&hellip;]<\/p>\n","protected":false},"author":1,"featured_media":0,"comment_status":"open","ping_status":"closed","sticky":false,"template":"","format":"standard","meta":{"spay_email":"","jetpack_publicize_message":"","jetpack_is_tweetstorm":false,"jetpack_publicize_feature_enabled":true},"categories":[13],"tags":[5605,1648,5604,3045,348,5603],"jetpack_publicize_connections":[],"yoast_head":"<!-- This site is optimized with the Yoast SEO plugin v19.1 - https:\/\/yoast.com\/wordpress\/plugins\/seo\/ -->\n<title>U mbajt seanca XVII e kuvendit t\u00eb komun\u00ebs urbane t\u00eb Tuzit - Lajme nga Ulqini<\/title>\n<meta name=\"description\" content=\"Skeptik\u00eb n\u00eb realizimin e k\u00ebrkesave Tuz- K\u00ebshilltar\u00ebt e Kuvendit t\u00eb KU t\u00eb Tuzit, t\u00eb h\u00ebn\u00ebn n\u00eb objektin e ri t\u00eb KU t\u00eb Tuzit nj\u00ebz\u00ebri miratuan Vendimin mbi\" \/>\n<meta name=\"robots\" content=\"index, follow, max-snippet:-1, max-image-preview:large, max-video-preview:-1\" \/>\n<link rel=\"canonical\" href=\"https:\/\/www.visit-ulcinj.com\/blog\/2009\/01\/07\/u-mbajt-seanca-xvii-e-kuvendit-te-komunes-urbane-te-tuzit\/\" \/>\n<meta property=\"og:locale\" content=\"en_US\" \/>\n<meta property=\"og:type\" content=\"article\" \/>\n<meta property=\"og:title\" content=\"U mbajt seanca XVII e kuvendit t\u00eb komun\u00ebs urbane t\u00eb Tuzit - Lajme nga Ulqini\" \/>\n<meta property=\"og:description\" content=\"Skeptik\u00eb n\u00eb realizimin e k\u00ebrkesave Tuz- K\u00ebshilltar\u00ebt e Kuvendit t\u00eb KU t\u00eb Tuzit, t\u00eb h\u00ebn\u00ebn n\u00eb objektin e ri t\u00eb KU t\u00eb Tuzit nj\u00ebz\u00ebri miratuan Vendimin mbi\" \/>\n<meta property=\"og:url\" content=\"https:\/\/www.visit-ulcinj.com\/blog\/2009\/01\/07\/u-mbajt-seanca-xvii-e-kuvendit-te-komunes-urbane-te-tuzit\/\" \/>\n<meta property=\"og:site_name\" content=\"Lajme nga Ulqini\" \/>\n<meta property=\"article:published_time\" content=\"2009-01-07T19:52:40+00:00\" \/>\n<meta property=\"og:image\" content=\"http:\/\/www.visit-ulcinj.com\/blog\/wp-content\/uploads\/2009\/01\/keshilltaret-e-kuvendit-te-ku-te-tuzit.jpg\" \/>\n<meta name=\"twitter:label1\" content=\"Written by\" \/>\n\t<meta name=\"twitter:data1\" content=\"ulqini\" \/>\n\t<meta name=\"twitter:label2\" content=\"Est. reading time\" \/>\n\t<meta name=\"twitter:data2\" content=\"2 minutes\" \/>\n<script type=\"application\/ld+json\" class=\"yoast-schema-graph\">{\"@context\":\"https:\/\/schema.org\",\"@graph\":[{\"@type\":\"WebSite\",\"@id\":\"https:\/\/www.visit-ulcinj.com\/blog\/#website\",\"url\":\"https:\/\/www.visit-ulcinj.com\/blog\/\",\"name\":\"Lajme nga Ulqini\",\"description\":\"Lajme,Vijesti,Ulqini,Ulqin,Crna Gora,Mali i Zi\",\"potentialAction\":[{\"@type\":\"SearchAction\",\"target\":{\"@type\":\"EntryPoint\",\"urlTemplate\":\"https:\/\/www.visit-ulcinj.com\/blog\/?s={search_term_string}\"},\"query-input\":\"required name=search_term_string\"}],\"inLanguage\":\"en-US\"},{\"@type\":\"ImageObject\",\"inLanguage\":\"en-US\",\"@id\":\"https:\/\/www.visit-ulcinj.com\/blog\/2009\/01\/07\/u-mbajt-seanca-xvii-e-kuvendit-te-komunes-urbane-te-tuzit\/#primaryimage\",\"url\":\"https:\/\/www.visit-ulcinj.com\/blog\/wp-content\/uploads\/2009\/01\/keshilltaret-e-kuvendit-te-ku-te-tuzit.jpg\",\"contentUrl\":\"https:\/\/www.visit-ulcinj.com\/blog\/wp-content\/uploads\/2009\/01\/keshilltaret-e-kuvendit-te-ku-te-tuzit.jpg\",\"width\":\"300\",\"height\":\"225\"},{\"@type\":\"WebPage\",\"@id\":\"https:\/\/www.visit-ulcinj.com\/blog\/2009\/01\/07\/u-mbajt-seanca-xvii-e-kuvendit-te-komunes-urbane-te-tuzit\/#webpage\",\"url\":\"https:\/\/www.visit-ulcinj.com\/blog\/2009\/01\/07\/u-mbajt-seanca-xvii-e-kuvendit-te-komunes-urbane-te-tuzit\/\",\"name\":\"U mbajt seanca XVII e kuvendit t\u00eb komun\u00ebs urbane t\u00eb Tuzit - Lajme nga Ulqini\",\"isPartOf\":{\"@id\":\"https:\/\/www.visit-ulcinj.com\/blog\/#website\"},\"primaryImageOfPage\":{\"@id\":\"https:\/\/www.visit-ulcinj.com\/blog\/2009\/01\/07\/u-mbajt-seanca-xvii-e-kuvendit-te-komunes-urbane-te-tuzit\/#primaryimage\"},\"datePublished\":\"2009-01-07T19:52:40+00:00\",\"dateModified\":\"2009-01-07T19:52:40+00:00\",\"author\":{\"@id\":\"https:\/\/www.visit-ulcinj.com\/blog\/#\/schema\/person\/dcab619c614d3038751c63bc2aadc06d\"},\"description\":\"Skeptik\u00eb n\u00eb realizimin e k\u00ebrkesave Tuz- K\u00ebshilltar\u00ebt e Kuvendit t\u00eb KU t\u00eb Tuzit, t\u00eb h\u00ebn\u00ebn n\u00eb objektin e ri t\u00eb KU t\u00eb Tuzit nj\u00ebz\u00ebri miratuan Vendimin mbi\",\"breadcrumb\":{\"@id\":\"https:\/\/www.visit-ulcinj.com\/blog\/2009\/01\/07\/u-mbajt-seanca-xvii-e-kuvendit-te-komunes-urbane-te-tuzit\/#breadcrumb\"},\"inLanguage\":\"en-US\",\"potentialAction\":[{\"@type\":\"ReadAction\",\"target\":[\"https:\/\/www.visit-ulcinj.com\/blog\/2009\/01\/07\/u-mbajt-seanca-xvii-e-kuvendit-te-komunes-urbane-te-tuzit\/\"]}]},{\"@type\":\"BreadcrumbList\",\"@id\":\"https:\/\/www.visit-ulcinj.com\/blog\/2009\/01\/07\/u-mbajt-seanca-xvii-e-kuvendit-te-komunes-urbane-te-tuzit\/#breadcrumb\",\"itemListElement\":[{\"@type\":\"ListItem\",\"position\":1,\"name\":\"U mbajt seanca XVII e kuvendit t\u00eb komun\u00ebs urbane t\u00eb Tuzit\"}]},{\"@type\":\"Person\",\"@id\":\"https:\/\/www.visit-ulcinj.com\/blog\/#\/schema\/person\/dcab619c614d3038751c63bc2aadc06d\",\"name\":\"ulqini\",\"sameAs\":[\"http:\/\/www.visit-ulcinj.com\"],\"url\":\"https:\/\/www.visit-ulcinj.com\/blog\/author\/admin\/\"}]}<\/script>\n<!-- \/ Yoast SEO plugin. -->","yoast_head_json":{"title":"U mbajt seanca XVII e kuvendit t\u00eb komun\u00ebs urbane t\u00eb Tuzit - Lajme nga Ulqini","description":"Skeptik\u00eb n\u00eb realizimin e k\u00ebrkesave Tuz- K\u00ebshilltar\u00ebt e Kuvendit t\u00eb KU t\u00eb Tuzit, t\u00eb h\u00ebn\u00ebn n\u00eb objektin e ri t\u00eb KU t\u00eb Tuzit nj\u00ebz\u00ebri miratuan Vendimin mbi","robots":{"index":"index","follow":"follow","max-snippet":"max-snippet:-1","max-image-preview":"max-image-preview:large","max-video-preview":"max-video-preview:-1"},"canonical":"https:\/\/www.visit-ulcinj.com\/blog\/2009\/01\/07\/u-mbajt-seanca-xvii-e-kuvendit-te-komunes-urbane-te-tuzit\/","og_locale":"en_US","og_type":"article","og_title":"U mbajt seanca XVII e kuvendit t\u00eb komun\u00ebs urbane t\u00eb Tuzit - Lajme nga Ulqini","og_description":"Skeptik\u00eb n\u00eb realizimin e k\u00ebrkesave Tuz- K\u00ebshilltar\u00ebt e Kuvendit t\u00eb KU t\u00eb Tuzit, t\u00eb h\u00ebn\u00ebn n\u00eb objektin e ri t\u00eb KU t\u00eb Tuzit nj\u00ebz\u00ebri miratuan Vendimin mbi","og_url":"https:\/\/www.visit-ulcinj.com\/blog\/2009\/01\/07\/u-mbajt-seanca-xvii-e-kuvendit-te-komunes-urbane-te-tuzit\/","og_site_name":"Lajme nga Ulqini","article_published_time":"2009-01-07T19:52:40+00:00","og_image":[{"url":"http:\/\/www.visit-ulcinj.com\/blog\/wp-content\/uploads\/2009\/01\/keshilltaret-e-kuvendit-te-ku-te-tuzit.jpg"}],"twitter_misc":{"Written by":"ulqini","Est. reading time":"2 minutes"},"schema":{"@context":"https:\/\/schema.org","@graph":[{"@type":"WebSite","@id":"https:\/\/www.visit-ulcinj.com\/blog\/#website","url":"https:\/\/www.visit-ulcinj.com\/blog\/","name":"Lajme nga Ulqini","description":"Lajme,Vijesti,Ulqini,Ulqin,Crna Gora,Mali i Zi","potentialAction":[{"@type":"SearchAction","target":{"@type":"EntryPoint","urlTemplate":"https:\/\/www.visit-ulcinj.com\/blog\/?s={search_term_string}"},"query-input":"required name=search_term_string"}],"inLanguage":"en-US"},{"@type":"ImageObject","inLanguage":"en-US","@id":"https:\/\/www.visit-ulcinj.com\/blog\/2009\/01\/07\/u-mbajt-seanca-xvii-e-kuvendit-te-komunes-urbane-te-tuzit\/#primaryimage","url":"https:\/\/www.visit-ulcinj.com\/blog\/wp-content\/uploads\/2009\/01\/keshilltaret-e-kuvendit-te-ku-te-tuzit.jpg","contentUrl":"https:\/\/www.visit-ulcinj.com\/blog\/wp-content\/uploads\/2009\/01\/keshilltaret-e-kuvendit-te-ku-te-tuzit.jpg","width":"300","height":"225"},{"@type":"WebPage","@id":"https:\/\/www.visit-ulcinj.com\/blog\/2009\/01\/07\/u-mbajt-seanca-xvii-e-kuvendit-te-komunes-urbane-te-tuzit\/#webpage","url":"https:\/\/www.visit-ulcinj.com\/blog\/2009\/01\/07\/u-mbajt-seanca-xvii-e-kuvendit-te-komunes-urbane-te-tuzit\/","name":"U mbajt seanca XVII e kuvendit t\u00eb komun\u00ebs urbane t\u00eb Tuzit - Lajme nga Ulqini","isPartOf":{"@id":"https:\/\/www.visit-ulcinj.com\/blog\/#website"},"primaryImageOfPage":{"@id":"https:\/\/www.visit-ulcinj.com\/blog\/2009\/01\/07\/u-mbajt-seanca-xvii-e-kuvendit-te-komunes-urbane-te-tuzit\/#primaryimage"},"datePublished":"2009-01-07T19:52:40+00:00","dateModified":"2009-01-07T19:52:40+00:00","author":{"@id":"https:\/\/www.visit-ulcinj.com\/blog\/#\/schema\/person\/dcab619c614d3038751c63bc2aadc06d"},"description":"Skeptik\u00eb n\u00eb realizimin e k\u00ebrkesave Tuz- K\u00ebshilltar\u00ebt e Kuvendit t\u00eb KU t\u00eb Tuzit, t\u00eb h\u00ebn\u00ebn n\u00eb objektin e ri t\u00eb KU t\u00eb Tuzit nj\u00ebz\u00ebri miratuan Vendimin mbi","breadcrumb":{"@id":"https:\/\/www.visit-ulcinj.com\/blog\/2009\/01\/07\/u-mbajt-seanca-xvii-e-kuvendit-te-komunes-urbane-te-tuzit\/#breadcrumb"},"inLanguage":"en-US","potentialAction":[{"@type":"ReadAction","target":["https:\/\/www.visit-ulcinj.com\/blog\/2009\/01\/07\/u-mbajt-seanca-xvii-e-kuvendit-te-komunes-urbane-te-tuzit\/"]}]},{"@type":"BreadcrumbList","@id":"https:\/\/www.visit-ulcinj.com\/blog\/2009\/01\/07\/u-mbajt-seanca-xvii-e-kuvendit-te-komunes-urbane-te-tuzit\/#breadcrumb","itemListElement":[{"@type":"ListItem","position":1,"name":"U mbajt seanca XVII e kuvendit t\u00eb komun\u00ebs urbane t\u00eb Tuzit"}]},{"@type":"Person","@id":"https:\/\/www.visit-ulcinj.com\/blog\/#\/schema\/person\/dcab619c614d3038751c63bc2aadc06d","name":"ulqini","sameAs":["http:\/\/www.visit-ulcinj.com"],"url":"https:\/\/www.visit-ulcinj.com\/blog\/author\/admin\/"}]}},"jetpack_featured_media_url":"","jetpack_sharing_enabled":true,"jetpack_shortlink":"https:\/\/wp.me\/pe6lTn-287","_links":{"self":[{"href":"https:\/\/www.visit-ulcinj.com\/blog\/wp-json\/wp\/v2\/posts\/8191"}],"collection":[{"href":"https:\/\/www.visit-ulcinj.com\/blog\/wp-json\/wp\/v2\/posts"}],"about":[{"href":"https:\/\/www.visit-ulcinj.com\/blog\/wp-json\/wp\/v2\/types\/post"}],"author":[{"embeddable":true,"href":"https:\/\/www.visit-ulcinj.com\/blog\/wp-json\/wp\/v2\/users\/1"}],"replies":[{"embeddable":true,"href":"https:\/\/www.visit-ulcinj.com\/blog\/wp-json\/wp\/v2\/comments?post=8191"}],"version-history":[{"count":0,"href":"https:\/\/www.visit-ulcinj.com\/blog\/wp-json\/wp\/v2\/posts\/8191\/revisions"}],"wp:attachment":[{"href":"https:\/\/www.visit-ulcinj.com\/blog\/wp-json\/wp\/v2\/media?parent=8191"}],"wp:term":[{"taxonomy":"category","embeddable":true,"href":"https:\/\/www.visit-ulcinj.com\/blog\/wp-json\/wp\/v2\/categories?post=8191"},{"taxonomy":"post_tag","embeddable":true,"href":"https:\/\/www.visit-ulcinj.com\/blog\/wp-json\/wp\/v2\/tags?post=8191"}],"curies":[{"name":"wp","href":"https:\/\/api.w.org\/{rel}","templated":true}]}}