{"id":81912,"date":"2014-04-26T15:40:33","date_gmt":"2014-04-26T14:40:33","guid":{"rendered":"http:\/\/www.visit-ulcinj.com\/blog\/?p=81912"},"modified":"2014-04-26T15:41:20","modified_gmt":"2014-04-26T14:41:20","slug":"haxhinasto-gvozdenovic-progres-per-lidhjen-rrugore-mes-ulqinit-dhe-velipojes","status":"publish","type":"post","link":"https:\/\/www.visit-ulcinj.com\/blog\/2014\/04\/26\/haxhinasto-gvozdenovic-progres-per-lidhjen-rrugore-mes-ulqinit-dhe-velipojes\/","title":{"rendered":"Haxhinasto &#8211; Gvozdenovic: Progres p\u00ebr lidhjen rrugore mes Ulqinit dhe Velipoj\u00ebs"},"content":{"rendered":"<div id=\"stcpDiv\"><strong><a href=\"http:\/\/www.visit-ulcinj.com\/blog\/wp-content\/uploads\/2014\/04\/Gvozdenovic-Haxhinasto.jpg\"><img loading=\"lazy\" class=\"alignleft  wp-image-81913\" alt=\"Gvozdenovic-Haxhinasto\" src=\"http:\/\/www.visit-ulcinj.com\/blog\/wp-content\/uploads\/2014\/04\/Gvozdenovic-Haxhinasto.jpg\" width=\"508\" height=\"360\" \/><\/a>Haxhinasto- Gvozdenovic: Progres p\u00ebr lidhjen rrugore t\u00eb Plav\u00ebs e Gucis\u00eb me Podgoric\u00ebn<\/strong><\/div>\n<div><\/div>\n<div>\n<div id=\"stcpDiv\">\n<div>Ministri i Transporteve, Edmond Haxhinasto \u00ebsht\u00eb takuar sot me ministrin Malazez t\u00eb Turizmit z. Gvozdenovic.<\/div>\n<div><\/div>\n<div>N\u00eb k\u00ebt\u00eb taskim Haxhinasto ka vler\u00ebsuar marr\u00ebdh\u00ebniet mes dy vendeve si shum\u00eb t\u00eb mira. \u201cMarr\u00ebdh\u00ebniet mes dy vendeve jan\u00eb shum\u00eb t\u00eb mira. Kemi b\u00ebr\u00eb progres p\u00ebrsa i p\u00ebrket projektit t\u00eb lidhjes rrugore t\u00eb Plav\u00ebs e Gucis\u00eb me Podgoric\u00ebn\u201d, tha ai.<\/div>\n<div><a href=\"http:\/\/www.visit-ulcinj.com\/blog\/wp-content\/uploads\/2014\/04\/Gvozdenovic-Haxhinasto.1.jpg\"><img loading=\"lazy\" class=\"alignleft  wp-image-81914\" alt=\"Gvozdenovic-Haxhinasto.1\" src=\"http:\/\/www.visit-ulcinj.com\/blog\/wp-content\/uploads\/2014\/04\/Gvozdenovic-Haxhinasto.1.jpg\" width=\"508\" height=\"580\" \/><\/a><\/div>\n<div><\/div>\n<div>T\u00eb dy Ministrat ran\u00eb dakort p\u00ebr p\u00ebrshpejtimin e lidhjes rrugore mes Ulqinit dhe Velipoj\u00ebs si dhe at\u00eb t\u00eb lidhjes liqenore mes Shkodr\u00ebs e Virpazar.<\/div>\n<div><\/div>\n<div>Ministri Haxhinasto u shpreh m\u00eb tej edhe p\u00ebr implementimin e strategjis\u00eb One Stop Shop n\u00eb sektorin hekurudhor mes dy vendeve. \u201cRealizimi i k\u00ebtyre projekteve ka impakt t\u00eb drejtp\u00ebrdrejt\u00eb tek pun\u00ebsimi dhe gjall\u00ebrimi i ekonomis\u00eb\u201d.<\/div>\n<\/div>\n<div><strong>Gazeta Sot<\/strong><\/div>\n<\/div>\n","protected":false},"excerpt":{"rendered":"<p>Haxhinasto- Gvozdenovic: Progres p\u00ebr lidhjen rrugore t\u00eb Plav\u00ebs e Gucis\u00eb me Podgoric\u00ebn Ministri i Transporteve, Edmond Haxhinasto \u00ebsht\u00eb takuar sot me ministrin Malazez t\u00eb Turizmit z. Gvozdenovic. N\u00eb k\u00ebt\u00eb taskim Haxhinasto ka vler\u00ebsuar marr\u00ebdh\u00ebniet mes dy vendeve si shum\u00eb t\u00eb mira. \u201cMarr\u00ebdh\u00ebniet mes dy vendeve jan\u00eb shum\u00eb t\u00eb mira. Kemi b\u00ebr\u00eb progres p\u00ebrsa i p\u00ebrket [&hellip;]<\/p>\n","protected":false},"author":1,"featured_media":0,"comment_status":"closed","ping_status":"closed","sticky":false,"template":"","format":"standard","meta":{"spay_email":"","jetpack_publicize_message":"","jetpack_is_tweetstorm":false,"jetpack_publicize_feature_enabled":true},"categories":[6],"tags":[],"jetpack_publicize_connections":[],"yoast_head":"<!-- This site is optimized with the Yoast SEO plugin v19.1 - https:\/\/yoast.com\/wordpress\/plugins\/seo\/ -->\n<title>Haxhinasto - Gvozdenovic: Progres p\u00ebr lidhjen rrugore mes Ulqinit dhe Velipoj\u00ebs - Lajme nga Ulqini<\/title>\n<meta name=\"description\" content=\"Haxhinasto- Gvozdenovic: Progres p\u00ebr lidhjen rrugore t\u00eb Plav\u00ebs e Gucis\u00eb me Podgoric\u00ebn Ministri i Transporteve, Edmond Haxhinasto \u00ebsht\u00eb takuar sot me\" \/>\n<meta name=\"robots\" content=\"index, follow, max-snippet:-1, max-image-preview:large, max-video-preview:-1\" \/>\n<link rel=\"canonical\" href=\"https:\/\/www.visit-ulcinj.com\/blog\/2014\/04\/26\/haxhinasto-gvozdenovic-progres-per-lidhjen-rrugore-mes-ulqinit-dhe-velipojes\/\" \/>\n<meta property=\"og:locale\" content=\"en_US\" \/>\n<meta property=\"og:type\" content=\"article\" \/>\n<meta property=\"og:title\" content=\"Haxhinasto - Gvozdenovic: Progres p\u00ebr lidhjen rrugore mes Ulqinit dhe Velipoj\u00ebs - Lajme nga Ulqini\" \/>\n<meta property=\"og:description\" content=\"Haxhinasto- Gvozdenovic: Progres p\u00ebr lidhjen rrugore t\u00eb Plav\u00ebs e Gucis\u00eb me Podgoric\u00ebn Ministri i Transporteve, Edmond Haxhinasto \u00ebsht\u00eb takuar sot me\" \/>\n<meta property=\"og:url\" content=\"https:\/\/www.visit-ulcinj.com\/blog\/2014\/04\/26\/haxhinasto-gvozdenovic-progres-per-lidhjen-rrugore-mes-ulqinit-dhe-velipojes\/\" \/>\n<meta property=\"og:site_name\" content=\"Lajme nga Ulqini\" \/>\n<meta property=\"article:published_time\" content=\"2014-04-26T14:40:33+00:00\" \/>\n<meta property=\"article:modified_time\" content=\"2014-04-26T14:41:20+00:00\" \/>\n<meta property=\"og:image\" content=\"http:\/\/www.visit-ulcinj.com\/blog\/wp-content\/uploads\/2014\/04\/Gvozdenovic-Haxhinasto.jpg\" \/>\n<meta name=\"twitter:label1\" content=\"Written by\" \/>\n\t<meta name=\"twitter:data1\" content=\"ulqini\" \/>\n\t<meta name=\"twitter:label2\" content=\"Est. reading time\" \/>\n\t<meta name=\"twitter:data2\" content=\"1 minute\" \/>\n<script type=\"application\/ld+json\" class=\"yoast-schema-graph\">{\"@context\":\"https:\/\/schema.org\",\"@graph\":[{\"@type\":\"WebSite\",\"@id\":\"https:\/\/www.visit-ulcinj.com\/blog\/#website\",\"url\":\"https:\/\/www.visit-ulcinj.com\/blog\/\",\"name\":\"Lajme nga Ulqini\",\"description\":\"Lajme,Vijesti,Ulqini,Ulqin,Crna Gora,Mali i Zi\",\"potentialAction\":[{\"@type\":\"SearchAction\",\"target\":{\"@type\":\"EntryPoint\",\"urlTemplate\":\"https:\/\/www.visit-ulcinj.com\/blog\/?s={search_term_string}\"},\"query-input\":\"required name=search_term_string\"}],\"inLanguage\":\"en-US\"},{\"@type\":\"ImageObject\",\"inLanguage\":\"en-US\",\"@id\":\"https:\/\/www.visit-ulcinj.com\/blog\/2014\/04\/26\/haxhinasto-gvozdenovic-progres-per-lidhjen-rrugore-mes-ulqinit-dhe-velipojes\/#primaryimage\",\"url\":\"https:\/\/www.visit-ulcinj.com\/blog\/wp-content\/uploads\/2014\/04\/Gvozdenovic-Haxhinasto.jpg\",\"contentUrl\":\"https:\/\/www.visit-ulcinj.com\/blog\/wp-content\/uploads\/2014\/04\/Gvozdenovic-Haxhinasto.jpg\",\"width\":794,\"height\":453},{\"@type\":\"WebPage\",\"@id\":\"https:\/\/www.visit-ulcinj.com\/blog\/2014\/04\/26\/haxhinasto-gvozdenovic-progres-per-lidhjen-rrugore-mes-ulqinit-dhe-velipojes\/#webpage\",\"url\":\"https:\/\/www.visit-ulcinj.com\/blog\/2014\/04\/26\/haxhinasto-gvozdenovic-progres-per-lidhjen-rrugore-mes-ulqinit-dhe-velipojes\/\",\"name\":\"Haxhinasto - Gvozdenovic: Progres p\u00ebr lidhjen rrugore mes Ulqinit dhe Velipoj\u00ebs - Lajme nga Ulqini\",\"isPartOf\":{\"@id\":\"https:\/\/www.visit-ulcinj.com\/blog\/#website\"},\"primaryImageOfPage\":{\"@id\":\"https:\/\/www.visit-ulcinj.com\/blog\/2014\/04\/26\/haxhinasto-gvozdenovic-progres-per-lidhjen-rrugore-mes-ulqinit-dhe-velipojes\/#primaryimage\"},\"datePublished\":\"2014-04-26T14:40:33+00:00\",\"dateModified\":\"2014-04-26T14:41:20+00:00\",\"author\":{\"@id\":\"https:\/\/www.visit-ulcinj.com\/blog\/#\/schema\/person\/dcab619c614d3038751c63bc2aadc06d\"},\"description\":\"Haxhinasto- Gvozdenovic: Progres p\u00ebr lidhjen rrugore t\u00eb Plav\u00ebs e Gucis\u00eb me Podgoric\u00ebn Ministri i Transporteve, Edmond Haxhinasto \u00ebsht\u00eb takuar sot me\",\"breadcrumb\":{\"@id\":\"https:\/\/www.visit-ulcinj.com\/blog\/2014\/04\/26\/haxhinasto-gvozdenovic-progres-per-lidhjen-rrugore-mes-ulqinit-dhe-velipojes\/#breadcrumb\"},\"inLanguage\":\"en-US\",\"potentialAction\":[{\"@type\":\"ReadAction\",\"target\":[\"https:\/\/www.visit-ulcinj.com\/blog\/2014\/04\/26\/haxhinasto-gvozdenovic-progres-per-lidhjen-rrugore-mes-ulqinit-dhe-velipojes\/\"]}]},{\"@type\":\"BreadcrumbList\",\"@id\":\"https:\/\/www.visit-ulcinj.com\/blog\/2014\/04\/26\/haxhinasto-gvozdenovic-progres-per-lidhjen-rrugore-mes-ulqinit-dhe-velipojes\/#breadcrumb\",\"itemListElement\":[{\"@type\":\"ListItem\",\"position\":1,\"name\":\"Haxhinasto &#8211; Gvozdenovic: Progres p\u00ebr lidhjen rrugore mes Ulqinit dhe Velipoj\u00ebs\"}]},{\"@type\":\"Person\",\"@id\":\"https:\/\/www.visit-ulcinj.com\/blog\/#\/schema\/person\/dcab619c614d3038751c63bc2aadc06d\",\"name\":\"ulqini\",\"sameAs\":[\"http:\/\/www.visit-ulcinj.com\"],\"url\":\"https:\/\/www.visit-ulcinj.com\/blog\/author\/admin\/\"}]}<\/script>\n<!-- \/ Yoast SEO plugin. -->","yoast_head_json":{"title":"Haxhinasto - Gvozdenovic: Progres p\u00ebr lidhjen rrugore mes Ulqinit dhe Velipoj\u00ebs - Lajme nga Ulqini","description":"Haxhinasto- Gvozdenovic: Progres p\u00ebr lidhjen rrugore t\u00eb Plav\u00ebs e Gucis\u00eb me Podgoric\u00ebn Ministri i Transporteve, Edmond Haxhinasto \u00ebsht\u00eb takuar sot me","robots":{"index":"index","follow":"follow","max-snippet":"max-snippet:-1","max-image-preview":"max-image-preview:large","max-video-preview":"max-video-preview:-1"},"canonical":"https:\/\/www.visit-ulcinj.com\/blog\/2014\/04\/26\/haxhinasto-gvozdenovic-progres-per-lidhjen-rrugore-mes-ulqinit-dhe-velipojes\/","og_locale":"en_US","og_type":"article","og_title":"Haxhinasto - Gvozdenovic: Progres p\u00ebr lidhjen rrugore mes Ulqinit dhe Velipoj\u00ebs - Lajme nga Ulqini","og_description":"Haxhinasto- Gvozdenovic: Progres p\u00ebr lidhjen rrugore t\u00eb Plav\u00ebs e Gucis\u00eb me Podgoric\u00ebn Ministri i Transporteve, Edmond Haxhinasto \u00ebsht\u00eb takuar sot me","og_url":"https:\/\/www.visit-ulcinj.com\/blog\/2014\/04\/26\/haxhinasto-gvozdenovic-progres-per-lidhjen-rrugore-mes-ulqinit-dhe-velipojes\/","og_site_name":"Lajme nga Ulqini","article_published_time":"2014-04-26T14:40:33+00:00","article_modified_time":"2014-04-26T14:41:20+00:00","og_image":[{"url":"http:\/\/www.visit-ulcinj.com\/blog\/wp-content\/uploads\/2014\/04\/Gvozdenovic-Haxhinasto.jpg"}],"twitter_misc":{"Written by":"ulqini","Est. reading time":"1 minute"},"schema":{"@context":"https:\/\/schema.org","@graph":[{"@type":"WebSite","@id":"https:\/\/www.visit-ulcinj.com\/blog\/#website","url":"https:\/\/www.visit-ulcinj.com\/blog\/","name":"Lajme nga Ulqini","description":"Lajme,Vijesti,Ulqini,Ulqin,Crna Gora,Mali i Zi","potentialAction":[{"@type":"SearchAction","target":{"@type":"EntryPoint","urlTemplate":"https:\/\/www.visit-ulcinj.com\/blog\/?s={search_term_string}"},"query-input":"required name=search_term_string"}],"inLanguage":"en-US"},{"@type":"ImageObject","inLanguage":"en-US","@id":"https:\/\/www.visit-ulcinj.com\/blog\/2014\/04\/26\/haxhinasto-gvozdenovic-progres-per-lidhjen-rrugore-mes-ulqinit-dhe-velipojes\/#primaryimage","url":"https:\/\/www.visit-ulcinj.com\/blog\/wp-content\/uploads\/2014\/04\/Gvozdenovic-Haxhinasto.jpg","contentUrl":"https:\/\/www.visit-ulcinj.com\/blog\/wp-content\/uploads\/2014\/04\/Gvozdenovic-Haxhinasto.jpg","width":794,"height":453},{"@type":"WebPage","@id":"https:\/\/www.visit-ulcinj.com\/blog\/2014\/04\/26\/haxhinasto-gvozdenovic-progres-per-lidhjen-rrugore-mes-ulqinit-dhe-velipojes\/#webpage","url":"https:\/\/www.visit-ulcinj.com\/blog\/2014\/04\/26\/haxhinasto-gvozdenovic-progres-per-lidhjen-rrugore-mes-ulqinit-dhe-velipojes\/","name":"Haxhinasto - Gvozdenovic: Progres p\u00ebr lidhjen rrugore mes Ulqinit dhe Velipoj\u00ebs - Lajme nga Ulqini","isPartOf":{"@id":"https:\/\/www.visit-ulcinj.com\/blog\/#website"},"primaryImageOfPage":{"@id":"https:\/\/www.visit-ulcinj.com\/blog\/2014\/04\/26\/haxhinasto-gvozdenovic-progres-per-lidhjen-rrugore-mes-ulqinit-dhe-velipojes\/#primaryimage"},"datePublished":"2014-04-26T14:40:33+00:00","dateModified":"2014-04-26T14:41:20+00:00","author":{"@id":"https:\/\/www.visit-ulcinj.com\/blog\/#\/schema\/person\/dcab619c614d3038751c63bc2aadc06d"},"description":"Haxhinasto- Gvozdenovic: Progres p\u00ebr lidhjen rrugore t\u00eb Plav\u00ebs e Gucis\u00eb me Podgoric\u00ebn Ministri i Transporteve, Edmond Haxhinasto \u00ebsht\u00eb takuar sot me","breadcrumb":{"@id":"https:\/\/www.visit-ulcinj.com\/blog\/2014\/04\/26\/haxhinasto-gvozdenovic-progres-per-lidhjen-rrugore-mes-ulqinit-dhe-velipojes\/#breadcrumb"},"inLanguage":"en-US","potentialAction":[{"@type":"ReadAction","target":["https:\/\/www.visit-ulcinj.com\/blog\/2014\/04\/26\/haxhinasto-gvozdenovic-progres-per-lidhjen-rrugore-mes-ulqinit-dhe-velipojes\/"]}]},{"@type":"BreadcrumbList","@id":"https:\/\/www.visit-ulcinj.com\/blog\/2014\/04\/26\/haxhinasto-gvozdenovic-progres-per-lidhjen-rrugore-mes-ulqinit-dhe-velipojes\/#breadcrumb","itemListElement":[{"@type":"ListItem","position":1,"name":"Haxhinasto &#8211; Gvozdenovic: Progres p\u00ebr lidhjen rrugore mes Ulqinit dhe Velipoj\u00ebs"}]},{"@type":"Person","@id":"https:\/\/www.visit-ulcinj.com\/blog\/#\/schema\/person\/dcab619c614d3038751c63bc2aadc06d","name":"ulqini","sameAs":["http:\/\/www.visit-ulcinj.com"],"url":"https:\/\/www.visit-ulcinj.com\/blog\/author\/admin\/"}]}},"jetpack_featured_media_url":"","jetpack_sharing_enabled":true,"jetpack_shortlink":"https:\/\/wp.me\/pe6lTn-lja","_links":{"self":[{"href":"https:\/\/www.visit-ulcinj.com\/blog\/wp-json\/wp\/v2\/posts\/81912"}],"collection":[{"href":"https:\/\/www.visit-ulcinj.com\/blog\/wp-json\/wp\/v2\/posts"}],"about":[{"href":"https:\/\/www.visit-ulcinj.com\/blog\/wp-json\/wp\/v2\/types\/post"}],"author":[{"embeddable":true,"href":"https:\/\/www.visit-ulcinj.com\/blog\/wp-json\/wp\/v2\/users\/1"}],"replies":[{"embeddable":true,"href":"https:\/\/www.visit-ulcinj.com\/blog\/wp-json\/wp\/v2\/comments?post=81912"}],"version-history":[{"count":1,"href":"https:\/\/www.visit-ulcinj.com\/blog\/wp-json\/wp\/v2\/posts\/81912\/revisions"}],"predecessor-version":[{"id":81915,"href":"https:\/\/www.visit-ulcinj.com\/blog\/wp-json\/wp\/v2\/posts\/81912\/revisions\/81915"}],"wp:attachment":[{"href":"https:\/\/www.visit-ulcinj.com\/blog\/wp-json\/wp\/v2\/media?parent=81912"}],"wp:term":[{"taxonomy":"category","embeddable":true,"href":"https:\/\/www.visit-ulcinj.com\/blog\/wp-json\/wp\/v2\/categories?post=81912"},{"taxonomy":"post_tag","embeddable":true,"href":"https:\/\/www.visit-ulcinj.com\/blog\/wp-json\/wp\/v2\/tags?post=81912"}],"curies":[{"name":"wp","href":"https:\/\/api.w.org\/{rel}","templated":true}]}}