{"id":81984,"date":"2014-04-28T06:13:45","date_gmt":"2014-04-28T05:13:45","guid":{"rendered":"http:\/\/www.visit-ulcinj.com\/blog\/?p=81984"},"modified":"2014-04-28T06:16:20","modified_gmt":"2014-04-28T05:16:20","slug":"sot-seanca-e-kuvendit-komunal-te-ulqinit-video","status":"publish","type":"post","link":"https:\/\/www.visit-ulcinj.com\/blog\/2014\/04\/28\/sot-seanca-e-kuvendit-komunal-te-ulqinit-video\/","title":{"rendered":"Sot seanca e Kuvendit Komunal t\u00eb Ulqinit &#8211; Video"},"content":{"rendered":"<p><a href=\"http:\/\/www.visit-ulcinj.com\/blog\/wp-content\/uploads\/2014\/02\/Fuad-Haxhibeti-ulqin.jpg\"><img loading=\"lazy\" class=\"alignleft  wp-image-79947\" alt=\"Fuad-Haxhibeti-ulqin\" src=\"http:\/\/www.visit-ulcinj.com\/blog\/wp-content\/uploads\/2014\/02\/Fuad-Haxhibeti-ulqin.jpg\" width=\"508\" height=\"360\" \/><\/a>Nga kryetari i Kuvendit komunal t\u00eb Ulqinit z. Fuad Haxhibeti ka deklaruar q\u00eb sot, me 28 prill, n\u00eb ora 13:00 do t\u00eb vazhdoj\u00eb mbledhja e Parlamentit lokal t\u00eb Ulqinit.<\/p>\n<p>Ai deklaroi q\u00eb n\u00eb ket\u00eb mbledhje do t\u00eb kompletohen trupat punues t\u00eb Kuvendit dhe do t\u00eb zgjidhen an\u00ebtar\u00ebt e k\u00ebshillave drejtues t\u00eb nd\u00ebrmarrjeve publike themelues i t\u00eb cilave \u00ebsht\u00eb Kuvendi komunal.<\/p>\n<p>Klubet e k\u00ebshilltar\u00ebve kan\u00eb arritur marr\u00ebveshje q\u00eb mbledhja t\u00eb mbahet pa transmetim direkt televiziv.<\/p>\n<p>&nbsp;<\/p>\n<p><strong>Video Tv Teuta<\/strong><\/p>\n<!--YouTube Error: bad URL entered-->\n","protected":false},"excerpt":{"rendered":"<p>Nga kryetari i Kuvendit komunal t\u00eb Ulqinit z. Fuad Haxhibeti ka deklaruar q\u00eb sot, me 28 prill, n\u00eb ora 13:00 do t\u00eb vazhdoj\u00eb mbledhja e Parlamentit lokal t\u00eb Ulqinit. Ai deklaroi q\u00eb n\u00eb ket\u00eb mbledhje do t\u00eb kompletohen trupat punues t\u00eb Kuvendit dhe do t\u00eb zgjidhen an\u00ebtar\u00ebt e k\u00ebshillave drejtues t\u00eb nd\u00ebrmarrjeve publike themelues i [&hellip;]<\/p>\n","protected":false},"author":1,"featured_media":0,"comment_status":"closed","ping_status":"closed","sticky":false,"template":"","format":"standard","meta":{"spay_email":"","jetpack_publicize_message":"","jetpack_is_tweetstorm":false,"jetpack_publicize_feature_enabled":true},"categories":[6950],"tags":[],"jetpack_publicize_connections":[],"yoast_head":"<!-- This site is optimized with the Yoast SEO plugin v19.1 - https:\/\/yoast.com\/wordpress\/plugins\/seo\/ -->\n<title>Sot seanca e Kuvendit Komunal t\u00eb Ulqinit - Video - Lajme nga Ulqini<\/title>\n<meta name=\"description\" content=\"Nga kryetari i Kuvendit komunal t\u00eb Ulqinit z. Fuad Haxhibeti ka deklaruar q\u00eb sot, me 28 prill, n\u00eb ora 13:00 do t\u00eb vazhdoj\u00eb mbledhja e Parlamentit lokal t\u00eb\" \/>\n<meta name=\"robots\" content=\"index, follow, max-snippet:-1, max-image-preview:large, max-video-preview:-1\" \/>\n<link rel=\"canonical\" href=\"https:\/\/www.visit-ulcinj.com\/blog\/2014\/04\/28\/sot-seanca-e-kuvendit-komunal-te-ulqinit-video\/\" \/>\n<meta property=\"og:locale\" content=\"en_US\" \/>\n<meta property=\"og:type\" content=\"article\" \/>\n<meta property=\"og:title\" content=\"Sot seanca e Kuvendit Komunal t\u00eb Ulqinit - Video - Lajme nga Ulqini\" \/>\n<meta property=\"og:description\" content=\"Nga kryetari i Kuvendit komunal t\u00eb Ulqinit z. Fuad Haxhibeti ka deklaruar q\u00eb sot, me 28 prill, n\u00eb ora 13:00 do t\u00eb vazhdoj\u00eb mbledhja e Parlamentit lokal t\u00eb\" \/>\n<meta property=\"og:url\" content=\"https:\/\/www.visit-ulcinj.com\/blog\/2014\/04\/28\/sot-seanca-e-kuvendit-komunal-te-ulqinit-video\/\" \/>\n<meta property=\"og:site_name\" content=\"Lajme nga Ulqini\" \/>\n<meta property=\"article:published_time\" content=\"2014-04-28T05:13:45+00:00\" \/>\n<meta property=\"article:modified_time\" content=\"2014-04-28T05:16:20+00:00\" \/>\n<meta property=\"og:image\" content=\"http:\/\/www.visit-ulcinj.com\/blog\/wp-content\/uploads\/2014\/02\/Fuad-Haxhibeti-ulqin.jpg\" \/>\n<meta name=\"twitter:label1\" content=\"Written by\" \/>\n\t<meta name=\"twitter:data1\" content=\"ulqini\" \/>\n<script type=\"application\/ld+json\" class=\"yoast-schema-graph\">{\"@context\":\"https:\/\/schema.org\",\"@graph\":[{\"@type\":\"WebSite\",\"@id\":\"https:\/\/www.visit-ulcinj.com\/blog\/#website\",\"url\":\"https:\/\/www.visit-ulcinj.com\/blog\/\",\"name\":\"Lajme nga Ulqini\",\"description\":\"Lajme,Vijesti,Ulqini,Ulqin,Crna Gora,Mali i Zi\",\"potentialAction\":[{\"@type\":\"SearchAction\",\"target\":{\"@type\":\"EntryPoint\",\"urlTemplate\":\"https:\/\/www.visit-ulcinj.com\/blog\/?s={search_term_string}\"},\"query-input\":\"required name=search_term_string\"}],\"inLanguage\":\"en-US\"},{\"@type\":\"ImageObject\",\"inLanguage\":\"en-US\",\"@id\":\"https:\/\/www.visit-ulcinj.com\/blog\/2014\/04\/28\/sot-seanca-e-kuvendit-komunal-te-ulqinit-video\/#primaryimage\",\"url\":\"https:\/\/www.visit-ulcinj.com\/blog\/wp-content\/uploads\/2014\/02\/Fuad-Haxhibeti-ulqin.jpg\",\"contentUrl\":\"https:\/\/www.visit-ulcinj.com\/blog\/wp-content\/uploads\/2014\/02\/Fuad-Haxhibeti-ulqin.jpg\",\"width\":510,\"height\":391},{\"@type\":\"WebPage\",\"@id\":\"https:\/\/www.visit-ulcinj.com\/blog\/2014\/04\/28\/sot-seanca-e-kuvendit-komunal-te-ulqinit-video\/#webpage\",\"url\":\"https:\/\/www.visit-ulcinj.com\/blog\/2014\/04\/28\/sot-seanca-e-kuvendit-komunal-te-ulqinit-video\/\",\"name\":\"Sot seanca e Kuvendit Komunal t\u00eb Ulqinit - Video - Lajme nga Ulqini\",\"isPartOf\":{\"@id\":\"https:\/\/www.visit-ulcinj.com\/blog\/#website\"},\"primaryImageOfPage\":{\"@id\":\"https:\/\/www.visit-ulcinj.com\/blog\/2014\/04\/28\/sot-seanca-e-kuvendit-komunal-te-ulqinit-video\/#primaryimage\"},\"datePublished\":\"2014-04-28T05:13:45+00:00\",\"dateModified\":\"2014-04-28T05:16:20+00:00\",\"author\":{\"@id\":\"https:\/\/www.visit-ulcinj.com\/blog\/#\/schema\/person\/dcab619c614d3038751c63bc2aadc06d\"},\"description\":\"Nga kryetari i Kuvendit komunal t\u00eb Ulqinit z. Fuad Haxhibeti ka deklaruar q\u00eb sot, me 28 prill, n\u00eb ora 13:00 do t\u00eb vazhdoj\u00eb mbledhja e Parlamentit lokal t\u00eb\",\"breadcrumb\":{\"@id\":\"https:\/\/www.visit-ulcinj.com\/blog\/2014\/04\/28\/sot-seanca-e-kuvendit-komunal-te-ulqinit-video\/#breadcrumb\"},\"inLanguage\":\"en-US\",\"potentialAction\":[{\"@type\":\"ReadAction\",\"target\":[\"https:\/\/www.visit-ulcinj.com\/blog\/2014\/04\/28\/sot-seanca-e-kuvendit-komunal-te-ulqinit-video\/\"]}]},{\"@type\":\"BreadcrumbList\",\"@id\":\"https:\/\/www.visit-ulcinj.com\/blog\/2014\/04\/28\/sot-seanca-e-kuvendit-komunal-te-ulqinit-video\/#breadcrumb\",\"itemListElement\":[{\"@type\":\"ListItem\",\"position\":1,\"name\":\"Sot seanca e Kuvendit Komunal t\u00eb Ulqinit &#8211; Video\"}]},{\"@type\":\"Person\",\"@id\":\"https:\/\/www.visit-ulcinj.com\/blog\/#\/schema\/person\/dcab619c614d3038751c63bc2aadc06d\",\"name\":\"ulqini\",\"sameAs\":[\"http:\/\/www.visit-ulcinj.com\"],\"url\":\"https:\/\/www.visit-ulcinj.com\/blog\/author\/admin\/\"}]}<\/script>\n<!-- \/ Yoast SEO plugin. -->","yoast_head_json":{"title":"Sot seanca e Kuvendit Komunal t\u00eb Ulqinit - Video - Lajme nga Ulqini","description":"Nga kryetari i Kuvendit komunal t\u00eb Ulqinit z. Fuad Haxhibeti ka deklaruar q\u00eb sot, me 28 prill, n\u00eb ora 13:00 do t\u00eb vazhdoj\u00eb mbledhja e Parlamentit lokal t\u00eb","robots":{"index":"index","follow":"follow","max-snippet":"max-snippet:-1","max-image-preview":"max-image-preview:large","max-video-preview":"max-video-preview:-1"},"canonical":"https:\/\/www.visit-ulcinj.com\/blog\/2014\/04\/28\/sot-seanca-e-kuvendit-komunal-te-ulqinit-video\/","og_locale":"en_US","og_type":"article","og_title":"Sot seanca e Kuvendit Komunal t\u00eb Ulqinit - Video - Lajme nga Ulqini","og_description":"Nga kryetari i Kuvendit komunal t\u00eb Ulqinit z. Fuad Haxhibeti ka deklaruar q\u00eb sot, me 28 prill, n\u00eb ora 13:00 do t\u00eb vazhdoj\u00eb mbledhja e Parlamentit lokal t\u00eb","og_url":"https:\/\/www.visit-ulcinj.com\/blog\/2014\/04\/28\/sot-seanca-e-kuvendit-komunal-te-ulqinit-video\/","og_site_name":"Lajme nga Ulqini","article_published_time":"2014-04-28T05:13:45+00:00","article_modified_time":"2014-04-28T05:16:20+00:00","og_image":[{"url":"http:\/\/www.visit-ulcinj.com\/blog\/wp-content\/uploads\/2014\/02\/Fuad-Haxhibeti-ulqin.jpg"}],"twitter_misc":{"Written by":"ulqini"},"schema":{"@context":"https:\/\/schema.org","@graph":[{"@type":"WebSite","@id":"https:\/\/www.visit-ulcinj.com\/blog\/#website","url":"https:\/\/www.visit-ulcinj.com\/blog\/","name":"Lajme nga Ulqini","description":"Lajme,Vijesti,Ulqini,Ulqin,Crna Gora,Mali i Zi","potentialAction":[{"@type":"SearchAction","target":{"@type":"EntryPoint","urlTemplate":"https:\/\/www.visit-ulcinj.com\/blog\/?s={search_term_string}"},"query-input":"required name=search_term_string"}],"inLanguage":"en-US"},{"@type":"ImageObject","inLanguage":"en-US","@id":"https:\/\/www.visit-ulcinj.com\/blog\/2014\/04\/28\/sot-seanca-e-kuvendit-komunal-te-ulqinit-video\/#primaryimage","url":"https:\/\/www.visit-ulcinj.com\/blog\/wp-content\/uploads\/2014\/02\/Fuad-Haxhibeti-ulqin.jpg","contentUrl":"https:\/\/www.visit-ulcinj.com\/blog\/wp-content\/uploads\/2014\/02\/Fuad-Haxhibeti-ulqin.jpg","width":510,"height":391},{"@type":"WebPage","@id":"https:\/\/www.visit-ulcinj.com\/blog\/2014\/04\/28\/sot-seanca-e-kuvendit-komunal-te-ulqinit-video\/#webpage","url":"https:\/\/www.visit-ulcinj.com\/blog\/2014\/04\/28\/sot-seanca-e-kuvendit-komunal-te-ulqinit-video\/","name":"Sot seanca e Kuvendit Komunal t\u00eb Ulqinit - Video - Lajme nga Ulqini","isPartOf":{"@id":"https:\/\/www.visit-ulcinj.com\/blog\/#website"},"primaryImageOfPage":{"@id":"https:\/\/www.visit-ulcinj.com\/blog\/2014\/04\/28\/sot-seanca-e-kuvendit-komunal-te-ulqinit-video\/#primaryimage"},"datePublished":"2014-04-28T05:13:45+00:00","dateModified":"2014-04-28T05:16:20+00:00","author":{"@id":"https:\/\/www.visit-ulcinj.com\/blog\/#\/schema\/person\/dcab619c614d3038751c63bc2aadc06d"},"description":"Nga kryetari i Kuvendit komunal t\u00eb Ulqinit z. Fuad Haxhibeti ka deklaruar q\u00eb sot, me 28 prill, n\u00eb ora 13:00 do t\u00eb vazhdoj\u00eb mbledhja e Parlamentit lokal t\u00eb","breadcrumb":{"@id":"https:\/\/www.visit-ulcinj.com\/blog\/2014\/04\/28\/sot-seanca-e-kuvendit-komunal-te-ulqinit-video\/#breadcrumb"},"inLanguage":"en-US","potentialAction":[{"@type":"ReadAction","target":["https:\/\/www.visit-ulcinj.com\/blog\/2014\/04\/28\/sot-seanca-e-kuvendit-komunal-te-ulqinit-video\/"]}]},{"@type":"BreadcrumbList","@id":"https:\/\/www.visit-ulcinj.com\/blog\/2014\/04\/28\/sot-seanca-e-kuvendit-komunal-te-ulqinit-video\/#breadcrumb","itemListElement":[{"@type":"ListItem","position":1,"name":"Sot seanca e Kuvendit Komunal t\u00eb Ulqinit &#8211; Video"}]},{"@type":"Person","@id":"https:\/\/www.visit-ulcinj.com\/blog\/#\/schema\/person\/dcab619c614d3038751c63bc2aadc06d","name":"ulqini","sameAs":["http:\/\/www.visit-ulcinj.com"],"url":"https:\/\/www.visit-ulcinj.com\/blog\/author\/admin\/"}]}},"jetpack_featured_media_url":"","jetpack_sharing_enabled":true,"jetpack_shortlink":"https:\/\/wp.me\/pe6lTn-lkk","_links":{"self":[{"href":"https:\/\/www.visit-ulcinj.com\/blog\/wp-json\/wp\/v2\/posts\/81984"}],"collection":[{"href":"https:\/\/www.visit-ulcinj.com\/blog\/wp-json\/wp\/v2\/posts"}],"about":[{"href":"https:\/\/www.visit-ulcinj.com\/blog\/wp-json\/wp\/v2\/types\/post"}],"author":[{"embeddable":true,"href":"https:\/\/www.visit-ulcinj.com\/blog\/wp-json\/wp\/v2\/users\/1"}],"replies":[{"embeddable":true,"href":"https:\/\/www.visit-ulcinj.com\/blog\/wp-json\/wp\/v2\/comments?post=81984"}],"version-history":[{"count":3,"href":"https:\/\/www.visit-ulcinj.com\/blog\/wp-json\/wp\/v2\/posts\/81984\/revisions"}],"predecessor-version":[{"id":81987,"href":"https:\/\/www.visit-ulcinj.com\/blog\/wp-json\/wp\/v2\/posts\/81984\/revisions\/81987"}],"wp:attachment":[{"href":"https:\/\/www.visit-ulcinj.com\/blog\/wp-json\/wp\/v2\/media?parent=81984"}],"wp:term":[{"taxonomy":"category","embeddable":true,"href":"https:\/\/www.visit-ulcinj.com\/blog\/wp-json\/wp\/v2\/categories?post=81984"},{"taxonomy":"post_tag","embeddable":true,"href":"https:\/\/www.visit-ulcinj.com\/blog\/wp-json\/wp\/v2\/tags?post=81984"}],"curies":[{"name":"wp","href":"https:\/\/api.w.org\/{rel}","templated":true}]}}