{"id":8199,"date":"2009-01-07T21:16:04","date_gmt":"2009-01-07T20:16:04","guid":{"rendered":"http:\/\/www.visit-ulcinj.com\/blog\/?p=8199"},"modified":"2009-01-07T21:16:04","modified_gmt":"2009-01-07T20:16:04","slug":"interviste-me-ambasadorin-e-austrise-ne-mal-te-zi-florian-raunig","status":"publish","type":"post","link":"https:\/\/www.visit-ulcinj.com\/blog\/2009\/01\/07\/interviste-me-ambasadorin-e-austrise-ne-mal-te-zi-florian-raunig\/","title":{"rendered":"Intervist\u00eb me ambasadorin e austris\u00eb n\u00eb mal t\u00eb zi, Florian Raunig"},"content":{"rendered":"<p><strong><img loading=\"lazy\" class=\"alignleft size-full wp-image-8200\" title=\"florian-raunig\" src=\"http:\/\/www.visit-ulcinj.com\/blog\/wp-content\/uploads\/2009\/01\/florian-raunig.jpg\" alt=\"florian-raunig\" width=\"300\" height=\"291\" \/>Mali i Zi drejt integrimit n\u00eb Bashkimin Europian<\/strong><\/p>\n<p><strong>Koha javore: <\/strong>Z. Ambasador, fillimisht d\u00ebshirojm\u00eb tzju pyesim se si po ia kaloni n\u00eb Mal t\u00eb Zi?<br \/>\n<strong>F. Raunig: <\/strong>Me than\u00eb t\u00eb drejt\u00ebn n\u00eb Mal t\u00eb Zi un\u00eb po ia kaloj shum\u00eb mir\u00eb. Jam k\u00ebtu s\u00eb bashku me familjen time dhe me dy binjaket e vogla. Un\u00eb e vler\u00ebsoj lart mikpritjen e njer\u00ebzve t\u00eb k\u00ebtush\u00ebm. Pastaj, i vler\u00ebsoj shum\u00eb edhe bukurit\u00eb e k\u00ebtij vendi, si detin, bukurit\u00eb e maleve, ku jan\u00eb nd\u00ebr t\u00eb rrallat n\u00eb Europ\u00eb.<br \/>\n<strong>Koha javore:<\/strong> N\u00eb gjysm\u00ebn e k\u00ebtij muaji Mali i Zi aplikoi p\u00ebr tzu an\u00ebtar\u00ebsuar n\u00eb Bashkimin Europian. \u00c7far\u00eb mund t\u00eb na thoni p\u00ebr k\u00ebt\u00eb?<br \/>\n<strong>F. Raunig: <\/strong>P\u00ebr nj\u00eb shtet t\u00eb pavarur me pak m\u00eb shum\u00eb se dy vite un\u00eb mendoj se Mali i Zi \u00ebsht\u00eb n\u00eb rrug\u00eb t\u00eb mbar\u00eb p\u00ebr integrim n\u00eb Bashkimin Europian. Mali i Zi n\u00eb k\u00ebt\u00eb drejtim ka b\u00ebr\u00eb shum\u00eb pun\u00eb q\u00eb duhet tzi marrim patjet\u00ebr parasysh. P\u00ebr Malin e Zi \u00ebsht\u00eb shum\u00eb gj\u00eb pozitive, sepse ai \u00ebsht\u00eb edhe nj\u00eb faktor stabiliteti n\u00eb rajonin ballkanik. Raporti i Komisionit Europian p\u00ebr p\u00ebrparim aprovuar n\u00eb tetor t\u00eb k\u00ebtij viti, sipas mendimit tim \u00ebsht\u00eb nj\u00eb raport mjaft objektiv. Ky raport ka treguar suksese n\u00eb vend, por gjithashtu akoma duhet punuar me shum\u00eb energji, si psh n\u00eb funksionimin e sistemit ligjor.<br \/>\n<strong>Koha javore: <\/strong>Sipas mendimit Tuaj, cilat do t\u00eb jen\u00eb sfidat m\u00eb t\u00eb m\u00ebdha p\u00ebr Malin e Zi n\u00eb vitin q\u00eb po vjen?<br \/>\n<strong>F. Raunig: <\/strong>P\u00ebr mendimin tim sfidat m\u00eb t\u00eb m\u00ebdha p\u00ebr vitin q\u00eb po vjen do t\u00eb jet\u00eb kriza bot\u00ebrore financiare, q\u00eb Malin e Zi akoma nuk e ka goditur aq fort n\u00eb nivelin bot\u00ebror, por q\u00eb mund t\u00eb ket\u00eb efekte m\u00eb t\u00eb dukshme n\u00eb vitin q\u00eb po vjen. Ato efekte do t\u00eb jen\u00eb t\u00eb shkaktuara kryesisht nga bota financiare jasht\u00eb vendit, por q\u00eb tregon edhe globalizimin e bot\u00ebs finaciare. \u00cbsht\u00eb fakt se Mali i Zi nuk \u00ebsht\u00eb vet\u00ebm, por \u00ebsht\u00eb i lidhur me bot\u00ebn financiare. Sfid\u00eb tjet\u00ebr q\u00eb un\u00eb shikoj \u00ebsht\u00eb konsenzusi politik midis Qeveris\u00eb dhe opozit\u00ebs n\u00eb rrug\u00ebn drejt integrimit europian q\u00eb \u00ebsht\u00eb shum\u00eb i r\u00ebnd\u00ebsish\u00ebm. Deri tani ka nj\u00eb konsenzus p\u00ebr an\u00ebtar\u00ebsimin e vendit n\u00eb BE q\u00eb \u00ebsht\u00eb shum\u00eb e r\u00ebnd\u00ebsishme dhe un\u00eb k\u00ebt\u00eb e konsideroj si gj\u00eb shum\u00eb pozitive, por duhet t\u00eb kihet edhe nj\u00eb konsenzus minimal t\u00eb faktor\u00ebve politik\u00eb p\u00ebr m\u00ebnyr\u00ebn si do t\u00eb arrihet n\u00eb k\u00ebt\u00eb q\u00ebllim, p\u00ebr m\u00ebnyr\u00ebn drejt integrimit. Sfida e tret\u00eb q\u00eb un\u00eb shoh \u00ebsht\u00eb reforma e sistemit ligjor q\u00eb \u00ebsht\u00eb e domosdoshme p\u00ebr qytetar\u00ebt dhe investitor\u00ebt e huaj q\u00eb do t\u00eb ken\u00eb garancin\u00eb dhe sigurin\u00eb e jet\u00ebs s\u00eb p\u00ebrdit\u00ebshme t\u00eb qytetar\u00ebve, por edhe sigurin\u00eb p\u00ebr investitor\u00eb t\u00eb huaj q\u00eb do t\u00eb b\u00ebjn\u00eb investime k\u00ebtu.<br \/>\n<strong>Koha javore:<\/strong> \u00c7far\u00eb jan\u00eb marr\u00ebdh\u00ebniet midis Malit t\u00eb Zi dhe Austris\u00eb?<br \/>\n<strong>F. Raunig: <\/strong>Marr\u00ebdh\u00ebniet midis Malit t\u00eb Zi dhe Austris\u00eb jan\u00eb shum\u00eb t\u00eb mira. Nuk ka \u00e7\u00ebshtje t\u00eb hapura. T\u00eb dy shtetet kan\u00eb nj\u00eb bashk\u00ebpunim shum\u00eb t\u00eb ngusht\u00eb n\u00eb fush\u00ebn e politik\u00ebs, ekonomis\u00eb, mbrojtjes dhe n\u00eb fush\u00ebn e kultur\u00ebs. Austria n\u00eb fush\u00ebn politike e mb\u00ebshtet Malin e Zi n\u00eb rrug\u00ebn drejt integrimit europian. Disa kompani austriake jan\u00eb t\u00eb interesuara p\u00ebr t\u00eb investuar n\u00eb Mal t\u00eb Zi, por jo vet\u00ebm p\u00ebr t\u00eb investuar, por edhe p\u00ebr t\u00eb zbatuar projektet n\u00eb k\u00ebt\u00eb shtet. Ne kemi nj\u00eb bashk\u00ebpunim t\u00eb ngusht\u00eb n\u00eb fush\u00ebn e mbrojtjes. T\u00eb dy ushtrit\u00eb bashk\u00ebpunojn\u00eb shum\u00eb ngusht, ve\u00e7an\u00ebrisht n\u00eb fush\u00ebn e bashk\u00ebpunimit t\u00eb trupave alpinist\u00eb, ku Austria po e mb\u00ebshtet Malin e Zi, sepse trupat alpinist\u00eb p\u00ebr Malin e Zi jan\u00eb nj\u00eb nj\u00ebsit i ri. K\u00ebshtu n\u00eb Austri i kemi disa ushtar\u00eb malazez\u00eb q\u00eb po b\u00ebjn\u00eb trajnime n\u00eb edukim dhe arsim, por edhe po punojm\u00eb ngusht edhe me ushtrin\u00eb malazeze. N\u00eb fushat e bashk\u00ebpunimit kemi edhe nj\u00eb projekt t\u00eb madh si\u00e7 \u00ebsht\u00eb zhvillimi rajonal p\u00ebr Bjellasic\u00ebn dhe Komin. Bashk\u00ebpunim t\u00eb ngusht\u00eb kemi gjithashtu edhe me Universitetin e Malit t\u00eb Zi, pastaj n\u00eb turiz\u00ebm, hotelieri, por edhe p\u00ebr uj\u00ebrat e zeza q\u00eb gjenden n\u00eb Kotorr.<br \/>\n<strong>Koha javore: <\/strong>Sa \u00ebsht\u00eb e interesuar Austria p\u00ebr investime n\u00eb Mal t\u00eb Zi?<br \/>\n<strong>F.Raunig:<\/strong> Ka majft kompani austriake q\u00eb kan\u00eb shprehur interes p\u00ebr t\u00eb investuar n\u00eb Mal t\u00eb Zi. Nj\u00eb nga investimet m\u00eb t\u00eb m\u00ebdha q\u00eb kemi pasur n\u00eb Mal t\u00eb Zi \u00ebsht\u00eb ajo e bank\u00ebs Hypo Alpe Adria. Por, kemi edhe kompani n\u00eb fush\u00ebn e turizmit q\u00eb jan\u00eb t\u00eb interesuara p\u00ebr t\u00eb investuar k\u00ebtu, etj.<br \/>\n<strong>Koha javore:<\/strong> A mund t\u00eb na p\u00ebrmendni se n\u00eb t\u00eb cilat fusha bashk\u00ebpunimi \u00ebsht\u00eb m\u00eb s\u00eb tep\u00ebrmi e p\u00ebrqendruar Austria p\u00ebr t\u00eb investuar k\u00ebtu?<br \/>\n<strong>F.Raunig:<\/strong> Po si\u00e7 e thash\u00eb edhe m\u00eb lart n\u00eb radh\u00eb t\u00eb par\u00eb jemi t\u00eb interesuar p\u00ebr t\u00eb investuar n\u00eb fush\u00ebn e turizmit q\u00eb \u00ebsht\u00eb shum\u00eb interesant p\u00ebr ne, por jemi t\u00eb interesuar edhe n\u00eb fush\u00ebn e energjis\u00eb. Si\u00e7 mund t\u00eb v\u00ebrejm\u00eb, jo vet\u00ebm n\u00eb Mal t\u00eb Zi, por edhe n\u00eb p\u00ebrgjith\u00ebsi n\u00eb rajonin ballkanik mungon energjia elektrike. Mali i Zi ka nj\u00eb potrencial t\u00eb madh p\u00ebr hidroenergji, si\u00e7 e kan\u00eb edhe vendet e tjera n\u00eb Ballkan, si psh Bosnja dhe Hercegovina, Shqip\u00ebria, apo Maqedonia.<br \/>\n<strong>Koha javore:<\/strong> Sa jan\u00eb t\u00eb interesuar qytetar\u00ebt e Malit t\u00eb Zi p\u00ebr ta m\u00ebsuar gjermanishten dhe anasjelltas?<br \/>\n<strong>F.Raunig:<\/strong> Gjuha gjermane po b\u00ebhet \u00e7do dit\u00eb e m\u00eb e r\u00ebnd\u00ebsishme. Tashti ka shum\u00eb njer\u00ebz q\u00eb gjuh\u00ebn gjermane po e p\u00ebrdorin si gjuh\u00eb t\u00eb negociatave, biznesit etj. M\u00eb duket se rinia e Malit t\u00eb Zi \u00ebsht\u00eb n\u00eb rrug\u00eb t\u00eb mbar\u00eb p\u00ebr tzi m\u00ebsuar gjuh\u00ebt e huaja, por gjermanishtja akoma nuk e ka z\u00ebn\u00eb vendin e merituar n\u00eb Mal t\u00eb Zi. Shpresojm\u00eb se n\u00eb t\u00eb ardhmen n\u00eb k\u00ebt\u00eb drejtim do t\u00eb kemi m\u00eb shum\u00eb sukses dhe rinia do ta m\u00ebsojn\u00eb edhe m\u00eb shum\u00eb gjuh\u00ebn gjermane. World University Service (WUS) Austria, nj\u00eb OJQ austriake ka organizar kurse p\u00ebr gjermanisht dhe shpresoj se p\u00ebrs\u00ebri do t\u00eb organizoj\u00eb. Ne kemi nj\u00eb m\u00ebsimdh\u00ebn\u00ebs n\u00eb Fakultetin Filozofik n\u00eb Nikshiq q\u00eb jep gjermanisht dhe n\u00eb p\u00ebrgjith\u00ebsi jep gjermanistik\u00ebn. Por, n\u00eb vitin q\u00eb vjen do t\u00eb p\u00ebrpiqemi q\u00eb nga Austria tzi sjellim edhe disa m\u00ebsues me q\u00ebllim q\u00eb t\u00eb rinjt\u00eb ta m\u00ebsojn\u00eb gjermanishten. P\u00ebr k\u00ebt\u00eb do t\u00eb shohim se a do t\u00eb realizohet, apo jo.<br \/>\n<strong>Koha javore:<\/strong> A mund t\u00eb na tregoni se cili \u00ebsht\u00eb sot imazhi i Malit t\u00eb Zi?<br \/>\n<strong>F.Raunig: <\/strong>Imazhi i Malit t\u00eb Zi n\u00eb Europ\u00eb sot m\u00eb duket se \u00ebsht\u00eb i mir\u00eb, p\u00ebr vet faktin sepse ai n\u00eb rajonin ballkanik \u00ebsht\u00eb nj\u00eb faktor stabiliteti. Po ashtu Mali i Zi \u00ebsht\u00eb i njohur p\u00ebr procesin e pavar\u00ebsis\u00eb n\u00eb vitin 2006, i cili n\u00eb m\u00ebnyr\u00eb paq\u00ebsore e realizoi at\u00eb. Mali i Zi \u00ebsht\u00eb nj\u00eb vend i vog\u00ebl dhe \u00ebsht\u00eb nj\u00eb shtet i ri, prandaj akoma edhe ka nevoj\u00eb t\u00eb jet\u00eb m\u00eb shum\u00eb i njohur n\u00eb Europ\u00eb.<br \/>\n<strong>Koha javore:<\/strong> Z. Ambasador, p\u00ebr disa vite Ju keni punuar edhe si diplomat n\u00eb Tiran\u00eb. A mund t\u00eb na b\u00ebni nj\u00eb krahasim t\u00eb shkurt\u00ebr midis k\u00ebtyre dy kryeqyteteve n\u00eb sfer\u00ebn e zhvillimit kulturor, arsimor etj?<br \/>\n<strong>F.Raunig: <\/strong>Un\u00eb i shikoj shum\u00eb \u00e7\u00ebshtje si t\u00eb ngjajshme midis Malit t\u00eb Zi dhe Shqip\u00ebris\u00eb. N\u00eb radh\u00eb t\u00eb par\u00eb flas p\u00ebr karakterin e njer\u00ebzve q\u00eb jan\u00eb t\u00eb hapur dhe mikprit\u00ebs, q\u00eb m\u00eb n\u00eb fund mund t\u00eb b\u00ebjn\u00eb edhe barcoleta p\u00ebr veten q\u00eb p\u00ebr mua kjo \u00ebsht\u00eb shum\u00eb simpatike. Pra, n\u00eb Mal t\u00eb Zi shoh shum\u00eb gj\u00ebra q\u00eb i kam takuar edhe n\u00eb Shqip\u00ebri. Kuptohet, Tirana \u00ebsht\u00eb qytet shum\u00eb m\u00eb i madh se\u00e7 \u00ebsht\u00eb Podgorica, por m\u00eb duket se marr\u00ebdh\u00ebniet midis k\u00ebtyre dy kryeqyteteve jan\u00eb t\u00eb mira. Te dy kryeqytetet kan\u00eb nj\u00eb bum zhvillimi, por mendoj se do t\u00eb ishte me r\u00ebnd\u00ebsi edhe p\u00ebr Podgoric\u00ebn edhe p\u00ebr Tiran\u00ebn q\u00eb t\u00eb jet\u00eb nj\u00eb lidhje e transportit publik.<br \/>\n<strong>Koha javore: <\/strong>Dhe n\u00eb fund cili do t\u00eb ishte mesazhi Juaj p\u00ebr qytetar\u00ebt e Malit t\u00eb Zi n\u00eb k\u00ebt\u00eb fundvit?<br \/>\n<strong>F.Raunig:<\/strong> N\u00eb radh\u00eb t\u00eb par\u00eb qytetar\u00ebt e Malit t\u00eb Zi i fal\u00ebnderoj shum\u00eb p\u00ebr mikpritje dhe ngroht\u00ebsi, kurse mesazhi im p\u00ebr ta do t\u00eb ishte q\u00eb t\u00eb ket\u00eb pak m\u00eb shum\u00eb konsenzus politik q\u00eb \u00ebsht\u00eb shum\u00eb i r\u00ebnd\u00ebsish\u00ebm n\u00eb rrug\u00ebn drejt integrimeve n\u00eb Europ\u00eb.<br \/>\n<strong>Bisedoi: Rrok Dushaj<br \/>\nKoha Javore<\/strong><\/p>\n","protected":false},"excerpt":{"rendered":"<p>Mali i Zi drejt integrimit n\u00eb Bashkimin Europian Koha javore: Z. Ambasador, fillimisht d\u00ebshirojm\u00eb tzju pyesim se si po ia kaloni n\u00eb Mal t\u00eb Zi? F. Raunig: Me than\u00eb t\u00eb drejt\u00ebn n\u00eb Mal t\u00eb Zi un\u00eb po ia kaloj shum\u00eb mir\u00eb. Jam k\u00ebtu s\u00eb bashku me familjen time dhe me dy binjaket e vogla. Un\u00eb [&hellip;]<\/p>\n","protected":false},"author":1,"featured_media":0,"comment_status":"open","ping_status":"closed","sticky":false,"template":"","format":"standard","meta":{"spay_email":"","jetpack_publicize_message":"","jetpack_is_tweetstorm":false,"jetpack_publicize_feature_enabled":true},"categories":[5],"tags":[5607,5606],"jetpack_publicize_connections":[],"yoast_head":"<!-- This site is optimized with the Yoast SEO plugin v19.1 - https:\/\/yoast.com\/wordpress\/plugins\/seo\/ -->\n<title>Intervist\u00eb me ambasadorin e austris\u00eb n\u00eb mal t\u00eb zi, Florian Raunig - Lajme nga Ulqini<\/title>\n<meta name=\"description\" content=\"Mali i Zi drejt integrimit n\u00eb Bashkimin Europian Koha javore: Z. Ambasador, fillimisht d\u00ebshirojm\u00eb tzju pyesim se si po ia kaloni n\u00eb Mal t\u00eb Zi? F. Raunig:\" \/>\n<meta name=\"robots\" content=\"index, follow, max-snippet:-1, max-image-preview:large, max-video-preview:-1\" \/>\n<link rel=\"canonical\" href=\"https:\/\/www.visit-ulcinj.com\/blog\/2009\/01\/07\/interviste-me-ambasadorin-e-austrise-ne-mal-te-zi-florian-raunig\/\" \/>\n<meta property=\"og:locale\" content=\"en_US\" \/>\n<meta property=\"og:type\" content=\"article\" \/>\n<meta property=\"og:title\" content=\"Intervist\u00eb me ambasadorin e austris\u00eb n\u00eb mal t\u00eb zi, Florian Raunig - Lajme nga Ulqini\" \/>\n<meta property=\"og:description\" content=\"Mali i Zi drejt integrimit n\u00eb Bashkimin Europian Koha javore: Z. Ambasador, fillimisht d\u00ebshirojm\u00eb tzju pyesim se si po ia kaloni n\u00eb Mal t\u00eb Zi? F. Raunig:\" \/>\n<meta property=\"og:url\" content=\"https:\/\/www.visit-ulcinj.com\/blog\/2009\/01\/07\/interviste-me-ambasadorin-e-austrise-ne-mal-te-zi-florian-raunig\/\" \/>\n<meta property=\"og:site_name\" content=\"Lajme nga Ulqini\" \/>\n<meta property=\"article:published_time\" content=\"2009-01-07T20:16:04+00:00\" \/>\n<meta property=\"og:image\" content=\"http:\/\/www.visit-ulcinj.com\/blog\/wp-content\/uploads\/2009\/01\/florian-raunig.jpg\" \/>\n<meta name=\"twitter:label1\" content=\"Written by\" \/>\n\t<meta name=\"twitter:data1\" content=\"ulqini\" \/>\n\t<meta name=\"twitter:label2\" content=\"Est. reading time\" \/>\n\t<meta name=\"twitter:data2\" content=\"8 minutes\" \/>\n<script type=\"application\/ld+json\" class=\"yoast-schema-graph\">{\"@context\":\"https:\/\/schema.org\",\"@graph\":[{\"@type\":\"WebSite\",\"@id\":\"https:\/\/www.visit-ulcinj.com\/blog\/#website\",\"url\":\"https:\/\/www.visit-ulcinj.com\/blog\/\",\"name\":\"Lajme nga Ulqini\",\"description\":\"Lajme,Vijesti,Ulqini,Ulqin,Crna Gora,Mali i Zi\",\"potentialAction\":[{\"@type\":\"SearchAction\",\"target\":{\"@type\":\"EntryPoint\",\"urlTemplate\":\"https:\/\/www.visit-ulcinj.com\/blog\/?s={search_term_string}\"},\"query-input\":\"required name=search_term_string\"}],\"inLanguage\":\"en-US\"},{\"@type\":\"ImageObject\",\"inLanguage\":\"en-US\",\"@id\":\"https:\/\/www.visit-ulcinj.com\/blog\/2009\/01\/07\/interviste-me-ambasadorin-e-austrise-ne-mal-te-zi-florian-raunig\/#primaryimage\",\"url\":\"https:\/\/www.visit-ulcinj.com\/blog\/wp-content\/uploads\/2009\/01\/florian-raunig.jpg\",\"contentUrl\":\"https:\/\/www.visit-ulcinj.com\/blog\/wp-content\/uploads\/2009\/01\/florian-raunig.jpg\",\"width\":\"300\",\"height\":\"291\"},{\"@type\":\"WebPage\",\"@id\":\"https:\/\/www.visit-ulcinj.com\/blog\/2009\/01\/07\/interviste-me-ambasadorin-e-austrise-ne-mal-te-zi-florian-raunig\/#webpage\",\"url\":\"https:\/\/www.visit-ulcinj.com\/blog\/2009\/01\/07\/interviste-me-ambasadorin-e-austrise-ne-mal-te-zi-florian-raunig\/\",\"name\":\"Intervist\u00eb me ambasadorin e austris\u00eb n\u00eb mal t\u00eb zi, Florian Raunig - Lajme nga Ulqini\",\"isPartOf\":{\"@id\":\"https:\/\/www.visit-ulcinj.com\/blog\/#website\"},\"primaryImageOfPage\":{\"@id\":\"https:\/\/www.visit-ulcinj.com\/blog\/2009\/01\/07\/interviste-me-ambasadorin-e-austrise-ne-mal-te-zi-florian-raunig\/#primaryimage\"},\"datePublished\":\"2009-01-07T20:16:04+00:00\",\"dateModified\":\"2009-01-07T20:16:04+00:00\",\"author\":{\"@id\":\"https:\/\/www.visit-ulcinj.com\/blog\/#\/schema\/person\/dcab619c614d3038751c63bc2aadc06d\"},\"description\":\"Mali i Zi drejt integrimit n\u00eb Bashkimin Europian Koha javore: Z. Ambasador, fillimisht d\u00ebshirojm\u00eb tzju pyesim se si po ia kaloni n\u00eb Mal t\u00eb Zi? F. Raunig:\",\"breadcrumb\":{\"@id\":\"https:\/\/www.visit-ulcinj.com\/blog\/2009\/01\/07\/interviste-me-ambasadorin-e-austrise-ne-mal-te-zi-florian-raunig\/#breadcrumb\"},\"inLanguage\":\"en-US\",\"potentialAction\":[{\"@type\":\"ReadAction\",\"target\":[\"https:\/\/www.visit-ulcinj.com\/blog\/2009\/01\/07\/interviste-me-ambasadorin-e-austrise-ne-mal-te-zi-florian-raunig\/\"]}]},{\"@type\":\"BreadcrumbList\",\"@id\":\"https:\/\/www.visit-ulcinj.com\/blog\/2009\/01\/07\/interviste-me-ambasadorin-e-austrise-ne-mal-te-zi-florian-raunig\/#breadcrumb\",\"itemListElement\":[{\"@type\":\"ListItem\",\"position\":1,\"name\":\"Intervist\u00eb me ambasadorin e austris\u00eb n\u00eb mal t\u00eb zi, Florian Raunig\"}]},{\"@type\":\"Person\",\"@id\":\"https:\/\/www.visit-ulcinj.com\/blog\/#\/schema\/person\/dcab619c614d3038751c63bc2aadc06d\",\"name\":\"ulqini\",\"sameAs\":[\"http:\/\/www.visit-ulcinj.com\"],\"url\":\"https:\/\/www.visit-ulcinj.com\/blog\/author\/admin\/\"}]}<\/script>\n<!-- \/ Yoast SEO plugin. -->","yoast_head_json":{"title":"Intervist\u00eb me ambasadorin e austris\u00eb n\u00eb mal t\u00eb zi, Florian Raunig - Lajme nga Ulqini","description":"Mali i Zi drejt integrimit n\u00eb Bashkimin Europian Koha javore: Z. Ambasador, fillimisht d\u00ebshirojm\u00eb tzju pyesim se si po ia kaloni n\u00eb Mal t\u00eb Zi? F. Raunig:","robots":{"index":"index","follow":"follow","max-snippet":"max-snippet:-1","max-image-preview":"max-image-preview:large","max-video-preview":"max-video-preview:-1"},"canonical":"https:\/\/www.visit-ulcinj.com\/blog\/2009\/01\/07\/interviste-me-ambasadorin-e-austrise-ne-mal-te-zi-florian-raunig\/","og_locale":"en_US","og_type":"article","og_title":"Intervist\u00eb me ambasadorin e austris\u00eb n\u00eb mal t\u00eb zi, Florian Raunig - Lajme nga Ulqini","og_description":"Mali i Zi drejt integrimit n\u00eb Bashkimin Europian Koha javore: Z. Ambasador, fillimisht d\u00ebshirojm\u00eb tzju pyesim se si po ia kaloni n\u00eb Mal t\u00eb Zi? F. Raunig:","og_url":"https:\/\/www.visit-ulcinj.com\/blog\/2009\/01\/07\/interviste-me-ambasadorin-e-austrise-ne-mal-te-zi-florian-raunig\/","og_site_name":"Lajme nga Ulqini","article_published_time":"2009-01-07T20:16:04+00:00","og_image":[{"url":"http:\/\/www.visit-ulcinj.com\/blog\/wp-content\/uploads\/2009\/01\/florian-raunig.jpg"}],"twitter_misc":{"Written by":"ulqini","Est. reading time":"8 minutes"},"schema":{"@context":"https:\/\/schema.org","@graph":[{"@type":"WebSite","@id":"https:\/\/www.visit-ulcinj.com\/blog\/#website","url":"https:\/\/www.visit-ulcinj.com\/blog\/","name":"Lajme nga Ulqini","description":"Lajme,Vijesti,Ulqini,Ulqin,Crna Gora,Mali i Zi","potentialAction":[{"@type":"SearchAction","target":{"@type":"EntryPoint","urlTemplate":"https:\/\/www.visit-ulcinj.com\/blog\/?s={search_term_string}"},"query-input":"required name=search_term_string"}],"inLanguage":"en-US"},{"@type":"ImageObject","inLanguage":"en-US","@id":"https:\/\/www.visit-ulcinj.com\/blog\/2009\/01\/07\/interviste-me-ambasadorin-e-austrise-ne-mal-te-zi-florian-raunig\/#primaryimage","url":"https:\/\/www.visit-ulcinj.com\/blog\/wp-content\/uploads\/2009\/01\/florian-raunig.jpg","contentUrl":"https:\/\/www.visit-ulcinj.com\/blog\/wp-content\/uploads\/2009\/01\/florian-raunig.jpg","width":"300","height":"291"},{"@type":"WebPage","@id":"https:\/\/www.visit-ulcinj.com\/blog\/2009\/01\/07\/interviste-me-ambasadorin-e-austrise-ne-mal-te-zi-florian-raunig\/#webpage","url":"https:\/\/www.visit-ulcinj.com\/blog\/2009\/01\/07\/interviste-me-ambasadorin-e-austrise-ne-mal-te-zi-florian-raunig\/","name":"Intervist\u00eb me ambasadorin e austris\u00eb n\u00eb mal t\u00eb zi, Florian Raunig - Lajme nga Ulqini","isPartOf":{"@id":"https:\/\/www.visit-ulcinj.com\/blog\/#website"},"primaryImageOfPage":{"@id":"https:\/\/www.visit-ulcinj.com\/blog\/2009\/01\/07\/interviste-me-ambasadorin-e-austrise-ne-mal-te-zi-florian-raunig\/#primaryimage"},"datePublished":"2009-01-07T20:16:04+00:00","dateModified":"2009-01-07T20:16:04+00:00","author":{"@id":"https:\/\/www.visit-ulcinj.com\/blog\/#\/schema\/person\/dcab619c614d3038751c63bc2aadc06d"},"description":"Mali i Zi drejt integrimit n\u00eb Bashkimin Europian Koha javore: Z. Ambasador, fillimisht d\u00ebshirojm\u00eb tzju pyesim se si po ia kaloni n\u00eb Mal t\u00eb Zi? F. Raunig:","breadcrumb":{"@id":"https:\/\/www.visit-ulcinj.com\/blog\/2009\/01\/07\/interviste-me-ambasadorin-e-austrise-ne-mal-te-zi-florian-raunig\/#breadcrumb"},"inLanguage":"en-US","potentialAction":[{"@type":"ReadAction","target":["https:\/\/www.visit-ulcinj.com\/blog\/2009\/01\/07\/interviste-me-ambasadorin-e-austrise-ne-mal-te-zi-florian-raunig\/"]}]},{"@type":"BreadcrumbList","@id":"https:\/\/www.visit-ulcinj.com\/blog\/2009\/01\/07\/interviste-me-ambasadorin-e-austrise-ne-mal-te-zi-florian-raunig\/#breadcrumb","itemListElement":[{"@type":"ListItem","position":1,"name":"Intervist\u00eb me ambasadorin e austris\u00eb n\u00eb mal t\u00eb zi, Florian Raunig"}]},{"@type":"Person","@id":"https:\/\/www.visit-ulcinj.com\/blog\/#\/schema\/person\/dcab619c614d3038751c63bc2aadc06d","name":"ulqini","sameAs":["http:\/\/www.visit-ulcinj.com"],"url":"https:\/\/www.visit-ulcinj.com\/blog\/author\/admin\/"}]}},"jetpack_featured_media_url":"","jetpack_sharing_enabled":true,"jetpack_shortlink":"https:\/\/wp.me\/pe6lTn-28f","_links":{"self":[{"href":"https:\/\/www.visit-ulcinj.com\/blog\/wp-json\/wp\/v2\/posts\/8199"}],"collection":[{"href":"https:\/\/www.visit-ulcinj.com\/blog\/wp-json\/wp\/v2\/posts"}],"about":[{"href":"https:\/\/www.visit-ulcinj.com\/blog\/wp-json\/wp\/v2\/types\/post"}],"author":[{"embeddable":true,"href":"https:\/\/www.visit-ulcinj.com\/blog\/wp-json\/wp\/v2\/users\/1"}],"replies":[{"embeddable":true,"href":"https:\/\/www.visit-ulcinj.com\/blog\/wp-json\/wp\/v2\/comments?post=8199"}],"version-history":[{"count":0,"href":"https:\/\/www.visit-ulcinj.com\/blog\/wp-json\/wp\/v2\/posts\/8199\/revisions"}],"wp:attachment":[{"href":"https:\/\/www.visit-ulcinj.com\/blog\/wp-json\/wp\/v2\/media?parent=8199"}],"wp:term":[{"taxonomy":"category","embeddable":true,"href":"https:\/\/www.visit-ulcinj.com\/blog\/wp-json\/wp\/v2\/categories?post=8199"},{"taxonomy":"post_tag","embeddable":true,"href":"https:\/\/www.visit-ulcinj.com\/blog\/wp-json\/wp\/v2\/tags?post=8199"}],"curies":[{"name":"wp","href":"https:\/\/api.w.org\/{rel}","templated":true}]}}