{"id":82,"date":"2008-01-07T17:28:32","date_gmt":"2008-01-07T22:28:32","guid":{"rendered":"http:\/\/www.visit-ulcinj.com\/blog\/2008\/01\/07\/ne-maestral-250-kliente-nga-shqiperia-per-vitin-e-ri\/"},"modified":"2008-02-12T18:07:05","modified_gmt":"2008-02-12T23:07:05","slug":"ne-maestral-250-kliente-nga-shqiperia-per-vitin-e-ri","status":"publish","type":"post","link":"https:\/\/www.visit-ulcinj.com\/blog\/2008\/01\/07\/ne-maestral-250-kliente-nga-shqiperia-per-vitin-e-ri\/","title":{"rendered":"N\u00eb &#8220;Maestral&#8221; 250 klient\u00eb nga Shqip\u00ebria p\u00ebr vitin e ri"},"content":{"rendered":"<p><img loading=\"lazy\" src=\"http:\/\/www.visit-ulcinj.com\/blog\/wp-content\/uploads\/2008\/01\/images.thumbnail.jpg\" align=\"left\" height=\"88\" hspace=\"2\" vspace=\"2\" width=\"128\" \/><span><font face=\"Verdana\" size=\"2\">Rreth 250 klient\u00eb nga Shqip\u00ebria fqinje do t`i festojn\u00eb K\u00ebrsh\u00ebndellat katolike n\u00eb Hotelin &#8220;Maestral&#8221; n\u00eb P\u00ebrzhno. Menaxheri i hotelieris\u00eb n\u00eb k\u00ebt\u00eb hotel<\/font><\/span><!--more--><span><font face=\"Verdana\" size=\"2\">, Istok Legat, tha se turist\u00ebt shqiptar\u00eb tashm\u00eb tri vite me radh\u00eb jan\u00eb mysafir\u00eb tradicional\u00eb me rastin e festave t\u00eb K\u00ebrsh\u00ebndellave. Vitin q\u00eb shkoi me rastin e festave t\u00eb K\u00ebrshendellave n\u00eb &#8220;Maestral&#8221; q\u00ebndruan 120 klient\u00eb, kurse nj\u00eb vit m\u00eb par\u00eb 80. Turist\u00ebt nga Shqip\u00ebria gjat\u00eb viteve t\u00eb fundit konsiderohen si klient\u00ebt m\u00eb t\u00eb shumt\u00eb n\u00eb Rivier\u00ebn e Budv\u00ebs dhe sipas t\u00eb dh\u00ebnave t\u00eb Organizat\u00ebs Turistike t\u00eb Budv\u00ebs, z\u00ebn\u00eb vendin e kat\u00ebrt nd\u00ebr shtetasit e 15 vendeve, kurse p\u00ebr nga numri i bujtjeve barazohen me ata francez\u00eb.<br \/>\nRritja vjetore e turist\u00ebve shqiptar\u00eb n\u00eb Mal t\u00eb Zi brenda disa viteve t\u00eb fundit arrin shkall\u00ebn 40 p\u00ebrqind dhe ata kryesisht vizitojn\u00eb Budv\u00ebn, Sh\u00ebn Stefanin, Ulqinin dhe qendrat dim\u00ebrore n\u00eb veri. Vitin e kaluar, n\u00eb Rivier\u00ebn e Budv\u00ebs pushuan m\u00eb se 8.200, kurse n\u00eb k\u00ebt\u00eb vit madje 14.200 turist\u00eb.<\/font><\/span><\/p>\n<p><span><\/span><span><strong><font face=\"Verdana\" size=\"2\">(Kohapress)<\/font><\/strong><\/span><\/p>\n<p align=\"right\"><span><strong><font face=\"Verdana\" size=\"2\"><br \/>\n<\/font><\/strong><\/span><\/p>\n","protected":false},"excerpt":{"rendered":"<p><img loading=\"lazy\" src=\"http:\/\/www.visit-ulcinj.com\/blog\/wp-content\/uploads\/2008\/01\/images.thumbnail.jpg\" alt=\"Vitin e ri\" height=\"140\" width=\"140\" \/><\/p>\n","protected":false},"author":1,"featured_media":0,"comment_status":"open","ping_status":"closed","sticky":false,"template":"","format":"standard","meta":{"spay_email":"","jetpack_publicize_message":"","jetpack_is_tweetstorm":false,"jetpack_publicize_feature_enabled":true},"categories":[1],"tags":[1170,1169,351,355,362,95,356,352,354,353,359],"jetpack_publicize_connections":[],"yoast_head":"<!-- This site is optimized with the Yoast SEO plugin v19.1 - https:\/\/yoast.com\/wordpress\/plugins\/seo\/ -->\n<title>N\u00eb &quot;Maestral&quot; 250 klient\u00eb nga Shqip\u00ebria p\u00ebr vitin e ri - Lajme nga Ulqini<\/title>\n<meta name=\"robots\" content=\"index, follow, max-snippet:-1, max-image-preview:large, max-video-preview:-1\" \/>\n<link rel=\"canonical\" href=\"https:\/\/www.visit-ulcinj.com\/blog\/2008\/01\/07\/ne-maestral-250-kliente-nga-shqiperia-per-vitin-e-ri\/\" \/>\n<meta property=\"og:locale\" content=\"en_US\" \/>\n<meta property=\"og:type\" content=\"article\" \/>\n<meta property=\"og:title\" content=\"N\u00eb &quot;Maestral&quot; 250 klient\u00eb nga Shqip\u00ebria p\u00ebr vitin e ri - Lajme nga Ulqini\" \/>\n<meta property=\"og:url\" content=\"https:\/\/www.visit-ulcinj.com\/blog\/2008\/01\/07\/ne-maestral-250-kliente-nga-shqiperia-per-vitin-e-ri\/\" \/>\n<meta property=\"og:site_name\" content=\"Lajme nga Ulqini\" \/>\n<meta property=\"article:published_time\" content=\"2008-01-07T22:28:32+00:00\" \/>\n<meta property=\"article:modified_time\" content=\"2008-02-12T23:07:05+00:00\" \/>\n<meta property=\"og:image\" content=\"http:\/\/www.visit-ulcinj.com\/blog\/wp-content\/uploads\/2008\/01\/images.thumbnail.jpg\" \/>\n<meta name=\"twitter:label1\" content=\"Written by\" \/>\n\t<meta name=\"twitter:data1\" content=\"ulqini\" \/>\n\t<meta name=\"twitter:label2\" content=\"Est. reading time\" \/>\n\t<meta name=\"twitter:data2\" content=\"1 minute\" \/>\n<script type=\"application\/ld+json\" class=\"yoast-schema-graph\">{\"@context\":\"https:\/\/schema.org\",\"@graph\":[{\"@type\":\"WebSite\",\"@id\":\"https:\/\/www.visit-ulcinj.com\/blog\/#website\",\"url\":\"https:\/\/www.visit-ulcinj.com\/blog\/\",\"name\":\"Lajme nga Ulqini\",\"description\":\"Lajme,Vijesti,Ulqini,Ulqin,Crna Gora,Mali i Zi\",\"potentialAction\":[{\"@type\":\"SearchAction\",\"target\":{\"@type\":\"EntryPoint\",\"urlTemplate\":\"https:\/\/www.visit-ulcinj.com\/blog\/?s={search_term_string}\"},\"query-input\":\"required name=search_term_string\"}],\"inLanguage\":\"en-US\"},{\"@type\":\"ImageObject\",\"inLanguage\":\"en-US\",\"@id\":\"https:\/\/www.visit-ulcinj.com\/blog\/2008\/01\/07\/ne-maestral-250-kliente-nga-shqiperia-per-vitin-e-ri\/#primaryimage\",\"url\":\"http:\/\/www.visit-ulcinj.com\/blog\/wp-content\/uploads\/2008\/01\/images.thumbnail.jpg\",\"contentUrl\":\"http:\/\/www.visit-ulcinj.com\/blog\/wp-content\/uploads\/2008\/01\/images.thumbnail.jpg\"},{\"@type\":\"WebPage\",\"@id\":\"https:\/\/www.visit-ulcinj.com\/blog\/2008\/01\/07\/ne-maestral-250-kliente-nga-shqiperia-per-vitin-e-ri\/#webpage\",\"url\":\"https:\/\/www.visit-ulcinj.com\/blog\/2008\/01\/07\/ne-maestral-250-kliente-nga-shqiperia-per-vitin-e-ri\/\",\"name\":\"N\u00eb \\\"Maestral\\\" 250 klient\u00eb nga Shqip\u00ebria p\u00ebr vitin e ri - Lajme nga Ulqini\",\"isPartOf\":{\"@id\":\"https:\/\/www.visit-ulcinj.com\/blog\/#website\"},\"primaryImageOfPage\":{\"@id\":\"https:\/\/www.visit-ulcinj.com\/blog\/2008\/01\/07\/ne-maestral-250-kliente-nga-shqiperia-per-vitin-e-ri\/#primaryimage\"},\"datePublished\":\"2008-01-07T22:28:32+00:00\",\"dateModified\":\"2008-02-12T23:07:05+00:00\",\"author\":{\"@id\":\"https:\/\/www.visit-ulcinj.com\/blog\/#\/schema\/person\/dcab619c614d3038751c63bc2aadc06d\"},\"breadcrumb\":{\"@id\":\"https:\/\/www.visit-ulcinj.com\/blog\/2008\/01\/07\/ne-maestral-250-kliente-nga-shqiperia-per-vitin-e-ri\/#breadcrumb\"},\"inLanguage\":\"en-US\",\"potentialAction\":[{\"@type\":\"ReadAction\",\"target\":[\"https:\/\/www.visit-ulcinj.com\/blog\/2008\/01\/07\/ne-maestral-250-kliente-nga-shqiperia-per-vitin-e-ri\/\"]}]},{\"@type\":\"BreadcrumbList\",\"@id\":\"https:\/\/www.visit-ulcinj.com\/blog\/2008\/01\/07\/ne-maestral-250-kliente-nga-shqiperia-per-vitin-e-ri\/#breadcrumb\",\"itemListElement\":[{\"@type\":\"ListItem\",\"position\":1,\"name\":\"N\u00eb &#8220;Maestral&#8221; 250 klient\u00eb nga Shqip\u00ebria p\u00ebr vitin e ri\"}]},{\"@type\":\"Person\",\"@id\":\"https:\/\/www.visit-ulcinj.com\/blog\/#\/schema\/person\/dcab619c614d3038751c63bc2aadc06d\",\"name\":\"ulqini\",\"sameAs\":[\"http:\/\/www.visit-ulcinj.com\"],\"url\":\"https:\/\/www.visit-ulcinj.com\/blog\/author\/admin\/\"}]}<\/script>\n<!-- \/ Yoast SEO plugin. -->","yoast_head_json":{"title":"N\u00eb \"Maestral\" 250 klient\u00eb nga Shqip\u00ebria p\u00ebr vitin e ri - Lajme nga Ulqini","robots":{"index":"index","follow":"follow","max-snippet":"max-snippet:-1","max-image-preview":"max-image-preview:large","max-video-preview":"max-video-preview:-1"},"canonical":"https:\/\/www.visit-ulcinj.com\/blog\/2008\/01\/07\/ne-maestral-250-kliente-nga-shqiperia-per-vitin-e-ri\/","og_locale":"en_US","og_type":"article","og_title":"N\u00eb \"Maestral\" 250 klient\u00eb nga Shqip\u00ebria p\u00ebr vitin e ri - Lajme nga Ulqini","og_url":"https:\/\/www.visit-ulcinj.com\/blog\/2008\/01\/07\/ne-maestral-250-kliente-nga-shqiperia-per-vitin-e-ri\/","og_site_name":"Lajme nga Ulqini","article_published_time":"2008-01-07T22:28:32+00:00","article_modified_time":"2008-02-12T23:07:05+00:00","og_image":[{"url":"http:\/\/www.visit-ulcinj.com\/blog\/wp-content\/uploads\/2008\/01\/images.thumbnail.jpg"}],"twitter_misc":{"Written by":"ulqini","Est. reading time":"1 minute"},"schema":{"@context":"https:\/\/schema.org","@graph":[{"@type":"WebSite","@id":"https:\/\/www.visit-ulcinj.com\/blog\/#website","url":"https:\/\/www.visit-ulcinj.com\/blog\/","name":"Lajme nga Ulqini","description":"Lajme,Vijesti,Ulqini,Ulqin,Crna Gora,Mali i Zi","potentialAction":[{"@type":"SearchAction","target":{"@type":"EntryPoint","urlTemplate":"https:\/\/www.visit-ulcinj.com\/blog\/?s={search_term_string}"},"query-input":"required name=search_term_string"}],"inLanguage":"en-US"},{"@type":"ImageObject","inLanguage":"en-US","@id":"https:\/\/www.visit-ulcinj.com\/blog\/2008\/01\/07\/ne-maestral-250-kliente-nga-shqiperia-per-vitin-e-ri\/#primaryimage","url":"http:\/\/www.visit-ulcinj.com\/blog\/wp-content\/uploads\/2008\/01\/images.thumbnail.jpg","contentUrl":"http:\/\/www.visit-ulcinj.com\/blog\/wp-content\/uploads\/2008\/01\/images.thumbnail.jpg"},{"@type":"WebPage","@id":"https:\/\/www.visit-ulcinj.com\/blog\/2008\/01\/07\/ne-maestral-250-kliente-nga-shqiperia-per-vitin-e-ri\/#webpage","url":"https:\/\/www.visit-ulcinj.com\/blog\/2008\/01\/07\/ne-maestral-250-kliente-nga-shqiperia-per-vitin-e-ri\/","name":"N\u00eb \"Maestral\" 250 klient\u00eb nga Shqip\u00ebria p\u00ebr vitin e ri - Lajme nga Ulqini","isPartOf":{"@id":"https:\/\/www.visit-ulcinj.com\/blog\/#website"},"primaryImageOfPage":{"@id":"https:\/\/www.visit-ulcinj.com\/blog\/2008\/01\/07\/ne-maestral-250-kliente-nga-shqiperia-per-vitin-e-ri\/#primaryimage"},"datePublished":"2008-01-07T22:28:32+00:00","dateModified":"2008-02-12T23:07:05+00:00","author":{"@id":"https:\/\/www.visit-ulcinj.com\/blog\/#\/schema\/person\/dcab619c614d3038751c63bc2aadc06d"},"breadcrumb":{"@id":"https:\/\/www.visit-ulcinj.com\/blog\/2008\/01\/07\/ne-maestral-250-kliente-nga-shqiperia-per-vitin-e-ri\/#breadcrumb"},"inLanguage":"en-US","potentialAction":[{"@type":"ReadAction","target":["https:\/\/www.visit-ulcinj.com\/blog\/2008\/01\/07\/ne-maestral-250-kliente-nga-shqiperia-per-vitin-e-ri\/"]}]},{"@type":"BreadcrumbList","@id":"https:\/\/www.visit-ulcinj.com\/blog\/2008\/01\/07\/ne-maestral-250-kliente-nga-shqiperia-per-vitin-e-ri\/#breadcrumb","itemListElement":[{"@type":"ListItem","position":1,"name":"N\u00eb &#8220;Maestral&#8221; 250 klient\u00eb nga Shqip\u00ebria p\u00ebr vitin e ri"}]},{"@type":"Person","@id":"https:\/\/www.visit-ulcinj.com\/blog\/#\/schema\/person\/dcab619c614d3038751c63bc2aadc06d","name":"ulqini","sameAs":["http:\/\/www.visit-ulcinj.com"],"url":"https:\/\/www.visit-ulcinj.com\/blog\/author\/admin\/"}]}},"jetpack_featured_media_url":"","jetpack_sharing_enabled":true,"jetpack_shortlink":"https:\/\/wp.me\/pe6lTn-1k","_links":{"self":[{"href":"https:\/\/www.visit-ulcinj.com\/blog\/wp-json\/wp\/v2\/posts\/82"}],"collection":[{"href":"https:\/\/www.visit-ulcinj.com\/blog\/wp-json\/wp\/v2\/posts"}],"about":[{"href":"https:\/\/www.visit-ulcinj.com\/blog\/wp-json\/wp\/v2\/types\/post"}],"author":[{"embeddable":true,"href":"https:\/\/www.visit-ulcinj.com\/blog\/wp-json\/wp\/v2\/users\/1"}],"replies":[{"embeddable":true,"href":"https:\/\/www.visit-ulcinj.com\/blog\/wp-json\/wp\/v2\/comments?post=82"}],"version-history":[{"count":0,"href":"https:\/\/www.visit-ulcinj.com\/blog\/wp-json\/wp\/v2\/posts\/82\/revisions"}],"wp:attachment":[{"href":"https:\/\/www.visit-ulcinj.com\/blog\/wp-json\/wp\/v2\/media?parent=82"}],"wp:term":[{"taxonomy":"category","embeddable":true,"href":"https:\/\/www.visit-ulcinj.com\/blog\/wp-json\/wp\/v2\/categories?post=82"},{"taxonomy":"post_tag","embeddable":true,"href":"https:\/\/www.visit-ulcinj.com\/blog\/wp-json\/wp\/v2\/tags?post=82"}],"curies":[{"name":"wp","href":"https:\/\/api.w.org\/{rel}","templated":true}]}}