{"id":82024,"date":"2014-04-28T18:22:11","date_gmt":"2014-04-28T17:22:11","guid":{"rendered":"http:\/\/www.visit-ulcinj.com\/blog\/?p=82024"},"modified":"2014-04-28T18:28:21","modified_gmt":"2014-04-28T17:28:21","slug":"saranda-beach-ulqin-ne-eurovision-2014-video","status":"publish","type":"post","link":"https:\/\/www.visit-ulcinj.com\/blog\/2014\/04\/28\/saranda-beach-ulqin-ne-eurovision-2014-video\/","title":{"rendered":"Saranda Beach Ulqin n\u00eb Eurovision 2014 &#8211; Video"},"content":{"rendered":"<p><strong><a href=\"http:\/\/www.visit-ulcinj.com\/blog\/wp-content\/uploads\/2014\/04\/Saranda-Beach-Ulqin-Ulcinj-Eurovision-2014.jpg\"><img loading=\"lazy\" class=\"alignleft  wp-image-82025\" alt=\"Saranda-Beach-Ulqin-Ulcinj-Eurovision-2014\" src=\"http:\/\/www.visit-ulcinj.com\/blog\/wp-content\/uploads\/2014\/04\/Saranda-Beach-Ulqin-Ulcinj-Eurovision-2014.jpg\" width=\"508\" height=\"360\" \/><\/a>Eurovision 2014 &#8211; Sergej Qetkoviq p\u00ebrfaqson Malin e Zi por edhe Ulqinin<\/strong><\/p>\n<p>Sergej Qetkoviq do t\u00eb p\u00ebrfaq\u00ebsoj\u00eb Malin e Zi m\u00eb 6 &#8211; 10 maj n\u00eb Eurovizion 2014 n\u00eb Kopenhagen, Danimark\u00eb me k\u00ebng\u00ebn &#8216;Moj Svjet&#8217;.<br \/>\nK\u00ebng\u00ebtari u shpall fitues i edicionit t\u00eb 52-t\u00eb t\u00eb Festivalit t\u00eb Radio Televizionit t\u00eb Malit t\u00eb Zi.<\/p>\n<p><a href=\"http:\/\/www.visit-ulcinj.com\/blog\/wp-content\/uploads\/2014\/04\/Sergej-Cetkovic-Ulcinj.jpg\"><img loading=\"lazy\" class=\"alignleft  wp-image-82026\" alt=\"Sergej Cetkovic-Ulcinj\" src=\"http:\/\/www.visit-ulcinj.com\/blog\/wp-content\/uploads\/2014\/04\/Sergej-Cetkovic-Ulcinj.jpg\" width=\"508\" height=\"360\" \/><\/a><\/p>\n<p>N\u00eb Ulqin n\u00eb Saranda Beach u xhirua nj\u00eb pjes\u00eb e videoklipit t\u00eb Sergej Qetkoviqit si dhe fotografite mahnit\u00ebse t\u00eb Port Milen\u00ebs.<\/p>\n<p><a href=\"http:\/\/www.visit-ulcinj.com\/blog\/wp-content\/uploads\/2014\/04\/Sergej-Cetkovic-Ulcinj-1.jpg\"><img loading=\"lazy\" class=\"alignleft  wp-image-82027\" alt=\"Sergej Cetkovic-Ulcinj-1\" src=\"http:\/\/www.visit-ulcinj.com\/blog\/wp-content\/uploads\/2014\/04\/Sergej-Cetkovic-Ulcinj-1.jpg\" width=\"508\" height=\"360\" \/><\/a><\/p>\n<p>Nuk them q\u00eb \u00ebsht\u00eb videoklipi m\u00eb i mir\u00eb i ver\u00ebs p\u00ebr ta prezentuar Ulqinin edhe jasht\u00eb sverave turistike, por \u00ebsht\u00eb nj\u00eb gj\u00eb e bukur e interesante dhe ndoshta vlen t\u00eb shikohet.<\/p>\n<p>Festa e 1 Majit tashme tradicionalisht do te festohet ne shume vende te Ulqinit si\u00e7 jane Ada e Bunes, Valdanosi, poashtu edhe ne plazhin e madh ne Saranda Beach ku do organizohen festime t\u00eb ndryshme.<br \/>\nNe restorantin Saranda Beach, mund te shijosh pa fanatizem kuzhinen tradicionale shqiptare te te gjitha zonave, te nderthurur edhe me specialitetin italian, kryesisht me \u00e7mime te kenaqshme e te perballueshme.<\/p>\n<p>Restoranti Saranda Beach ju ofron specialitete t\u00eb ndryshme nga peshku, pasta, pizza, skara dhe gjell\u00eb t\u00eb ziera.<\/p>\n<p><a href=\"http:\/\/www.visit-ulcinj.com\/blog\/wp-content\/uploads\/2014\/04\/Plazhi-Saranda-Beach-Restorant-Peshku-Ulqin-Ulqini-2.jpg\"><img loading=\"lazy\" class=\"alignleft  wp-image-82029\" alt=\"Plazhi-Saranda-Beach-Restorant-Peshku-Ulqin-Ulqini-2\" src=\"http:\/\/www.visit-ulcinj.com\/blog\/wp-content\/uploads\/2014\/04\/Plazhi-Saranda-Beach-Restorant-Peshku-Ulqin-Ulqini-2.jpg\" width=\"508\" height=\"360\" \/><\/a><\/p>\n<p>E ve\u00e7anta e kuzhines eshte gatimi i produkteve te detit, nga peshku, Levrek, Koc, Orad\u00eb, Shojz\u00eb, Qefull. Kallamar, Goca deti etj.<\/p>\n<p>Gjell\u00eb nga zgara, Mish i p\u00ebrzier, Kotlet, Mushk\u00ebri, Biftek, Ramstek, Shnic\u00ebll Viene, Shnic\u00ebll Parisi, Natur shnic\u00ebll etj.<\/p>\n<p>Shpageti \u2013 makarona, Bolonese, Milanese, Fungi, Carbonara, Fruti di Mare, Vegetariana etj.<\/p>\n<p>Pizza \u2013 Margarita, Capricciosa,Tuna, Vegetariana, Me fruta deti etj.<\/p>\n<p>Ndersa per pushuesit tradicionale, qe deshirojne te provojne kuzhinen tipike te Ulqinit.<br \/>\nNder pijet tradicionale duke shijuar gjellat e peshkut mbetet vena e bardhe dhe e kuqe.<\/p>\n<p>Me qellim qe te gjithe turistet qe do vizitojne Ulqinin per kete feste te vazhdojne qendrimin e tyre deri ne wikend 2 deri me 4 maj, Organizata Turistike e Ulqinit do te organizoje manifestimin &#8220;TE GJITHE PER TURIZEM&#8221;, me te cilin njeherit do te behet hapja e sezonit turistik per vitin 2014.<\/p>\n<p><a href=\"http:\/\/www.visit-ulcinj.com\/blog\/wp-content\/uploads\/2014\/04\/Plazhi-Saranda-Beach-Restorant-Peshku-Ulqin-Ulqini-.jpg\"><img loading=\"lazy\" class=\"alignleft  wp-image-82028\" alt=\"Plazhi-Saranda-Beach-Restorant-Peshku-Ulqin-Ulqini-\" src=\"http:\/\/www.visit-ulcinj.com\/blog\/wp-content\/uploads\/2014\/04\/Plazhi-Saranda-Beach-Restorant-Peshku-Ulqin-Ulqini-.jpg\" width=\"508\" height=\"360\" \/><\/a><\/p>\n<p>N\u00eb plazhin Saranda Beach, pushimet tuaja jan\u00eb t\u00eb shenjta dhe me ne, ato b\u00ebhen t\u00eb paharrueshme.<\/p>\n<p>Mir\u00eb se vini&#8230;&#8230;.<\/p>\n<p>Lajme nga Ulqini<\/p>\n<!--YouTube Error: bad URL entered-->\n","protected":false},"excerpt":{"rendered":"<p>Eurovision 2014 &#8211; Sergej Qetkoviq p\u00ebrfaqson Malin e Zi por edhe Ulqinin Sergej Qetkoviq do t\u00eb p\u00ebrfaq\u00ebsoj\u00eb Malin e Zi m\u00eb 6 &#8211; 10 maj n\u00eb Eurovizion 2014 n\u00eb Kopenhagen, Danimark\u00eb me k\u00ebng\u00ebn &#8216;Moj Svjet&#8217;. K\u00ebng\u00ebtari u shpall fitues i edicionit t\u00eb 52-t\u00eb t\u00eb Festivalit t\u00eb Radio Televizionit t\u00eb Malit t\u00eb Zi. N\u00eb Ulqin n\u00eb [&hellip;]<\/p>\n","protected":false},"author":1,"featured_media":0,"comment_status":"closed","ping_status":"closed","sticky":false,"template":"","format":"standard","meta":{"spay_email":"","jetpack_publicize_message":"","jetpack_is_tweetstorm":false,"jetpack_publicize_feature_enabled":true},"categories":[1],"tags":[],"jetpack_publicize_connections":[],"yoast_head":"<!-- This site is optimized with the Yoast SEO plugin v19.1 - https:\/\/yoast.com\/wordpress\/plugins\/seo\/ -->\n<title>Saranda Beach Ulqin n\u00eb Eurovision 2014 - Video - Lajme nga Ulqini<\/title>\n<meta name=\"description\" content=\"Eurovision 2014 - Sergej Qetkoviq p\u00ebrfaqson Malin e Zi por edhe Ulqinin Sergej Qetkoviq do t\u00eb p\u00ebrfaq\u00ebsoj\u00eb Malin e Zi m\u00eb 6 - 10 maj n\u00eb Eurovizion 2014 n\u00eb\" \/>\n<meta name=\"robots\" content=\"index, follow, max-snippet:-1, max-image-preview:large, max-video-preview:-1\" \/>\n<link rel=\"canonical\" href=\"https:\/\/www.visit-ulcinj.com\/blog\/2014\/04\/28\/saranda-beach-ulqin-ne-eurovision-2014-video\/\" \/>\n<meta property=\"og:locale\" content=\"en_US\" \/>\n<meta property=\"og:type\" content=\"article\" \/>\n<meta property=\"og:title\" content=\"Saranda Beach Ulqin n\u00eb Eurovision 2014 - Video - Lajme nga Ulqini\" \/>\n<meta property=\"og:description\" content=\"Eurovision 2014 - Sergej Qetkoviq p\u00ebrfaqson Malin e Zi por edhe Ulqinin Sergej Qetkoviq do t\u00eb p\u00ebrfaq\u00ebsoj\u00eb Malin e Zi m\u00eb 6 - 10 maj n\u00eb Eurovizion 2014 n\u00eb\" \/>\n<meta property=\"og:url\" content=\"https:\/\/www.visit-ulcinj.com\/blog\/2014\/04\/28\/saranda-beach-ulqin-ne-eurovision-2014-video\/\" \/>\n<meta property=\"og:site_name\" content=\"Lajme nga Ulqini\" \/>\n<meta property=\"article:published_time\" content=\"2014-04-28T17:22:11+00:00\" \/>\n<meta property=\"article:modified_time\" content=\"2014-04-28T17:28:21+00:00\" \/>\n<meta property=\"og:image\" content=\"http:\/\/www.visit-ulcinj.com\/blog\/wp-content\/uploads\/2014\/04\/Saranda-Beach-Ulqin-Ulcinj-Eurovision-2014.jpg\" \/>\n<meta name=\"twitter:label1\" content=\"Written by\" \/>\n\t<meta name=\"twitter:data1\" content=\"ulqini\" \/>\n\t<meta name=\"twitter:label2\" content=\"Est. reading time\" \/>\n\t<meta name=\"twitter:data2\" content=\"2 minutes\" \/>\n<script type=\"application\/ld+json\" class=\"yoast-schema-graph\">{\"@context\":\"https:\/\/schema.org\",\"@graph\":[{\"@type\":\"WebSite\",\"@id\":\"https:\/\/www.visit-ulcinj.com\/blog\/#website\",\"url\":\"https:\/\/www.visit-ulcinj.com\/blog\/\",\"name\":\"Lajme nga Ulqini\",\"description\":\"Lajme,Vijesti,Ulqini,Ulqin,Crna Gora,Mali i Zi\",\"potentialAction\":[{\"@type\":\"SearchAction\",\"target\":{\"@type\":\"EntryPoint\",\"urlTemplate\":\"https:\/\/www.visit-ulcinj.com\/blog\/?s={search_term_string}\"},\"query-input\":\"required name=search_term_string\"}],\"inLanguage\":\"en-US\"},{\"@type\":\"ImageObject\",\"inLanguage\":\"en-US\",\"@id\":\"https:\/\/www.visit-ulcinj.com\/blog\/2014\/04\/28\/saranda-beach-ulqin-ne-eurovision-2014-video\/#primaryimage\",\"url\":\"http:\/\/www.visit-ulcinj.com\/blog\/wp-content\/uploads\/2014\/04\/Saranda-Beach-Ulqin-Ulcinj-Eurovision-2014.jpg\",\"contentUrl\":\"http:\/\/www.visit-ulcinj.com\/blog\/wp-content\/uploads\/2014\/04\/Saranda-Beach-Ulqin-Ulcinj-Eurovision-2014.jpg\"},{\"@type\":\"WebPage\",\"@id\":\"https:\/\/www.visit-ulcinj.com\/blog\/2014\/04\/28\/saranda-beach-ulqin-ne-eurovision-2014-video\/#webpage\",\"url\":\"https:\/\/www.visit-ulcinj.com\/blog\/2014\/04\/28\/saranda-beach-ulqin-ne-eurovision-2014-video\/\",\"name\":\"Saranda Beach Ulqin n\u00eb Eurovision 2014 - Video - Lajme nga Ulqini\",\"isPartOf\":{\"@id\":\"https:\/\/www.visit-ulcinj.com\/blog\/#website\"},\"primaryImageOfPage\":{\"@id\":\"https:\/\/www.visit-ulcinj.com\/blog\/2014\/04\/28\/saranda-beach-ulqin-ne-eurovision-2014-video\/#primaryimage\"},\"datePublished\":\"2014-04-28T17:22:11+00:00\",\"dateModified\":\"2014-04-28T17:28:21+00:00\",\"author\":{\"@id\":\"https:\/\/www.visit-ulcinj.com\/blog\/#\/schema\/person\/dcab619c614d3038751c63bc2aadc06d\"},\"description\":\"Eurovision 2014 - Sergej Qetkoviq p\u00ebrfaqson Malin e Zi por edhe Ulqinin Sergej Qetkoviq do t\u00eb p\u00ebrfaq\u00ebsoj\u00eb Malin e Zi m\u00eb 6 - 10 maj n\u00eb Eurovizion 2014 n\u00eb\",\"breadcrumb\":{\"@id\":\"https:\/\/www.visit-ulcinj.com\/blog\/2014\/04\/28\/saranda-beach-ulqin-ne-eurovision-2014-video\/#breadcrumb\"},\"inLanguage\":\"en-US\",\"potentialAction\":[{\"@type\":\"ReadAction\",\"target\":[\"https:\/\/www.visit-ulcinj.com\/blog\/2014\/04\/28\/saranda-beach-ulqin-ne-eurovision-2014-video\/\"]}]},{\"@type\":\"BreadcrumbList\",\"@id\":\"https:\/\/www.visit-ulcinj.com\/blog\/2014\/04\/28\/saranda-beach-ulqin-ne-eurovision-2014-video\/#breadcrumb\",\"itemListElement\":[{\"@type\":\"ListItem\",\"position\":1,\"name\":\"Saranda Beach Ulqin n\u00eb Eurovision 2014 &#8211; Video\"}]},{\"@type\":\"Person\",\"@id\":\"https:\/\/www.visit-ulcinj.com\/blog\/#\/schema\/person\/dcab619c614d3038751c63bc2aadc06d\",\"name\":\"ulqini\",\"sameAs\":[\"http:\/\/www.visit-ulcinj.com\"],\"url\":\"https:\/\/www.visit-ulcinj.com\/blog\/author\/admin\/\"}]}<\/script>\n<!-- \/ Yoast SEO plugin. -->","yoast_head_json":{"title":"Saranda Beach Ulqin n\u00eb Eurovision 2014 - Video - Lajme nga Ulqini","description":"Eurovision 2014 - Sergej Qetkoviq p\u00ebrfaqson Malin e Zi por edhe Ulqinin Sergej Qetkoviq do t\u00eb p\u00ebrfaq\u00ebsoj\u00eb Malin e Zi m\u00eb 6 - 10 maj n\u00eb Eurovizion 2014 n\u00eb","robots":{"index":"index","follow":"follow","max-snippet":"max-snippet:-1","max-image-preview":"max-image-preview:large","max-video-preview":"max-video-preview:-1"},"canonical":"https:\/\/www.visit-ulcinj.com\/blog\/2014\/04\/28\/saranda-beach-ulqin-ne-eurovision-2014-video\/","og_locale":"en_US","og_type":"article","og_title":"Saranda Beach Ulqin n\u00eb Eurovision 2014 - Video - Lajme nga Ulqini","og_description":"Eurovision 2014 - Sergej Qetkoviq p\u00ebrfaqson Malin e Zi por edhe Ulqinin Sergej Qetkoviq do t\u00eb p\u00ebrfaq\u00ebsoj\u00eb Malin e Zi m\u00eb 6 - 10 maj n\u00eb Eurovizion 2014 n\u00eb","og_url":"https:\/\/www.visit-ulcinj.com\/blog\/2014\/04\/28\/saranda-beach-ulqin-ne-eurovision-2014-video\/","og_site_name":"Lajme nga Ulqini","article_published_time":"2014-04-28T17:22:11+00:00","article_modified_time":"2014-04-28T17:28:21+00:00","og_image":[{"url":"http:\/\/www.visit-ulcinj.com\/blog\/wp-content\/uploads\/2014\/04\/Saranda-Beach-Ulqin-Ulcinj-Eurovision-2014.jpg"}],"twitter_misc":{"Written by":"ulqini","Est. reading time":"2 minutes"},"schema":{"@context":"https:\/\/schema.org","@graph":[{"@type":"WebSite","@id":"https:\/\/www.visit-ulcinj.com\/blog\/#website","url":"https:\/\/www.visit-ulcinj.com\/blog\/","name":"Lajme nga Ulqini","description":"Lajme,Vijesti,Ulqini,Ulqin,Crna Gora,Mali i Zi","potentialAction":[{"@type":"SearchAction","target":{"@type":"EntryPoint","urlTemplate":"https:\/\/www.visit-ulcinj.com\/blog\/?s={search_term_string}"},"query-input":"required name=search_term_string"}],"inLanguage":"en-US"},{"@type":"ImageObject","inLanguage":"en-US","@id":"https:\/\/www.visit-ulcinj.com\/blog\/2014\/04\/28\/saranda-beach-ulqin-ne-eurovision-2014-video\/#primaryimage","url":"http:\/\/www.visit-ulcinj.com\/blog\/wp-content\/uploads\/2014\/04\/Saranda-Beach-Ulqin-Ulcinj-Eurovision-2014.jpg","contentUrl":"http:\/\/www.visit-ulcinj.com\/blog\/wp-content\/uploads\/2014\/04\/Saranda-Beach-Ulqin-Ulcinj-Eurovision-2014.jpg"},{"@type":"WebPage","@id":"https:\/\/www.visit-ulcinj.com\/blog\/2014\/04\/28\/saranda-beach-ulqin-ne-eurovision-2014-video\/#webpage","url":"https:\/\/www.visit-ulcinj.com\/blog\/2014\/04\/28\/saranda-beach-ulqin-ne-eurovision-2014-video\/","name":"Saranda Beach Ulqin n\u00eb Eurovision 2014 - Video - Lajme nga Ulqini","isPartOf":{"@id":"https:\/\/www.visit-ulcinj.com\/blog\/#website"},"primaryImageOfPage":{"@id":"https:\/\/www.visit-ulcinj.com\/blog\/2014\/04\/28\/saranda-beach-ulqin-ne-eurovision-2014-video\/#primaryimage"},"datePublished":"2014-04-28T17:22:11+00:00","dateModified":"2014-04-28T17:28:21+00:00","author":{"@id":"https:\/\/www.visit-ulcinj.com\/blog\/#\/schema\/person\/dcab619c614d3038751c63bc2aadc06d"},"description":"Eurovision 2014 - Sergej Qetkoviq p\u00ebrfaqson Malin e Zi por edhe Ulqinin Sergej Qetkoviq do t\u00eb p\u00ebrfaq\u00ebsoj\u00eb Malin e Zi m\u00eb 6 - 10 maj n\u00eb Eurovizion 2014 n\u00eb","breadcrumb":{"@id":"https:\/\/www.visit-ulcinj.com\/blog\/2014\/04\/28\/saranda-beach-ulqin-ne-eurovision-2014-video\/#breadcrumb"},"inLanguage":"en-US","potentialAction":[{"@type":"ReadAction","target":["https:\/\/www.visit-ulcinj.com\/blog\/2014\/04\/28\/saranda-beach-ulqin-ne-eurovision-2014-video\/"]}]},{"@type":"BreadcrumbList","@id":"https:\/\/www.visit-ulcinj.com\/blog\/2014\/04\/28\/saranda-beach-ulqin-ne-eurovision-2014-video\/#breadcrumb","itemListElement":[{"@type":"ListItem","position":1,"name":"Saranda Beach Ulqin n\u00eb Eurovision 2014 &#8211; Video"}]},{"@type":"Person","@id":"https:\/\/www.visit-ulcinj.com\/blog\/#\/schema\/person\/dcab619c614d3038751c63bc2aadc06d","name":"ulqini","sameAs":["http:\/\/www.visit-ulcinj.com"],"url":"https:\/\/www.visit-ulcinj.com\/blog\/author\/admin\/"}]}},"jetpack_featured_media_url":"","jetpack_sharing_enabled":true,"jetpack_shortlink":"https:\/\/wp.me\/pe6lTn-lkY","_links":{"self":[{"href":"https:\/\/www.visit-ulcinj.com\/blog\/wp-json\/wp\/v2\/posts\/82024"}],"collection":[{"href":"https:\/\/www.visit-ulcinj.com\/blog\/wp-json\/wp\/v2\/posts"}],"about":[{"href":"https:\/\/www.visit-ulcinj.com\/blog\/wp-json\/wp\/v2\/types\/post"}],"author":[{"embeddable":true,"href":"https:\/\/www.visit-ulcinj.com\/blog\/wp-json\/wp\/v2\/users\/1"}],"replies":[{"embeddable":true,"href":"https:\/\/www.visit-ulcinj.com\/blog\/wp-json\/wp\/v2\/comments?post=82024"}],"version-history":[{"count":3,"href":"https:\/\/www.visit-ulcinj.com\/blog\/wp-json\/wp\/v2\/posts\/82024\/revisions"}],"predecessor-version":[{"id":82032,"href":"https:\/\/www.visit-ulcinj.com\/blog\/wp-json\/wp\/v2\/posts\/82024\/revisions\/82032"}],"wp:attachment":[{"href":"https:\/\/www.visit-ulcinj.com\/blog\/wp-json\/wp\/v2\/media?parent=82024"}],"wp:term":[{"taxonomy":"category","embeddable":true,"href":"https:\/\/www.visit-ulcinj.com\/blog\/wp-json\/wp\/v2\/categories?post=82024"},{"taxonomy":"post_tag","embeddable":true,"href":"https:\/\/www.visit-ulcinj.com\/blog\/wp-json\/wp\/v2\/tags?post=82024"}],"curies":[{"name":"wp","href":"https:\/\/api.w.org\/{rel}","templated":true}]}}