{"id":82044,"date":"2014-04-29T15:29:01","date_gmt":"2014-04-29T14:29:01","guid":{"rendered":"http:\/\/www.visit-ulcinj.com\/blog\/?p=82044"},"modified":"2014-04-29T15:46:24","modified_gmt":"2014-04-29T14:46:24","slug":"historia-e-humbjes-te-kronit-te-pashes-ne-ulqin","status":"publish","type":"post","link":"https:\/\/www.visit-ulcinj.com\/blog\/2014\/04\/29\/historia-e-humbjes-te-kronit-te-pashes-ne-ulqin\/","title":{"rendered":"Historia e &#8216;humbjes&#8217; t\u00eb Kronit t\u00eb Pash\u00ebs n\u00eb Ulqin"},"content":{"rendered":"<p><strong>Apel  p\u00ebr rind\u00ebrtimin e Kronit t\u00eb Pash\u00ebs n\u00eb Ulqin<\/strong><\/p>\n<p><a href=\"http:\/\/www.visit-ulcinj.com\/blog\/wp-content\/uploads\/2014\/04\/Kroni-te-Xhamia-e-Pashes-Ulqin.jpg\"><img loading=\"lazy\" class=\"alignleft  wp-image-82045\" alt=\"Kroni-te-Xhamia-e-Pashes-Ulqin\" src=\"http:\/\/www.visit-ulcinj.com\/blog\/wp-content\/uploads\/2014\/04\/Kroni-te-Xhamia-e-Pashes-Ulqin.jpg\" width=\"508\" height=\"600\" \/><\/a>P\u00ebr Xhami, sht\u00ebpi, kronin dhe hamamin e Ali Pash\u00ebs kam shkruar edhe m\u00eb par\u00eb, por m\u00eb duket se nuk \u00ebsht\u00eb e tep\u00ebrt t\u00eb p\u00ebrs\u00ebritet prap, pasi q\u00eb \u00e7do her\u00eb kur\u00eb ndrohet pushteti, gjithmon\u00eb egziston mund\u00ebsia q\u00eb Pushteti m\u00eb i ri, t\u00eb marr\u00eb hapa q\u00eb t\u00eb b\u00ebhet m\u00eb tep\u00ebr p\u00ebr valorizimin e p\u00ebrmendoreve kulturo historike, nj\u00ebkoh\u00ebsisht edhe fetare, pasi q\u00eb ky kompleks \u00ebsht\u00eb m\u00eb s\u00eb parit, fetar. Sht\u00ebpia e Ali Pash\u00ebs, si\u00e7 duket do t\u00eb pres\u00eb ndonj\u00eb koh\u00eb tjet\u00ebr, Xhamia \u00ebsht\u00eb relativisht\u00eb n\u00eb gjende t\u00eb mir\u00eb, kurse hamami m\u00eb inicijativ\u00ebn dhe pun\u00ebn e B.I t\u00eb Ulqinit, ka filluar t\u00eb fitojn\u00eb nj\u00eb pamje tjet\u00ebr.<br \/>\nNdoshta, m\u00eb ndihm\u00ebn e ndonj\u00eb organizate nga Turqia, kalon edhe ndonj\u00eb projekt p\u00ebr revitalizimin dhe vendosjen e hamamit n\u00eb qarkullim, ashtu si\u00e7 ka qen\u00eb dikur. Mir\u00ebpo, un\u00eb mendoj se do t\u00eb ishte mir\u00eb q\u00eb Pushteti lokal t\u00eb intervenoj ke rinovimi, t\u00eb them\u00eb m\u00eb mir\u00eb, te kthimi i Kronit t\u00eb Pash\u00ebs, pasi q\u00eb p\u00ebr nj\u00eb gj\u00eb t\u00eb till\u00eb, nuk ka nevoj p\u00ebr shum\u00eb t\u00eb holla. Prandaj, kthimi dhe vendosja e Kronit t\u00eb Pash\u00ebs n\u00eb vendin ku ka qen\u00eb dikur, do t\u00eb ishte edhe nj\u00eb nismje, edhe p\u00ebr revitalizimin e Hamamit.<\/p>\n<p><a href=\"http:\/\/www.visit-ulcinj.com\/blog\/wp-content\/uploads\/2014\/04\/Xhamia-e-Pashes-me-hamame-ne-Ulqin.jpg\"><img loading=\"lazy\" class=\"alignleft  wp-image-82046\" alt=\"Xhamia-e-Pashes-me-hamame-ne-Ulqin\" src=\"http:\/\/www.visit-ulcinj.com\/blog\/wp-content\/uploads\/2014\/04\/Xhamia-e-Pashes-me-hamame-ne-Ulqin.jpg\" width=\"508\" height=\"600\" \/><\/a><\/p>\n<p>I p\u00ebrkujtoj lexuesit tan\u00eb q\u00eb Hamami i Xhamis\u00eb s\u00eb Pash\u00ebs \u00ebsht\u00eb i vetmi hamam n\u00eb Mal t\u00eb Zi. Por, Kroni ka nj\u00eb histori t\u00eb dhimb\u00ebshme. Mu m\u00eb kujtohet se sa i bukur ka qen\u00eb i vendosur pran\u00eb rrug\u00ebs p\u00ebrball\u00eb Xhamie. Ka sh\u00ebrbyer, p\u00ebr t\u00eb gjith\u00eb qytetar\u00ebt tan\u00eb dhe kalimtar\u00ebt, t\u00eb cil\u00ebt kan\u00eb kaluar rrug\u00ebs, por, gjithashtu edhe p\u00ebr furnizimin e Abdeshanes dhe hamait e Xhamis\u00eb s\u00eb Ali Pash\u00ebs. Nga ky Kru, ka rijedh\u00eb uji deri te hamami nep\u00ebr mes\u00eb t\u00eb &#8220;aquadukteve&#8221; qynkave nga guri dhe qeramida. E p\u00ebrmenda m\u00eb par\u00eb se Kroni i Pah\u00ebs ka pasur nj\u00eb histori t\u00eb dhimb\u00ebshme.<br \/>\nNdoshta qytetar\u00ebt tan\u00eb e din se n\u00eb vitiet e 60, kur\u00eb \u00ebsht\u00eb nd\u00ebrttuar, t\u00eb them\u00eb m\u00eb mir\u00eb \u00ebsht\u00eb asfaltuar rruga, &#8220;varvar\u00ebt&#8221; e asaj kohe, nd\u00ebrtimtar\u00ebt dhe &#8220;komunist\u00ebt&#8221; t\u00eb cil\u00ebt kan\u00eb sunduar dhe &#8220;dirigjuar&#8221; n\u00eb jet\u00ebn ton\u00eb, e kan\u00eb hequr Kronin t\u00ebrsisht. Gur\u00ebt dhe &#8220;dybekun &#8220;i kan\u00eb &#8220;p\u00ebrcjell\u00eb&#8221; n\u00eb nj\u00eb sht\u00ebpi private, dhe k\u00ebshtu e kan\u00eb zhdukur Kronin kaq\u00eb t\u00eb bukur. Ulqini ka pasur shum\u00eb kroje n\u00eb secilin hap t\u00eb qytetit, por Kroni i Xhamis\u00eb s\u00eb Pash\u00ebs m\u00eb siguri ka qen\u00eb m\u00eb i bukuri.<br \/>\nM\u00eb kujtohet nj\u00eb sequenc\u00eb e nj\u00eb bisede e t\u00eb ndjerit Perica Djurashkoviqit i cili i ka lutur pun\u00ebtor\u00ebt, kur\u00eb kan\u00eb filluar m\u00eb e heq\u00eb Kronin i cili ka qen\u00eb n\u00ebn\u00eb sht\u00ebpin\u00eb e tij,duke i th\u00ebn\u00eb, po e citoj, &#8221; nemojte ljudi, \u0161ta to radite, evo uzmite, komad zemlje kod mene, nemojte dirati \u010desmu&#8221;, por nuk e kan\u00eb degjuar. Por, prap them\u00eb nuk kan\u00eb muajtur m\u00eb i zhduk gjurm\u00ebt e &#8220;varvarizmit&#8221; a po &#8221; barbar\u00ebrizmit&#8221; t\u00eb tyre. ka mbet\u00eb vendi i bardh\u00eb prej &#8220;g\u00ebrqeles&#8221; n\u00eb vendin se ku ka qen\u00eb Kroni. Prandaj, m\u00eb duket se do t\u00eb ishte mir\u00eb q\u00eb t\u00eb merret nj\u00eb inicijativ p\u00ebr kthimin e Kronit e Xhamis\u00eb s\u00eb Ali Pash\u00ebs &#8211; Kili\u00e7, n\u00eb vendin se ku ai ka qen\u00eb dikur. Kjo do t\u00eb ishte edhe nj\u00eb inicijativ p\u00ebr vendosjen e k\u00ebtij kompleksi n\u00eb t\u00ebrsi, s\u00eb bashku m\u00eb Hamam, n\u00eb rollin t\u00eb cilin e ka pasur gjithmon\u00eb, por, k\u00ebsaj radhe edhe p\u00ebr valorizimin e p\u00ebrmendoreve kuluturo historike n\u00eb sh\u00ebrbim t\u00eb turizmit&#8230;<\/p>\n<p data-ft=\"{&quot;tn&quot;:&quot;C&quot;}\"><strong><a id=\"js_7\" href=\"https:\/\/www.facebook.com\/ismet.karamanaga?fref=nf\" data-hovercard=\"\/ajax\/hovercard\/user.php?id=1359492972&amp;extragetparams=%7B%22fref%22%3A%22nf%22%7D\">Ismet Karamanaga Facebook<\/a><\/strong><\/p>\n","protected":false},"excerpt":{"rendered":"<p>Apel p\u00ebr rind\u00ebrtimin e Kronit t\u00eb Pash\u00ebs n\u00eb Ulqin P\u00ebr Xhami, sht\u00ebpi, kronin dhe hamamin e Ali Pash\u00ebs kam shkruar edhe m\u00eb par\u00eb, por m\u00eb duket se nuk \u00ebsht\u00eb e tep\u00ebrt t\u00eb p\u00ebrs\u00ebritet prap, pasi q\u00eb \u00e7do her\u00eb kur\u00eb ndrohet pushteti, gjithmon\u00eb egziston mund\u00ebsia q\u00eb Pushteti m\u00eb i ri, t\u00eb marr\u00eb hapa q\u00eb t\u00eb b\u00ebhet [&hellip;]<\/p>\n","protected":false},"author":1,"featured_media":0,"comment_status":"closed","ping_status":"closed","sticky":false,"template":"","format":"standard","meta":{"spay_email":"","jetpack_publicize_message":"","jetpack_is_tweetstorm":false,"jetpack_publicize_feature_enabled":true},"categories":[4],"tags":[],"jetpack_publicize_connections":[],"yoast_head":"<!-- This site is optimized with the Yoast SEO plugin v19.1 - https:\/\/yoast.com\/wordpress\/plugins\/seo\/ -->\n<title>Historia e &#039;humbjes&#039; t\u00eb Kronit t\u00eb Pash\u00ebs n\u00eb Ulqin - Lajme nga Ulqini<\/title>\n<meta name=\"description\" content=\"Apel p\u00ebr rind\u00ebrtimin e Kronit t\u00eb Pash\u00ebs n\u00eb Ulqin P\u00ebr Xhami, sht\u00ebpi, kronin dhe hamamin e Ali Pash\u00ebs kam shkruar edhe m\u00eb par\u00eb, por m\u00eb duket se nuk \u00ebsht\u00eb e\" \/>\n<meta name=\"robots\" content=\"index, follow, max-snippet:-1, max-image-preview:large, max-video-preview:-1\" \/>\n<link rel=\"canonical\" href=\"https:\/\/www.visit-ulcinj.com\/blog\/2014\/04\/29\/historia-e-humbjes-te-kronit-te-pashes-ne-ulqin\/\" \/>\n<meta property=\"og:locale\" content=\"en_US\" \/>\n<meta property=\"og:type\" content=\"article\" \/>\n<meta property=\"og:title\" content=\"Historia e &#039;humbjes&#039; t\u00eb Kronit t\u00eb Pash\u00ebs n\u00eb Ulqin - Lajme nga Ulqini\" \/>\n<meta property=\"og:description\" content=\"Apel p\u00ebr rind\u00ebrtimin e Kronit t\u00eb Pash\u00ebs n\u00eb Ulqin P\u00ebr Xhami, sht\u00ebpi, kronin dhe hamamin e Ali Pash\u00ebs kam shkruar edhe m\u00eb par\u00eb, por m\u00eb duket se nuk \u00ebsht\u00eb e\" \/>\n<meta property=\"og:url\" content=\"https:\/\/www.visit-ulcinj.com\/blog\/2014\/04\/29\/historia-e-humbjes-te-kronit-te-pashes-ne-ulqin\/\" \/>\n<meta property=\"og:site_name\" content=\"Lajme nga Ulqini\" \/>\n<meta property=\"article:published_time\" content=\"2014-04-29T14:29:01+00:00\" \/>\n<meta property=\"article:modified_time\" content=\"2014-04-29T14:46:24+00:00\" \/>\n<meta property=\"og:image\" content=\"http:\/\/www.visit-ulcinj.com\/blog\/wp-content\/uploads\/2014\/04\/Kroni-te-Xhamia-e-Pashes-Ulqin.jpg\" \/>\n<meta name=\"twitter:label1\" content=\"Written by\" \/>\n\t<meta name=\"twitter:data1\" content=\"ulqini\" \/>\n\t<meta name=\"twitter:label2\" content=\"Est. reading time\" \/>\n\t<meta name=\"twitter:data2\" content=\"3 minutes\" \/>\n<script type=\"application\/ld+json\" class=\"yoast-schema-graph\">{\"@context\":\"https:\/\/schema.org\",\"@graph\":[{\"@type\":\"WebSite\",\"@id\":\"https:\/\/www.visit-ulcinj.com\/blog\/#website\",\"url\":\"https:\/\/www.visit-ulcinj.com\/blog\/\",\"name\":\"Lajme nga Ulqini\",\"description\":\"Lajme,Vijesti,Ulqini,Ulqin,Crna Gora,Mali i Zi\",\"potentialAction\":[{\"@type\":\"SearchAction\",\"target\":{\"@type\":\"EntryPoint\",\"urlTemplate\":\"https:\/\/www.visit-ulcinj.com\/blog\/?s={search_term_string}\"},\"query-input\":\"required name=search_term_string\"}],\"inLanguage\":\"en-US\"},{\"@type\":\"ImageObject\",\"inLanguage\":\"en-US\",\"@id\":\"https:\/\/www.visit-ulcinj.com\/blog\/2014\/04\/29\/historia-e-humbjes-te-kronit-te-pashes-ne-ulqin\/#primaryimage\",\"url\":\"https:\/\/www.visit-ulcinj.com\/blog\/wp-content\/uploads\/2014\/04\/Kroni-te-Xhamia-e-Pashes-Ulqin.jpg\",\"contentUrl\":\"https:\/\/www.visit-ulcinj.com\/blog\/wp-content\/uploads\/2014\/04\/Kroni-te-Xhamia-e-Pashes-Ulqin.jpg\",\"width\":403,\"height\":604},{\"@type\":\"WebPage\",\"@id\":\"https:\/\/www.visit-ulcinj.com\/blog\/2014\/04\/29\/historia-e-humbjes-te-kronit-te-pashes-ne-ulqin\/#webpage\",\"url\":\"https:\/\/www.visit-ulcinj.com\/blog\/2014\/04\/29\/historia-e-humbjes-te-kronit-te-pashes-ne-ulqin\/\",\"name\":\"Historia e 'humbjes' t\u00eb Kronit t\u00eb Pash\u00ebs n\u00eb Ulqin - Lajme nga Ulqini\",\"isPartOf\":{\"@id\":\"https:\/\/www.visit-ulcinj.com\/blog\/#website\"},\"primaryImageOfPage\":{\"@id\":\"https:\/\/www.visit-ulcinj.com\/blog\/2014\/04\/29\/historia-e-humbjes-te-kronit-te-pashes-ne-ulqin\/#primaryimage\"},\"datePublished\":\"2014-04-29T14:29:01+00:00\",\"dateModified\":\"2014-04-29T14:46:24+00:00\",\"author\":{\"@id\":\"https:\/\/www.visit-ulcinj.com\/blog\/#\/schema\/person\/dcab619c614d3038751c63bc2aadc06d\"},\"description\":\"Apel p\u00ebr rind\u00ebrtimin e Kronit t\u00eb Pash\u00ebs n\u00eb Ulqin P\u00ebr Xhami, sht\u00ebpi, kronin dhe hamamin e Ali Pash\u00ebs kam shkruar edhe m\u00eb par\u00eb, por m\u00eb duket se nuk \u00ebsht\u00eb e\",\"breadcrumb\":{\"@id\":\"https:\/\/www.visit-ulcinj.com\/blog\/2014\/04\/29\/historia-e-humbjes-te-kronit-te-pashes-ne-ulqin\/#breadcrumb\"},\"inLanguage\":\"en-US\",\"potentialAction\":[{\"@type\":\"ReadAction\",\"target\":[\"https:\/\/www.visit-ulcinj.com\/blog\/2014\/04\/29\/historia-e-humbjes-te-kronit-te-pashes-ne-ulqin\/\"]}]},{\"@type\":\"BreadcrumbList\",\"@id\":\"https:\/\/www.visit-ulcinj.com\/blog\/2014\/04\/29\/historia-e-humbjes-te-kronit-te-pashes-ne-ulqin\/#breadcrumb\",\"itemListElement\":[{\"@type\":\"ListItem\",\"position\":1,\"name\":\"Historia e &#8216;humbjes&#8217; t\u00eb Kronit t\u00eb Pash\u00ebs n\u00eb Ulqin\"}]},{\"@type\":\"Person\",\"@id\":\"https:\/\/www.visit-ulcinj.com\/blog\/#\/schema\/person\/dcab619c614d3038751c63bc2aadc06d\",\"name\":\"ulqini\",\"sameAs\":[\"http:\/\/www.visit-ulcinj.com\"],\"url\":\"https:\/\/www.visit-ulcinj.com\/blog\/author\/admin\/\"}]}<\/script>\n<!-- \/ Yoast SEO plugin. -->","yoast_head_json":{"title":"Historia e 'humbjes' t\u00eb Kronit t\u00eb Pash\u00ebs n\u00eb Ulqin - Lajme nga Ulqini","description":"Apel p\u00ebr rind\u00ebrtimin e Kronit t\u00eb Pash\u00ebs n\u00eb Ulqin P\u00ebr Xhami, sht\u00ebpi, kronin dhe hamamin e Ali Pash\u00ebs kam shkruar edhe m\u00eb par\u00eb, por m\u00eb duket se nuk \u00ebsht\u00eb e","robots":{"index":"index","follow":"follow","max-snippet":"max-snippet:-1","max-image-preview":"max-image-preview:large","max-video-preview":"max-video-preview:-1"},"canonical":"https:\/\/www.visit-ulcinj.com\/blog\/2014\/04\/29\/historia-e-humbjes-te-kronit-te-pashes-ne-ulqin\/","og_locale":"en_US","og_type":"article","og_title":"Historia e 'humbjes' t\u00eb Kronit t\u00eb Pash\u00ebs n\u00eb Ulqin - Lajme nga Ulqini","og_description":"Apel p\u00ebr rind\u00ebrtimin e Kronit t\u00eb Pash\u00ebs n\u00eb Ulqin P\u00ebr Xhami, sht\u00ebpi, kronin dhe hamamin e Ali Pash\u00ebs kam shkruar edhe m\u00eb par\u00eb, por m\u00eb duket se nuk \u00ebsht\u00eb e","og_url":"https:\/\/www.visit-ulcinj.com\/blog\/2014\/04\/29\/historia-e-humbjes-te-kronit-te-pashes-ne-ulqin\/","og_site_name":"Lajme nga Ulqini","article_published_time":"2014-04-29T14:29:01+00:00","article_modified_time":"2014-04-29T14:46:24+00:00","og_image":[{"url":"http:\/\/www.visit-ulcinj.com\/blog\/wp-content\/uploads\/2014\/04\/Kroni-te-Xhamia-e-Pashes-Ulqin.jpg"}],"twitter_misc":{"Written by":"ulqini","Est. reading time":"3 minutes"},"schema":{"@context":"https:\/\/schema.org","@graph":[{"@type":"WebSite","@id":"https:\/\/www.visit-ulcinj.com\/blog\/#website","url":"https:\/\/www.visit-ulcinj.com\/blog\/","name":"Lajme nga Ulqini","description":"Lajme,Vijesti,Ulqini,Ulqin,Crna Gora,Mali i Zi","potentialAction":[{"@type":"SearchAction","target":{"@type":"EntryPoint","urlTemplate":"https:\/\/www.visit-ulcinj.com\/blog\/?s={search_term_string}"},"query-input":"required name=search_term_string"}],"inLanguage":"en-US"},{"@type":"ImageObject","inLanguage":"en-US","@id":"https:\/\/www.visit-ulcinj.com\/blog\/2014\/04\/29\/historia-e-humbjes-te-kronit-te-pashes-ne-ulqin\/#primaryimage","url":"https:\/\/www.visit-ulcinj.com\/blog\/wp-content\/uploads\/2014\/04\/Kroni-te-Xhamia-e-Pashes-Ulqin.jpg","contentUrl":"https:\/\/www.visit-ulcinj.com\/blog\/wp-content\/uploads\/2014\/04\/Kroni-te-Xhamia-e-Pashes-Ulqin.jpg","width":403,"height":604},{"@type":"WebPage","@id":"https:\/\/www.visit-ulcinj.com\/blog\/2014\/04\/29\/historia-e-humbjes-te-kronit-te-pashes-ne-ulqin\/#webpage","url":"https:\/\/www.visit-ulcinj.com\/blog\/2014\/04\/29\/historia-e-humbjes-te-kronit-te-pashes-ne-ulqin\/","name":"Historia e 'humbjes' t\u00eb Kronit t\u00eb Pash\u00ebs n\u00eb Ulqin - Lajme nga Ulqini","isPartOf":{"@id":"https:\/\/www.visit-ulcinj.com\/blog\/#website"},"primaryImageOfPage":{"@id":"https:\/\/www.visit-ulcinj.com\/blog\/2014\/04\/29\/historia-e-humbjes-te-kronit-te-pashes-ne-ulqin\/#primaryimage"},"datePublished":"2014-04-29T14:29:01+00:00","dateModified":"2014-04-29T14:46:24+00:00","author":{"@id":"https:\/\/www.visit-ulcinj.com\/blog\/#\/schema\/person\/dcab619c614d3038751c63bc2aadc06d"},"description":"Apel p\u00ebr rind\u00ebrtimin e Kronit t\u00eb Pash\u00ebs n\u00eb Ulqin P\u00ebr Xhami, sht\u00ebpi, kronin dhe hamamin e Ali Pash\u00ebs kam shkruar edhe m\u00eb par\u00eb, por m\u00eb duket se nuk \u00ebsht\u00eb e","breadcrumb":{"@id":"https:\/\/www.visit-ulcinj.com\/blog\/2014\/04\/29\/historia-e-humbjes-te-kronit-te-pashes-ne-ulqin\/#breadcrumb"},"inLanguage":"en-US","potentialAction":[{"@type":"ReadAction","target":["https:\/\/www.visit-ulcinj.com\/blog\/2014\/04\/29\/historia-e-humbjes-te-kronit-te-pashes-ne-ulqin\/"]}]},{"@type":"BreadcrumbList","@id":"https:\/\/www.visit-ulcinj.com\/blog\/2014\/04\/29\/historia-e-humbjes-te-kronit-te-pashes-ne-ulqin\/#breadcrumb","itemListElement":[{"@type":"ListItem","position":1,"name":"Historia e &#8216;humbjes&#8217; t\u00eb Kronit t\u00eb Pash\u00ebs n\u00eb Ulqin"}]},{"@type":"Person","@id":"https:\/\/www.visit-ulcinj.com\/blog\/#\/schema\/person\/dcab619c614d3038751c63bc2aadc06d","name":"ulqini","sameAs":["http:\/\/www.visit-ulcinj.com"],"url":"https:\/\/www.visit-ulcinj.com\/blog\/author\/admin\/"}]}},"jetpack_featured_media_url":"","jetpack_sharing_enabled":true,"jetpack_shortlink":"https:\/\/wp.me\/pe6lTn-lli","_links":{"self":[{"href":"https:\/\/www.visit-ulcinj.com\/blog\/wp-json\/wp\/v2\/posts\/82044"}],"collection":[{"href":"https:\/\/www.visit-ulcinj.com\/blog\/wp-json\/wp\/v2\/posts"}],"about":[{"href":"https:\/\/www.visit-ulcinj.com\/blog\/wp-json\/wp\/v2\/types\/post"}],"author":[{"embeddable":true,"href":"https:\/\/www.visit-ulcinj.com\/blog\/wp-json\/wp\/v2\/users\/1"}],"replies":[{"embeddable":true,"href":"https:\/\/www.visit-ulcinj.com\/blog\/wp-json\/wp\/v2\/comments?post=82044"}],"version-history":[{"count":4,"href":"https:\/\/www.visit-ulcinj.com\/blog\/wp-json\/wp\/v2\/posts\/82044\/revisions"}],"predecessor-version":[{"id":82050,"href":"https:\/\/www.visit-ulcinj.com\/blog\/wp-json\/wp\/v2\/posts\/82044\/revisions\/82050"}],"wp:attachment":[{"href":"https:\/\/www.visit-ulcinj.com\/blog\/wp-json\/wp\/v2\/media?parent=82044"}],"wp:term":[{"taxonomy":"category","embeddable":true,"href":"https:\/\/www.visit-ulcinj.com\/blog\/wp-json\/wp\/v2\/categories?post=82044"},{"taxonomy":"post_tag","embeddable":true,"href":"https:\/\/www.visit-ulcinj.com\/blog\/wp-json\/wp\/v2\/tags?post=82044"}],"curies":[{"name":"wp","href":"https:\/\/api.w.org\/{rel}","templated":true}]}}