{"id":82058,"date":"2014-04-30T07:02:13","date_gmt":"2014-04-30T06:02:13","guid":{"rendered":"http:\/\/www.visit-ulcinj.com\/blog\/?p=82058"},"modified":"2014-04-30T07:16:03","modified_gmt":"2014-04-30T06:16:03","slug":"koalicion-boshnjaket-dhe-koalicioni-shqiptar-per-komunen-e-tivarit","status":"publish","type":"post","link":"https:\/\/www.visit-ulcinj.com\/blog\/2014\/04\/30\/koalicion-boshnjaket-dhe-koalicioni-shqiptar-per-komunen-e-tivarit\/","title":{"rendered":"Koalicion: Boshnjaket dhe Koalicioni shqiptar per komunen e Tivarit"},"content":{"rendered":"<p><b><a href=\"http:\/\/www.visit-ulcinj.com\/blog\/wp-content\/uploads\/2014\/04\/Koalicion-Boshnjaket-dhe-Koalicioni-shqiptar-per-komunen-e-Tivarit.jpg\"><img loading=\"lazy\" class=\"alignleft  wp-image-82059\" alt=\"Koalicion- Boshnjaket dhe Koalicioni shqiptar per komunen e Tivarit\" src=\"http:\/\/www.visit-ulcinj.com\/blog\/wp-content\/uploads\/2014\/04\/Koalicion-Boshnjaket-dhe-Koalicioni-shqiptar-per-komunen-e-Tivarit.jpg\" width=\"508\" height=\"360\" \/><\/a>Koalicioni:\u00a0Shqiptar\u00ebt,Boshnjak\u00ebt dhe Musliman\u00ebt -Tivari n\u00eb t\u00eb cilin besoim\u00eb<\/b><b><\/b><\/p>\n<p>Koalicioni shqiptar FORCA,LD ne MZ dhe PD n\u00eb zgjedhjet e ardhshme lokale n\u00eb Tivar do t\u00eb marr pjes\u00eb n\u00eb koalicionin parazgjedhor me Partin\u00eb Boshnjake, ben\u00eb t\u00eb ditur Forca e re demokratike.<\/p>\n<p>Si\u00e7 thuhet, marr\u00ebveshja p\u00ebr pjes\u00ebmarrje \u00ebsht\u00eb arritur ku u verifiku dhe u aprovu nga organet partiake.<\/p>\n<p>Lider\u00ebt e k\u00ebtyre tre subjekteve, Rafet Husoviq, Suljo Mustafiq, Mehmed Bardhi, Nazif Cungu, kan\u00eb n\u00ebnshkruar marr\u00ebveshjen p\u00ebr bashk\u00ebpunim politik dhe p\u00ebr principet e veprimit t\u00eb k\u00ebtij koalicioni.\/Lajme nga Ulqini\/<\/p>\n<p><strong>Bart\u00ebsit e k\u00ebsaj listes jan:<\/strong><\/p>\n<p>1. Munib Li\u00e7ina<br \/>\n2. Mr. Sc. Ismail Doda<br \/>\n3. Suljo Mustafiq<br \/>\n4. Edina Deshiq<br \/>\n5. Ilirjan Koliq<br \/>\n6. Safet Drljan<br \/>\n7. Mehmed \u2013 Mesha Feratoviq<br \/>\n8. Sanela Mujeziq<br \/>\n9. Ramadan \u2013 Ramo Saljeviq<br \/>\n10. Fitim Dragoviq<br \/>\n11. Ajdar \u2013 Dako Shaboviq<br \/>\n12. Sanela E. Li\u00e7ina<br \/>\n13. Bljerim Ramusheviq<br \/>\n14. Omer Vukiq<br \/>\n15. Blerim Canoviq<br \/>\n16. Seniha Ku\u00e7<br \/>\n17. Rasim Durakoviq<br \/>\n18. Smail Muriq<br \/>\n19. Mimoza Madzuriq<br \/>\n20. Amela Omeroviq<br \/>\n21. Valmir Arbneshi<br \/>\n22. Haris Niko\u00e7eviq<br \/>\n23. Emro Durakoviq<br \/>\n24. Elzina Durakoviq<br \/>\n25. Shpresa Doda<br \/>\n26. Amel Dedeiq<br \/>\n27. Valmire Vukoviq<br \/>\n28. Alma Haxhibegoviq<br \/>\n29. Nuh Markashi<br \/>\n30. Jasmin Hot<br \/>\n31. Xhuhera Miloviq<br \/>\n32. Melita Useziq<br \/>\n33. Besmir Dodiq<br \/>\n34. Samir Peraziq<br \/>\n35. Rasim Honsiq<br \/>\n36. Sead Delaliq<br \/>\n37. Adis Muhoviq<\/p>\n<p>\/Lajme nga Ulqini\/<\/p>\n","protected":false},"excerpt":{"rendered":"<p>Koalicioni:\u00a0Shqiptar\u00ebt,Boshnjak\u00ebt dhe Musliman\u00ebt -Tivari n\u00eb t\u00eb cilin besoim\u00eb Koalicioni shqiptar FORCA,LD ne MZ dhe PD n\u00eb zgjedhjet e ardhshme lokale n\u00eb Tivar do t\u00eb marr pjes\u00eb n\u00eb koalicionin parazgjedhor me Partin\u00eb Boshnjake, ben\u00eb t\u00eb ditur Forca e re demokratike. Si\u00e7 thuhet, marr\u00ebveshja p\u00ebr pjes\u00ebmarrje \u00ebsht\u00eb arritur ku u verifiku dhe u aprovu nga organet partiake. [&hellip;]<\/p>\n","protected":false},"author":1,"featured_media":0,"comment_status":"closed","ping_status":"closed","sticky":false,"template":"","format":"standard","meta":{"spay_email":"","jetpack_publicize_message":"","jetpack_is_tweetstorm":false,"jetpack_publicize_feature_enabled":true},"categories":[6],"tags":[],"jetpack_publicize_connections":[],"yoast_head":"<!-- This site is optimized with the Yoast SEO plugin v19.1 - https:\/\/yoast.com\/wordpress\/plugins\/seo\/ -->\n<title>Koalicion: Boshnjaket dhe Koalicioni shqiptar per komunen e Tivarit - Lajme nga Ulqini<\/title>\n<meta name=\"description\" content=\"Koalicioni:\u00a0Shqiptar\u00ebt,Boshnjak\u00ebt dhe Musliman\u00ebt -Tivari n\u00eb t\u00eb cilin besoim\u00eb Koalicioni shqiptar FORCA,LD ne MZ dhe PD n\u00eb zgjedhjet e ardhshme lokale n\u00eb\" \/>\n<meta name=\"robots\" content=\"index, follow, max-snippet:-1, max-image-preview:large, max-video-preview:-1\" \/>\n<link rel=\"canonical\" href=\"https:\/\/www.visit-ulcinj.com\/blog\/2014\/04\/30\/koalicion-boshnjaket-dhe-koalicioni-shqiptar-per-komunen-e-tivarit\/\" \/>\n<meta property=\"og:locale\" content=\"en_US\" \/>\n<meta property=\"og:type\" content=\"article\" \/>\n<meta property=\"og:title\" content=\"Koalicion: Boshnjaket dhe Koalicioni shqiptar per komunen e Tivarit - Lajme nga Ulqini\" \/>\n<meta property=\"og:description\" content=\"Koalicioni:\u00a0Shqiptar\u00ebt,Boshnjak\u00ebt dhe Musliman\u00ebt -Tivari n\u00eb t\u00eb cilin besoim\u00eb Koalicioni shqiptar FORCA,LD ne MZ dhe PD n\u00eb zgjedhjet e ardhshme lokale n\u00eb\" \/>\n<meta property=\"og:url\" content=\"https:\/\/www.visit-ulcinj.com\/blog\/2014\/04\/30\/koalicion-boshnjaket-dhe-koalicioni-shqiptar-per-komunen-e-tivarit\/\" \/>\n<meta property=\"og:site_name\" content=\"Lajme nga Ulqini\" \/>\n<meta property=\"article:published_time\" content=\"2014-04-30T06:02:13+00:00\" \/>\n<meta property=\"article:modified_time\" content=\"2014-04-30T06:16:03+00:00\" \/>\n<meta property=\"og:image\" content=\"http:\/\/www.visit-ulcinj.com\/blog\/wp-content\/uploads\/2014\/04\/Koalicion-Boshnjaket-dhe-Koalicioni-shqiptar-per-komunen-e-Tivarit.jpg\" \/>\n<meta name=\"twitter:label1\" content=\"Written by\" \/>\n\t<meta name=\"twitter:data1\" content=\"ulqini\" \/>\n\t<meta name=\"twitter:label2\" content=\"Est. reading time\" \/>\n\t<meta name=\"twitter:data2\" content=\"1 minute\" \/>\n<script type=\"application\/ld+json\" class=\"yoast-schema-graph\">{\"@context\":\"https:\/\/schema.org\",\"@graph\":[{\"@type\":\"WebSite\",\"@id\":\"https:\/\/www.visit-ulcinj.com\/blog\/#website\",\"url\":\"https:\/\/www.visit-ulcinj.com\/blog\/\",\"name\":\"Lajme nga Ulqini\",\"description\":\"Lajme,Vijesti,Ulqini,Ulqin,Crna Gora,Mali i Zi\",\"potentialAction\":[{\"@type\":\"SearchAction\",\"target\":{\"@type\":\"EntryPoint\",\"urlTemplate\":\"https:\/\/www.visit-ulcinj.com\/blog\/?s={search_term_string}\"},\"query-input\":\"required name=search_term_string\"}],\"inLanguage\":\"en-US\"},{\"@type\":\"ImageObject\",\"inLanguage\":\"en-US\",\"@id\":\"https:\/\/www.visit-ulcinj.com\/blog\/2014\/04\/30\/koalicion-boshnjaket-dhe-koalicioni-shqiptar-per-komunen-e-tivarit\/#primaryimage\",\"url\":\"https:\/\/www.visit-ulcinj.com\/blog\/wp-content\/uploads\/2014\/04\/Koalicion-Boshnjaket-dhe-Koalicioni-shqiptar-per-komunen-e-Tivarit.jpg\",\"contentUrl\":\"https:\/\/www.visit-ulcinj.com\/blog\/wp-content\/uploads\/2014\/04\/Koalicion-Boshnjaket-dhe-Koalicioni-shqiptar-per-komunen-e-Tivarit.jpg\",\"width\":1000,\"height\":747},{\"@type\":\"WebPage\",\"@id\":\"https:\/\/www.visit-ulcinj.com\/blog\/2014\/04\/30\/koalicion-boshnjaket-dhe-koalicioni-shqiptar-per-komunen-e-tivarit\/#webpage\",\"url\":\"https:\/\/www.visit-ulcinj.com\/blog\/2014\/04\/30\/koalicion-boshnjaket-dhe-koalicioni-shqiptar-per-komunen-e-tivarit\/\",\"name\":\"Koalicion: Boshnjaket dhe Koalicioni shqiptar per komunen e Tivarit - Lajme nga Ulqini\",\"isPartOf\":{\"@id\":\"https:\/\/www.visit-ulcinj.com\/blog\/#website\"},\"primaryImageOfPage\":{\"@id\":\"https:\/\/www.visit-ulcinj.com\/blog\/2014\/04\/30\/koalicion-boshnjaket-dhe-koalicioni-shqiptar-per-komunen-e-tivarit\/#primaryimage\"},\"datePublished\":\"2014-04-30T06:02:13+00:00\",\"dateModified\":\"2014-04-30T06:16:03+00:00\",\"author\":{\"@id\":\"https:\/\/www.visit-ulcinj.com\/blog\/#\/schema\/person\/dcab619c614d3038751c63bc2aadc06d\"},\"description\":\"Koalicioni:\u00a0Shqiptar\u00ebt,Boshnjak\u00ebt dhe Musliman\u00ebt -Tivari n\u00eb t\u00eb cilin besoim\u00eb Koalicioni shqiptar FORCA,LD ne MZ dhe PD n\u00eb zgjedhjet e ardhshme lokale n\u00eb\",\"breadcrumb\":{\"@id\":\"https:\/\/www.visit-ulcinj.com\/blog\/2014\/04\/30\/koalicion-boshnjaket-dhe-koalicioni-shqiptar-per-komunen-e-tivarit\/#breadcrumb\"},\"inLanguage\":\"en-US\",\"potentialAction\":[{\"@type\":\"ReadAction\",\"target\":[\"https:\/\/www.visit-ulcinj.com\/blog\/2014\/04\/30\/koalicion-boshnjaket-dhe-koalicioni-shqiptar-per-komunen-e-tivarit\/\"]}]},{\"@type\":\"BreadcrumbList\",\"@id\":\"https:\/\/www.visit-ulcinj.com\/blog\/2014\/04\/30\/koalicion-boshnjaket-dhe-koalicioni-shqiptar-per-komunen-e-tivarit\/#breadcrumb\",\"itemListElement\":[{\"@type\":\"ListItem\",\"position\":1,\"name\":\"Koalicion: Boshnjaket dhe Koalicioni shqiptar per komunen e Tivarit\"}]},{\"@type\":\"Person\",\"@id\":\"https:\/\/www.visit-ulcinj.com\/blog\/#\/schema\/person\/dcab619c614d3038751c63bc2aadc06d\",\"name\":\"ulqini\",\"sameAs\":[\"http:\/\/www.visit-ulcinj.com\"],\"url\":\"https:\/\/www.visit-ulcinj.com\/blog\/author\/admin\/\"}]}<\/script>\n<!-- \/ Yoast SEO plugin. -->","yoast_head_json":{"title":"Koalicion: Boshnjaket dhe Koalicioni shqiptar per komunen e Tivarit - Lajme nga Ulqini","description":"Koalicioni:\u00a0Shqiptar\u00ebt,Boshnjak\u00ebt dhe Musliman\u00ebt -Tivari n\u00eb t\u00eb cilin besoim\u00eb Koalicioni shqiptar FORCA,LD ne MZ dhe PD n\u00eb zgjedhjet e ardhshme lokale n\u00eb","robots":{"index":"index","follow":"follow","max-snippet":"max-snippet:-1","max-image-preview":"max-image-preview:large","max-video-preview":"max-video-preview:-1"},"canonical":"https:\/\/www.visit-ulcinj.com\/blog\/2014\/04\/30\/koalicion-boshnjaket-dhe-koalicioni-shqiptar-per-komunen-e-tivarit\/","og_locale":"en_US","og_type":"article","og_title":"Koalicion: Boshnjaket dhe Koalicioni shqiptar per komunen e Tivarit - Lajme nga Ulqini","og_description":"Koalicioni:\u00a0Shqiptar\u00ebt,Boshnjak\u00ebt dhe Musliman\u00ebt -Tivari n\u00eb t\u00eb cilin besoim\u00eb Koalicioni shqiptar FORCA,LD ne MZ dhe PD n\u00eb zgjedhjet e ardhshme lokale n\u00eb","og_url":"https:\/\/www.visit-ulcinj.com\/blog\/2014\/04\/30\/koalicion-boshnjaket-dhe-koalicioni-shqiptar-per-komunen-e-tivarit\/","og_site_name":"Lajme nga Ulqini","article_published_time":"2014-04-30T06:02:13+00:00","article_modified_time":"2014-04-30T06:16:03+00:00","og_image":[{"url":"http:\/\/www.visit-ulcinj.com\/blog\/wp-content\/uploads\/2014\/04\/Koalicion-Boshnjaket-dhe-Koalicioni-shqiptar-per-komunen-e-Tivarit.jpg"}],"twitter_misc":{"Written by":"ulqini","Est. reading time":"1 minute"},"schema":{"@context":"https:\/\/schema.org","@graph":[{"@type":"WebSite","@id":"https:\/\/www.visit-ulcinj.com\/blog\/#website","url":"https:\/\/www.visit-ulcinj.com\/blog\/","name":"Lajme nga Ulqini","description":"Lajme,Vijesti,Ulqini,Ulqin,Crna Gora,Mali i Zi","potentialAction":[{"@type":"SearchAction","target":{"@type":"EntryPoint","urlTemplate":"https:\/\/www.visit-ulcinj.com\/blog\/?s={search_term_string}"},"query-input":"required name=search_term_string"}],"inLanguage":"en-US"},{"@type":"ImageObject","inLanguage":"en-US","@id":"https:\/\/www.visit-ulcinj.com\/blog\/2014\/04\/30\/koalicion-boshnjaket-dhe-koalicioni-shqiptar-per-komunen-e-tivarit\/#primaryimage","url":"https:\/\/www.visit-ulcinj.com\/blog\/wp-content\/uploads\/2014\/04\/Koalicion-Boshnjaket-dhe-Koalicioni-shqiptar-per-komunen-e-Tivarit.jpg","contentUrl":"https:\/\/www.visit-ulcinj.com\/blog\/wp-content\/uploads\/2014\/04\/Koalicion-Boshnjaket-dhe-Koalicioni-shqiptar-per-komunen-e-Tivarit.jpg","width":1000,"height":747},{"@type":"WebPage","@id":"https:\/\/www.visit-ulcinj.com\/blog\/2014\/04\/30\/koalicion-boshnjaket-dhe-koalicioni-shqiptar-per-komunen-e-tivarit\/#webpage","url":"https:\/\/www.visit-ulcinj.com\/blog\/2014\/04\/30\/koalicion-boshnjaket-dhe-koalicioni-shqiptar-per-komunen-e-tivarit\/","name":"Koalicion: Boshnjaket dhe Koalicioni shqiptar per komunen e Tivarit - Lajme nga Ulqini","isPartOf":{"@id":"https:\/\/www.visit-ulcinj.com\/blog\/#website"},"primaryImageOfPage":{"@id":"https:\/\/www.visit-ulcinj.com\/blog\/2014\/04\/30\/koalicion-boshnjaket-dhe-koalicioni-shqiptar-per-komunen-e-tivarit\/#primaryimage"},"datePublished":"2014-04-30T06:02:13+00:00","dateModified":"2014-04-30T06:16:03+00:00","author":{"@id":"https:\/\/www.visit-ulcinj.com\/blog\/#\/schema\/person\/dcab619c614d3038751c63bc2aadc06d"},"description":"Koalicioni:\u00a0Shqiptar\u00ebt,Boshnjak\u00ebt dhe Musliman\u00ebt -Tivari n\u00eb t\u00eb cilin besoim\u00eb Koalicioni shqiptar FORCA,LD ne MZ dhe PD n\u00eb zgjedhjet e ardhshme lokale n\u00eb","breadcrumb":{"@id":"https:\/\/www.visit-ulcinj.com\/blog\/2014\/04\/30\/koalicion-boshnjaket-dhe-koalicioni-shqiptar-per-komunen-e-tivarit\/#breadcrumb"},"inLanguage":"en-US","potentialAction":[{"@type":"ReadAction","target":["https:\/\/www.visit-ulcinj.com\/blog\/2014\/04\/30\/koalicion-boshnjaket-dhe-koalicioni-shqiptar-per-komunen-e-tivarit\/"]}]},{"@type":"BreadcrumbList","@id":"https:\/\/www.visit-ulcinj.com\/blog\/2014\/04\/30\/koalicion-boshnjaket-dhe-koalicioni-shqiptar-per-komunen-e-tivarit\/#breadcrumb","itemListElement":[{"@type":"ListItem","position":1,"name":"Koalicion: Boshnjaket dhe Koalicioni shqiptar per komunen e Tivarit"}]},{"@type":"Person","@id":"https:\/\/www.visit-ulcinj.com\/blog\/#\/schema\/person\/dcab619c614d3038751c63bc2aadc06d","name":"ulqini","sameAs":["http:\/\/www.visit-ulcinj.com"],"url":"https:\/\/www.visit-ulcinj.com\/blog\/author\/admin\/"}]}},"jetpack_featured_media_url":"","jetpack_sharing_enabled":true,"jetpack_shortlink":"https:\/\/wp.me\/pe6lTn-llw","_links":{"self":[{"href":"https:\/\/www.visit-ulcinj.com\/blog\/wp-json\/wp\/v2\/posts\/82058"}],"collection":[{"href":"https:\/\/www.visit-ulcinj.com\/blog\/wp-json\/wp\/v2\/posts"}],"about":[{"href":"https:\/\/www.visit-ulcinj.com\/blog\/wp-json\/wp\/v2\/types\/post"}],"author":[{"embeddable":true,"href":"https:\/\/www.visit-ulcinj.com\/blog\/wp-json\/wp\/v2\/users\/1"}],"replies":[{"embeddable":true,"href":"https:\/\/www.visit-ulcinj.com\/blog\/wp-json\/wp\/v2\/comments?post=82058"}],"version-history":[{"count":2,"href":"https:\/\/www.visit-ulcinj.com\/blog\/wp-json\/wp\/v2\/posts\/82058\/revisions"}],"predecessor-version":[{"id":82063,"href":"https:\/\/www.visit-ulcinj.com\/blog\/wp-json\/wp\/v2\/posts\/82058\/revisions\/82063"}],"wp:attachment":[{"href":"https:\/\/www.visit-ulcinj.com\/blog\/wp-json\/wp\/v2\/media?parent=82058"}],"wp:term":[{"taxonomy":"category","embeddable":true,"href":"https:\/\/www.visit-ulcinj.com\/blog\/wp-json\/wp\/v2\/categories?post=82058"},{"taxonomy":"post_tag","embeddable":true,"href":"https:\/\/www.visit-ulcinj.com\/blog\/wp-json\/wp\/v2\/tags?post=82058"}],"curies":[{"name":"wp","href":"https:\/\/api.w.org\/{rel}","templated":true}]}}