{"id":82064,"date":"2014-04-30T07:25:05","date_gmt":"2014-04-30T06:25:05","guid":{"rendered":"http:\/\/www.visit-ulcinj.com\/blog\/?p=82064"},"modified":"2014-04-30T07:25:05","modified_gmt":"2014-04-30T06:25:05","slug":"kandidovanje-persona-ne-reona","status":"publish","type":"post","link":"https:\/\/www.visit-ulcinj.com\/blog\/2014\/04\/30\/kandidovanje-persona-ne-reona\/","title":{"rendered":"Kandidovanje persona, a ne reona"},"content":{"rendered":"<p><strong><a href=\"http:\/\/www.visit-ulcinj.com\/blog\/wp-content\/uploads\/2014\/04\/Rexhep-Lleshi-predstojeca-knjiga-Moja-ISTINA.jpg\"><img loading=\"lazy\" class=\"alignleft  wp-image-82066\" alt=\"Rexhep Lleshi-predstojeca knjiga-Moja ISTINA\" src=\"http:\/\/www.visit-ulcinj.com\/blog\/wp-content\/uploads\/2014\/04\/Rexhep-Lleshi-predstojeca-knjiga-Moja-ISTINA.jpg\" width=\"508\" height=\"400\" \/><\/a>Rexhep Lleshi: (predstoje\u0107a knjiga) \u201dMoja ISTINA\u201d<\/strong><\/p>\n<p>Godine 1978. odr\u017eavali su se drugi izbori delegacija i delegata za organe dru\u0161tveno-politi\u010dkih i samoupravno-interesnih zajednica.<\/p>\n<p>Zbor gra\u0111ana Mjesne zajednice Vladimir, 2. 3. \u201978. na predlog predsjednika Savjeta zajednice Red\u017eepa Mehanovi\u0107a kandidovao me je, a glasanjem 19. 3. \u201978. narod izabrao za \u010dlana delegacije dru\u0161tveno-politi\u010dke zajednice ove jedinice.<\/p>\n<p>Kordinacioni odbor Op\u0161tinske konferencije SSRN Ulcinja, 28. 3. \u201978. na predlog Eleza Mu\u010dovi\u0107a, \u010dlana, kandidovao me je za predsjednika Vije\u0107a mjesnih zajednica u Skup\u0161tini op\u0161tine Ulcinj. Ali, kao neophodnost u toj proceduri, Odbor je ovlastio svog predsjednika Red\u017eepa Kordi\u0107a, za razgovor sa mnom, radi dobijanja moje saglasnsti.<\/p>\n<p>Sjutradan Red\u017eep Kordi\u0107 je do\u0161ao u \u0161kolu gdje sam radio i odmah me pozvao na razgovor. Pozivu sam se odazvao iako nijesam znao razlog. U razgovoru smo bili samo nas dvojica i on je po\u010deo prvi. Napravio je kratak uvod o izborima, njihovom toku, a zatim iznio stav Koordinacionog odbora kojem on predsjedava, o mojoj kan- didaturi i kako se izrazio, ovdje je do\u0161ao po moju saglasnost.<\/p>\n<p>Stav odbora, iz rije\u010di sagovornika sam shvatio. Kako je na to trebalo odgovoriti odmah, razmi\u0161ljao sam malo i u sebi zaklju\u010dio. To je velika obaveza. Taj posao tra\u017ei mnogo vremena, anga\u017eman, \u017ertvovanje. Prvo, predsjedniku Kordi\u0107u izjavio sam zahvalnost Odboru i njemu li\u010dno, na ukazanom povjerenju prema meni. Misle\u0107i da \u0107u imati razloga da se iz svega toga \u201dizvu\u010dem\u201d nastavio sam:<br \/>\n&#8211; Ovdje, u MZ Vladimir, izbor delegacija, njihovo konstituisanje i odre\u0111ivanje dalegata za skup\u0161tine zajednica u op\u0161tini je zavr\u0161en i u Vije\u0107e mjesnih zajednica SO, delegirana je Syme Kokaj. Po\u0161to je zauzet stav da se predsjednik tog vije\u0107a izabere iz reda delegata ove zajednice, tamo imate Symu! Drugog ne tra\u017eite! Boljeg aktivistu ne mo\u017eete na\u0107i.<\/p>\n<p>Imao sam ja jo\u0161 da govorim, ali sagovornik je nestrpljiv i uzima mi rije\u010d:<br \/>\n&#8211; Ne! Stav Odbora nije da se predsjednik Vije\u0107a bira iz MZ Vladimir, niti sam se ja tako izrazio. Odbor kojim ja predsjedavam kandiduje persone, a ne reone. Ovoga puta kandidovao je vas, po imenu, kao kadar op\u0161tinskog nivoa. Ako vi ne mo\u017eete da prihvatite ovu du\u017enost, da znate, rezervni kanidat je drugo lice i nije iz Anamalia.<\/p>\n<p>Onda sam ja prihvatio zadatak, ali uz saglasnost mati\u010dne delegacije i drugih dru\u0161tve- nih struktura i li\u010dnu drugarice Kokaj. Na dalji razgovor pozvan je preddsjednik Delegaacije dru\u0161tveno-politi\u010dke zajednice MZ, Musa \u0110oni. On je detaljno upoznat s prethodnim razgovorom i dat mu je zadatak da s delegacijom rije\u0161i ovo pitanje i da obavijesti predsjednika Kordi\u0107a u roku od tri dana.<\/p>\n<p>Delegacija MZ Vladimir, 30. 3. \u201978. na pro\u0161irenoj sjednici upoznata je s prednjim sta-vom Koordinacionog odbora. Nakon toga, prva je govorila Syme Kokaj, tek odre\u0111ena delegatkinja u Skup\u0161tini op\u0161tine. Ona je prvo pozdravila zauzeti stav i potom izjavila ostavku na mjesto delegata u moju korist. Time je stvoren uslov za realizaciju stava Koordinacionog odbora. Tako je otvoren put za kandididovanje i mati\u010dna delegacija jednoglaasno me odredila za delegata u Vije\u0107u mjesnih zajednica Skup\u0161tine op\u0161tine Ulcinj, kako bi se nastavilo u pravcu potpune realizacije navedenog stava.<\/p>\n<p>Na prvoj konstitutivnoj sjednici 13. 4. \u201978. na prijedlog Op\u0161tinske komisije za kadro- ve, izbor i imenovanja, koji je obrazlo\u017eio Jovan-Ljoljo Mi\u010deti\u0107, \u010dlan, Vije\u0107e mjesnih zajednica op\u0161tine Ulcinj, izabralo me je za predsjednika, na \u010detvorogodi\u0161nji mandat. Pred navedenim Vije\u0107em, koje su sa\u010dinjavali delegati mjesnih zajednica: Bogdan Peri\u0107, Fadil Sala, Ibrahim Fteja, Isat Kurti, Ismet Ibro\u010devi\u0107, Jovan Bevenja, Leka Elezovi\u0107, Marko Kalu\u0111erovi\u0107, Marko Milovi\u0107, Mustafa Nimanbegovi\u0107, Nikola Dedi\u0107, Nikola-Nika Marki\u0107, Radomir Gazivoda, Red\u017eep Salovi\u0107, Ru\u017edi Dervi\u0161i, Vebija Hasa- nagi\u0107, \u017darko Mirovi\u0107 i moja malenkost, dao sam sve\u010danu zakljetvu:<br \/>\n&#8211; Zaklinjem se da \u0107u du\u017enost predsjednika izvr\u0161avati po zakonu i ustavu.<br \/>\nIstog dana, odr\u017eana je konstitutivna zajedni\u010dka sjednica sva tri vije\u0107a SO.<\/p>\n","protected":false},"excerpt":{"rendered":"<p>Rexhep Lleshi: (predstoje\u0107a knjiga) \u201dMoja ISTINA\u201d Godine 1978. odr\u017eavali su se drugi izbori delegacija i delegata za organe dru\u0161tveno-politi\u010dkih i samoupravno-interesnih zajednica. Zbor gra\u0111ana Mjesne zajednice Vladimir, 2. 3. \u201978. na predlog predsjednika Savjeta zajednice Red\u017eepa Mehanovi\u0107a kandidovao me je, a glasanjem 19. 3. \u201978. narod izabrao za \u010dlana delegacije dru\u0161tveno-politi\u010dke zajednice ove jedinice. Kordinacioni [&hellip;]<\/p>\n","protected":false},"author":1,"featured_media":0,"comment_status":"closed","ping_status":"closed","sticky":false,"template":"","format":"standard","meta":{"spay_email":"","jetpack_publicize_message":"","jetpack_is_tweetstorm":false,"jetpack_publicize_feature_enabled":true},"categories":[6950],"tags":[],"jetpack_publicize_connections":[],"yoast_head":"<!-- This site is optimized with the Yoast SEO plugin v19.1 - https:\/\/yoast.com\/wordpress\/plugins\/seo\/ -->\n<title>Kandidovanje persona, a ne reona - Lajme nga Ulqini<\/title>\n<meta name=\"description\" content=\"Rexhep Lleshi: (predstoje\u0107a knjiga) \u201dMoja ISTINA\u201d Godine 1978. odr\u017eavali su se drugi izbori delegacija i delegata za organe dru\u0161tveno-politi\u010dkih i\" \/>\n<meta name=\"robots\" content=\"index, follow, max-snippet:-1, max-image-preview:large, max-video-preview:-1\" \/>\n<link rel=\"canonical\" href=\"https:\/\/www.visit-ulcinj.com\/blog\/2014\/04\/30\/kandidovanje-persona-ne-reona\/\" \/>\n<meta property=\"og:locale\" content=\"en_US\" \/>\n<meta property=\"og:type\" content=\"article\" \/>\n<meta property=\"og:title\" content=\"Kandidovanje persona, a ne reona - Lajme nga Ulqini\" \/>\n<meta property=\"og:description\" content=\"Rexhep Lleshi: (predstoje\u0107a knjiga) \u201dMoja ISTINA\u201d Godine 1978. odr\u017eavali su se drugi izbori delegacija i delegata za organe dru\u0161tveno-politi\u010dkih i\" \/>\n<meta property=\"og:url\" content=\"https:\/\/www.visit-ulcinj.com\/blog\/2014\/04\/30\/kandidovanje-persona-ne-reona\/\" \/>\n<meta property=\"og:site_name\" content=\"Lajme nga Ulqini\" \/>\n<meta property=\"article:published_time\" content=\"2014-04-30T06:25:05+00:00\" \/>\n<meta property=\"og:image\" content=\"http:\/\/www.visit-ulcinj.com\/blog\/wp-content\/uploads\/2014\/04\/Rexhep-Lleshi-predstojeca-knjiga-Moja-ISTINA.jpg\" \/>\n<meta name=\"twitter:label1\" content=\"Written by\" \/>\n\t<meta name=\"twitter:data1\" content=\"ulqini\" \/>\n\t<meta name=\"twitter:label2\" content=\"Est. reading time\" \/>\n\t<meta name=\"twitter:data2\" content=\"3 minutes\" \/>\n<script type=\"application\/ld+json\" class=\"yoast-schema-graph\">{\"@context\":\"https:\/\/schema.org\",\"@graph\":[{\"@type\":\"WebSite\",\"@id\":\"https:\/\/www.visit-ulcinj.com\/blog\/#website\",\"url\":\"https:\/\/www.visit-ulcinj.com\/blog\/\",\"name\":\"Lajme nga Ulqini\",\"description\":\"Lajme,Vijesti,Ulqini,Ulqin,Crna Gora,Mali i Zi\",\"potentialAction\":[{\"@type\":\"SearchAction\",\"target\":{\"@type\":\"EntryPoint\",\"urlTemplate\":\"https:\/\/www.visit-ulcinj.com\/blog\/?s={search_term_string}\"},\"query-input\":\"required name=search_term_string\"}],\"inLanguage\":\"en-US\"},{\"@type\":\"ImageObject\",\"inLanguage\":\"en-US\",\"@id\":\"https:\/\/www.visit-ulcinj.com\/blog\/2014\/04\/30\/kandidovanje-persona-ne-reona\/#primaryimage\",\"url\":\"https:\/\/www.visit-ulcinj.com\/blog\/wp-content\/uploads\/2014\/04\/Rexhep-Lleshi-predstojeca-knjiga-Moja-ISTINA.jpg\",\"contentUrl\":\"https:\/\/www.visit-ulcinj.com\/blog\/wp-content\/uploads\/2014\/04\/Rexhep-Lleshi-predstojeca-knjiga-Moja-ISTINA.jpg\",\"width\":1000,\"height\":667},{\"@type\":\"WebPage\",\"@id\":\"https:\/\/www.visit-ulcinj.com\/blog\/2014\/04\/30\/kandidovanje-persona-ne-reona\/#webpage\",\"url\":\"https:\/\/www.visit-ulcinj.com\/blog\/2014\/04\/30\/kandidovanje-persona-ne-reona\/\",\"name\":\"Kandidovanje persona, a ne reona - Lajme nga Ulqini\",\"isPartOf\":{\"@id\":\"https:\/\/www.visit-ulcinj.com\/blog\/#website\"},\"primaryImageOfPage\":{\"@id\":\"https:\/\/www.visit-ulcinj.com\/blog\/2014\/04\/30\/kandidovanje-persona-ne-reona\/#primaryimage\"},\"datePublished\":\"2014-04-30T06:25:05+00:00\",\"dateModified\":\"2014-04-30T06:25:05+00:00\",\"author\":{\"@id\":\"https:\/\/www.visit-ulcinj.com\/blog\/#\/schema\/person\/dcab619c614d3038751c63bc2aadc06d\"},\"description\":\"Rexhep Lleshi: (predstoje\u0107a knjiga) \u201dMoja ISTINA\u201d Godine 1978. odr\u017eavali su se drugi izbori delegacija i delegata za organe dru\u0161tveno-politi\u010dkih i\",\"breadcrumb\":{\"@id\":\"https:\/\/www.visit-ulcinj.com\/blog\/2014\/04\/30\/kandidovanje-persona-ne-reona\/#breadcrumb\"},\"inLanguage\":\"en-US\",\"potentialAction\":[{\"@type\":\"ReadAction\",\"target\":[\"https:\/\/www.visit-ulcinj.com\/blog\/2014\/04\/30\/kandidovanje-persona-ne-reona\/\"]}]},{\"@type\":\"BreadcrumbList\",\"@id\":\"https:\/\/www.visit-ulcinj.com\/blog\/2014\/04\/30\/kandidovanje-persona-ne-reona\/#breadcrumb\",\"itemListElement\":[{\"@type\":\"ListItem\",\"position\":1,\"name\":\"Kandidovanje persona, a ne reona\"}]},{\"@type\":\"Person\",\"@id\":\"https:\/\/www.visit-ulcinj.com\/blog\/#\/schema\/person\/dcab619c614d3038751c63bc2aadc06d\",\"name\":\"ulqini\",\"sameAs\":[\"http:\/\/www.visit-ulcinj.com\"],\"url\":\"https:\/\/www.visit-ulcinj.com\/blog\/author\/admin\/\"}]}<\/script>\n<!-- \/ Yoast SEO plugin. -->","yoast_head_json":{"title":"Kandidovanje persona, a ne reona - Lajme nga Ulqini","description":"Rexhep Lleshi: (predstoje\u0107a knjiga) \u201dMoja ISTINA\u201d Godine 1978. odr\u017eavali su se drugi izbori delegacija i delegata za organe dru\u0161tveno-politi\u010dkih i","robots":{"index":"index","follow":"follow","max-snippet":"max-snippet:-1","max-image-preview":"max-image-preview:large","max-video-preview":"max-video-preview:-1"},"canonical":"https:\/\/www.visit-ulcinj.com\/blog\/2014\/04\/30\/kandidovanje-persona-ne-reona\/","og_locale":"en_US","og_type":"article","og_title":"Kandidovanje persona, a ne reona - Lajme nga Ulqini","og_description":"Rexhep Lleshi: (predstoje\u0107a knjiga) \u201dMoja ISTINA\u201d Godine 1978. odr\u017eavali su se drugi izbori delegacija i delegata za organe dru\u0161tveno-politi\u010dkih i","og_url":"https:\/\/www.visit-ulcinj.com\/blog\/2014\/04\/30\/kandidovanje-persona-ne-reona\/","og_site_name":"Lajme nga Ulqini","article_published_time":"2014-04-30T06:25:05+00:00","og_image":[{"url":"http:\/\/www.visit-ulcinj.com\/blog\/wp-content\/uploads\/2014\/04\/Rexhep-Lleshi-predstojeca-knjiga-Moja-ISTINA.jpg"}],"twitter_misc":{"Written by":"ulqini","Est. reading time":"3 minutes"},"schema":{"@context":"https:\/\/schema.org","@graph":[{"@type":"WebSite","@id":"https:\/\/www.visit-ulcinj.com\/blog\/#website","url":"https:\/\/www.visit-ulcinj.com\/blog\/","name":"Lajme nga Ulqini","description":"Lajme,Vijesti,Ulqini,Ulqin,Crna Gora,Mali i Zi","potentialAction":[{"@type":"SearchAction","target":{"@type":"EntryPoint","urlTemplate":"https:\/\/www.visit-ulcinj.com\/blog\/?s={search_term_string}"},"query-input":"required name=search_term_string"}],"inLanguage":"en-US"},{"@type":"ImageObject","inLanguage":"en-US","@id":"https:\/\/www.visit-ulcinj.com\/blog\/2014\/04\/30\/kandidovanje-persona-ne-reona\/#primaryimage","url":"https:\/\/www.visit-ulcinj.com\/blog\/wp-content\/uploads\/2014\/04\/Rexhep-Lleshi-predstojeca-knjiga-Moja-ISTINA.jpg","contentUrl":"https:\/\/www.visit-ulcinj.com\/blog\/wp-content\/uploads\/2014\/04\/Rexhep-Lleshi-predstojeca-knjiga-Moja-ISTINA.jpg","width":1000,"height":667},{"@type":"WebPage","@id":"https:\/\/www.visit-ulcinj.com\/blog\/2014\/04\/30\/kandidovanje-persona-ne-reona\/#webpage","url":"https:\/\/www.visit-ulcinj.com\/blog\/2014\/04\/30\/kandidovanje-persona-ne-reona\/","name":"Kandidovanje persona, a ne reona - Lajme nga Ulqini","isPartOf":{"@id":"https:\/\/www.visit-ulcinj.com\/blog\/#website"},"primaryImageOfPage":{"@id":"https:\/\/www.visit-ulcinj.com\/blog\/2014\/04\/30\/kandidovanje-persona-ne-reona\/#primaryimage"},"datePublished":"2014-04-30T06:25:05+00:00","dateModified":"2014-04-30T06:25:05+00:00","author":{"@id":"https:\/\/www.visit-ulcinj.com\/blog\/#\/schema\/person\/dcab619c614d3038751c63bc2aadc06d"},"description":"Rexhep Lleshi: (predstoje\u0107a knjiga) \u201dMoja ISTINA\u201d Godine 1978. odr\u017eavali su se drugi izbori delegacija i delegata za organe dru\u0161tveno-politi\u010dkih i","breadcrumb":{"@id":"https:\/\/www.visit-ulcinj.com\/blog\/2014\/04\/30\/kandidovanje-persona-ne-reona\/#breadcrumb"},"inLanguage":"en-US","potentialAction":[{"@type":"ReadAction","target":["https:\/\/www.visit-ulcinj.com\/blog\/2014\/04\/30\/kandidovanje-persona-ne-reona\/"]}]},{"@type":"BreadcrumbList","@id":"https:\/\/www.visit-ulcinj.com\/blog\/2014\/04\/30\/kandidovanje-persona-ne-reona\/#breadcrumb","itemListElement":[{"@type":"ListItem","position":1,"name":"Kandidovanje persona, a ne reona"}]},{"@type":"Person","@id":"https:\/\/www.visit-ulcinj.com\/blog\/#\/schema\/person\/dcab619c614d3038751c63bc2aadc06d","name":"ulqini","sameAs":["http:\/\/www.visit-ulcinj.com"],"url":"https:\/\/www.visit-ulcinj.com\/blog\/author\/admin\/"}]}},"jetpack_featured_media_url":"","jetpack_sharing_enabled":true,"jetpack_shortlink":"https:\/\/wp.me\/pe6lTn-llC","_links":{"self":[{"href":"https:\/\/www.visit-ulcinj.com\/blog\/wp-json\/wp\/v2\/posts\/82064"}],"collection":[{"href":"https:\/\/www.visit-ulcinj.com\/blog\/wp-json\/wp\/v2\/posts"}],"about":[{"href":"https:\/\/www.visit-ulcinj.com\/blog\/wp-json\/wp\/v2\/types\/post"}],"author":[{"embeddable":true,"href":"https:\/\/www.visit-ulcinj.com\/blog\/wp-json\/wp\/v2\/users\/1"}],"replies":[{"embeddable":true,"href":"https:\/\/www.visit-ulcinj.com\/blog\/wp-json\/wp\/v2\/comments?post=82064"}],"version-history":[{"count":1,"href":"https:\/\/www.visit-ulcinj.com\/blog\/wp-json\/wp\/v2\/posts\/82064\/revisions"}],"predecessor-version":[{"id":82067,"href":"https:\/\/www.visit-ulcinj.com\/blog\/wp-json\/wp\/v2\/posts\/82064\/revisions\/82067"}],"wp:attachment":[{"href":"https:\/\/www.visit-ulcinj.com\/blog\/wp-json\/wp\/v2\/media?parent=82064"}],"wp:term":[{"taxonomy":"category","embeddable":true,"href":"https:\/\/www.visit-ulcinj.com\/blog\/wp-json\/wp\/v2\/categories?post=82064"},{"taxonomy":"post_tag","embeddable":true,"href":"https:\/\/www.visit-ulcinj.com\/blog\/wp-json\/wp\/v2\/tags?post=82064"}],"curies":[{"name":"wp","href":"https:\/\/api.w.org\/{rel}","templated":true}]}}