{"id":8207,"date":"2009-01-08T18:06:33","date_gmt":"2009-01-08T17:06:33","guid":{"rendered":"http:\/\/www.visit-ulcinj.com\/blog\/?p=8207"},"modified":"2009-01-08T18:11:18","modified_gmt":"2009-01-08T17:11:18","slug":"levizja-e-lire-ne-rajonbien-kufinjte-shqiperi-kosove","status":"publish","type":"post","link":"https:\/\/www.visit-ulcinj.com\/blog\/2009\/01\/08\/levizja-e-lire-ne-rajonbien-kufinjte-shqiperi-kosove\/","title":{"rendered":"L\u00ebvizja e lir\u00eb n\u00eb rajon,bien kufinjte Shqiperi-Kosove"},"content":{"rendered":"<p><strong><a title=\"Topi_Sejdiu\" href=\"http:\/\/www.visit-ulcinj.com\/blog\/wp-content\/uploads\/2009\/01\/topi_sejdiu-3.jpg\" target=\"_blank\"><img loading=\"lazy\" class=\"alignleft size-full wp-image-8212\" title=\"topi_sejdiu-3\" src=\"http:\/\/www.visit-ulcinj.com\/blog\/wp-content\/uploads\/2009\/01\/topi_sejdiu-3.jpg\" alt=\"topi_sejdiu-3\" width=\"360\" height=\"240\" srcset=\"https:\/\/www.visit-ulcinj.com\/blog\/wp-content\/uploads\/2009\/01\/topi_sejdiu-3.jpg 600w, https:\/\/www.visit-ulcinj.com\/blog\/wp-content\/uploads\/2009\/01\/topi_sejdiu-3-300x200.jpg 300w\" sizes=\"(max-width: 360px) 100vw, 360px\" \/><\/a>Shqip\u00ebria dhe Kosova \u2013 shembull i bashk\u00ebpunimit dhe l\u00ebvizjes s\u00eb lir\u00eb n\u00eb rajon<\/strong><br \/>\nMe ftes\u00eb t\u00eb Presidentit t\u00eb Republik\u00ebs s\u00eb Kosov\u00ebs, dr. Fatmir Sejdiu, Presidenti i Shqip\u00ebris\u00eb, z. Bamir Topi, po q\u00ebndron p\u00ebr nj\u00eb vizit\u00eb dydit\u00ebshe n\u00eb Kosov\u00eb, n\u00eb krye t\u00eb nj\u00eb delegacioni t\u00eb gjer\u00eb t\u00eb p\u00ebrfaq\u00ebsuesve t\u00eb institucioneve t\u00eb Shqip\u00ebris\u00eb dhe p\u00ebrfaq\u00ebsuesve t\u00eb biznesit nga ky shtet.<br \/>\nN\u00eb vizit\u00ebn e tij t\u00eb dyt\u00eb si president i Shqip\u00ebris\u00eb dhe t\u00eb par\u00ebn pas shpalljes s\u00eb pavar\u00ebsis\u00eb s\u00eb Republik\u00ebs s\u00eb Kosov\u00ebs, Presidenti Topi fillimisht u n\u00ebnshkrua n\u00eb monumentin \u201cNew Born\u201d, nd\u00ebrsa para takimeve me udh\u00ebheqjen e vendit, i shoq\u00ebruar nga Presidenti Sejdiu, parakaloi para Gard\u00ebs s\u00eb Nderit.<\/p>\n<p>Fillimisht, president\u00ebt Sejdiu e Topi zhvilluan nj\u00eb takim t\u00eb ve\u00e7ant\u00eb, nd\u00ebrsa m\u00eb pas delegacionet n\u00eb p\u00ebrb\u00ebrje t\u00eb gjer\u00eb diskutuan p\u00ebr zhvillimet n\u00eb marr\u00ebdh\u00ebniet mes dy shteteve, p\u00ebr hapat q\u00eb do t\u00eb nd\u00ebrmerren n\u00eb vijim p\u00ebr intensifikimin dhe zgjerimin e m\u00ebtejsh\u00ebm t\u00eb k\u00ebtij bashk\u00ebpunimi, p\u00ebr gjendjen n\u00eb Kosov\u00eb, perspektivat e integrimit n\u00eb institucionet nd\u00ebrkomb\u00ebtare dhe nj\u00eb varg temash t\u00eb tjera.<\/p>\n<p>N\u00eb delegacionin e lart\u00eb shtet\u00ebror t\u00eb Shqip\u00ebris\u00eb, t\u00eb kryesuar nga presidenti Topi jan\u00eb edhe n\u00ebnkryetar\u00ebt e Kuvendit t\u00eb Shqip\u00ebris\u00eb, Ylli Bufi e Neritan Ceka, deputet\u00ebt Arta Dade, Besnik Mustafaj, Petro Ko\u00e7i, Edmond Spaho, Arben Malaj , Sali Shehu, Besnik Dervishi, si dhe Sabri Godo, Sami Shiba, drejtor p\u00ebr Kosov\u00ebn n\u00eb Ministrin\u00eb e Jashtme e zyrtar\u00eb t\u00eb tjer\u00eb. Delegacioni u shoq\u00ebrua edhe nga Arben \u00c7ejku, i ngarkuar me Pun\u00eb i Shqip\u00ebris\u00eb n\u00eb Kosov\u00eb.<\/p>\n<p>Pas takimit t\u00eb delegacioneve, t\u00eb dy president\u00ebt mbajt\u00ebn nj\u00eb konferenc\u00eb t\u00eb p\u00ebrbashk\u00ebt me gazetar\u00eb, transkriptimin e s\u00eb cil\u00ebs po e japim n\u00eb vijim:<\/p>\n<p>Presidenti Sejdiu: Shpreh k\u00ebnaq\u00ebsin\u00eb time q\u00eb sot kemi n\u00eb vizit\u00eb zyrtare n\u00eb Kosov\u00eb, Presidentin e Republik\u00ebs s\u00eb Shqip\u00ebris\u00eb, z. Bamir Topi bashk\u00eb me nj\u00eb delegacion t\u00eb nivelit t\u00eb lart shtet\u00ebror. Kjo \u00ebsht\u00eb vizita e par\u00eb q\u00eb Presidenti Topi b\u00ebn n\u00eb Kosov\u00ebn e pavarur.<\/p>\n<p>Dua t\u00eb them dhe t\u00eb shpreh fal\u00ebnderimet m\u00eb t\u00eb thella t\u00eb institucioneve dhe t\u00eb popullit t\u00eb Kosov\u00ebs p\u00ebr mb\u00ebshtetjen e jasht\u00ebzakonshme q\u00eb Republika e Shqip\u00ebris\u00eb, institucionet e shtetit, pozita dhe opozita dhe personalisht Presidenti Topi kan\u00eb dh\u00ebn\u00eb p\u00ebr Kosov\u00ebn edhe n\u00eb proceset para pavar\u00ebsimit, n\u00eb procese t\u00eb gjata kohore dhe n\u00eb rrug\u00ebn e m\u00ebtejshme t\u00eb zhvillimit t\u00eb shtetit t\u00eb pavarur dhe sovran t\u00eb Kosov\u00ebs duke pasur parasysh, po ashtu, bartjen t\u00eb themi n\u00eb nj\u00eb transmision t\u00eb natyrsh\u00ebm dhe tep\u00ebr pozitiv t\u00eb p\u00ebrvojave t\u00eb mira q\u00eb kan\u00eb n\u00eb ecjen n\u00eb proceset e integrimeve.<\/p>\n<p>Na g\u00ebzon fakti q\u00eb Republika e Shqip\u00ebris\u00eb ka nj\u00eb ekspansion n\u00eb zhvillimin ekonomik dhe n\u00eb zhvillimin e demokracis\u00eb q\u00eb shprehet m\u00eb s\u00eb miri n\u00eb pun\u00ebn e p\u00ebrgjithshme dhe t\u00eb p\u00ebrbashk\u00ebt t\u00eb institucioneve dhe n\u00eb k\u00ebt\u00eb kuad\u00ebr q\u00ebndrimi i p\u00ebrbashk\u00ebt i t\u00eb gjith\u00ebve p\u00ebr mb\u00ebshtetjen e Kosov\u00ebs.<\/p>\n<p>Na g\u00ebzon po ashtu fakti i r\u00ebnd\u00ebsish\u00ebm q\u00eb Republika e Shqip\u00ebris\u00eb n\u00eb k\u00ebt\u00eb pranver\u00ebn e k\u00ebtij viti t\u00eb mbar\u00eb q\u00eb jemi, pas vitit 2008 q\u00eb ishte vit historik p\u00ebr Kosov\u00ebn dhe p\u00ebr shqiptar\u00ebt, q\u00eb t\u00eb jet\u00eb edhe an\u00ebtare e NATO-s dhe t\u00eb shpejtoj\u00eb hapat e saj t\u00eb zhvillimit dhe t\u00eb ecjes drejt integrimit n\u00eb Bashkimin Evropian.<\/p>\n<p>P\u00ebr ne \u00ebsht\u00eb me r\u00ebnd\u00ebsi q\u00eb t\u00eb n\u00ebnvizojm\u00eb mb\u00ebshtetjen e ve\u00e7ant\u00eb q\u00eb ka dh\u00ebn\u00eb me t\u00eb gjith\u00eb rrjetin diplomatik n\u00eb bot\u00eb p\u00ebr t\u00eb nxitur vende mike p\u00ebr t\u00eb njohur Republik\u00ebn e Kosov\u00ebs dhe ky p\u00ebrkushtim dhe mb\u00ebshtetje do t\u00eb jet\u00eb edhe m\u00eb tej edhe n\u00eb proceset ekonomike edhe n\u00eb shkurtimet e rrug\u00ebve n\u00eb komunikimet sidomos me k\u00ebt\u00eb q\u00eb mund ta quajm\u00eb damari i jet\u00ebs ekonomike dhe jet\u00ebs s\u00eb p\u00ebrgjithshme me rrug\u00ebn Durr\u00ebs-Prishtin\u00eb- Merdar, q\u00eb edhe ne do t\u00eb b\u00ebjm\u00eb pun\u00ebn ton\u00eb.<\/p>\n<p><strong>Dhe i shpreh edhe nj\u00eb her\u00eb fal\u00ebnderimet m\u00eb t\u00eb thella.<\/strong><\/p>\n<p>Presidenti Topi: I dashur President, ju fal\u00ebnderoj p\u00ebr k\u00ebt\u00eb mikpritje v\u00ebllaz\u00ebrore q\u00eb po m\u00eb rezervoni n\u00eb Kosov\u00eb s\u00eb bashku me delegacionin e nivelit t\u00eb lart\u00eb q\u00eb un\u00eb kryesoj.<\/p>\n<p>Viti shkon mbar\u00eb kur fillon me Kosov\u00ebn. Kujtoj vizit\u00ebn time t\u00eb par\u00eb n\u00eb janarin e vitit 2008 n\u00eb prag t\u00eb shpalljes s\u00eb pavar\u00ebsis\u00eb tek i nj\u00ebjti ambient n\u00eb mos gaboj\u00eb m\u00eb \u00ebsht\u00eb b\u00ebr\u00eb pyetja kur do t\u00eb vjen moment i pavar\u00ebsis\u00eb s\u00eb Kosov\u00ebs.<\/p>\n<p>Ajo lexohej te t\u00eb gjith\u00eb, ishte n\u00eb mendjen e t\u00eb gjith\u00ebve, ishte n\u00eb zemr\u00ebn e t\u00eb gjith\u00ebve, shqiptohej nga t\u00eb gjith\u00eb dhe ai moment kishte ardhur dhe ne jemi shprehur n\u00eb m\u00ebnyr\u00eb figurative, por shum\u00eb realiste se \u00e7\u00ebshtja e pavar\u00ebsis\u00eb \u00ebsht\u00eb \u00e7\u00ebshtje or\u00ebsh.<\/p>\n<p>Un\u00eb nuk mund ta filloja vitin 2009 m\u00eb bukur sesa me nj\u00eb vizit\u00eb zyrtare n\u00eb Kosov\u00eb dhe k\u00ebt\u00eb e mund\u00ebsuat ju, z. President me nj\u00eb ftes\u00eb, un\u00eb ju fal\u00ebnderoj, dhe un\u00eb besoj se kjo vizit\u00eb b\u00ebhet n\u00eb nj\u00eb moment kur Kosova vazhdon t\u00eb konsolidoj\u00eb institucionet e veta dhe t\u00eb jet\u00eb pjes\u00eb e rrug\u00ebs s\u00eb p\u00ebrbashk\u00ebt euroatlantike.<\/p>\n<p>M\u00eb lejoni t\u2019ju fal\u00ebnderoj p\u00ebr t\u00eb gjith\u00eb at\u00eb sjellje t\u00eb nj\u00eb lidershipi per\u00ebndimor t\u00eb t\u00eb gjith\u00eb politikan\u00ebve kryesor\u00eb t\u00eb Kosov\u00ebs. Presidenti, Kryeministri, Qeveria e Kosov\u00ebs, Kuvendi kan\u00eb demonstruar n\u00eb situat\u00eb mjaft delikate t\u00eb administrimit dhe t\u00eb g\u00ebzimit t\u00eb momentit t\u00eb shpalljes s\u00eb pavar\u00ebsis\u00eb dhe t\u00eb ushtrimit t\u00eb t\u00eb gjitha kompetencave kushtetuese, duke i demonstruar bot\u00ebs s\u00eb p\u00ebrparuar q\u00eb Kosova i ka t\u00eb gjitha kapacitetet shtetformuese dhe shum\u00eb shpejt Kosova do t\u00eb jet\u00eb nj\u00eb partnere e denj\u00eb dhe e pandar\u00eb e rrug\u00ebs s\u00eb p\u00ebrbashk\u00ebt q\u00eb ne kemi p\u00ebr t\u2019u integruar n\u00eb Bashkimin Evropian dhe n\u00eb NATO.<\/p>\n<p>Ne kemi shum\u00eb gj\u00ebra p\u00ebr t\u00eb b\u00ebr\u00eb s\u00eb bashku, politika rajonale n\u00eb Ballkan\u00a0 ka ndryshuar shum\u00eb. Nuk \u00ebsht\u00eb vet\u00ebm nj\u00eb realitet i ri gjeopolitik, por \u00ebsht\u00eb edhe nj\u00eb d\u00ebshir\u00eb e madhe q\u00eb rajoni i Ballkanit Per\u00ebndimor t\u00eb mos jet\u00eb m\u00eb aren\u00eb e luft\u00ebrave nd\u00ebretnike. Ato jan\u00eb skenar\u00eb shum\u00eb t\u00eb vjetra dhe t\u00eb vdekura pavar\u00ebsisht nga rigjall\u00ebrimi n\u00eb zona t\u00eb caktuara i elementeve ultranacionaliste, tendenca bot\u00ebrore, tendenca evropianiste \u00ebsht\u00eb q\u00eb i gjith\u00eb rajoni i Ballkanit Per\u00ebndimor, Shqip\u00ebria, Kosova, Mali i Zi, Maqedonia dhe t\u00eb gjith\u00eb t\u00eb tjer\u00ebt n\u00eb rajon t\u00eb ken\u00eb nj\u00eb t\u00eb ardhme t\u00eb sigurt nd\u00ebrmjet nj\u00eb bashk\u00ebpunimi t\u00eb dialogut t\u00eb nivelit t\u00eb lart\u00eb politik, por edhe t\u00eb bashk\u00ebpunimit ekonomik.<\/p>\n<p>Un\u00eb jam i bindur q\u00eb Kosova t\u00eb gjitha institucionet e saj do t\u00eb din\u00eb t\u00eb respektojn\u00eb t\u00eb drejtat e pakicave mbi baza t\u00eb multietnicitetit. Pa dyshim e thash\u00eb edhe n\u00eb takimin q\u00eb pat\u00ebm s\u00eb bashku\u00a0 z. President, \u00e7\u00ebshtja e respektimit t\u00eb minoriteteve \u00ebsht\u00eb nj\u00eb \u00e7\u00ebshtje q\u00eb u takon t\u00eb gjith\u00ebve, sikurse institucionet\u00a0 e Evrop\u00ebs, K\u00ebshilli i Evrop\u00ebs, institucionet m\u00eb prestigjioze, k\u00ebrkojn\u00eb q\u00eb standardet p\u00ebr t\u00eb drejtat e minoriteteve duhet t\u00eb respektohen, ato duhet t\u00eb respektohen n\u00eb Shqip\u00ebri, n\u00eb Kosov\u00eb, por ato duhet t\u00eb respektohen edhe n\u00eb Preshev\u00eb. Pra, \u00e7\u00ebshtja e respektimit duhet t\u00eb jet\u00eb mbi baz\u00eb t\u00eb nj\u00eb vullneti politik p\u00ebr t\u2019i respektuar n\u00eb baz\u00eb t\u00eb standardeve, k\u00ebshtu q\u00eb ata q\u00eb mundohen q\u00eb t\u00eb japin leksione, nd\u00ebrkoh\u00eb q\u00eb\u00a0 krijojn\u00eb situata t\u00eb v\u00ebshtira duhet t\u00eb jen\u00eb t\u00eb par\u00ebt q\u00eb duhet t\u00eb bashk\u00ebpunojn\u00eb me shtetin legjitim t\u00eb pavarur, sovran dhe demokratik t\u00eb Kosov\u00ebs t\u00eb bashk\u00ebpunojn\u00eb p\u00ebr respektimin e t\u00eb gjitha standardeve.<\/p>\n<p>Un\u00eb e kam par\u00eb k\u00ebt\u00eb d\u00ebshir\u00eb te t\u00eb gjith\u00eb politikan\u00ebt e Kosov\u00ebs dhe uroj q\u00eb Kosova t\u00eb ket\u00eb nj\u00eb vit t\u00eb mbar\u00eb n\u00eb t\u00eb gjitha aspektet, n\u00eb zhvillimin ekonomik, n\u00eb zhvillimin e institucioneve dhe n\u00eb partneritet nd\u00ebrkomb\u00ebtar.<\/p>\n<p>Besoj se do t\u00eb jet\u00eb nj\u00eb vit, kur do t\u00eb rritet gjeografia e njohjes s\u00eb pavar\u00ebsis\u00eb s\u00eb Kosov\u00ebs, realiteti i Kosov\u00ebs \u00ebsht\u00eb i pakthyesh\u00ebm.<\/p>\n<p>Un\u00eb ju fal\u00ebnderoj edhe nj\u00eb her\u00eb z. President dhe ju siguroj q\u00eb Shqip\u00ebria, institucionet e saj do t\u00eb vazhdojn\u00eb t\u00eb nd\u00ebrtojn\u00eb marr\u00ebdh\u00ebnie intensive qoft\u00eb n\u00eb planin politik, institucional ekonomik dhe besoj q\u00eb p\u00ebrfundimi i aksit t\u00eb rrug\u00ebs q\u00eb lidh Durr\u00ebsin me Prishtin\u00ebn, me Merdarin do t\u00eb jet\u00eb nj\u00eb mund\u00ebsi tjet\u00ebr e madhe q\u00eb njer\u00ebzit t\u00eb l\u00ebvizin t\u00eb lir\u00eb, edhe n\u00ebnshkrimi i marr\u00ebveshjeve p\u00ebr l\u00ebvizjen e lir\u00eb t\u00eb qytetar\u00ebve q\u00eb do t\u00eb realizohet brenda tremujorit t\u00eb par\u00eb do t\u00eb jap\u00eb mund\u00ebsi t\u00eb m\u00ebdha q\u00eb t\u00eb ket\u00eb nj\u00eb komunikim\u00a0 natyral n\u00eb nj\u00eb ambient natyral.<\/p>\n<p>Duke iu p\u00ebrgjigjur pyetjeve t\u00eb gazetar\u00ebve, t\u00eb cil\u00ebt k\u00ebrkonin m\u00eb shum\u00eb holl\u00ebsi p\u00ebr marr\u00ebveshjen q\u00eb pritet t\u00eb b\u00ebhet n\u00eb tremujorin e par\u00eb p\u00ebr l\u00ebvizjen e lir\u00eb, pa pasaporta, n\u00eb mes dy vendeve, president\u00ebt theksuan:<\/p>\n<p>Topi: Natyrisht, marr\u00ebveshjet p\u00ebrpunohen nga ekspert\u00ebt, p\u00ebrpunohen n\u00eb qeverit\u00eb respektove. Ju siguroj se puna kryesore \u00ebsht\u00eb realizuar, mbetet vet\u00ebm p\u00ebr t\u2019u formalizuar dhe ju p\u00ebrfytyroni se regjimi i l\u00ebvizjes s\u00eb lir\u00eb ka t\u00eb b\u00ebj\u00eb me shum\u00eb aspekte t\u00eb karakterit administrativ dhe teknik, por ju siguroj\u00eb se do t\u00eb jet\u00eb nj\u00eb marr\u00ebveshje e nd\u00ebrtuar mir\u00eb n\u00eb holl\u00ebsi me shum\u00eb pika q\u00eb do t\u2019u jap\u00eb shansin t\u00eb gjith\u00eb qytetar\u00ebve q\u00eb t\u00eb l\u00ebvizin pa pengesa n\u00eb shum\u00eb drejtime, qoft\u00eb n\u00eb komoditetin e proceduarve administrative, qoft\u00eb n\u00eb problemet q\u00eb kan\u00eb t\u00eb b\u00ebjn\u00eb me fascilitetet p\u00ebr sigurimet p\u00ebr automjetet dhe t\u00eb gjitha me radh\u00eb.<\/p>\n<p>Presidenti Sejdiu: Un\u00eb vet\u00ebm do t\u00eb shtoj edhe dy elemente, duke u pajtuar plot\u00ebsisht me k\u00ebt\u00eb q\u00eb Presidenti Topi e tha, se \u00ebsht\u00eb tep\u00ebr e nevojshme q\u00eb t\u00eb japim nj\u00eb shembull t\u00eb ve\u00e7ant\u00eb t\u00eb nj\u00eb bashk\u00ebpunimi t\u00eb ngusht\u00eb t\u00eb vendeve t\u00eb rajonit. Ne mendojm\u00eb se do t\u00eb startojm\u00eb n\u00eb k\u00ebt\u00eb m\u00ebnyr\u00eb themi t\u00eb shartimit t\u00eb l\u00ebvizjes s\u00eb lir\u00eb t\u00eb qytetar\u00ebve pa pjes\u00ebn e formaliteteve q\u00eb mund t\u00eb jen\u00eb pjes\u00eb e pengesave administrative sikur kan\u00eb qen\u00eb ta z\u00ebm\u00eb \u00e7\u00ebshtja e pasaportave dhe kjo t\u00eb jet\u00eb nj\u00eb shembull n\u00eb komunikim edhe me vendet e tjera t\u00eb rajonit flas\u00eb me Malin e Zi dhe Republik\u00ebn e Maqedonis\u00eb p\u00ebr \u00e7ka do t\u00eb ket\u00eb nevoj\u00eb t\u00eb proceseve p\u00ebrgatitore, por t\u00eb b\u00ebjm\u00eb at\u00eb q\u00eb un\u00eb e kam dh\u00ebn\u00eb nj\u00eb ide dhe e kemi biseduar edhe me Presidentin Topi n\u00eb vizit\u00ebn time n\u00eb Republik\u00ebn e Shqip\u00ebris\u00eb, nj\u00eb minishengen i Evrop\u00ebs Juglindore.<\/p>\n<p>T\u00eb jet\u00eb nj\u00eb shembull i mir\u00eb q\u00eb qytetar\u00ebt t\u00eb l\u00ebvizin lirsh\u00ebm sikur q\u00eb l\u00ebvizin lirsh\u00ebm ver\u00ebs. Ju e dini q\u00eb nuk ka procedura pasaportash as p\u00ebr t\u00eb vizituar Ulqinin, as Sarand\u00ebn, as Vlor\u00ebn dhe ajo realizohet pa pengesa dhe \u00ebsht\u00eb fluksi m\u00eb i madh i qytetar\u00ebve dhe pse kjo t\u00eb mos b\u00ebhet edhe n\u00eb pjes\u00ebn tjet\u00ebr t\u00eb vitit dhe t\u00eb jet\u00eb nj\u00eb komunikim normal<\/p>\n<p><strong>Zyra e Presidentit t\u00eb Kosov\u00ebs <\/strong><\/p>\n<p><strong>\n\t\t<style type=\"text\/css\">\n\t\t\t#gallery-1 {\n\t\t\t\tmargin: auto;\n\t\t\t}\n\t\t\t#gallery-1 .gallery-item {\n\t\t\t\tfloat: left;\n\t\t\t\tmargin-top: 10px;\n\t\t\t\ttext-align: center;\n\t\t\t\twidth: 33%;\n\t\t\t}\n\t\t\t#gallery-1 img {\n\t\t\t\tborder: 2px solid #cfcfcf;\n\t\t\t}\n\t\t\t#gallery-1 .gallery-caption {\n\t\t\t\tmargin-left: 0;\n\t\t\t}\n\t\t\t\/* see gallery_shortcode() in wp-includes\/media.php *\/\n\t\t<\/style>\n\t\t<div id='gallery-1' class='gallery galleryid-8207 gallery-columns-3 gallery-size-thumbnail'><dl class='gallery-item'>\n\t\t\t<dt class='gallery-icon landscape'>\n\t\t\t\t<a href='https:\/\/www.visit-ulcinj.com\/blog\/wp-content\/uploads\/2009\/01\/sejdiu_topi_parakalimi.jpg'><img width=\"150\" height=\"150\" src=\"https:\/\/www.visit-ulcinj.com\/blog\/wp-content\/uploads\/2009\/01\/sejdiu_topi_parakalimi-150x150.jpg\" class=\"attachment-thumbnail size-thumbnail\" alt=\"\" loading=\"lazy\" \/><\/a>\n\t\t\t<\/dt><\/dl><dl class='gallery-item'>\n\t\t\t<dt class='gallery-icon landscape'>\n\t\t\t\t<a href='https:\/\/www.visit-ulcinj.com\/blog\/wp-content\/uploads\/2009\/01\/topi_sejdiu-1.jpg'><img width=\"150\" height=\"150\" src=\"https:\/\/www.visit-ulcinj.com\/blog\/wp-content\/uploads\/2009\/01\/topi_sejdiu-1-150x150.jpg\" class=\"attachment-thumbnail size-thumbnail\" alt=\"\" loading=\"lazy\" \/><\/a>\n\t\t\t<\/dt><\/dl><dl class='gallery-item'>\n\t\t\t<dt class='gallery-icon landscape'>\n\t\t\t\t<a href='https:\/\/www.visit-ulcinj.com\/blog\/wp-content\/uploads\/2009\/01\/topi_sejdiu-2.jpg'><img width=\"150\" height=\"150\" src=\"https:\/\/www.visit-ulcinj.com\/blog\/wp-content\/uploads\/2009\/01\/topi_sejdiu-2-150x150.jpg\" class=\"attachment-thumbnail size-thumbnail\" alt=\"\" loading=\"lazy\" \/><\/a>\n\t\t\t<\/dt><\/dl><br style=\"clear: both\" \/><dl class='gallery-item'>\n\t\t\t<dt class='gallery-icon landscape'>\n\t\t\t\t<a href='https:\/\/www.visit-ulcinj.com\/blog\/wp-content\/uploads\/2009\/01\/topi_sejdiu-3.jpg'><img width=\"150\" height=\"150\" src=\"https:\/\/www.visit-ulcinj.com\/blog\/wp-content\/uploads\/2009\/01\/topi_sejdiu-3-150x150.jpg\" class=\"attachment-thumbnail size-thumbnail\" alt=\"\" loading=\"lazy\" \/><\/a>\n\t\t\t<\/dt><\/dl><dl class='gallery-item'>\n\t\t\t<dt class='gallery-icon landscape'>\n\t\t\t\t<a href='https:\/\/www.visit-ulcinj.com\/blog\/wp-content\/uploads\/2009\/01\/topi_sejdiu.jpg'><img width=\"150\" height=\"150\" src=\"https:\/\/www.visit-ulcinj.com\/blog\/wp-content\/uploads\/2009\/01\/topi_sejdiu-150x150.jpg\" class=\"attachment-thumbnail size-thumbnail\" alt=\"\" loading=\"lazy\" \/><\/a>\n\t\t\t<\/dt><\/dl><dl class='gallery-item'>\n\t\t\t<dt class='gallery-icon landscape'>\n\t\t\t\t<a href='https:\/\/www.visit-ulcinj.com\/blog\/wp-content\/uploads\/2009\/01\/press_konferencasejdiu_topi.jpg'><img width=\"150\" height=\"150\" src=\"https:\/\/www.visit-ulcinj.com\/blog\/wp-content\/uploads\/2009\/01\/press_konferencasejdiu_topi-150x150.jpg\" class=\"attachment-thumbnail size-thumbnail\" alt=\"\" loading=\"lazy\" \/><\/a>\n\t\t\t<\/dt><\/dl><br style=\"clear: both\" \/>\n\t\t<\/div>\n<\/p>\n<p><\/strong><\/p>\n<p><strong><\/strong><\/p>\n<p><strong><\/strong><\/p>\n<p><strong>Video Top Channel<br \/>\n<\/strong><\/p>\n<p>[flv]http:\/\/shqiphost3.top-channel.tv\/18754796\/flv\/kronika\/topikosove08.flv[\/flv]<strong><br \/>\n<\/strong><\/p>\n","protected":false},"excerpt":{"rendered":"<p>Shqip\u00ebria dhe Kosova \u2013 shembull i bashk\u00ebpunimit dhe l\u00ebvizjes s\u00eb lir\u00eb n\u00eb rajon Me ftes\u00eb t\u00eb Presidentit t\u00eb Republik\u00ebs s\u00eb Kosov\u00ebs, dr. Fatmir Sejdiu, Presidenti i Shqip\u00ebris\u00eb, z. Bamir Topi, po q\u00ebndron p\u00ebr nj\u00eb vizit\u00eb dydit\u00ebshe n\u00eb Kosov\u00eb, n\u00eb krye t\u00eb nj\u00eb delegacioni t\u00eb gjer\u00eb t\u00eb p\u00ebrfaq\u00ebsuesve t\u00eb institucioneve t\u00eb Shqip\u00ebris\u00eb dhe p\u00ebrfaq\u00ebsuesve t\u00eb biznesit [&hellip;]<\/p>\n","protected":false},"author":1,"featured_media":0,"comment_status":"open","ping_status":"closed","sticky":false,"template":"","format":"standard","meta":{"spay_email":"","jetpack_publicize_message":"","jetpack_is_tweetstorm":false,"jetpack_publicize_feature_enabled":true},"categories":[14],"tags":[2416,56,61,49,50],"jetpack_publicize_connections":[],"yoast_head":"<!-- This site is optimized with the Yoast SEO plugin v19.1 - https:\/\/yoast.com\/wordpress\/plugins\/seo\/ -->\n<title>L\u00ebvizja e lir\u00eb n\u00eb rajon,bien kufinjte Shqiperi-Kosove - Lajme nga Ulqini<\/title>\n<meta name=\"description\" content=\"Shqip\u00ebria dhe Kosova \u2013 shembull i bashk\u00ebpunimit dhe l\u00ebvizjes s\u00eb lir\u00eb n\u00eb rajon Me ftes\u00eb t\u00eb Presidentit t\u00eb Republik\u00ebs s\u00eb Kosov\u00ebs, dr. Fatmir Sejdiu,\" \/>\n<meta name=\"robots\" content=\"index, follow, max-snippet:-1, max-image-preview:large, max-video-preview:-1\" \/>\n<link rel=\"canonical\" href=\"https:\/\/www.visit-ulcinj.com\/blog\/2009\/01\/08\/levizja-e-lire-ne-rajonbien-kufinjte-shqiperi-kosove\/\" \/>\n<meta property=\"og:locale\" content=\"en_US\" \/>\n<meta property=\"og:type\" content=\"article\" \/>\n<meta property=\"og:title\" content=\"L\u00ebvizja e lir\u00eb n\u00eb rajon,bien kufinjte Shqiperi-Kosove - Lajme nga Ulqini\" \/>\n<meta property=\"og:description\" content=\"Shqip\u00ebria dhe Kosova \u2013 shembull i bashk\u00ebpunimit dhe l\u00ebvizjes s\u00eb lir\u00eb n\u00eb rajon Me ftes\u00eb t\u00eb Presidentit t\u00eb Republik\u00ebs s\u00eb Kosov\u00ebs, dr. Fatmir Sejdiu,\" \/>\n<meta property=\"og:url\" content=\"https:\/\/www.visit-ulcinj.com\/blog\/2009\/01\/08\/levizja-e-lire-ne-rajonbien-kufinjte-shqiperi-kosove\/\" \/>\n<meta property=\"og:site_name\" content=\"Lajme nga Ulqini\" \/>\n<meta property=\"article:published_time\" content=\"2009-01-08T17:06:33+00:00\" \/>\n<meta property=\"article:modified_time\" content=\"2009-01-08T17:11:18+00:00\" \/>\n<meta property=\"og:image\" content=\"https:\/\/www.visit-ulcinj.com\/blog\/wp-content\/uploads\/2009\/01\/sejdiu_topi_parakalimi-150x150.jpg\" \/>\n<meta name=\"twitter:label1\" content=\"Written by\" \/>\n\t<meta name=\"twitter:data1\" content=\"ulqini\" \/>\n\t<meta name=\"twitter:label2\" content=\"Est. reading time\" \/>\n\t<meta name=\"twitter:data2\" content=\"10 minutes\" \/>\n<script type=\"application\/ld+json\" class=\"yoast-schema-graph\">{\"@context\":\"https:\/\/schema.org\",\"@graph\":[{\"@type\":\"WebSite\",\"@id\":\"https:\/\/www.visit-ulcinj.com\/blog\/#website\",\"url\":\"https:\/\/www.visit-ulcinj.com\/blog\/\",\"name\":\"Lajme nga Ulqini\",\"description\":\"Lajme,Vijesti,Ulqini,Ulqin,Crna Gora,Mali i Zi\",\"potentialAction\":[{\"@type\":\"SearchAction\",\"target\":{\"@type\":\"EntryPoint\",\"urlTemplate\":\"https:\/\/www.visit-ulcinj.com\/blog\/?s={search_term_string}\"},\"query-input\":\"required name=search_term_string\"}],\"inLanguage\":\"en-US\"},{\"@type\":\"ImageObject\",\"inLanguage\":\"en-US\",\"@id\":\"https:\/\/www.visit-ulcinj.com\/blog\/2009\/01\/08\/levizja-e-lire-ne-rajonbien-kufinjte-shqiperi-kosove\/#primaryimage\",\"url\":\"https:\/\/www.visit-ulcinj.com\/blog\/wp-content\/uploads\/2009\/01\/topi_sejdiu-3.jpg\",\"contentUrl\":\"https:\/\/www.visit-ulcinj.com\/blog\/wp-content\/uploads\/2009\/01\/topi_sejdiu-3.jpg\",\"width\":\"600\",\"height\":\"400\"},{\"@type\":\"WebPage\",\"@id\":\"https:\/\/www.visit-ulcinj.com\/blog\/2009\/01\/08\/levizja-e-lire-ne-rajonbien-kufinjte-shqiperi-kosove\/#webpage\",\"url\":\"https:\/\/www.visit-ulcinj.com\/blog\/2009\/01\/08\/levizja-e-lire-ne-rajonbien-kufinjte-shqiperi-kosove\/\",\"name\":\"L\u00ebvizja e lir\u00eb n\u00eb rajon,bien kufinjte Shqiperi-Kosove - Lajme nga Ulqini\",\"isPartOf\":{\"@id\":\"https:\/\/www.visit-ulcinj.com\/blog\/#website\"},\"primaryImageOfPage\":{\"@id\":\"https:\/\/www.visit-ulcinj.com\/blog\/2009\/01\/08\/levizja-e-lire-ne-rajonbien-kufinjte-shqiperi-kosove\/#primaryimage\"},\"datePublished\":\"2009-01-08T17:06:33+00:00\",\"dateModified\":\"2009-01-08T17:11:18+00:00\",\"author\":{\"@id\":\"https:\/\/www.visit-ulcinj.com\/blog\/#\/schema\/person\/dcab619c614d3038751c63bc2aadc06d\"},\"description\":\"Shqip\u00ebria dhe Kosova \u2013 shembull i bashk\u00ebpunimit dhe l\u00ebvizjes s\u00eb lir\u00eb n\u00eb rajon Me ftes\u00eb t\u00eb Presidentit t\u00eb Republik\u00ebs s\u00eb Kosov\u00ebs, dr. Fatmir Sejdiu,\",\"breadcrumb\":{\"@id\":\"https:\/\/www.visit-ulcinj.com\/blog\/2009\/01\/08\/levizja-e-lire-ne-rajonbien-kufinjte-shqiperi-kosove\/#breadcrumb\"},\"inLanguage\":\"en-US\",\"potentialAction\":[{\"@type\":\"ReadAction\",\"target\":[\"https:\/\/www.visit-ulcinj.com\/blog\/2009\/01\/08\/levizja-e-lire-ne-rajonbien-kufinjte-shqiperi-kosove\/\"]}]},{\"@type\":\"BreadcrumbList\",\"@id\":\"https:\/\/www.visit-ulcinj.com\/blog\/2009\/01\/08\/levizja-e-lire-ne-rajonbien-kufinjte-shqiperi-kosove\/#breadcrumb\",\"itemListElement\":[{\"@type\":\"ListItem\",\"position\":1,\"name\":\"L\u00ebvizja e lir\u00eb n\u00eb rajon,bien kufinjte Shqiperi-Kosove\"}]},{\"@type\":\"Person\",\"@id\":\"https:\/\/www.visit-ulcinj.com\/blog\/#\/schema\/person\/dcab619c614d3038751c63bc2aadc06d\",\"name\":\"ulqini\",\"sameAs\":[\"http:\/\/www.visit-ulcinj.com\"],\"url\":\"https:\/\/www.visit-ulcinj.com\/blog\/author\/admin\/\"}]}<\/script>\n<!-- \/ Yoast SEO plugin. -->","yoast_head_json":{"title":"L\u00ebvizja e lir\u00eb n\u00eb rajon,bien kufinjte Shqiperi-Kosove - Lajme nga Ulqini","description":"Shqip\u00ebria dhe Kosova \u2013 shembull i bashk\u00ebpunimit dhe l\u00ebvizjes s\u00eb lir\u00eb n\u00eb rajon Me ftes\u00eb t\u00eb Presidentit t\u00eb Republik\u00ebs s\u00eb Kosov\u00ebs, dr. Fatmir Sejdiu,","robots":{"index":"index","follow":"follow","max-snippet":"max-snippet:-1","max-image-preview":"max-image-preview:large","max-video-preview":"max-video-preview:-1"},"canonical":"https:\/\/www.visit-ulcinj.com\/blog\/2009\/01\/08\/levizja-e-lire-ne-rajonbien-kufinjte-shqiperi-kosove\/","og_locale":"en_US","og_type":"article","og_title":"L\u00ebvizja e lir\u00eb n\u00eb rajon,bien kufinjte Shqiperi-Kosove - Lajme nga Ulqini","og_description":"Shqip\u00ebria dhe Kosova \u2013 shembull i bashk\u00ebpunimit dhe l\u00ebvizjes s\u00eb lir\u00eb n\u00eb rajon Me ftes\u00eb t\u00eb Presidentit t\u00eb Republik\u00ebs s\u00eb Kosov\u00ebs, dr. Fatmir Sejdiu,","og_url":"https:\/\/www.visit-ulcinj.com\/blog\/2009\/01\/08\/levizja-e-lire-ne-rajonbien-kufinjte-shqiperi-kosove\/","og_site_name":"Lajme nga Ulqini","article_published_time":"2009-01-08T17:06:33+00:00","article_modified_time":"2009-01-08T17:11:18+00:00","og_image":[{"url":"https:\/\/www.visit-ulcinj.com\/blog\/wp-content\/uploads\/2009\/01\/sejdiu_topi_parakalimi-150x150.jpg"}],"twitter_misc":{"Written by":"ulqini","Est. reading time":"10 minutes"},"schema":{"@context":"https:\/\/schema.org","@graph":[{"@type":"WebSite","@id":"https:\/\/www.visit-ulcinj.com\/blog\/#website","url":"https:\/\/www.visit-ulcinj.com\/blog\/","name":"Lajme nga Ulqini","description":"Lajme,Vijesti,Ulqini,Ulqin,Crna Gora,Mali i Zi","potentialAction":[{"@type":"SearchAction","target":{"@type":"EntryPoint","urlTemplate":"https:\/\/www.visit-ulcinj.com\/blog\/?s={search_term_string}"},"query-input":"required name=search_term_string"}],"inLanguage":"en-US"},{"@type":"ImageObject","inLanguage":"en-US","@id":"https:\/\/www.visit-ulcinj.com\/blog\/2009\/01\/08\/levizja-e-lire-ne-rajonbien-kufinjte-shqiperi-kosove\/#primaryimage","url":"https:\/\/www.visit-ulcinj.com\/blog\/wp-content\/uploads\/2009\/01\/topi_sejdiu-3.jpg","contentUrl":"https:\/\/www.visit-ulcinj.com\/blog\/wp-content\/uploads\/2009\/01\/topi_sejdiu-3.jpg","width":"600","height":"400"},{"@type":"WebPage","@id":"https:\/\/www.visit-ulcinj.com\/blog\/2009\/01\/08\/levizja-e-lire-ne-rajonbien-kufinjte-shqiperi-kosove\/#webpage","url":"https:\/\/www.visit-ulcinj.com\/blog\/2009\/01\/08\/levizja-e-lire-ne-rajonbien-kufinjte-shqiperi-kosove\/","name":"L\u00ebvizja e lir\u00eb n\u00eb rajon,bien kufinjte Shqiperi-Kosove - Lajme nga Ulqini","isPartOf":{"@id":"https:\/\/www.visit-ulcinj.com\/blog\/#website"},"primaryImageOfPage":{"@id":"https:\/\/www.visit-ulcinj.com\/blog\/2009\/01\/08\/levizja-e-lire-ne-rajonbien-kufinjte-shqiperi-kosove\/#primaryimage"},"datePublished":"2009-01-08T17:06:33+00:00","dateModified":"2009-01-08T17:11:18+00:00","author":{"@id":"https:\/\/www.visit-ulcinj.com\/blog\/#\/schema\/person\/dcab619c614d3038751c63bc2aadc06d"},"description":"Shqip\u00ebria dhe Kosova \u2013 shembull i bashk\u00ebpunimit dhe l\u00ebvizjes s\u00eb lir\u00eb n\u00eb rajon Me ftes\u00eb t\u00eb Presidentit t\u00eb Republik\u00ebs s\u00eb Kosov\u00ebs, dr. Fatmir Sejdiu,","breadcrumb":{"@id":"https:\/\/www.visit-ulcinj.com\/blog\/2009\/01\/08\/levizja-e-lire-ne-rajonbien-kufinjte-shqiperi-kosove\/#breadcrumb"},"inLanguage":"en-US","potentialAction":[{"@type":"ReadAction","target":["https:\/\/www.visit-ulcinj.com\/blog\/2009\/01\/08\/levizja-e-lire-ne-rajonbien-kufinjte-shqiperi-kosove\/"]}]},{"@type":"BreadcrumbList","@id":"https:\/\/www.visit-ulcinj.com\/blog\/2009\/01\/08\/levizja-e-lire-ne-rajonbien-kufinjte-shqiperi-kosove\/#breadcrumb","itemListElement":[{"@type":"ListItem","position":1,"name":"L\u00ebvizja e lir\u00eb n\u00eb rajon,bien kufinjte Shqiperi-Kosove"}]},{"@type":"Person","@id":"https:\/\/www.visit-ulcinj.com\/blog\/#\/schema\/person\/dcab619c614d3038751c63bc2aadc06d","name":"ulqini","sameAs":["http:\/\/www.visit-ulcinj.com"],"url":"https:\/\/www.visit-ulcinj.com\/blog\/author\/admin\/"}]}},"jetpack_featured_media_url":"","jetpack_sharing_enabled":true,"jetpack_shortlink":"https:\/\/wp.me\/pe6lTn-28n","_links":{"self":[{"href":"https:\/\/www.visit-ulcinj.com\/blog\/wp-json\/wp\/v2\/posts\/8207"}],"collection":[{"href":"https:\/\/www.visit-ulcinj.com\/blog\/wp-json\/wp\/v2\/posts"}],"about":[{"href":"https:\/\/www.visit-ulcinj.com\/blog\/wp-json\/wp\/v2\/types\/post"}],"author":[{"embeddable":true,"href":"https:\/\/www.visit-ulcinj.com\/blog\/wp-json\/wp\/v2\/users\/1"}],"replies":[{"embeddable":true,"href":"https:\/\/www.visit-ulcinj.com\/blog\/wp-json\/wp\/v2\/comments?post=8207"}],"version-history":[{"count":0,"href":"https:\/\/www.visit-ulcinj.com\/blog\/wp-json\/wp\/v2\/posts\/8207\/revisions"}],"wp:attachment":[{"href":"https:\/\/www.visit-ulcinj.com\/blog\/wp-json\/wp\/v2\/media?parent=8207"}],"wp:term":[{"taxonomy":"category","embeddable":true,"href":"https:\/\/www.visit-ulcinj.com\/blog\/wp-json\/wp\/v2\/categories?post=8207"},{"taxonomy":"post_tag","embeddable":true,"href":"https:\/\/www.visit-ulcinj.com\/blog\/wp-json\/wp\/v2\/tags?post=8207"}],"curies":[{"name":"wp","href":"https:\/\/api.w.org\/{rel}","templated":true}]}}