{"id":82071,"date":"2014-04-30T07:46:19","date_gmt":"2014-04-30T06:46:19","guid":{"rendered":"http:\/\/www.visit-ulcinj.com\/blog\/?p=82071"},"modified":"2014-04-30T07:46:19","modified_gmt":"2014-04-30T06:46:19","slug":"subjektet-shqiptare-afer-marreveshjes-per-zgjedhjet-ne-podgorice-dhe-malesi","status":"publish","type":"post","link":"https:\/\/www.visit-ulcinj.com\/blog\/2014\/04\/30\/subjektet-shqiptare-afer-marreveshjes-per-zgjedhjet-ne-podgorice-dhe-malesi\/","title":{"rendered":"Subjektet shqiptare af\u00ebr marr\u00ebveshjes p\u00ebr zgjedhjet n\u00eb Podgoric\u00eb dhe Mal\u00ebsi"},"content":{"rendered":"<p><a href=\"http:\/\/www.visit-ulcinj.com\/blog\/wp-content\/uploads\/2014\/04\/atdheu1-0191.jpg\"><img loading=\"lazy\" class=\"alignleft  wp-image-82072\" alt=\"atdheu1-0191\" src=\"http:\/\/www.visit-ulcinj.com\/blog\/wp-content\/uploads\/2014\/04\/atdheu1-0191.jpg\" width=\"508\" height=\"360\" \/><\/a>Kat\u00ebr subjekte politike shqiptare, Iniciativa Qytetare, Forca, Alternativa Shqiptare dhe Lidhja Demokratike n\u00eb Mal t\u00eb Zi, kan\u00eb arritur nj\u00eb marr\u00ebveshje paraprake p\u00ebr pjes\u00ebmarrjen e p\u00ebrbashk\u00ebt n\u00eb zgjedhjet lokale n\u00eb Podgoric\u00eb dhe ato n\u00eb Komun\u00ebn urbane n\u00eb Tuzit, shkruan gazeta DN.<\/p>\n<p>Marr\u00ebveshjen e djeshme ka mbetur ta konfirmojn\u00eb udh\u00ebheq\u00ebsit\u00eb e k\u00ebtyre subjekteve, pas s\u00eb cil\u00ebs pritet q\u00eb k\u00ebto subjekte t\u00eb zyrtarizojn\u00eb koalicionin.<\/p>\n<p>\u201cJemi shum\u00eb af\u00ebr arritjes s\u00eb marr\u00ebveshjes. Mbet\u00ebt q\u00eb udh\u00ebheq\u00ebsit\u00eb e k\u00ebtyre subjekteve t\u00eb deklarohen, kurse m\u00eb pas t\u00eb zhvillohet edhe nj\u00eb takim, por marr\u00ebveshja p\u00ebr pjes\u00ebmarrje t\u00eb p\u00ebrbashk\u00ebt \u00ebsht\u00eb shum\u00eb af\u00ebr\u201d, tha nj\u00eb burim i DN.<\/p>\n<p>Disa dit\u00eb m\u00eb par\u00eb, dy subjekte tjera shqiptare, Unioni Demokratik i Shqiptar\u00ebve dhe Lista p\u00ebr Tuz kan\u00eb zyrtarizuar koalicionin me DPS-n\u00eb. \/MALESIA.ORG\/<\/p>\n","protected":false},"excerpt":{"rendered":"<p>Kat\u00ebr subjekte politike shqiptare, Iniciativa Qytetare, Forca, Alternativa Shqiptare dhe Lidhja Demokratike n\u00eb Mal t\u00eb Zi, kan\u00eb arritur nj\u00eb marr\u00ebveshje paraprake p\u00ebr pjes\u00ebmarrjen e p\u00ebrbashk\u00ebt n\u00eb zgjedhjet lokale n\u00eb Podgoric\u00eb dhe ato n\u00eb Komun\u00ebn urbane n\u00eb Tuzit, shkruan gazeta DN. Marr\u00ebveshjen e djeshme ka mbetur ta konfirmojn\u00eb udh\u00ebheq\u00ebsit\u00eb e k\u00ebtyre subjekteve, pas s\u00eb cil\u00ebs pritet [&hellip;]<\/p>\n","protected":false},"author":1,"featured_media":0,"comment_status":"closed","ping_status":"closed","sticky":false,"template":"","format":"standard","meta":{"spay_email":"","jetpack_publicize_message":"","jetpack_is_tweetstorm":false,"jetpack_publicize_feature_enabled":true},"categories":[14],"tags":[],"jetpack_publicize_connections":[],"yoast_head":"<!-- This site is optimized with the Yoast SEO plugin v19.1 - https:\/\/yoast.com\/wordpress\/plugins\/seo\/ -->\n<title>Subjektet shqiptare af\u00ebr marr\u00ebveshjes p\u00ebr zgjedhjet n\u00eb Podgoric\u00eb dhe Mal\u00ebsi - Lajme nga Ulqini<\/title>\n<meta name=\"description\" content=\"Kat\u00ebr subjekte politike shqiptare, Iniciativa Qytetare, Forca, Alternativa Shqiptare dhe Lidhja Demokratike n\u00eb Mal t\u00eb Zi, kan\u00eb arritur nj\u00eb marr\u00ebveshje\" \/>\n<meta name=\"robots\" content=\"index, follow, max-snippet:-1, max-image-preview:large, max-video-preview:-1\" \/>\n<link rel=\"canonical\" href=\"https:\/\/www.visit-ulcinj.com\/blog\/2014\/04\/30\/subjektet-shqiptare-afer-marreveshjes-per-zgjedhjet-ne-podgorice-dhe-malesi\/\" \/>\n<meta property=\"og:locale\" content=\"en_US\" \/>\n<meta property=\"og:type\" content=\"article\" \/>\n<meta property=\"og:title\" content=\"Subjektet shqiptare af\u00ebr marr\u00ebveshjes p\u00ebr zgjedhjet n\u00eb Podgoric\u00eb dhe Mal\u00ebsi - Lajme nga Ulqini\" \/>\n<meta property=\"og:description\" content=\"Kat\u00ebr subjekte politike shqiptare, Iniciativa Qytetare, Forca, Alternativa Shqiptare dhe Lidhja Demokratike n\u00eb Mal t\u00eb Zi, kan\u00eb arritur nj\u00eb marr\u00ebveshje\" \/>\n<meta property=\"og:url\" content=\"https:\/\/www.visit-ulcinj.com\/blog\/2014\/04\/30\/subjektet-shqiptare-afer-marreveshjes-per-zgjedhjet-ne-podgorice-dhe-malesi\/\" \/>\n<meta property=\"og:site_name\" content=\"Lajme nga Ulqini\" \/>\n<meta property=\"article:published_time\" content=\"2014-04-30T06:46:19+00:00\" \/>\n<meta property=\"og:image\" content=\"http:\/\/www.visit-ulcinj.com\/blog\/wp-content\/uploads\/2014\/04\/atdheu1-0191.jpg\" \/>\n<meta name=\"twitter:label1\" content=\"Written by\" \/>\n\t<meta name=\"twitter:data1\" content=\"ulqini\" \/>\n\t<meta name=\"twitter:label2\" content=\"Est. reading time\" \/>\n\t<meta name=\"twitter:data2\" content=\"1 minute\" \/>\n<script type=\"application\/ld+json\" class=\"yoast-schema-graph\">{\"@context\":\"https:\/\/schema.org\",\"@graph\":[{\"@type\":\"WebSite\",\"@id\":\"https:\/\/www.visit-ulcinj.com\/blog\/#website\",\"url\":\"https:\/\/www.visit-ulcinj.com\/blog\/\",\"name\":\"Lajme nga Ulqini\",\"description\":\"Lajme,Vijesti,Ulqini,Ulqin,Crna Gora,Mali i Zi\",\"potentialAction\":[{\"@type\":\"SearchAction\",\"target\":{\"@type\":\"EntryPoint\",\"urlTemplate\":\"https:\/\/www.visit-ulcinj.com\/blog\/?s={search_term_string}\"},\"query-input\":\"required name=search_term_string\"}],\"inLanguage\":\"en-US\"},{\"@type\":\"ImageObject\",\"inLanguage\":\"en-US\",\"@id\":\"https:\/\/www.visit-ulcinj.com\/blog\/2014\/04\/30\/subjektet-shqiptare-afer-marreveshjes-per-zgjedhjet-ne-podgorice-dhe-malesi\/#primaryimage\",\"url\":\"https:\/\/www.visit-ulcinj.com\/blog\/wp-content\/uploads\/2014\/04\/atdheu1-0191.jpg\",\"contentUrl\":\"https:\/\/www.visit-ulcinj.com\/blog\/wp-content\/uploads\/2014\/04\/atdheu1-0191.jpg\",\"width\":567,\"height\":425},{\"@type\":\"WebPage\",\"@id\":\"https:\/\/www.visit-ulcinj.com\/blog\/2014\/04\/30\/subjektet-shqiptare-afer-marreveshjes-per-zgjedhjet-ne-podgorice-dhe-malesi\/#webpage\",\"url\":\"https:\/\/www.visit-ulcinj.com\/blog\/2014\/04\/30\/subjektet-shqiptare-afer-marreveshjes-per-zgjedhjet-ne-podgorice-dhe-malesi\/\",\"name\":\"Subjektet shqiptare af\u00ebr marr\u00ebveshjes p\u00ebr zgjedhjet n\u00eb Podgoric\u00eb dhe Mal\u00ebsi - Lajme nga Ulqini\",\"isPartOf\":{\"@id\":\"https:\/\/www.visit-ulcinj.com\/blog\/#website\"},\"primaryImageOfPage\":{\"@id\":\"https:\/\/www.visit-ulcinj.com\/blog\/2014\/04\/30\/subjektet-shqiptare-afer-marreveshjes-per-zgjedhjet-ne-podgorice-dhe-malesi\/#primaryimage\"},\"datePublished\":\"2014-04-30T06:46:19+00:00\",\"dateModified\":\"2014-04-30T06:46:19+00:00\",\"author\":{\"@id\":\"https:\/\/www.visit-ulcinj.com\/blog\/#\/schema\/person\/dcab619c614d3038751c63bc2aadc06d\"},\"description\":\"Kat\u00ebr subjekte politike shqiptare, Iniciativa Qytetare, Forca, Alternativa Shqiptare dhe Lidhja Demokratike n\u00eb Mal t\u00eb Zi, kan\u00eb arritur nj\u00eb marr\u00ebveshje\",\"breadcrumb\":{\"@id\":\"https:\/\/www.visit-ulcinj.com\/blog\/2014\/04\/30\/subjektet-shqiptare-afer-marreveshjes-per-zgjedhjet-ne-podgorice-dhe-malesi\/#breadcrumb\"},\"inLanguage\":\"en-US\",\"potentialAction\":[{\"@type\":\"ReadAction\",\"target\":[\"https:\/\/www.visit-ulcinj.com\/blog\/2014\/04\/30\/subjektet-shqiptare-afer-marreveshjes-per-zgjedhjet-ne-podgorice-dhe-malesi\/\"]}]},{\"@type\":\"BreadcrumbList\",\"@id\":\"https:\/\/www.visit-ulcinj.com\/blog\/2014\/04\/30\/subjektet-shqiptare-afer-marreveshjes-per-zgjedhjet-ne-podgorice-dhe-malesi\/#breadcrumb\",\"itemListElement\":[{\"@type\":\"ListItem\",\"position\":1,\"name\":\"Subjektet shqiptare af\u00ebr marr\u00ebveshjes p\u00ebr zgjedhjet n\u00eb Podgoric\u00eb dhe Mal\u00ebsi\"}]},{\"@type\":\"Person\",\"@id\":\"https:\/\/www.visit-ulcinj.com\/blog\/#\/schema\/person\/dcab619c614d3038751c63bc2aadc06d\",\"name\":\"ulqini\",\"sameAs\":[\"http:\/\/www.visit-ulcinj.com\"],\"url\":\"https:\/\/www.visit-ulcinj.com\/blog\/author\/admin\/\"}]}<\/script>\n<!-- \/ Yoast SEO plugin. -->","yoast_head_json":{"title":"Subjektet shqiptare af\u00ebr marr\u00ebveshjes p\u00ebr zgjedhjet n\u00eb Podgoric\u00eb dhe Mal\u00ebsi - Lajme nga Ulqini","description":"Kat\u00ebr subjekte politike shqiptare, Iniciativa Qytetare, Forca, Alternativa Shqiptare dhe Lidhja Demokratike n\u00eb Mal t\u00eb Zi, kan\u00eb arritur nj\u00eb marr\u00ebveshje","robots":{"index":"index","follow":"follow","max-snippet":"max-snippet:-1","max-image-preview":"max-image-preview:large","max-video-preview":"max-video-preview:-1"},"canonical":"https:\/\/www.visit-ulcinj.com\/blog\/2014\/04\/30\/subjektet-shqiptare-afer-marreveshjes-per-zgjedhjet-ne-podgorice-dhe-malesi\/","og_locale":"en_US","og_type":"article","og_title":"Subjektet shqiptare af\u00ebr marr\u00ebveshjes p\u00ebr zgjedhjet n\u00eb Podgoric\u00eb dhe Mal\u00ebsi - Lajme nga Ulqini","og_description":"Kat\u00ebr subjekte politike shqiptare, Iniciativa Qytetare, Forca, Alternativa Shqiptare dhe Lidhja Demokratike n\u00eb Mal t\u00eb Zi, kan\u00eb arritur nj\u00eb marr\u00ebveshje","og_url":"https:\/\/www.visit-ulcinj.com\/blog\/2014\/04\/30\/subjektet-shqiptare-afer-marreveshjes-per-zgjedhjet-ne-podgorice-dhe-malesi\/","og_site_name":"Lajme nga Ulqini","article_published_time":"2014-04-30T06:46:19+00:00","og_image":[{"url":"http:\/\/www.visit-ulcinj.com\/blog\/wp-content\/uploads\/2014\/04\/atdheu1-0191.jpg"}],"twitter_misc":{"Written by":"ulqini","Est. reading time":"1 minute"},"schema":{"@context":"https:\/\/schema.org","@graph":[{"@type":"WebSite","@id":"https:\/\/www.visit-ulcinj.com\/blog\/#website","url":"https:\/\/www.visit-ulcinj.com\/blog\/","name":"Lajme nga Ulqini","description":"Lajme,Vijesti,Ulqini,Ulqin,Crna Gora,Mali i Zi","potentialAction":[{"@type":"SearchAction","target":{"@type":"EntryPoint","urlTemplate":"https:\/\/www.visit-ulcinj.com\/blog\/?s={search_term_string}"},"query-input":"required name=search_term_string"}],"inLanguage":"en-US"},{"@type":"ImageObject","inLanguage":"en-US","@id":"https:\/\/www.visit-ulcinj.com\/blog\/2014\/04\/30\/subjektet-shqiptare-afer-marreveshjes-per-zgjedhjet-ne-podgorice-dhe-malesi\/#primaryimage","url":"https:\/\/www.visit-ulcinj.com\/blog\/wp-content\/uploads\/2014\/04\/atdheu1-0191.jpg","contentUrl":"https:\/\/www.visit-ulcinj.com\/blog\/wp-content\/uploads\/2014\/04\/atdheu1-0191.jpg","width":567,"height":425},{"@type":"WebPage","@id":"https:\/\/www.visit-ulcinj.com\/blog\/2014\/04\/30\/subjektet-shqiptare-afer-marreveshjes-per-zgjedhjet-ne-podgorice-dhe-malesi\/#webpage","url":"https:\/\/www.visit-ulcinj.com\/blog\/2014\/04\/30\/subjektet-shqiptare-afer-marreveshjes-per-zgjedhjet-ne-podgorice-dhe-malesi\/","name":"Subjektet shqiptare af\u00ebr marr\u00ebveshjes p\u00ebr zgjedhjet n\u00eb Podgoric\u00eb dhe Mal\u00ebsi - Lajme nga Ulqini","isPartOf":{"@id":"https:\/\/www.visit-ulcinj.com\/blog\/#website"},"primaryImageOfPage":{"@id":"https:\/\/www.visit-ulcinj.com\/blog\/2014\/04\/30\/subjektet-shqiptare-afer-marreveshjes-per-zgjedhjet-ne-podgorice-dhe-malesi\/#primaryimage"},"datePublished":"2014-04-30T06:46:19+00:00","dateModified":"2014-04-30T06:46:19+00:00","author":{"@id":"https:\/\/www.visit-ulcinj.com\/blog\/#\/schema\/person\/dcab619c614d3038751c63bc2aadc06d"},"description":"Kat\u00ebr subjekte politike shqiptare, Iniciativa Qytetare, Forca, Alternativa Shqiptare dhe Lidhja Demokratike n\u00eb Mal t\u00eb Zi, kan\u00eb arritur nj\u00eb marr\u00ebveshje","breadcrumb":{"@id":"https:\/\/www.visit-ulcinj.com\/blog\/2014\/04\/30\/subjektet-shqiptare-afer-marreveshjes-per-zgjedhjet-ne-podgorice-dhe-malesi\/#breadcrumb"},"inLanguage":"en-US","potentialAction":[{"@type":"ReadAction","target":["https:\/\/www.visit-ulcinj.com\/blog\/2014\/04\/30\/subjektet-shqiptare-afer-marreveshjes-per-zgjedhjet-ne-podgorice-dhe-malesi\/"]}]},{"@type":"BreadcrumbList","@id":"https:\/\/www.visit-ulcinj.com\/blog\/2014\/04\/30\/subjektet-shqiptare-afer-marreveshjes-per-zgjedhjet-ne-podgorice-dhe-malesi\/#breadcrumb","itemListElement":[{"@type":"ListItem","position":1,"name":"Subjektet shqiptare af\u00ebr marr\u00ebveshjes p\u00ebr zgjedhjet n\u00eb Podgoric\u00eb dhe Mal\u00ebsi"}]},{"@type":"Person","@id":"https:\/\/www.visit-ulcinj.com\/blog\/#\/schema\/person\/dcab619c614d3038751c63bc2aadc06d","name":"ulqini","sameAs":["http:\/\/www.visit-ulcinj.com"],"url":"https:\/\/www.visit-ulcinj.com\/blog\/author\/admin\/"}]}},"jetpack_featured_media_url":"","jetpack_sharing_enabled":true,"jetpack_shortlink":"https:\/\/wp.me\/pe6lTn-llJ","_links":{"self":[{"href":"https:\/\/www.visit-ulcinj.com\/blog\/wp-json\/wp\/v2\/posts\/82071"}],"collection":[{"href":"https:\/\/www.visit-ulcinj.com\/blog\/wp-json\/wp\/v2\/posts"}],"about":[{"href":"https:\/\/www.visit-ulcinj.com\/blog\/wp-json\/wp\/v2\/types\/post"}],"author":[{"embeddable":true,"href":"https:\/\/www.visit-ulcinj.com\/blog\/wp-json\/wp\/v2\/users\/1"}],"replies":[{"embeddable":true,"href":"https:\/\/www.visit-ulcinj.com\/blog\/wp-json\/wp\/v2\/comments?post=82071"}],"version-history":[{"count":1,"href":"https:\/\/www.visit-ulcinj.com\/blog\/wp-json\/wp\/v2\/posts\/82071\/revisions"}],"predecessor-version":[{"id":82073,"href":"https:\/\/www.visit-ulcinj.com\/blog\/wp-json\/wp\/v2\/posts\/82071\/revisions\/82073"}],"wp:attachment":[{"href":"https:\/\/www.visit-ulcinj.com\/blog\/wp-json\/wp\/v2\/media?parent=82071"}],"wp:term":[{"taxonomy":"category","embeddable":true,"href":"https:\/\/www.visit-ulcinj.com\/blog\/wp-json\/wp\/v2\/categories?post=82071"},{"taxonomy":"post_tag","embeddable":true,"href":"https:\/\/www.visit-ulcinj.com\/blog\/wp-json\/wp\/v2\/tags?post=82071"}],"curies":[{"name":"wp","href":"https:\/\/api.w.org\/{rel}","templated":true}]}}