{"id":82077,"date":"2014-04-30T14:45:20","date_gmt":"2014-04-30T13:45:20","guid":{"rendered":"http:\/\/www.visit-ulcinj.com\/blog\/?p=82077"},"modified":"2014-04-30T14:45:20","modified_gmt":"2014-04-30T13:45:20","slug":"tri-osobe-osumnjicene-da-su-krali-cesme-tus-baterije","status":"publish","type":"post","link":"https:\/\/www.visit-ulcinj.com\/blog\/2014\/04\/30\/tri-osobe-osumnjicene-da-su-krali-cesme-tus-baterije\/","title":{"rendered":"Tri osobe osumnji\u010dene da su krali \u010desme i tu\u0161 baterije"},"content":{"rendered":"<p><strong><a href=\"http:\/\/www.visit-ulcinj.com\/blog\/wp-content\/uploads\/2012\/11\/Uprava-policije-ulcinj.jpg\"><img loading=\"lazy\" class=\"alignleft  wp-image-65743\" alt=\"Uprava-policije-ulcinj\" src=\"http:\/\/www.visit-ulcinj.com\/blog\/wp-content\/uploads\/2012\/11\/Uprava-policije-ulcinj.jpg\" width=\"282\" height=\"349\" srcset=\"https:\/\/www.visit-ulcinj.com\/blog\/wp-content\/uploads\/2012\/11\/Uprava-policije-ulcinj.jpg 282w, https:\/\/www.visit-ulcinj.com\/blog\/wp-content\/uploads\/2012\/11\/Uprava-policije-ulcinj-242x300.jpg 242w\" sizes=\"(max-width: 282px) 100vw, 282px\" \/><\/a>PODGORICA \u2013 Albanski dr\u017eavljani I.S. (18), A.S. (20) i M.B. (18) uhap\u0161eni su u nedjelju zbog sumnje da su od 22. do 24. aprila, iz ku\u0107a dva sugra\u0111ana u Ulcinju, nakon obijanja, ukrali mesingane \u010desme, tu\u0161 baterije i frigo motore.<\/strong><\/p>\n<p>Osumnji\u010deni su za dva krivi\u010dna djela te\u0161ka kra\u0111a.<\/p>\n<p>Kako su saop\u0161tili iz Uprave policije, kod osumnji\u010denih su prona\u0111eni ukradeni predmeti koji \u0107e biti vra\u0107eni vlasnicima. Obavije\u0161teno je tu\u017eila\u0161tvo.<\/p>\n<p><em><b>M.Bu.<\/b><\/em><\/p>\n<p><strong>Izvor: Pobjeda<\/strong><\/p>\n","protected":false},"excerpt":{"rendered":"<p>PODGORICA \u2013 Albanski dr\u017eavljani I.S. (18), A.S. (20) i M.B. (18) uhap\u0161eni su u nedjelju zbog sumnje da su od 22. do 24. aprila, iz ku\u0107a dva sugra\u0111ana u Ulcinju, nakon obijanja, ukrali mesingane \u010desme, tu\u0161 baterije i frigo motore. Osumnji\u010deni su za dva krivi\u010dna djela te\u0161ka kra\u0111a. Kako su saop\u0161tili iz Uprave policije, kod [&hellip;]<\/p>\n","protected":false},"author":1,"featured_media":0,"comment_status":"closed","ping_status":"closed","sticky":false,"template":"","format":"standard","meta":{"spay_email":"","jetpack_publicize_message":"","jetpack_is_tweetstorm":false,"jetpack_publicize_feature_enabled":true},"categories":[6950],"tags":[],"jetpack_publicize_connections":[],"yoast_head":"<!-- This site is optimized with the Yoast SEO plugin v19.1 - https:\/\/yoast.com\/wordpress\/plugins\/seo\/ -->\n<title>Tri osobe osumnji\u010dene da su krali \u010desme i tu\u0161 baterije - Lajme nga Ulqini<\/title>\n<meta name=\"description\" content=\"PODGORICA \u2013 Albanski dr\u017eavljani I.S. (18), A.S. (20) i M.B. (18) uhap\u0161eni su u nedjelju zbog sumnje da su od 22. do 24. aprila, iz ku\u0107a dva sugra\u0111ana u\" \/>\n<meta name=\"robots\" content=\"index, follow, max-snippet:-1, max-image-preview:large, max-video-preview:-1\" \/>\n<link rel=\"canonical\" href=\"https:\/\/www.visit-ulcinj.com\/blog\/2014\/04\/30\/tri-osobe-osumnjicene-da-su-krali-cesme-tus-baterije\/\" \/>\n<meta property=\"og:locale\" content=\"en_US\" \/>\n<meta property=\"og:type\" content=\"article\" \/>\n<meta property=\"og:title\" content=\"Tri osobe osumnji\u010dene da su krali \u010desme i tu\u0161 baterije - Lajme nga Ulqini\" \/>\n<meta property=\"og:description\" content=\"PODGORICA \u2013 Albanski dr\u017eavljani I.S. (18), A.S. (20) i M.B. (18) uhap\u0161eni su u nedjelju zbog sumnje da su od 22. do 24. aprila, iz ku\u0107a dva sugra\u0111ana u\" \/>\n<meta property=\"og:url\" content=\"https:\/\/www.visit-ulcinj.com\/blog\/2014\/04\/30\/tri-osobe-osumnjicene-da-su-krali-cesme-tus-baterije\/\" \/>\n<meta property=\"og:site_name\" content=\"Lajme nga Ulqini\" \/>\n<meta property=\"article:published_time\" content=\"2014-04-30T13:45:20+00:00\" \/>\n<meta property=\"og:image\" content=\"http:\/\/www.visit-ulcinj.com\/blog\/wp-content\/uploads\/2012\/11\/Uprava-policije-ulcinj.jpg\" \/>\n<meta name=\"twitter:label1\" content=\"Written by\" \/>\n\t<meta name=\"twitter:data1\" content=\"ulqini\" \/>\n<script type=\"application\/ld+json\" class=\"yoast-schema-graph\">{\"@context\":\"https:\/\/schema.org\",\"@graph\":[{\"@type\":\"WebSite\",\"@id\":\"https:\/\/www.visit-ulcinj.com\/blog\/#website\",\"url\":\"https:\/\/www.visit-ulcinj.com\/blog\/\",\"name\":\"Lajme nga Ulqini\",\"description\":\"Lajme,Vijesti,Ulqini,Ulqin,Crna Gora,Mali i Zi\",\"potentialAction\":[{\"@type\":\"SearchAction\",\"target\":{\"@type\":\"EntryPoint\",\"urlTemplate\":\"https:\/\/www.visit-ulcinj.com\/blog\/?s={search_term_string}\"},\"query-input\":\"required name=search_term_string\"}],\"inLanguage\":\"en-US\"},{\"@type\":\"ImageObject\",\"inLanguage\":\"en-US\",\"@id\":\"https:\/\/www.visit-ulcinj.com\/blog\/2014\/04\/30\/tri-osobe-osumnjicene-da-su-krali-cesme-tus-baterije\/#primaryimage\",\"url\":\"https:\/\/www.visit-ulcinj.com\/blog\/wp-content\/uploads\/2012\/11\/Uprava-policije-ulcinj.jpg\",\"contentUrl\":\"https:\/\/www.visit-ulcinj.com\/blog\/wp-content\/uploads\/2012\/11\/Uprava-policije-ulcinj.jpg\",\"width\":\"282\",\"height\":\"349\"},{\"@type\":\"WebPage\",\"@id\":\"https:\/\/www.visit-ulcinj.com\/blog\/2014\/04\/30\/tri-osobe-osumnjicene-da-su-krali-cesme-tus-baterije\/#webpage\",\"url\":\"https:\/\/www.visit-ulcinj.com\/blog\/2014\/04\/30\/tri-osobe-osumnjicene-da-su-krali-cesme-tus-baterije\/\",\"name\":\"Tri osobe osumnji\u010dene da su krali \u010desme i tu\u0161 baterije - Lajme nga Ulqini\",\"isPartOf\":{\"@id\":\"https:\/\/www.visit-ulcinj.com\/blog\/#website\"},\"primaryImageOfPage\":{\"@id\":\"https:\/\/www.visit-ulcinj.com\/blog\/2014\/04\/30\/tri-osobe-osumnjicene-da-su-krali-cesme-tus-baterije\/#primaryimage\"},\"datePublished\":\"2014-04-30T13:45:20+00:00\",\"dateModified\":\"2014-04-30T13:45:20+00:00\",\"author\":{\"@id\":\"https:\/\/www.visit-ulcinj.com\/blog\/#\/schema\/person\/dcab619c614d3038751c63bc2aadc06d\"},\"description\":\"PODGORICA \u2013 Albanski dr\u017eavljani I.S. (18), A.S. (20) i M.B. (18) uhap\u0161eni su u nedjelju zbog sumnje da su od 22. do 24. aprila, iz ku\u0107a dva sugra\u0111ana u\",\"breadcrumb\":{\"@id\":\"https:\/\/www.visit-ulcinj.com\/blog\/2014\/04\/30\/tri-osobe-osumnjicene-da-su-krali-cesme-tus-baterije\/#breadcrumb\"},\"inLanguage\":\"en-US\",\"potentialAction\":[{\"@type\":\"ReadAction\",\"target\":[\"https:\/\/www.visit-ulcinj.com\/blog\/2014\/04\/30\/tri-osobe-osumnjicene-da-su-krali-cesme-tus-baterije\/\"]}]},{\"@type\":\"BreadcrumbList\",\"@id\":\"https:\/\/www.visit-ulcinj.com\/blog\/2014\/04\/30\/tri-osobe-osumnjicene-da-su-krali-cesme-tus-baterije\/#breadcrumb\",\"itemListElement\":[{\"@type\":\"ListItem\",\"position\":1,\"name\":\"Tri osobe osumnji\u010dene da su krali \u010desme i tu\u0161 baterije\"}]},{\"@type\":\"Person\",\"@id\":\"https:\/\/www.visit-ulcinj.com\/blog\/#\/schema\/person\/dcab619c614d3038751c63bc2aadc06d\",\"name\":\"ulqini\",\"sameAs\":[\"http:\/\/www.visit-ulcinj.com\"],\"url\":\"https:\/\/www.visit-ulcinj.com\/blog\/author\/admin\/\"}]}<\/script>\n<!-- \/ Yoast SEO plugin. -->","yoast_head_json":{"title":"Tri osobe osumnji\u010dene da su krali \u010desme i tu\u0161 baterije - Lajme nga Ulqini","description":"PODGORICA \u2013 Albanski dr\u017eavljani I.S. (18), A.S. (20) i M.B. (18) uhap\u0161eni su u nedjelju zbog sumnje da su od 22. do 24. aprila, iz ku\u0107a dva sugra\u0111ana u","robots":{"index":"index","follow":"follow","max-snippet":"max-snippet:-1","max-image-preview":"max-image-preview:large","max-video-preview":"max-video-preview:-1"},"canonical":"https:\/\/www.visit-ulcinj.com\/blog\/2014\/04\/30\/tri-osobe-osumnjicene-da-su-krali-cesme-tus-baterije\/","og_locale":"en_US","og_type":"article","og_title":"Tri osobe osumnji\u010dene da su krali \u010desme i tu\u0161 baterije - Lajme nga Ulqini","og_description":"PODGORICA \u2013 Albanski dr\u017eavljani I.S. (18), A.S. (20) i M.B. (18) uhap\u0161eni su u nedjelju zbog sumnje da su od 22. do 24. aprila, iz ku\u0107a dva sugra\u0111ana u","og_url":"https:\/\/www.visit-ulcinj.com\/blog\/2014\/04\/30\/tri-osobe-osumnjicene-da-su-krali-cesme-tus-baterije\/","og_site_name":"Lajme nga Ulqini","article_published_time":"2014-04-30T13:45:20+00:00","og_image":[{"url":"http:\/\/www.visit-ulcinj.com\/blog\/wp-content\/uploads\/2012\/11\/Uprava-policije-ulcinj.jpg"}],"twitter_misc":{"Written by":"ulqini"},"schema":{"@context":"https:\/\/schema.org","@graph":[{"@type":"WebSite","@id":"https:\/\/www.visit-ulcinj.com\/blog\/#website","url":"https:\/\/www.visit-ulcinj.com\/blog\/","name":"Lajme nga Ulqini","description":"Lajme,Vijesti,Ulqini,Ulqin,Crna Gora,Mali i Zi","potentialAction":[{"@type":"SearchAction","target":{"@type":"EntryPoint","urlTemplate":"https:\/\/www.visit-ulcinj.com\/blog\/?s={search_term_string}"},"query-input":"required name=search_term_string"}],"inLanguage":"en-US"},{"@type":"ImageObject","inLanguage":"en-US","@id":"https:\/\/www.visit-ulcinj.com\/blog\/2014\/04\/30\/tri-osobe-osumnjicene-da-su-krali-cesme-tus-baterije\/#primaryimage","url":"https:\/\/www.visit-ulcinj.com\/blog\/wp-content\/uploads\/2012\/11\/Uprava-policije-ulcinj.jpg","contentUrl":"https:\/\/www.visit-ulcinj.com\/blog\/wp-content\/uploads\/2012\/11\/Uprava-policije-ulcinj.jpg","width":"282","height":"349"},{"@type":"WebPage","@id":"https:\/\/www.visit-ulcinj.com\/blog\/2014\/04\/30\/tri-osobe-osumnjicene-da-su-krali-cesme-tus-baterije\/#webpage","url":"https:\/\/www.visit-ulcinj.com\/blog\/2014\/04\/30\/tri-osobe-osumnjicene-da-su-krali-cesme-tus-baterije\/","name":"Tri osobe osumnji\u010dene da su krali \u010desme i tu\u0161 baterije - Lajme nga Ulqini","isPartOf":{"@id":"https:\/\/www.visit-ulcinj.com\/blog\/#website"},"primaryImageOfPage":{"@id":"https:\/\/www.visit-ulcinj.com\/blog\/2014\/04\/30\/tri-osobe-osumnjicene-da-su-krali-cesme-tus-baterije\/#primaryimage"},"datePublished":"2014-04-30T13:45:20+00:00","dateModified":"2014-04-30T13:45:20+00:00","author":{"@id":"https:\/\/www.visit-ulcinj.com\/blog\/#\/schema\/person\/dcab619c614d3038751c63bc2aadc06d"},"description":"PODGORICA \u2013 Albanski dr\u017eavljani I.S. (18), A.S. (20) i M.B. (18) uhap\u0161eni su u nedjelju zbog sumnje da su od 22. do 24. aprila, iz ku\u0107a dva sugra\u0111ana u","breadcrumb":{"@id":"https:\/\/www.visit-ulcinj.com\/blog\/2014\/04\/30\/tri-osobe-osumnjicene-da-su-krali-cesme-tus-baterije\/#breadcrumb"},"inLanguage":"en-US","potentialAction":[{"@type":"ReadAction","target":["https:\/\/www.visit-ulcinj.com\/blog\/2014\/04\/30\/tri-osobe-osumnjicene-da-su-krali-cesme-tus-baterije\/"]}]},{"@type":"BreadcrumbList","@id":"https:\/\/www.visit-ulcinj.com\/blog\/2014\/04\/30\/tri-osobe-osumnjicene-da-su-krali-cesme-tus-baterije\/#breadcrumb","itemListElement":[{"@type":"ListItem","position":1,"name":"Tri osobe osumnji\u010dene da su krali \u010desme i tu\u0161 baterije"}]},{"@type":"Person","@id":"https:\/\/www.visit-ulcinj.com\/blog\/#\/schema\/person\/dcab619c614d3038751c63bc2aadc06d","name":"ulqini","sameAs":["http:\/\/www.visit-ulcinj.com"],"url":"https:\/\/www.visit-ulcinj.com\/blog\/author\/admin\/"}]}},"jetpack_featured_media_url":"","jetpack_sharing_enabled":true,"jetpack_shortlink":"https:\/\/wp.me\/pe6lTn-llP","_links":{"self":[{"href":"https:\/\/www.visit-ulcinj.com\/blog\/wp-json\/wp\/v2\/posts\/82077"}],"collection":[{"href":"https:\/\/www.visit-ulcinj.com\/blog\/wp-json\/wp\/v2\/posts"}],"about":[{"href":"https:\/\/www.visit-ulcinj.com\/blog\/wp-json\/wp\/v2\/types\/post"}],"author":[{"embeddable":true,"href":"https:\/\/www.visit-ulcinj.com\/blog\/wp-json\/wp\/v2\/users\/1"}],"replies":[{"embeddable":true,"href":"https:\/\/www.visit-ulcinj.com\/blog\/wp-json\/wp\/v2\/comments?post=82077"}],"version-history":[{"count":1,"href":"https:\/\/www.visit-ulcinj.com\/blog\/wp-json\/wp\/v2\/posts\/82077\/revisions"}],"predecessor-version":[{"id":82078,"href":"https:\/\/www.visit-ulcinj.com\/blog\/wp-json\/wp\/v2\/posts\/82077\/revisions\/82078"}],"wp:attachment":[{"href":"https:\/\/www.visit-ulcinj.com\/blog\/wp-json\/wp\/v2\/media?parent=82077"}],"wp:term":[{"taxonomy":"category","embeddable":true,"href":"https:\/\/www.visit-ulcinj.com\/blog\/wp-json\/wp\/v2\/categories?post=82077"},{"taxonomy":"post_tag","embeddable":true,"href":"https:\/\/www.visit-ulcinj.com\/blog\/wp-json\/wp\/v2\/tags?post=82077"}],"curies":[{"name":"wp","href":"https:\/\/api.w.org\/{rel}","templated":true}]}}