{"id":82092,"date":"2014-05-01T17:30:32","date_gmt":"2014-05-01T16:30:32","guid":{"rendered":"http:\/\/www.visit-ulcinj.com\/blog\/?p=82092"},"modified":"2014-05-01T17:30:32","modified_gmt":"2014-05-01T16:30:32","slug":"presidenti-james-oddo-takon-perfaqesuesin-e-komunitetit-shqiptar-nga-ulqini","status":"publish","type":"post","link":"https:\/\/www.visit-ulcinj.com\/blog\/2014\/05\/01\/presidenti-james-oddo-takon-perfaqesuesin-e-komunitetit-shqiptar-nga-ulqini\/","title":{"rendered":"Presidenti James Oddo takon p\u00ebrfaq\u00ebsuesin e komunitetit shqiptar nga Ulqini"},"content":{"rendered":"<div data-ft=\"{&quot;tn&quot;:&quot;K&quot;}\">\n<p><strong><a href=\"http:\/\/www.visit-ulcinj.com\/blog\/wp-content\/uploads\/2014\/05\/komunitetit-shqiptar\u00eb-n\u00eb-Staten-Island-me-Presidentin-James-Oddo.jpg\"><img loading=\"lazy\" class=\"alignleft  wp-image-82093\" alt=\"komunitetit shqiptar\u00eb n\u00eb Staten Island me Presidentin James Oddo\" src=\"http:\/\/www.visit-ulcinj.com\/blog\/wp-content\/uploads\/2014\/05\/komunitetit-shqiptar\u00eb-n\u00eb-Staten-Island-me-Presidentin-James-Oddo.jpg\" width=\"508\" height=\"360\" \/><\/a>Udh\u00ebheq\u00ebsit e komunitetit shqiptar\u00eb u takuan n\u00eb Staten Island me Presidentin James Oddo<\/strong><\/p>\n<p><strong>Nga Beqir SINA<\/strong><\/p>\n<p>Vler\u00ebsimet shqiptare tregojn\u00eb se ndoshta mbi 60 mij\u00eb shqiptar\u00eb jetojn\u00eb n\u00eb ishullin njujorkez Staten Island<\/p>\n<p>STATEN ISLAND NY : Nj\u00eb grup i udh\u00ebheq\u00ebsve t\u00eb shquar shqiptar\u00eb t\u00eb komunitetit shqiptaro &#8211; amerikan\u00eb jan\u00eb pritur dje nga Presidentit i Ishullit &#8220;Staten Island&#8221; i nderuari James J. Oddo, n\u00eb zyrat e tij n\u00eb sall\u00ebn e kantonit p\u00ebr t\u00eb diskutuar mbi komunitetin shqiptar, n\u00eb ishull ku vler\u00ebsimet tregojn\u00eb se ndoshta jetojn\u00eb mbi 60 mij\u00eb shqiptar\u00eb, shumica e tyre nga Dibra dhe Mali i Zi .<\/p>\n<p>Takimi me Presidentin e k\u00ebtij ishulli dhe disa an\u00ebtar\u00eb t\u00eb stafit t\u00eb tij ishin n\u00eb kuad\u00ebr t\u00eb takimeve me komunitetet q\u00eb mbajn\u00eb zyrtar\u00ebt e lart t\u00eb komun\u00ebs . N\u00eb k\u00ebt\u00eb takim t\u00eb r\u00ebnd\u00ebsish\u00ebm ishin t\u00eb pranish\u00ebm Z. Ilir \u00c7obi nga FDNY , z. Toni Hoti nga NYPD , z Xhevat Kraja nga Shoqata Kraja, z.Ismet Kurti nga Shoqata Ana e Malit , zoti Marko Kepi i Rr\u00ebnj\u00ebt Shqiptare, Nick Markola i APEN dhe Z. Musa Pacuku nga i Shoqat\u00ebs Dibra .<\/p>\n<p>Burime nga takimi i than\u00eb gazet\u00ebs ton\u00eb se ishte nj\u00eb takim i frytsh\u00ebm dhe mjaft i p\u00ebrzem\u00ebrt . Presidenti Oddo p\u00ebrsh\u00ebndeti grupin e p\u00ebrfaq\u00ebsuesve dhe fal\u00ebnderoi komunitetin shqiptar p\u00ebr kontributin e tyre, n\u00eb zhvillimin e k\u00ebtij ishulli.<\/p>\n<p>Presidenti Oddo foli p\u00ebr sfidat me t\u00eb cilat p\u00ebrballen familjet e reja dhe se si p\u00ebr t\u00eb t\u00ebrhequr dhe mbajtur burime , p\u00ebr zhvillimin e ishullit t\u00eb Staten Island. Pas sugjerimeve t\u00eb mir\u00ebpritura t\u00eb Presidentit Oddo jan\u00eb p\u00ebrfshir\u00eb me diskutimet e tyre, z. Nick Markola, i cili ka dh\u00ebn\u00eb nj\u00eb hyrje t\u00eb shkurt\u00ebr mbi historin\u00eb e pasur t\u00eb shqiptar\u00ebve, p\u00ebr gjendjen e v\u00ebshtir\u00eb gjat\u00eb shekujve , migrimit t\u00eb tyre n\u00eb SHBA dhe kontributin e tyre n\u00eb shoq\u00ebrin\u00eb amerikane . Ai theksoi se shqiptar\u00ebt jan\u00eb shum\u00eb besnik dhe mir\u00ebnjoh\u00ebs p\u00ebr \u00e7do gj\u00eb q\u00eb Shtetet e Bashkuara t\u00eb Amerik\u00ebs kan\u00eb b\u00ebr\u00eb p\u00ebr shqiptar\u00ebt, dhe jan\u00eb populli m\u00eb pro amerikan\u00eb n\u00eb bot\u00eb .<\/p>\n<p>Z. Marko Kepi, e informoi presidentin Oddo, me shqiptar\u00ebt e qytetit t\u00eb New Yorkut, zonave n\u00eb Staten Island &#8211; Brooklyn, Queens, Bronx, zona k\u00ebto me p\u00ebrqendrim m\u00eb t\u00eb madh t\u00eb shqiptar\u00ebve . Z. Kraja , z. \u00c7obi dhe z. Hoti ndan\u00eb mendimet e tyre, se si komuniteti shqiptar do t\u00eb mund t\u00eb t\u00eb ndihmoj\u00eb shum\u00eb n\u00eb k\u00ebt\u00eb kanton duke pasur edhe v\u00ebmendjen e duhur t\u00eb zyrtarve t\u00eb lart t\u00eb k\u00ebtij ishulli duke k\u00ebrkuar ndihm\u00ebn e zyr\u00ebs s\u00eb Presidentit Oddo . Z. Kurti i shoqat\u00ebs Ana e Malit, foli p\u00ebr r\u00ebnd\u00ebsin\u00eb dhe thelbin e t\u00eb pasurit e nj\u00eb Qendre Komunitare shqiptare n\u00eb ishullin Staten Island . Kurse, z. Musa Pacuku kryetar i shoqat\u00ebs Dibra e cila ka edhe num\u00ebrin m\u00eb t\u00eb madh t\u00eb shqiptar\u00ebve n\u00eb k\u00ebt\u00eb ishull ( mendohet se jetojn\u00eb 15 mij\u00eb dibran\u00eb) foli p\u00ebr zonat potenciale dhe ku kan pronat shqiptar\u00ebt q\u00eb me ndihm\u00ebn e Komun\u00ebs mund t\u00eb b\u00ebjn\u00eb edhe m\u00eb shum\u00eb p\u00ebr k\u00ebt\u00eb ishull.<br \/>\n<a href=\"http:\/\/www.visit-ulcinj.com\/blog\/wp-content\/uploads\/2014\/05\/Presidenti-James-Oddo.jpg\"><img loading=\"lazy\" class=\"alignleft  wp-image-82094\" alt=\"Presidenti-James-Oddo\" src=\"http:\/\/www.visit-ulcinj.com\/blog\/wp-content\/uploads\/2014\/05\/Presidenti-James-Oddo.jpg\" width=\"508\" height=\"360\" \/><\/a><\/p>\n<p>Presidenti i ishullit Staten Island &#8211; James Oddo foli p\u00ebr p\u00ebrfshirjen e tij edhe me komunitetin shqiptar ashtu si edhe me komunitetet e tjera , si dhe dhe r\u00ebnd\u00ebsin\u00eb e pun\u00ebs s\u00eb bashku me komunitetin shqiptar . E p\u00ebrgjithsh\u00ebmja e k\u00ebtyre bisedimeve ishte p\u00ebr nj\u00eb jet\u00eb m\u00eb t\u00eb mir\u00eb t\u00eb shqiptaro amerikan\u00ebve n\u00eb Staten Island ku t\u00eb gjith\u00eb s\u00eb bashku me Presidentin Oddo dhe stafin e tij kan qen\u00eb shum\u00eb t\u00eb gatsh\u00ebm dhe t\u00eb hapur p\u00ebr sugjerimet dhe punuar s\u00eb bashku. Presidenti i ishullit ishte gjithashtu i interesuar p\u00ebr t\u00eb gjetur m\u00ebnyra p\u00ebr t\u00eb punuar s\u00eb bashku me komunitetin shqiptar p\u00ebr t\u00eb sjellur t\u00eb gjitha sugjerimet e tyre m\u00eb pran\u00eb administrat\u00ebs s\u00eb tij .<\/p>\n<p>Si rezultat i k\u00ebtij takimi shum\u00eb t\u00eb p\u00ebrzem\u00ebrt dhe produktive , p\u00ebrfaq\u00ebsuesit e komunitetit shqiptar dhe presidenti Oddo ran\u00eb dakord p\u00ebr vazhduar takimet e ardhshme me udh\u00ebheq\u00ebsit e komunitetit shqiptar n\u00eb Staten Island . P\u00ebrve\u00e7 k\u00ebsaj ai ra dakord p\u00ebr t\u00eb pritur nj\u00eb grup t\u00eb shqiptar\u00ebve n\u00eb zyr\u00ebn e tij Borough Hall , ku do t\u00eb zyrtarizohen hapat konkret\u00eb q\u00eb jan\u00eb rezultat i k\u00ebtij takimi:<\/p>\n<p>&#8211; S\u00eb bashku p\u00ebr t\u00eb gjetur m\u00ebnyrat p\u00ebr nj\u00eb Qend\u00ebr t\u00eb komunitetit shqiptar n\u00eb ishullin Staten Island<br \/>\n&#8211; Zhvillimin e nj\u00eb programi p\u00ebr komunitetin shqiptar\u00eb p\u00ebr Regjistrimin e Votueseve nga ky ishull<br \/>\n&#8211; Zhvillimin e nj\u00eb programi rinor\u00eb p\u00ebr komunitetin shqiptar\u00eb n\u00eb ishullin Staten Isalnd.<br \/>\n&#8211; M\u00eb shum\u00eb p\u00ebrfshirje nga Presidenti i ishullit dhe administrata e tij me Komunitetin Shqiptar<\/p>\n<p>Presidenti i ishullit Staten Island u informua mbi r\u00ebnd\u00ebsin\u00eb e ngritjes s\u00eb flamurit shqiptar\u00eb n\u00eb nderim t\u00eb dit\u00ebs s\u00eb pavar\u00ebsis\u00eb s\u00eb Shqip\u00ebris\u00eb, pra p\u00ebr t\u00eb mbajtur nj\u00eb ngjarje t\u00eb till\u00eb n\u00eb Staten Island . Ai premtoi se do t\u00eb punoj\u00eb p\u00ebr t\u00eb pasur ceremonin\u00eb e par\u00eb e ngritjes s\u00eb flamurit kuqezi n\u00eb Staten Island &#8211; qysh k\u00ebt\u00eb n\u00ebntor . Grupi i udh\u00ebheq\u00ebsve t\u00eb komunitetit shqiptaro amerikan\u00eb e b\u00ebri t\u00eb qart\u00eb t\u00eb qart\u00eb se ky takim \u00ebsht\u00eb par\u00eb si hap i par\u00eb drejt nj\u00eb marr\u00ebdh\u00ebnie t\u00eb gjat\u00eb dhe t\u00eb frytsh\u00ebm t\u00eb nd\u00ebrsjellt\u00eb mes zyr\u00ebs s\u00eb Presidentit t\u00eb ishullit Staten Island n\u00eb New york, dhe komunitetit shqiptar i cili \u00ebsht\u00eb nj\u00eb faktor i r\u00ebnd\u00ebsish\u00ebm n\u00eb ishull q\u00eb aspirojn\u00eb p\u00ebr m\u00eb shum\u00eb .<\/p>\n<p>Presidenti Borough shprehu interesin e tij dhe gatishm\u00ebrin\u00eb p\u00ebr t\u00eb punuar ngusht\u00eb me komunitetin shqiptar\u00eb n\u00eb ishullin Staten Island dhe u shpreh q\u00eb lidhjet t\u00eb shkojn\u00eb m\u00eb p\u00ebrpara p\u00ebr marr\u00ebdh\u00ebnie m\u00eb t\u00eb mira me komunitetin shqiptar\u00eb.<\/p>\n<p>Takimi ishte i organizuar nga organizata Rr\u00ebnj\u00ebt Shqiptare dhe Shoqata Ana e Malit dhe ishte nj\u00eb sukses dhe hapi i par\u00eb n\u00eb rrug\u00ebn p\u00ebr rritjen e ardhshme t\u00eb takimeve me zyrtar\u00ebt e lart t\u00eb ishullit Staten Iasland.<\/p>\n<\/div>\n","protected":false},"excerpt":{"rendered":"<p>Udh\u00ebheq\u00ebsit e komunitetit shqiptar\u00eb u takuan n\u00eb Staten Island me Presidentin James Oddo Nga Beqir SINA Vler\u00ebsimet shqiptare tregojn\u00eb se ndoshta mbi 60 mij\u00eb shqiptar\u00eb jetojn\u00eb n\u00eb ishullin njujorkez Staten Island STATEN ISLAND NY : Nj\u00eb grup i udh\u00ebheq\u00ebsve t\u00eb shquar shqiptar\u00eb t\u00eb komunitetit shqiptaro &#8211; amerikan\u00eb jan\u00eb pritur dje nga Presidentit i Ishullit &#8220;Staten [&hellip;]<\/p>\n","protected":false},"author":1,"featured_media":0,"comment_status":"closed","ping_status":"closed","sticky":false,"template":"","format":"standard","meta":{"spay_email":"","jetpack_publicize_message":"","jetpack_is_tweetstorm":false,"jetpack_publicize_feature_enabled":true},"categories":[14],"tags":[],"jetpack_publicize_connections":[],"yoast_head":"<!-- This site is optimized with the Yoast SEO plugin v19.1 - https:\/\/yoast.com\/wordpress\/plugins\/seo\/ -->\n<title>Presidenti James Oddo takon p\u00ebrfaq\u00ebsuesin e komunitetit shqiptar nga Ulqini - Lajme nga Ulqini<\/title>\n<meta name=\"description\" content=\"Udh\u00ebheq\u00ebsit e komunitetit shqiptar\u00eb u takuan n\u00eb Staten Island me Presidentin James Oddo Nga Beqir SINA Vler\u00ebsimet shqiptare tregojn\u00eb se ndoshta mbi 60\" \/>\n<meta name=\"robots\" content=\"index, follow, max-snippet:-1, max-image-preview:large, max-video-preview:-1\" \/>\n<link rel=\"canonical\" href=\"https:\/\/www.visit-ulcinj.com\/blog\/2014\/05\/01\/presidenti-james-oddo-takon-perfaqesuesin-e-komunitetit-shqiptar-nga-ulqini\/\" \/>\n<meta property=\"og:locale\" content=\"en_US\" \/>\n<meta property=\"og:type\" content=\"article\" \/>\n<meta property=\"og:title\" content=\"Presidenti James Oddo takon p\u00ebrfaq\u00ebsuesin e komunitetit shqiptar nga Ulqini - Lajme nga Ulqini\" \/>\n<meta property=\"og:description\" content=\"Udh\u00ebheq\u00ebsit e komunitetit shqiptar\u00eb u takuan n\u00eb Staten Island me Presidentin James Oddo Nga Beqir SINA Vler\u00ebsimet shqiptare tregojn\u00eb se ndoshta mbi 60\" \/>\n<meta property=\"og:url\" content=\"https:\/\/www.visit-ulcinj.com\/blog\/2014\/05\/01\/presidenti-james-oddo-takon-perfaqesuesin-e-komunitetit-shqiptar-nga-ulqini\/\" \/>\n<meta property=\"og:site_name\" content=\"Lajme nga Ulqini\" \/>\n<meta property=\"article:published_time\" content=\"2014-05-01T16:30:32+00:00\" \/>\n<meta property=\"og:image\" content=\"http:\/\/www.visit-ulcinj.com\/blog\/wp-content\/uploads\/2014\/05\/Presidenti-James-Oddo.jpg\" \/>\n<meta name=\"twitter:label1\" content=\"Written by\" \/>\n\t<meta name=\"twitter:data1\" content=\"ulqini\" \/>\n\t<meta name=\"twitter:label2\" content=\"Est. reading time\" \/>\n\t<meta name=\"twitter:data2\" content=\"5 minutes\" \/>\n<script type=\"application\/ld+json\" class=\"yoast-schema-graph\">{\"@context\":\"https:\/\/schema.org\",\"@graph\":[{\"@type\":\"WebSite\",\"@id\":\"https:\/\/www.visit-ulcinj.com\/blog\/#website\",\"url\":\"https:\/\/www.visit-ulcinj.com\/blog\/\",\"name\":\"Lajme nga Ulqini\",\"description\":\"Lajme,Vijesti,Ulqini,Ulqin,Crna Gora,Mali i Zi\",\"potentialAction\":[{\"@type\":\"SearchAction\",\"target\":{\"@type\":\"EntryPoint\",\"urlTemplate\":\"https:\/\/www.visit-ulcinj.com\/blog\/?s={search_term_string}\"},\"query-input\":\"required name=search_term_string\"}],\"inLanguage\":\"en-US\"},{\"@type\":\"ImageObject\",\"inLanguage\":\"en-US\",\"@id\":\"https:\/\/www.visit-ulcinj.com\/blog\/2014\/05\/01\/presidenti-james-oddo-takon-perfaqesuesin-e-komunitetit-shqiptar-nga-ulqini\/#primaryimage\",\"url\":\"https:\/\/www.visit-ulcinj.com\/blog\/wp-content\/uploads\/2014\/05\/Presidenti-James-Oddo.jpg\",\"contentUrl\":\"https:\/\/www.visit-ulcinj.com\/blog\/wp-content\/uploads\/2014\/05\/Presidenti-James-Oddo.jpg\",\"width\":620,\"height\":449},{\"@type\":\"WebPage\",\"@id\":\"https:\/\/www.visit-ulcinj.com\/blog\/2014\/05\/01\/presidenti-james-oddo-takon-perfaqesuesin-e-komunitetit-shqiptar-nga-ulqini\/#webpage\",\"url\":\"https:\/\/www.visit-ulcinj.com\/blog\/2014\/05\/01\/presidenti-james-oddo-takon-perfaqesuesin-e-komunitetit-shqiptar-nga-ulqini\/\",\"name\":\"Presidenti James Oddo takon p\u00ebrfaq\u00ebsuesin e komunitetit shqiptar nga Ulqini - Lajme nga Ulqini\",\"isPartOf\":{\"@id\":\"https:\/\/www.visit-ulcinj.com\/blog\/#website\"},\"primaryImageOfPage\":{\"@id\":\"https:\/\/www.visit-ulcinj.com\/blog\/2014\/05\/01\/presidenti-james-oddo-takon-perfaqesuesin-e-komunitetit-shqiptar-nga-ulqini\/#primaryimage\"},\"datePublished\":\"2014-05-01T16:30:32+00:00\",\"dateModified\":\"2014-05-01T16:30:32+00:00\",\"author\":{\"@id\":\"https:\/\/www.visit-ulcinj.com\/blog\/#\/schema\/person\/dcab619c614d3038751c63bc2aadc06d\"},\"description\":\"Udh\u00ebheq\u00ebsit e komunitetit shqiptar\u00eb u takuan n\u00eb Staten Island me Presidentin James Oddo Nga Beqir SINA Vler\u00ebsimet shqiptare tregojn\u00eb se ndoshta mbi 60\",\"breadcrumb\":{\"@id\":\"https:\/\/www.visit-ulcinj.com\/blog\/2014\/05\/01\/presidenti-james-oddo-takon-perfaqesuesin-e-komunitetit-shqiptar-nga-ulqini\/#breadcrumb\"},\"inLanguage\":\"en-US\",\"potentialAction\":[{\"@type\":\"ReadAction\",\"target\":[\"https:\/\/www.visit-ulcinj.com\/blog\/2014\/05\/01\/presidenti-james-oddo-takon-perfaqesuesin-e-komunitetit-shqiptar-nga-ulqini\/\"]}]},{\"@type\":\"BreadcrumbList\",\"@id\":\"https:\/\/www.visit-ulcinj.com\/blog\/2014\/05\/01\/presidenti-james-oddo-takon-perfaqesuesin-e-komunitetit-shqiptar-nga-ulqini\/#breadcrumb\",\"itemListElement\":[{\"@type\":\"ListItem\",\"position\":1,\"name\":\"Presidenti James Oddo takon p\u00ebrfaq\u00ebsuesin e komunitetit shqiptar nga Ulqini\"}]},{\"@type\":\"Person\",\"@id\":\"https:\/\/www.visit-ulcinj.com\/blog\/#\/schema\/person\/dcab619c614d3038751c63bc2aadc06d\",\"name\":\"ulqini\",\"sameAs\":[\"http:\/\/www.visit-ulcinj.com\"],\"url\":\"https:\/\/www.visit-ulcinj.com\/blog\/author\/admin\/\"}]}<\/script>\n<!-- \/ Yoast SEO plugin. -->","yoast_head_json":{"title":"Presidenti James Oddo takon p\u00ebrfaq\u00ebsuesin e komunitetit shqiptar nga Ulqini - Lajme nga Ulqini","description":"Udh\u00ebheq\u00ebsit e komunitetit shqiptar\u00eb u takuan n\u00eb Staten Island me Presidentin James Oddo Nga Beqir SINA Vler\u00ebsimet shqiptare tregojn\u00eb se ndoshta mbi 60","robots":{"index":"index","follow":"follow","max-snippet":"max-snippet:-1","max-image-preview":"max-image-preview:large","max-video-preview":"max-video-preview:-1"},"canonical":"https:\/\/www.visit-ulcinj.com\/blog\/2014\/05\/01\/presidenti-james-oddo-takon-perfaqesuesin-e-komunitetit-shqiptar-nga-ulqini\/","og_locale":"en_US","og_type":"article","og_title":"Presidenti James Oddo takon p\u00ebrfaq\u00ebsuesin e komunitetit shqiptar nga Ulqini - Lajme nga Ulqini","og_description":"Udh\u00ebheq\u00ebsit e komunitetit shqiptar\u00eb u takuan n\u00eb Staten Island me Presidentin James Oddo Nga Beqir SINA Vler\u00ebsimet shqiptare tregojn\u00eb se ndoshta mbi 60","og_url":"https:\/\/www.visit-ulcinj.com\/blog\/2014\/05\/01\/presidenti-james-oddo-takon-perfaqesuesin-e-komunitetit-shqiptar-nga-ulqini\/","og_site_name":"Lajme nga Ulqini","article_published_time":"2014-05-01T16:30:32+00:00","og_image":[{"url":"http:\/\/www.visit-ulcinj.com\/blog\/wp-content\/uploads\/2014\/05\/Presidenti-James-Oddo.jpg"}],"twitter_misc":{"Written by":"ulqini","Est. reading time":"5 minutes"},"schema":{"@context":"https:\/\/schema.org","@graph":[{"@type":"WebSite","@id":"https:\/\/www.visit-ulcinj.com\/blog\/#website","url":"https:\/\/www.visit-ulcinj.com\/blog\/","name":"Lajme nga Ulqini","description":"Lajme,Vijesti,Ulqini,Ulqin,Crna Gora,Mali i Zi","potentialAction":[{"@type":"SearchAction","target":{"@type":"EntryPoint","urlTemplate":"https:\/\/www.visit-ulcinj.com\/blog\/?s={search_term_string}"},"query-input":"required name=search_term_string"}],"inLanguage":"en-US"},{"@type":"ImageObject","inLanguage":"en-US","@id":"https:\/\/www.visit-ulcinj.com\/blog\/2014\/05\/01\/presidenti-james-oddo-takon-perfaqesuesin-e-komunitetit-shqiptar-nga-ulqini\/#primaryimage","url":"https:\/\/www.visit-ulcinj.com\/blog\/wp-content\/uploads\/2014\/05\/Presidenti-James-Oddo.jpg","contentUrl":"https:\/\/www.visit-ulcinj.com\/blog\/wp-content\/uploads\/2014\/05\/Presidenti-James-Oddo.jpg","width":620,"height":449},{"@type":"WebPage","@id":"https:\/\/www.visit-ulcinj.com\/blog\/2014\/05\/01\/presidenti-james-oddo-takon-perfaqesuesin-e-komunitetit-shqiptar-nga-ulqini\/#webpage","url":"https:\/\/www.visit-ulcinj.com\/blog\/2014\/05\/01\/presidenti-james-oddo-takon-perfaqesuesin-e-komunitetit-shqiptar-nga-ulqini\/","name":"Presidenti James Oddo takon p\u00ebrfaq\u00ebsuesin e komunitetit shqiptar nga Ulqini - Lajme nga Ulqini","isPartOf":{"@id":"https:\/\/www.visit-ulcinj.com\/blog\/#website"},"primaryImageOfPage":{"@id":"https:\/\/www.visit-ulcinj.com\/blog\/2014\/05\/01\/presidenti-james-oddo-takon-perfaqesuesin-e-komunitetit-shqiptar-nga-ulqini\/#primaryimage"},"datePublished":"2014-05-01T16:30:32+00:00","dateModified":"2014-05-01T16:30:32+00:00","author":{"@id":"https:\/\/www.visit-ulcinj.com\/blog\/#\/schema\/person\/dcab619c614d3038751c63bc2aadc06d"},"description":"Udh\u00ebheq\u00ebsit e komunitetit shqiptar\u00eb u takuan n\u00eb Staten Island me Presidentin James Oddo Nga Beqir SINA Vler\u00ebsimet shqiptare tregojn\u00eb se ndoshta mbi 60","breadcrumb":{"@id":"https:\/\/www.visit-ulcinj.com\/blog\/2014\/05\/01\/presidenti-james-oddo-takon-perfaqesuesin-e-komunitetit-shqiptar-nga-ulqini\/#breadcrumb"},"inLanguage":"en-US","potentialAction":[{"@type":"ReadAction","target":["https:\/\/www.visit-ulcinj.com\/blog\/2014\/05\/01\/presidenti-james-oddo-takon-perfaqesuesin-e-komunitetit-shqiptar-nga-ulqini\/"]}]},{"@type":"BreadcrumbList","@id":"https:\/\/www.visit-ulcinj.com\/blog\/2014\/05\/01\/presidenti-james-oddo-takon-perfaqesuesin-e-komunitetit-shqiptar-nga-ulqini\/#breadcrumb","itemListElement":[{"@type":"ListItem","position":1,"name":"Presidenti James Oddo takon p\u00ebrfaq\u00ebsuesin e komunitetit shqiptar nga Ulqini"}]},{"@type":"Person","@id":"https:\/\/www.visit-ulcinj.com\/blog\/#\/schema\/person\/dcab619c614d3038751c63bc2aadc06d","name":"ulqini","sameAs":["http:\/\/www.visit-ulcinj.com"],"url":"https:\/\/www.visit-ulcinj.com\/blog\/author\/admin\/"}]}},"jetpack_featured_media_url":"","jetpack_sharing_enabled":true,"jetpack_shortlink":"https:\/\/wp.me\/pe6lTn-lm4","_links":{"self":[{"href":"https:\/\/www.visit-ulcinj.com\/blog\/wp-json\/wp\/v2\/posts\/82092"}],"collection":[{"href":"https:\/\/www.visit-ulcinj.com\/blog\/wp-json\/wp\/v2\/posts"}],"about":[{"href":"https:\/\/www.visit-ulcinj.com\/blog\/wp-json\/wp\/v2\/types\/post"}],"author":[{"embeddable":true,"href":"https:\/\/www.visit-ulcinj.com\/blog\/wp-json\/wp\/v2\/users\/1"}],"replies":[{"embeddable":true,"href":"https:\/\/www.visit-ulcinj.com\/blog\/wp-json\/wp\/v2\/comments?post=82092"}],"version-history":[{"count":1,"href":"https:\/\/www.visit-ulcinj.com\/blog\/wp-json\/wp\/v2\/posts\/82092\/revisions"}],"predecessor-version":[{"id":82095,"href":"https:\/\/www.visit-ulcinj.com\/blog\/wp-json\/wp\/v2\/posts\/82092\/revisions\/82095"}],"wp:attachment":[{"href":"https:\/\/www.visit-ulcinj.com\/blog\/wp-json\/wp\/v2\/media?parent=82092"}],"wp:term":[{"taxonomy":"category","embeddable":true,"href":"https:\/\/www.visit-ulcinj.com\/blog\/wp-json\/wp\/v2\/categories?post=82092"},{"taxonomy":"post_tag","embeddable":true,"href":"https:\/\/www.visit-ulcinj.com\/blog\/wp-json\/wp\/v2\/tags?post=82092"}],"curies":[{"name":"wp","href":"https:\/\/api.w.org\/{rel}","templated":true}]}}