{"id":82100,"date":"2014-05-01T18:33:45","date_gmt":"2014-05-01T17:33:45","guid":{"rendered":"http:\/\/www.visit-ulcinj.com\/blog\/?p=82100"},"modified":"2014-05-01T22:14:49","modified_gmt":"2014-05-01T21:14:49","slug":"ministri-turk-idris-gulluce-vizitoi-ulqinin","status":"publish","type":"post","link":"https:\/\/www.visit-ulcinj.com\/blog\/2014\/05\/01\/ministri-turk-idris-gulluce-vizitoi-ulqinin\/","title":{"rendered":"Ministri turk Idris Gulluce vizitoi Ulqinin + Foto"},"content":{"rendered":"<p><a href=\"http:\/\/www.visit-ulcinj.com\/blog\/wp-content\/uploads\/2014\/05\/Ministri-i-mjedisit-dhe-urbanizmit-t\u00eb-Turqis\u00eb-Idris-Gulluce-Fatmir-Gjeka-Ulqin.jpg\"><img loading=\"lazy\" class=\"alignleft  wp-image-82101\" alt=\"Ministri i mjedisit dhe urbanizmit t\u00eb Turqis\u00eb Idris Gulluce - Fatmir-Gjeka-Ulqin\" src=\"http:\/\/www.visit-ulcinj.com\/blog\/wp-content\/uploads\/2014\/05\/Ministri-i-mjedisit-dhe-urbanizmit-t\u00eb-Turqis\u00eb-Idris-Gulluce-Fatmir-Gjeka-Ulqin.jpg\" width=\"508\" height=\"360\" \/><\/a>Ministri i mjedisit dhe urbanizmit t\u00eb Turqis\u00eb Idris Gulluce\u00a0i shoq\u00ebruar nga ambasadori i Republikes s\u00eb Turqis\u00eb n\u00eb Mal t\u00eb Zi Mehmet Nijazi Tanilir ndaluan p\u00ebr nj\u00eb vizit\u00eb t\u00eb shkurter n\u00eb qytetin e Ulqinit. Ministri turk u prit nga kryetari i komun\u00ebs s\u00eb Ulqinit Fatmir Gjeka t\u00eb cil\u00ebt e shoq\u00ebruan ate p\u00ebr t\u00eb vizituar xhamin\u00eb e detar\u00ebve ku shfryt\u00ebzuan rastin ta njoftojn\u00eb ministrin p\u00ebr historin\u00eb e ndertimit t\u00eb k\u00ebsaj xhamije si dhe shkurtimisht p\u00ebr historin e qytetit t\u00eb Ulqinit.<\/p>\n<p><a href=\"http:\/\/www.visit-ulcinj.com\/blog\/wp-content\/uploads\/2014\/05\/Ministri-i-mjedisit-dhe-urbanizmit-t\u00eb-Turqis\u00eb-Idris-Gulluce-Fatmir-Gjeka-Ulqin-1.jpg\"><img loading=\"lazy\" class=\"alignleft  wp-image-82106\" alt=\"Ministri i mjedisit dhe urbanizmit t\u00eb Turqis\u00eb Idris Gulluce - Fatmir-Gjeka-Ulqin-1\" src=\"http:\/\/www.visit-ulcinj.com\/blog\/wp-content\/uploads\/2014\/05\/Ministri-i-mjedisit-dhe-urbanizmit-t\u00eb-Turqis\u00eb-Idris-Gulluce-Fatmir-Gjeka-Ulqin-1.jpg\" width=\"508\" height=\"360\" \/><\/a><\/p>\n<p>Pas vizit\u00ebs n\u00eb xhamin\u00eb e detar\u00ebve ministrin turk e ftuan p\u00ebr t\u00eb vizituar plazhin e vog\u00ebl nga ku pati mund\u00ebsi t\u00eb shoh qytetin e vjet\u00ebr dhe nj\u00eb pjes\u00eb tjeter t\u00eb qytetit t\u00eb Ulqinit.<\/p>\n<p><a href=\"http:\/\/www.visit-ulcinj.com\/blog\/wp-content\/uploads\/2014\/05\/Ministri-i-mjedisit-dhe-urbanizmit-t\u00eb-Turqis\u00eb-Idris-Gulluce-Fatmir-Gjeka-Ulqin-2.jpg\"><img loading=\"lazy\" class=\"alignleft  wp-image-82107\" alt=\"Ministri i mjedisit dhe urbanizmit t\u00eb Turqis\u00eb Idris Gulluce - Fatmir-Gjeka-Ulqin-2\" src=\"http:\/\/www.visit-ulcinj.com\/blog\/wp-content\/uploads\/2014\/05\/Ministri-i-mjedisit-dhe-urbanizmit-t\u00eb-Turqis\u00eb-Idris-Gulluce-Fatmir-Gjeka-Ulqin-2.jpg\" width=\"508\" height=\"360\" \/><\/a><br \/>\nMinistri\u00a0Gulluce falenderoj t\u00eb pranishmit p\u00ebr pritjen e rezervuar duke u shprehur se qyteti i Ulqinit \u00ebsht\u00eb nj\u00eb qytet i bukur dhe n\u00eb t\u00eb ardhmen do t\u00eb vizitoj p\u00ebrseri k\u00ebt\u00eb qytet.\/Lajme nga Ulqini\/<\/p>\n<p><a href=\"http:\/\/www.visit-ulcinj.com\/blog\/wp-content\/uploads\/2014\/05\/Ministri-i-mjedisit-dhe-urbanizmit-t\u00eb-Turqis\u00eb-Idris-Gulluce-Luigj-Shkrela.jpg\"><img loading=\"lazy\" class=\"alignleft  wp-image-82113\" alt=\"Ministri i mjedisit dhe urbanizmit t\u00eb Turqis\u00eb Idris Gulluce - Luigj-Shkrela\" src=\"http:\/\/www.visit-ulcinj.com\/blog\/wp-content\/uploads\/2014\/05\/Ministri-i-mjedisit-dhe-urbanizmit-t\u00eb-Turqis\u00eb-Idris-Gulluce-Luigj-Shkrela.jpg\" width=\"508\" height=\"600\" \/><\/a><\/p>\n","protected":false},"excerpt":{"rendered":"<p>Ministri i mjedisit dhe urbanizmit t\u00eb Turqis\u00eb Idris Gulluce\u00a0i shoq\u00ebruar nga ambasadori i Republikes s\u00eb Turqis\u00eb n\u00eb Mal t\u00eb Zi Mehmet Nijazi Tanilir ndaluan p\u00ebr nj\u00eb vizit\u00eb t\u00eb shkurter n\u00eb qytetin e Ulqinit. Ministri turk u prit nga kryetari i komun\u00ebs s\u00eb Ulqinit Fatmir Gjeka t\u00eb cil\u00ebt e shoq\u00ebruan ate p\u00ebr t\u00eb vizituar xhamin\u00eb e [&hellip;]<\/p>\n","protected":false},"author":1,"featured_media":0,"comment_status":"closed","ping_status":"closed","sticky":false,"template":"","format":"standard","meta":{"spay_email":"","jetpack_publicize_message":"","jetpack_is_tweetstorm":false,"jetpack_publicize_feature_enabled":true},"categories":[10],"tags":[],"jetpack_publicize_connections":[],"yoast_head":"<!-- This site is optimized with the Yoast SEO plugin v19.1 - https:\/\/yoast.com\/wordpress\/plugins\/seo\/ -->\n<title>Ministri turk Idris Gulluce vizitoi Ulqinin + Foto - Lajme nga Ulqini<\/title>\n<meta name=\"description\" content=\"Ministri i mjedisit dhe urbanizmit t\u00eb Turqis\u00eb Idris Gulluce\u00a0i shoq\u00ebruar nga ambasadori i Republikes s\u00eb Turqis\u00eb n\u00eb Mal t\u00eb Zi Mehmet Nijazi Tanilir ndaluan\" \/>\n<meta name=\"robots\" content=\"index, follow, max-snippet:-1, max-image-preview:large, max-video-preview:-1\" \/>\n<link rel=\"canonical\" href=\"https:\/\/www.visit-ulcinj.com\/blog\/2014\/05\/01\/ministri-turk-idris-gulluce-vizitoi-ulqinin\/\" \/>\n<meta property=\"og:locale\" content=\"en_US\" \/>\n<meta property=\"og:type\" content=\"article\" \/>\n<meta property=\"og:title\" content=\"Ministri turk Idris Gulluce vizitoi Ulqinin + Foto - Lajme nga Ulqini\" \/>\n<meta property=\"og:description\" content=\"Ministri i mjedisit dhe urbanizmit t\u00eb Turqis\u00eb Idris Gulluce\u00a0i shoq\u00ebruar nga ambasadori i Republikes s\u00eb Turqis\u00eb n\u00eb Mal t\u00eb Zi Mehmet Nijazi Tanilir ndaluan\" \/>\n<meta property=\"og:url\" content=\"https:\/\/www.visit-ulcinj.com\/blog\/2014\/05\/01\/ministri-turk-idris-gulluce-vizitoi-ulqinin\/\" \/>\n<meta property=\"og:site_name\" content=\"Lajme nga Ulqini\" \/>\n<meta property=\"article:published_time\" content=\"2014-05-01T17:33:45+00:00\" \/>\n<meta property=\"article:modified_time\" content=\"2014-05-01T21:14:49+00:00\" \/>\n<meta name=\"twitter:label1\" content=\"Written by\" \/>\n\t<meta name=\"twitter:data1\" content=\"ulqini\" \/>\n\t<meta name=\"twitter:label2\" content=\"Est. reading time\" \/>\n\t<meta name=\"twitter:data2\" content=\"1 minute\" \/>\n<script type=\"application\/ld+json\" class=\"yoast-schema-graph\">{\"@context\":\"https:\/\/schema.org\",\"@graph\":[{\"@type\":\"WebSite\",\"@id\":\"https:\/\/www.visit-ulcinj.com\/blog\/#website\",\"url\":\"https:\/\/www.visit-ulcinj.com\/blog\/\",\"name\":\"Lajme nga Ulqini\",\"description\":\"Lajme,Vijesti,Ulqini,Ulqin,Crna Gora,Mali i Zi\",\"potentialAction\":[{\"@type\":\"SearchAction\",\"target\":{\"@type\":\"EntryPoint\",\"urlTemplate\":\"https:\/\/www.visit-ulcinj.com\/blog\/?s={search_term_string}\"},\"query-input\":\"required name=search_term_string\"}],\"inLanguage\":\"en-US\"},{\"@type\":\"WebPage\",\"@id\":\"https:\/\/www.visit-ulcinj.com\/blog\/2014\/05\/01\/ministri-turk-idris-gulluce-vizitoi-ulqinin\/#webpage\",\"url\":\"https:\/\/www.visit-ulcinj.com\/blog\/2014\/05\/01\/ministri-turk-idris-gulluce-vizitoi-ulqinin\/\",\"name\":\"Ministri turk Idris Gulluce vizitoi Ulqinin + Foto - Lajme nga Ulqini\",\"isPartOf\":{\"@id\":\"https:\/\/www.visit-ulcinj.com\/blog\/#website\"},\"datePublished\":\"2014-05-01T17:33:45+00:00\",\"dateModified\":\"2014-05-01T21:14:49+00:00\",\"author\":{\"@id\":\"https:\/\/www.visit-ulcinj.com\/blog\/#\/schema\/person\/dcab619c614d3038751c63bc2aadc06d\"},\"description\":\"Ministri i mjedisit dhe urbanizmit t\u00eb Turqis\u00eb Idris Gulluce\u00a0i shoq\u00ebruar nga ambasadori i Republikes s\u00eb Turqis\u00eb n\u00eb Mal t\u00eb Zi Mehmet Nijazi Tanilir ndaluan\",\"breadcrumb\":{\"@id\":\"https:\/\/www.visit-ulcinj.com\/blog\/2014\/05\/01\/ministri-turk-idris-gulluce-vizitoi-ulqinin\/#breadcrumb\"},\"inLanguage\":\"en-US\",\"potentialAction\":[{\"@type\":\"ReadAction\",\"target\":[\"https:\/\/www.visit-ulcinj.com\/blog\/2014\/05\/01\/ministri-turk-idris-gulluce-vizitoi-ulqinin\/\"]}]},{\"@type\":\"BreadcrumbList\",\"@id\":\"https:\/\/www.visit-ulcinj.com\/blog\/2014\/05\/01\/ministri-turk-idris-gulluce-vizitoi-ulqinin\/#breadcrumb\",\"itemListElement\":[{\"@type\":\"ListItem\",\"position\":1,\"name\":\"Ministri turk Idris Gulluce vizitoi Ulqinin + Foto\"}]},{\"@type\":\"Person\",\"@id\":\"https:\/\/www.visit-ulcinj.com\/blog\/#\/schema\/person\/dcab619c614d3038751c63bc2aadc06d\",\"name\":\"ulqini\",\"sameAs\":[\"http:\/\/www.visit-ulcinj.com\"],\"url\":\"https:\/\/www.visit-ulcinj.com\/blog\/author\/admin\/\"}]}<\/script>\n<!-- \/ Yoast SEO plugin. -->","yoast_head_json":{"title":"Ministri turk Idris Gulluce vizitoi Ulqinin + Foto - Lajme nga Ulqini","description":"Ministri i mjedisit dhe urbanizmit t\u00eb Turqis\u00eb Idris Gulluce\u00a0i shoq\u00ebruar nga ambasadori i Republikes s\u00eb Turqis\u00eb n\u00eb Mal t\u00eb Zi Mehmet Nijazi Tanilir ndaluan","robots":{"index":"index","follow":"follow","max-snippet":"max-snippet:-1","max-image-preview":"max-image-preview:large","max-video-preview":"max-video-preview:-1"},"canonical":"https:\/\/www.visit-ulcinj.com\/blog\/2014\/05\/01\/ministri-turk-idris-gulluce-vizitoi-ulqinin\/","og_locale":"en_US","og_type":"article","og_title":"Ministri turk Idris Gulluce vizitoi Ulqinin + Foto - Lajme nga Ulqini","og_description":"Ministri i mjedisit dhe urbanizmit t\u00eb Turqis\u00eb Idris Gulluce\u00a0i shoq\u00ebruar nga ambasadori i Republikes s\u00eb Turqis\u00eb n\u00eb Mal t\u00eb Zi Mehmet Nijazi Tanilir ndaluan","og_url":"https:\/\/www.visit-ulcinj.com\/blog\/2014\/05\/01\/ministri-turk-idris-gulluce-vizitoi-ulqinin\/","og_site_name":"Lajme nga Ulqini","article_published_time":"2014-05-01T17:33:45+00:00","article_modified_time":"2014-05-01T21:14:49+00:00","twitter_misc":{"Written by":"ulqini","Est. reading time":"1 minute"},"schema":{"@context":"https:\/\/schema.org","@graph":[{"@type":"WebSite","@id":"https:\/\/www.visit-ulcinj.com\/blog\/#website","url":"https:\/\/www.visit-ulcinj.com\/blog\/","name":"Lajme nga Ulqini","description":"Lajme,Vijesti,Ulqini,Ulqin,Crna Gora,Mali i Zi","potentialAction":[{"@type":"SearchAction","target":{"@type":"EntryPoint","urlTemplate":"https:\/\/www.visit-ulcinj.com\/blog\/?s={search_term_string}"},"query-input":"required name=search_term_string"}],"inLanguage":"en-US"},{"@type":"WebPage","@id":"https:\/\/www.visit-ulcinj.com\/blog\/2014\/05\/01\/ministri-turk-idris-gulluce-vizitoi-ulqinin\/#webpage","url":"https:\/\/www.visit-ulcinj.com\/blog\/2014\/05\/01\/ministri-turk-idris-gulluce-vizitoi-ulqinin\/","name":"Ministri turk Idris Gulluce vizitoi Ulqinin + Foto - Lajme nga Ulqini","isPartOf":{"@id":"https:\/\/www.visit-ulcinj.com\/blog\/#website"},"datePublished":"2014-05-01T17:33:45+00:00","dateModified":"2014-05-01T21:14:49+00:00","author":{"@id":"https:\/\/www.visit-ulcinj.com\/blog\/#\/schema\/person\/dcab619c614d3038751c63bc2aadc06d"},"description":"Ministri i mjedisit dhe urbanizmit t\u00eb Turqis\u00eb Idris Gulluce\u00a0i shoq\u00ebruar nga ambasadori i Republikes s\u00eb Turqis\u00eb n\u00eb Mal t\u00eb Zi Mehmet Nijazi Tanilir ndaluan","breadcrumb":{"@id":"https:\/\/www.visit-ulcinj.com\/blog\/2014\/05\/01\/ministri-turk-idris-gulluce-vizitoi-ulqinin\/#breadcrumb"},"inLanguage":"en-US","potentialAction":[{"@type":"ReadAction","target":["https:\/\/www.visit-ulcinj.com\/blog\/2014\/05\/01\/ministri-turk-idris-gulluce-vizitoi-ulqinin\/"]}]},{"@type":"BreadcrumbList","@id":"https:\/\/www.visit-ulcinj.com\/blog\/2014\/05\/01\/ministri-turk-idris-gulluce-vizitoi-ulqinin\/#breadcrumb","itemListElement":[{"@type":"ListItem","position":1,"name":"Ministri turk Idris Gulluce vizitoi Ulqinin + Foto"}]},{"@type":"Person","@id":"https:\/\/www.visit-ulcinj.com\/blog\/#\/schema\/person\/dcab619c614d3038751c63bc2aadc06d","name":"ulqini","sameAs":["http:\/\/www.visit-ulcinj.com"],"url":"https:\/\/www.visit-ulcinj.com\/blog\/author\/admin\/"}]}},"jetpack_featured_media_url":"","jetpack_sharing_enabled":true,"jetpack_shortlink":"https:\/\/wp.me\/pe6lTn-lmc","_links":{"self":[{"href":"https:\/\/www.visit-ulcinj.com\/blog\/wp-json\/wp\/v2\/posts\/82100"}],"collection":[{"href":"https:\/\/www.visit-ulcinj.com\/blog\/wp-json\/wp\/v2\/posts"}],"about":[{"href":"https:\/\/www.visit-ulcinj.com\/blog\/wp-json\/wp\/v2\/types\/post"}],"author":[{"embeddable":true,"href":"https:\/\/www.visit-ulcinj.com\/blog\/wp-json\/wp\/v2\/users\/1"}],"replies":[{"embeddable":true,"href":"https:\/\/www.visit-ulcinj.com\/blog\/wp-json\/wp\/v2\/comments?post=82100"}],"version-history":[{"count":4,"href":"https:\/\/www.visit-ulcinj.com\/blog\/wp-json\/wp\/v2\/posts\/82100\/revisions"}],"predecessor-version":[{"id":82114,"href":"https:\/\/www.visit-ulcinj.com\/blog\/wp-json\/wp\/v2\/posts\/82100\/revisions\/82114"}],"wp:attachment":[{"href":"https:\/\/www.visit-ulcinj.com\/blog\/wp-json\/wp\/v2\/media?parent=82100"}],"wp:term":[{"taxonomy":"category","embeddable":true,"href":"https:\/\/www.visit-ulcinj.com\/blog\/wp-json\/wp\/v2\/categories?post=82100"},{"taxonomy":"post_tag","embeddable":true,"href":"https:\/\/www.visit-ulcinj.com\/blog\/wp-json\/wp\/v2\/tags?post=82100"}],"curies":[{"name":"wp","href":"https:\/\/api.w.org\/{rel}","templated":true}]}}