{"id":82103,"date":"2014-05-01T18:46:32","date_gmt":"2014-05-01T17:46:32","guid":{"rendered":"http:\/\/www.visit-ulcinj.com\/blog\/?p=82103"},"modified":"2014-05-01T18:46:32","modified_gmt":"2014-05-01T17:46:32","slug":"aksion-per-pastrimin-e-bregdetit-te-malit-te-zi-dhe-ulqinit","status":"publish","type":"post","link":"https:\/\/www.visit-ulcinj.com\/blog\/2014\/05\/01\/aksion-per-pastrimin-e-bregdetit-te-malit-te-zi-dhe-ulqinit\/","title":{"rendered":"Aksion p\u00ebr pastrimin e bregdetit t\u00eb Malit t\u00eb Zi dhe Ulqinit"},"content":{"rendered":"<p><a href=\"http:\/\/www.visit-ulcinj.com\/blog\/wp-content\/uploads\/2014\/05\/ASOCIJACIONI-P\u00cbR-PROSPERITET-DEMOKRATIK-\u2013-Zid.jpg\"><img loading=\"lazy\" class=\"alignleft  wp-image-82104\" alt=\"ASOCIJACIONI P\u00cbR PROSPERITET DEMOKRATIK \u2013 Zid\" src=\"http:\/\/www.visit-ulcinj.com\/blog\/wp-content\/uploads\/2014\/05\/ASOCIJACIONI-P\u00cbR-PROSPERITET-DEMOKRATIK-\u2013-Zid.jpg\" width=\"508\" height=\"380\" srcset=\"https:\/\/www.visit-ulcinj.com\/blog\/wp-content\/uploads\/2014\/05\/ASOCIJACIONI-P\u00cbR-PROSPERITET-DEMOKRATIK-\u2013-Zid.jpg 599w, https:\/\/www.visit-ulcinj.com\/blog\/wp-content\/uploads\/2014\/05\/ASOCIJACIONI-P\u00cbR-PROSPERITET-DEMOKRATIK-\u2013-Zid-300x224.jpg 300w\" sizes=\"(max-width: 508px) 100vw, 508px\" \/><\/a>Asocijacioni p\u00ebr prosperitet demokratik \u2013 Zid organizon nj\u00eb aksion t\u00eb madh t\u00eb pastrimit t\u00eb bregdetit t\u00eb Malit t\u00eb Zi t\u00eb titulluar ,,Let&#8217;s Do It Montenegro&#8221;, i cili do t\u00eb mbahet me dat\u00ebn 10 maj n\u00eb t\u00eb gjasht\u00eb komunat bregdetare. Aksioni \u00ebsht\u00eb nisur n\u00eb kuad\u00ebr t\u00eb l\u00ebvizjes bot\u00ebrore ,,Let&#8217;s Do It&#8221; i cili ka objektiv ngritjen e vet\u00ebdijes s\u00eb qytetar\u00ebve p\u00ebr problemet ekologjike t\u00eb bashk\u00ebsis\u00eb n\u00eb t\u00eb cil\u00ebn jetojn\u00eb.<\/p>\n<p style=\"text-align: center;\"><strong>ASOCIJACIONI P\u00cbR PROSPERITET DEMOKRATIK \u2013 Zid<\/strong><br \/>\n<strong>KOMUNIKAT\u00cb<\/strong><\/p>\n<p style=\"text-align: left;\">\nPodgoric\u00eb, m\u00eb 09 prill 2014<\/p>\n<p style=\"text-align: left;\">\nAsocijacioni p\u00ebr prosperitet demokratik \u2013 Zid organizon nj\u00eb aksion t\u00eb madh t\u00eb pastrimit t\u00eb bregdetit t\u00eb Malit t\u00eb Zit \u00eb titulluar ,,Let\u2019s Do It Montenegro\u201c, i cili do t\u00eb mbahet me dat\u00ebn 10 maj n\u00eb t\u00eb gjasht\u00eb komunat bregdetare. Aksioni \u00ebsht\u00eb nisur n\u00eb kuad\u00ebr t\u00eb l\u00ebvizjes bot\u00ebrore ,,Let\u2019s<br \/>\nDo It\u201c i cili ka objektiv ngritjen e vet\u00ebdijes s\u00eb qytetar\u00ebve p\u00ebr problemet ekologjike t\u00eb bashk\u00ebsis\u00eb n\u00eb t\u00eb cil\u00ebn jetojn\u00eb.<br \/>\nMe angazhim t\u00eb p\u00ebrbashk\u00ebt planifikojm\u00eb q\u00eb, m\u00eb 10 maj t\u00eb heqim t\u00eb gjitha mbetjet nga plazhet dhe pjes\u00ebn bregdetare t\u00eb Malit t\u00eb Zi, n\u00eb bashk\u00ebpunim me sh\u00ebrbimet komunale mbetjet e mbledhura do t\u00eb deponohen n\u00eb deponit\u00eb lokale.<br \/>\nAPD \u2013 Zid ka siguruar aplikacionin android p\u00ebr ndarjen e mbeturinave \u201cLet\u2019s Do It Montenegro\u201d permes t\u00eb cilit qytetar\u00ebt mund t\u00eb vendosin fotografi t\u00eb lokaliteteve t\u00eb ndotura nga bregdeti. T\u00eb interesuarit mund t\u00eb marrin aplikacionin nga faqja e fejsbukut www.facebook.com\/letsdoitmontenegro, si dhe nga Google Play Store. Gjithashtu i ftojm\u00eb qytetar\u00ebt q\u00eb t\u00eb d\u00ebrgojn\u00eb fotografi t\u00eb lokaliteteve t\u00eb ndotura n\u00eb adres\u00ebn e e \u2013 mailit: letsdoitmontenegro@gmail.com<br \/>\nAndroid aplikacioni ju mund\u00ebson qytetar\u00ebve q\u00eb permes Google maps t\u00eb caktojn\u00eb se n\u00eb cil\u00ebt lokalitete gjenden mbetjet, si dhe t\u00eb caktojn\u00eb se se n\u00eb \u00e7far\u00eb sasie dhe p\u00ebr \u00e7far\u00eb lloji t\u00eb mbetjeve b\u00ebhet fjal\u00eb. Maps i lokaliteteve permes aplikacionit android do t\u00eb zgjs\u00eb deri, m\u00eb 20 prill.<br \/>\nDit\u00ebn e aksionit (10 maj) do t\u00eb vendosen punkte informative n\u00eb disa lokalitete n\u00eb t\u00eb gjitha gjasht\u00eb komunat bregdetare, n\u00eb ato vende vullnetar\u00ebt do t\u00eb mund t\u00eb marrin pajisjet p\u00ebr pastrim. Dhjet\u00eb dit\u00eb para fillimit t\u00eb aksionit t\u00eb gjith\u00eb vullnetar\u00ebt do t\u00eb jen\u00eb t\u00eb lajm\u00ebruar se ku do t\u00eb shp\u00ebrndar\u00eb m\u00eb 10 maj, p\u00ebrkat\u00ebsisht cil\u00ebt lokalitete do t\u00eb pastrojn\u00eb at\u00eb dit\u00eb.<br \/>\nAPD-Zid si kordinator nacional i aksionit ,,Lets Do it Montenegro,, fton te gjithe qytetaret ,organizatat dhe institucionet qe te marrin pjese ne aksionin e madh te pastrimit te bregdetit tone.<br \/>\nTe interesuarit mund te paraqiten edhe nepermes faqes elektronike www.facebook.com\/letsdoimontenegro, si dhe ne zyrat e organizatave partnere ne bregdet.<br \/>\nNe Ulqin , qytetaret mund te paraqiten ne hapsirat e OJQ Mogul, Kodra p.n.<br \/>\n,,Lets Do Montenegro,, eshte pjese e iniciatives regjionale,,Lets Do Montenegro,, ne kuader te pastrimit ku do te pastrohen 21 zona bregdetare te bazenit te adriatikut. Iniciativa eshte ndermare me qellim qe te nxitet bashkepunimi i sektorit civil dhe atij publik e privat ne zgjidhjen e problemeve.<\/p>\n<p style=\"text-align: left;\">\n<strong>Pershendetje te sinqerta<\/strong><br \/>\n<strong>Ivan Otoviq, PR APD-Zid<\/strong><\/p>\n<p style=\"text-align: left;\">\n<strong>rr. Gojka Radonjiq 32, 81000 Podgoric\u00eb, Montenegro\uf0b7Tel\/Fax:+382 20 207 130; 207<\/strong><\/p>\n","protected":false},"excerpt":{"rendered":"<p>Asocijacioni p\u00ebr prosperitet demokratik \u2013 Zid organizon nj\u00eb aksion t\u00eb madh t\u00eb pastrimit t\u00eb bregdetit t\u00eb Malit t\u00eb Zi t\u00eb titulluar ,,Let&#8217;s Do It Montenegro&#8221;, i cili do t\u00eb mbahet me dat\u00ebn 10 maj n\u00eb t\u00eb gjasht\u00eb komunat bregdetare. Aksioni \u00ebsht\u00eb nisur n\u00eb kuad\u00ebr t\u00eb l\u00ebvizjes bot\u00ebrore ,,Let&#8217;s Do It&#8221; i cili ka objektiv ngritjen [&hellip;]<\/p>\n","protected":false},"author":1,"featured_media":0,"comment_status":"closed","ping_status":"closed","sticky":false,"template":"","format":"standard","meta":{"spay_email":"","jetpack_publicize_message":"","jetpack_is_tweetstorm":false,"jetpack_publicize_feature_enabled":true},"categories":[6950],"tags":[],"jetpack_publicize_connections":[],"yoast_head":"<!-- This site is optimized with the Yoast SEO plugin v19.1 - https:\/\/yoast.com\/wordpress\/plugins\/seo\/ -->\n<title>Aksion p\u00ebr pastrimin e bregdetit t\u00eb Malit t\u00eb Zi dhe Ulqinit - Lajme nga Ulqini<\/title>\n<meta name=\"description\" content=\"Asocijacioni p\u00ebr prosperitet demokratik \u2013 Zid organizon nj\u00eb aksion t\u00eb madh t\u00eb pastrimit t\u00eb bregdetit t\u00eb Malit t\u00eb Zi t\u00eb titulluar ,,Let&#039;s Do It\" \/>\n<meta name=\"robots\" content=\"index, follow, max-snippet:-1, max-image-preview:large, max-video-preview:-1\" \/>\n<link rel=\"canonical\" href=\"https:\/\/www.visit-ulcinj.com\/blog\/2014\/05\/01\/aksion-per-pastrimin-e-bregdetit-te-malit-te-zi-dhe-ulqinit\/\" \/>\n<meta property=\"og:locale\" content=\"en_US\" \/>\n<meta property=\"og:type\" content=\"article\" \/>\n<meta property=\"og:title\" content=\"Aksion p\u00ebr pastrimin e bregdetit t\u00eb Malit t\u00eb Zi dhe Ulqinit - Lajme nga Ulqini\" \/>\n<meta property=\"og:description\" content=\"Asocijacioni p\u00ebr prosperitet demokratik \u2013 Zid organizon nj\u00eb aksion t\u00eb madh t\u00eb pastrimit t\u00eb bregdetit t\u00eb Malit t\u00eb Zi t\u00eb titulluar ,,Let&#039;s Do It\" \/>\n<meta property=\"og:url\" content=\"https:\/\/www.visit-ulcinj.com\/blog\/2014\/05\/01\/aksion-per-pastrimin-e-bregdetit-te-malit-te-zi-dhe-ulqinit\/\" \/>\n<meta property=\"og:site_name\" content=\"Lajme nga Ulqini\" \/>\n<meta property=\"article:published_time\" content=\"2014-05-01T17:46:32+00:00\" \/>\n<meta name=\"twitter:label1\" content=\"Written by\" \/>\n\t<meta name=\"twitter:data1\" content=\"ulqini\" \/>\n\t<meta name=\"twitter:label2\" content=\"Est. reading time\" \/>\n\t<meta name=\"twitter:data2\" content=\"3 minutes\" \/>\n<script type=\"application\/ld+json\" class=\"yoast-schema-graph\">{\"@context\":\"https:\/\/schema.org\",\"@graph\":[{\"@type\":\"WebSite\",\"@id\":\"https:\/\/www.visit-ulcinj.com\/blog\/#website\",\"url\":\"https:\/\/www.visit-ulcinj.com\/blog\/\",\"name\":\"Lajme nga Ulqini\",\"description\":\"Lajme,Vijesti,Ulqini,Ulqin,Crna Gora,Mali i Zi\",\"potentialAction\":[{\"@type\":\"SearchAction\",\"target\":{\"@type\":\"EntryPoint\",\"urlTemplate\":\"https:\/\/www.visit-ulcinj.com\/blog\/?s={search_term_string}\"},\"query-input\":\"required name=search_term_string\"}],\"inLanguage\":\"en-US\"},{\"@type\":\"WebPage\",\"@id\":\"https:\/\/www.visit-ulcinj.com\/blog\/2014\/05\/01\/aksion-per-pastrimin-e-bregdetit-te-malit-te-zi-dhe-ulqinit\/#webpage\",\"url\":\"https:\/\/www.visit-ulcinj.com\/blog\/2014\/05\/01\/aksion-per-pastrimin-e-bregdetit-te-malit-te-zi-dhe-ulqinit\/\",\"name\":\"Aksion p\u00ebr pastrimin e bregdetit t\u00eb Malit t\u00eb Zi dhe Ulqinit - Lajme nga Ulqini\",\"isPartOf\":{\"@id\":\"https:\/\/www.visit-ulcinj.com\/blog\/#website\"},\"datePublished\":\"2014-05-01T17:46:32+00:00\",\"dateModified\":\"2014-05-01T17:46:32+00:00\",\"author\":{\"@id\":\"https:\/\/www.visit-ulcinj.com\/blog\/#\/schema\/person\/dcab619c614d3038751c63bc2aadc06d\"},\"description\":\"Asocijacioni p\u00ebr prosperitet demokratik \u2013 Zid organizon nj\u00eb aksion t\u00eb madh t\u00eb pastrimit t\u00eb bregdetit t\u00eb Malit t\u00eb Zi t\u00eb titulluar ,,Let's Do It\",\"breadcrumb\":{\"@id\":\"https:\/\/www.visit-ulcinj.com\/blog\/2014\/05\/01\/aksion-per-pastrimin-e-bregdetit-te-malit-te-zi-dhe-ulqinit\/#breadcrumb\"},\"inLanguage\":\"en-US\",\"potentialAction\":[{\"@type\":\"ReadAction\",\"target\":[\"https:\/\/www.visit-ulcinj.com\/blog\/2014\/05\/01\/aksion-per-pastrimin-e-bregdetit-te-malit-te-zi-dhe-ulqinit\/\"]}]},{\"@type\":\"BreadcrumbList\",\"@id\":\"https:\/\/www.visit-ulcinj.com\/blog\/2014\/05\/01\/aksion-per-pastrimin-e-bregdetit-te-malit-te-zi-dhe-ulqinit\/#breadcrumb\",\"itemListElement\":[{\"@type\":\"ListItem\",\"position\":1,\"name\":\"Aksion p\u00ebr pastrimin e bregdetit t\u00eb Malit t\u00eb Zi dhe Ulqinit\"}]},{\"@type\":\"Person\",\"@id\":\"https:\/\/www.visit-ulcinj.com\/blog\/#\/schema\/person\/dcab619c614d3038751c63bc2aadc06d\",\"name\":\"ulqini\",\"sameAs\":[\"http:\/\/www.visit-ulcinj.com\"],\"url\":\"https:\/\/www.visit-ulcinj.com\/blog\/author\/admin\/\"}]}<\/script>\n<!-- \/ Yoast SEO plugin. -->","yoast_head_json":{"title":"Aksion p\u00ebr pastrimin e bregdetit t\u00eb Malit t\u00eb Zi dhe Ulqinit - Lajme nga Ulqini","description":"Asocijacioni p\u00ebr prosperitet demokratik \u2013 Zid organizon nj\u00eb aksion t\u00eb madh t\u00eb pastrimit t\u00eb bregdetit t\u00eb Malit t\u00eb Zi t\u00eb titulluar ,,Let's Do It","robots":{"index":"index","follow":"follow","max-snippet":"max-snippet:-1","max-image-preview":"max-image-preview:large","max-video-preview":"max-video-preview:-1"},"canonical":"https:\/\/www.visit-ulcinj.com\/blog\/2014\/05\/01\/aksion-per-pastrimin-e-bregdetit-te-malit-te-zi-dhe-ulqinit\/","og_locale":"en_US","og_type":"article","og_title":"Aksion p\u00ebr pastrimin e bregdetit t\u00eb Malit t\u00eb Zi dhe Ulqinit - Lajme nga Ulqini","og_description":"Asocijacioni p\u00ebr prosperitet demokratik \u2013 Zid organizon nj\u00eb aksion t\u00eb madh t\u00eb pastrimit t\u00eb bregdetit t\u00eb Malit t\u00eb Zi t\u00eb titulluar ,,Let's Do It","og_url":"https:\/\/www.visit-ulcinj.com\/blog\/2014\/05\/01\/aksion-per-pastrimin-e-bregdetit-te-malit-te-zi-dhe-ulqinit\/","og_site_name":"Lajme nga Ulqini","article_published_time":"2014-05-01T17:46:32+00:00","twitter_misc":{"Written by":"ulqini","Est. reading time":"3 minutes"},"schema":{"@context":"https:\/\/schema.org","@graph":[{"@type":"WebSite","@id":"https:\/\/www.visit-ulcinj.com\/blog\/#website","url":"https:\/\/www.visit-ulcinj.com\/blog\/","name":"Lajme nga Ulqini","description":"Lajme,Vijesti,Ulqini,Ulqin,Crna Gora,Mali i Zi","potentialAction":[{"@type":"SearchAction","target":{"@type":"EntryPoint","urlTemplate":"https:\/\/www.visit-ulcinj.com\/blog\/?s={search_term_string}"},"query-input":"required name=search_term_string"}],"inLanguage":"en-US"},{"@type":"WebPage","@id":"https:\/\/www.visit-ulcinj.com\/blog\/2014\/05\/01\/aksion-per-pastrimin-e-bregdetit-te-malit-te-zi-dhe-ulqinit\/#webpage","url":"https:\/\/www.visit-ulcinj.com\/blog\/2014\/05\/01\/aksion-per-pastrimin-e-bregdetit-te-malit-te-zi-dhe-ulqinit\/","name":"Aksion p\u00ebr pastrimin e bregdetit t\u00eb Malit t\u00eb Zi dhe Ulqinit - Lajme nga Ulqini","isPartOf":{"@id":"https:\/\/www.visit-ulcinj.com\/blog\/#website"},"datePublished":"2014-05-01T17:46:32+00:00","dateModified":"2014-05-01T17:46:32+00:00","author":{"@id":"https:\/\/www.visit-ulcinj.com\/blog\/#\/schema\/person\/dcab619c614d3038751c63bc2aadc06d"},"description":"Asocijacioni p\u00ebr prosperitet demokratik \u2013 Zid organizon nj\u00eb aksion t\u00eb madh t\u00eb pastrimit t\u00eb bregdetit t\u00eb Malit t\u00eb Zi t\u00eb titulluar ,,Let's Do It","breadcrumb":{"@id":"https:\/\/www.visit-ulcinj.com\/blog\/2014\/05\/01\/aksion-per-pastrimin-e-bregdetit-te-malit-te-zi-dhe-ulqinit\/#breadcrumb"},"inLanguage":"en-US","potentialAction":[{"@type":"ReadAction","target":["https:\/\/www.visit-ulcinj.com\/blog\/2014\/05\/01\/aksion-per-pastrimin-e-bregdetit-te-malit-te-zi-dhe-ulqinit\/"]}]},{"@type":"BreadcrumbList","@id":"https:\/\/www.visit-ulcinj.com\/blog\/2014\/05\/01\/aksion-per-pastrimin-e-bregdetit-te-malit-te-zi-dhe-ulqinit\/#breadcrumb","itemListElement":[{"@type":"ListItem","position":1,"name":"Aksion p\u00ebr pastrimin e bregdetit t\u00eb Malit t\u00eb Zi dhe Ulqinit"}]},{"@type":"Person","@id":"https:\/\/www.visit-ulcinj.com\/blog\/#\/schema\/person\/dcab619c614d3038751c63bc2aadc06d","name":"ulqini","sameAs":["http:\/\/www.visit-ulcinj.com"],"url":"https:\/\/www.visit-ulcinj.com\/blog\/author\/admin\/"}]}},"jetpack_featured_media_url":"","jetpack_sharing_enabled":true,"jetpack_shortlink":"https:\/\/wp.me\/pe6lTn-lmf","_links":{"self":[{"href":"https:\/\/www.visit-ulcinj.com\/blog\/wp-json\/wp\/v2\/posts\/82103"}],"collection":[{"href":"https:\/\/www.visit-ulcinj.com\/blog\/wp-json\/wp\/v2\/posts"}],"about":[{"href":"https:\/\/www.visit-ulcinj.com\/blog\/wp-json\/wp\/v2\/types\/post"}],"author":[{"embeddable":true,"href":"https:\/\/www.visit-ulcinj.com\/blog\/wp-json\/wp\/v2\/users\/1"}],"replies":[{"embeddable":true,"href":"https:\/\/www.visit-ulcinj.com\/blog\/wp-json\/wp\/v2\/comments?post=82103"}],"version-history":[{"count":1,"href":"https:\/\/www.visit-ulcinj.com\/blog\/wp-json\/wp\/v2\/posts\/82103\/revisions"}],"predecessor-version":[{"id":82105,"href":"https:\/\/www.visit-ulcinj.com\/blog\/wp-json\/wp\/v2\/posts\/82103\/revisions\/82105"}],"wp:attachment":[{"href":"https:\/\/www.visit-ulcinj.com\/blog\/wp-json\/wp\/v2\/media?parent=82103"}],"wp:term":[{"taxonomy":"category","embeddable":true,"href":"https:\/\/www.visit-ulcinj.com\/blog\/wp-json\/wp\/v2\/categories?post=82103"},{"taxonomy":"post_tag","embeddable":true,"href":"https:\/\/www.visit-ulcinj.com\/blog\/wp-json\/wp\/v2\/tags?post=82103"}],"curies":[{"name":"wp","href":"https:\/\/api.w.org\/{rel}","templated":true}]}}