{"id":82116,"date":"2014-05-02T06:06:39","date_gmt":"2014-05-02T05:06:39","guid":{"rendered":"http:\/\/www.visit-ulcinj.com\/blog\/?p=82116"},"modified":"2014-05-02T06:09:34","modified_gmt":"2014-05-02T05:09:34","slug":"miss-albania-sara-eletta-ad-ulcinj-montenegro","status":"publish","type":"post","link":"https:\/\/www.visit-ulcinj.com\/blog\/2014\/05\/02\/miss-albania-sara-eletta-ad-ulcinj-montenegro\/","title":{"rendered":"&#8220;Miss Albania&#8221; sar\u00e0 eletta ad Ulcinj Montenegro"},"content":{"rendered":"<p><strong><a href=\"http:\/\/www.visit-ulcinj.com\/blog\/wp-content\/uploads\/2014\/04\/miss-shqiperia-2014-ulqin-ulcinj-miss-albanija-2014-1.jpg\"><img loading=\"lazy\" class=\"alignleft  wp-image-81758\" alt=\"miss shqiperia 2014-ulqin-ulcinj-miss-albanija-2014-1\" src=\"http:\/\/www.visit-ulcinj.com\/blog\/wp-content\/uploads\/2014\/04\/miss-shqiperia-2014-ulqin-ulcinj-miss-albanija-2014-1.jpg\" width=\"508\" height=\"360\" \/><\/a>La miss deve emigrare<\/strong><\/p>\n<div>Dal 20 al 27 giugno prossimi &#8220;miss Albania&#8221; sar\u00e0 eletta ad Ulcinj, ossia in Montenegro e la decisione fa storcere la bocca ad alcuni: &#8220;Allora perch\u00e9 non anche una miss Serbia?&#8221;<\/div>\n<div><\/div>\n<div>Quest&#8217;anno &#8220;miss Albania&#8221; sar\u00e0 eletta in Montenegro: a lanciare la singolare motizia \u00e8 la tv nazionale di Podgorica la quale annuncia che la manifestazione destinata ad eleggere la pi\u00f9 bella skipetara dell&#8217;anno avra\u00f2 luogo a ridosso del confine fra i due paesi ma nella localit\u00e0 marinata di Ulcinj, ovvero in territorio montenegrino. Il sindaco di Ulcinj Fatmir \u0110eka e produttore dell&#8217;evento Petri Boza hanno appena concordato date e modalit\u00e0 dell&#8217;evento : Ulcinj , spiegano gli organizzatori \u00e8 una citt\u00e0 turistica che offre un ambiente perfetto per trasformarsi nel giugno prossimo in centro della bellezza albanese .<\/div>\n<div><a href=\"http:\/\/www.visit-ulcinj.com\/blog\/wp-content\/uploads\/2014\/04\/Miss-shqiperia-Ulqin-2014-1.jpg\"><img loading=\"lazy\" class=\"alignleft  wp-image-81851\" alt=\"Miss-shqiperia-Ulqin-2014-1\" src=\"http:\/\/www.visit-ulcinj.com\/blog\/wp-content\/uploads\/2014\/04\/Miss-shqiperia-Ulqin-2014-1.jpg\" width=\"508\" height=\"360\" \/><\/a><\/div>\n<div>\n<p>\u0110eka assicura il massimo supporto mediatico per &#8220;Miss Albania all&#8217;estero&#8221;, come qualcuno ha gi\u00e0 ribattezzato la manifestazione, &#8220;\u00e8 giunto il momento di unificare la bellezza albanese ad Ulcinj &#8220;,dice, aggiungendo che la competizione avra\u00e0 luogo dal 20 al 27 giugno. L&#8217;annuncio sta provocando ogni genere di commenti anche dal mondo politico, soprattutto i movimenti filo serbi dicono di non avere nulla contro l&#8217;organizzazione di questo evento , ma si chiedono anche perch\u00e9 allora la selezione di Miss Serbia e Montenegro poche settimane fa abbia incontrato una cos&#8217; forte opposizione da parte del governo .<\/p>\n<\/div>\n<div><a href=\"http:\/\/www.visit-ulcinj.com\/blog\/wp-content\/uploads\/2014\/04\/Medojevic-Skupstina.jpg\"><img loading=\"lazy\" class=\"alignleft  wp-image-81828\" alt=\"Medojevic Skupstina\" src=\"http:\/\/www.visit-ulcinj.com\/blog\/wp-content\/uploads\/2014\/04\/Medojevic-Skupstina.jpg\" width=\"508\" height=\"360\" \/><\/a>Nebojsa Medojevi\u0107, leader del Movimento per il cambiamento che \u00e8 collocato all&#8217;opposizione democratica, dice che sarebbe bene che il Montenegro sia riconosciuto come uno stato in cui tutte le nazioni sono benvenute. &#8221; Io non sono una persona che soffra di xenofobia nazionalista , per me non c&#8217;\u00e8 discussione , quando a Berane si piazzano bandiere serbe sui palchi di un concorso di bellezza o quando gli albanesi a Ulcinj sventolano la loro. Per quanto mi riguarda in Montenegro si possono tenere anche le elezioni di miss Bosnia, l&#8217;unica cosa che non sopporto \u00e8 che si tenti una distinzione fra diritti dei cittadini di primo e del secondo ordine , e cio\u00e8 che se i serbi stanno facendo una cosa questa \u00e8 contro lo Stato , mentre se la fanno gli albanesi tutto va bene. Non sonp i concorsi di bellezza a minacciare il Montenegro ma la mafia , la corruzione e la criminalit\u00e0 organizzata &#8220;, conclude.<\/p>\n<p><a href=\"http:\/\/www.visit-ulcinj.com\/blog\/wp-content\/uploads\/2014\/04\/Miss-Globe-International-2012-in-Ulcinj-Montenegro.5.jpg\"><img loading=\"lazy\" class=\"alignleft  wp-image-81853\" alt=\"Miss-Globe-International-2012-in-Ulcinj-Montenegro.5\" src=\"http:\/\/www.visit-ulcinj.com\/blog\/wp-content\/uploads\/2014\/04\/Miss-Globe-International-2012-in-Ulcinj-Montenegro.5.jpg\" width=\"508\" height=\"360\" \/><\/a><\/p>\n<p>Di diversa opinione \u00e8 Gojko Raicevic , direttore del portale &#8220;IN4S ,a giudizio del quale il fatto che l&#8217;arrivo della bellezza albanese in Montenegro abbia l&#8217;approvazione della maggioranza dei cittadini di Albania e il Montenegro \u00e8 un riconoscimento per la citt\u00e0 pi\u00f9 meridionale della costa . &#8221; A condannare questa decisione \u00e8 soltanto una minoranza trascurabile e sciovinista. Non \u00e8 questa l&#8217;Europa che vogliamo ?&#8221;.<\/p>\n<\/div>\n<div><\/div>\n<div>\n<div><strong>provenienza: italintermedia.globalist.it<\/strong><\/div>\n<\/div>\n<p>[flv width=&#8221;508&#8243; height=&#8221;380&#8243;]http:\/\/video.zoover.nl\/media\/play\/2010\/01\/20100125130811_025.flv[\/flv]<\/p>\n","protected":false},"excerpt":{"rendered":"<p>La miss deve emigrare Dal 20 al 27 giugno prossimi &#8220;miss Albania&#8221; sar\u00e0 eletta ad Ulcinj, ossia in Montenegro e la decisione fa storcere la bocca ad alcuni: &#8220;Allora perch\u00e9 non anche una miss Serbia?&#8221; Quest&#8217;anno &#8220;miss Albania&#8221; sar\u00e0 eletta in Montenegro: a lanciare la singolare motizia \u00e8 la tv nazionale di Podgorica la quale [&hellip;]<\/p>\n","protected":false},"author":1,"featured_media":0,"comment_status":"closed","ping_status":"closed","sticky":false,"template":"","format":"standard","meta":{"spay_email":"","jetpack_publicize_message":"","jetpack_is_tweetstorm":false,"jetpack_publicize_feature_enabled":true},"categories":[7],"tags":[],"jetpack_publicize_connections":[],"yoast_head":"<!-- This site is optimized with the Yoast SEO plugin v19.1 - https:\/\/yoast.com\/wordpress\/plugins\/seo\/ -->\n<title>&quot;Miss Albania&quot; sar\u00e0 eletta ad Ulcinj Montenegro - Lajme nga Ulqini<\/title>\n<meta name=\"description\" content=\"La miss deve emigrare Dal 20 al 27 giugno prossimi &quot;miss Albania&quot; sar\u00e0 eletta ad Ulcinj, ossia in Montenegro e la decisione fa storcere la bocca ad\" \/>\n<meta name=\"robots\" content=\"index, follow, max-snippet:-1, max-image-preview:large, max-video-preview:-1\" \/>\n<link rel=\"canonical\" href=\"https:\/\/www.visit-ulcinj.com\/blog\/2014\/05\/02\/miss-albania-sara-eletta-ad-ulcinj-montenegro\/\" \/>\n<meta property=\"og:locale\" content=\"en_US\" \/>\n<meta property=\"og:type\" content=\"article\" \/>\n<meta property=\"og:title\" content=\"&quot;Miss Albania&quot; sar\u00e0 eletta ad Ulcinj Montenegro - Lajme nga Ulqini\" \/>\n<meta property=\"og:description\" content=\"La miss deve emigrare Dal 20 al 27 giugno prossimi &quot;miss Albania&quot; sar\u00e0 eletta ad Ulcinj, ossia in Montenegro e la decisione fa storcere la bocca ad\" \/>\n<meta property=\"og:url\" content=\"https:\/\/www.visit-ulcinj.com\/blog\/2014\/05\/02\/miss-albania-sara-eletta-ad-ulcinj-montenegro\/\" \/>\n<meta property=\"og:site_name\" content=\"Lajme nga Ulqini\" \/>\n<meta property=\"article:published_time\" content=\"2014-05-02T05:06:39+00:00\" \/>\n<meta property=\"article:modified_time\" content=\"2014-05-02T05:09:34+00:00\" \/>\n<meta property=\"og:image\" content=\"http:\/\/www.visit-ulcinj.com\/blog\/wp-content\/uploads\/2014\/04\/miss-shqiperia-2014-ulqin-ulcinj-miss-albanija-2014-1.jpg\" \/>\n<meta name=\"twitter:label1\" content=\"Written by\" \/>\n\t<meta name=\"twitter:data1\" content=\"ulqini\" \/>\n\t<meta name=\"twitter:label2\" content=\"Est. reading time\" \/>\n\t<meta name=\"twitter:data2\" content=\"2 minutes\" \/>\n<script type=\"application\/ld+json\" class=\"yoast-schema-graph\">{\"@context\":\"https:\/\/schema.org\",\"@graph\":[{\"@type\":\"WebSite\",\"@id\":\"https:\/\/www.visit-ulcinj.com\/blog\/#website\",\"url\":\"https:\/\/www.visit-ulcinj.com\/blog\/\",\"name\":\"Lajme nga Ulqini\",\"description\":\"Lajme,Vijesti,Ulqini,Ulqin,Crna Gora,Mali i Zi\",\"potentialAction\":[{\"@type\":\"SearchAction\",\"target\":{\"@type\":\"EntryPoint\",\"urlTemplate\":\"https:\/\/www.visit-ulcinj.com\/blog\/?s={search_term_string}\"},\"query-input\":\"required name=search_term_string\"}],\"inLanguage\":\"en-US\"},{\"@type\":\"ImageObject\",\"inLanguage\":\"en-US\",\"@id\":\"https:\/\/www.visit-ulcinj.com\/blog\/2014\/05\/02\/miss-albania-sara-eletta-ad-ulcinj-montenegro\/#primaryimage\",\"url\":\"https:\/\/www.visit-ulcinj.com\/blog\/wp-content\/uploads\/2014\/04\/miss-shqiperia-2014-ulqin-ulcinj-miss-albanija-2014-1.jpg\",\"contentUrl\":\"https:\/\/www.visit-ulcinj.com\/blog\/wp-content\/uploads\/2014\/04\/miss-shqiperia-2014-ulqin-ulcinj-miss-albanija-2014-1.jpg\",\"width\":999,\"height\":664},{\"@type\":\"WebPage\",\"@id\":\"https:\/\/www.visit-ulcinj.com\/blog\/2014\/05\/02\/miss-albania-sara-eletta-ad-ulcinj-montenegro\/#webpage\",\"url\":\"https:\/\/www.visit-ulcinj.com\/blog\/2014\/05\/02\/miss-albania-sara-eletta-ad-ulcinj-montenegro\/\",\"name\":\"\\\"Miss Albania\\\" sar\u00e0 eletta ad Ulcinj Montenegro - Lajme nga Ulqini\",\"isPartOf\":{\"@id\":\"https:\/\/www.visit-ulcinj.com\/blog\/#website\"},\"primaryImageOfPage\":{\"@id\":\"https:\/\/www.visit-ulcinj.com\/blog\/2014\/05\/02\/miss-albania-sara-eletta-ad-ulcinj-montenegro\/#primaryimage\"},\"datePublished\":\"2014-05-02T05:06:39+00:00\",\"dateModified\":\"2014-05-02T05:09:34+00:00\",\"author\":{\"@id\":\"https:\/\/www.visit-ulcinj.com\/blog\/#\/schema\/person\/dcab619c614d3038751c63bc2aadc06d\"},\"description\":\"La miss deve emigrare Dal 20 al 27 giugno prossimi \\\"miss Albania\\\" sar\u00e0 eletta ad Ulcinj, ossia in Montenegro e la decisione fa storcere la bocca ad\",\"breadcrumb\":{\"@id\":\"https:\/\/www.visit-ulcinj.com\/blog\/2014\/05\/02\/miss-albania-sara-eletta-ad-ulcinj-montenegro\/#breadcrumb\"},\"inLanguage\":\"en-US\",\"potentialAction\":[{\"@type\":\"ReadAction\",\"target\":[\"https:\/\/www.visit-ulcinj.com\/blog\/2014\/05\/02\/miss-albania-sara-eletta-ad-ulcinj-montenegro\/\"]}]},{\"@type\":\"BreadcrumbList\",\"@id\":\"https:\/\/www.visit-ulcinj.com\/blog\/2014\/05\/02\/miss-albania-sara-eletta-ad-ulcinj-montenegro\/#breadcrumb\",\"itemListElement\":[{\"@type\":\"ListItem\",\"position\":1,\"name\":\"&#8220;Miss Albania&#8221; sar\u00e0 eletta ad Ulcinj Montenegro\"}]},{\"@type\":\"Person\",\"@id\":\"https:\/\/www.visit-ulcinj.com\/blog\/#\/schema\/person\/dcab619c614d3038751c63bc2aadc06d\",\"name\":\"ulqini\",\"sameAs\":[\"http:\/\/www.visit-ulcinj.com\"],\"url\":\"https:\/\/www.visit-ulcinj.com\/blog\/author\/admin\/\"}]}<\/script>\n<!-- \/ Yoast SEO plugin. -->","yoast_head_json":{"title":"\"Miss Albania\" sar\u00e0 eletta ad Ulcinj Montenegro - Lajme nga Ulqini","description":"La miss deve emigrare Dal 20 al 27 giugno prossimi \"miss Albania\" sar\u00e0 eletta ad Ulcinj, ossia in Montenegro e la decisione fa storcere la bocca ad","robots":{"index":"index","follow":"follow","max-snippet":"max-snippet:-1","max-image-preview":"max-image-preview:large","max-video-preview":"max-video-preview:-1"},"canonical":"https:\/\/www.visit-ulcinj.com\/blog\/2014\/05\/02\/miss-albania-sara-eletta-ad-ulcinj-montenegro\/","og_locale":"en_US","og_type":"article","og_title":"\"Miss Albania\" sar\u00e0 eletta ad Ulcinj Montenegro - Lajme nga Ulqini","og_description":"La miss deve emigrare Dal 20 al 27 giugno prossimi \"miss Albania\" sar\u00e0 eletta ad Ulcinj, ossia in Montenegro e la decisione fa storcere la bocca ad","og_url":"https:\/\/www.visit-ulcinj.com\/blog\/2014\/05\/02\/miss-albania-sara-eletta-ad-ulcinj-montenegro\/","og_site_name":"Lajme nga Ulqini","article_published_time":"2014-05-02T05:06:39+00:00","article_modified_time":"2014-05-02T05:09:34+00:00","og_image":[{"url":"http:\/\/www.visit-ulcinj.com\/blog\/wp-content\/uploads\/2014\/04\/miss-shqiperia-2014-ulqin-ulcinj-miss-albanija-2014-1.jpg"}],"twitter_misc":{"Written by":"ulqini","Est. reading time":"2 minutes"},"schema":{"@context":"https:\/\/schema.org","@graph":[{"@type":"WebSite","@id":"https:\/\/www.visit-ulcinj.com\/blog\/#website","url":"https:\/\/www.visit-ulcinj.com\/blog\/","name":"Lajme nga Ulqini","description":"Lajme,Vijesti,Ulqini,Ulqin,Crna Gora,Mali i Zi","potentialAction":[{"@type":"SearchAction","target":{"@type":"EntryPoint","urlTemplate":"https:\/\/www.visit-ulcinj.com\/blog\/?s={search_term_string}"},"query-input":"required name=search_term_string"}],"inLanguage":"en-US"},{"@type":"ImageObject","inLanguage":"en-US","@id":"https:\/\/www.visit-ulcinj.com\/blog\/2014\/05\/02\/miss-albania-sara-eletta-ad-ulcinj-montenegro\/#primaryimage","url":"https:\/\/www.visit-ulcinj.com\/blog\/wp-content\/uploads\/2014\/04\/miss-shqiperia-2014-ulqin-ulcinj-miss-albanija-2014-1.jpg","contentUrl":"https:\/\/www.visit-ulcinj.com\/blog\/wp-content\/uploads\/2014\/04\/miss-shqiperia-2014-ulqin-ulcinj-miss-albanija-2014-1.jpg","width":999,"height":664},{"@type":"WebPage","@id":"https:\/\/www.visit-ulcinj.com\/blog\/2014\/05\/02\/miss-albania-sara-eletta-ad-ulcinj-montenegro\/#webpage","url":"https:\/\/www.visit-ulcinj.com\/blog\/2014\/05\/02\/miss-albania-sara-eletta-ad-ulcinj-montenegro\/","name":"\"Miss Albania\" sar\u00e0 eletta ad Ulcinj Montenegro - Lajme nga Ulqini","isPartOf":{"@id":"https:\/\/www.visit-ulcinj.com\/blog\/#website"},"primaryImageOfPage":{"@id":"https:\/\/www.visit-ulcinj.com\/blog\/2014\/05\/02\/miss-albania-sara-eletta-ad-ulcinj-montenegro\/#primaryimage"},"datePublished":"2014-05-02T05:06:39+00:00","dateModified":"2014-05-02T05:09:34+00:00","author":{"@id":"https:\/\/www.visit-ulcinj.com\/blog\/#\/schema\/person\/dcab619c614d3038751c63bc2aadc06d"},"description":"La miss deve emigrare Dal 20 al 27 giugno prossimi \"miss Albania\" sar\u00e0 eletta ad Ulcinj, ossia in Montenegro e la decisione fa storcere la bocca ad","breadcrumb":{"@id":"https:\/\/www.visit-ulcinj.com\/blog\/2014\/05\/02\/miss-albania-sara-eletta-ad-ulcinj-montenegro\/#breadcrumb"},"inLanguage":"en-US","potentialAction":[{"@type":"ReadAction","target":["https:\/\/www.visit-ulcinj.com\/blog\/2014\/05\/02\/miss-albania-sara-eletta-ad-ulcinj-montenegro\/"]}]},{"@type":"BreadcrumbList","@id":"https:\/\/www.visit-ulcinj.com\/blog\/2014\/05\/02\/miss-albania-sara-eletta-ad-ulcinj-montenegro\/#breadcrumb","itemListElement":[{"@type":"ListItem","position":1,"name":"&#8220;Miss Albania&#8221; sar\u00e0 eletta ad Ulcinj Montenegro"}]},{"@type":"Person","@id":"https:\/\/www.visit-ulcinj.com\/blog\/#\/schema\/person\/dcab619c614d3038751c63bc2aadc06d","name":"ulqini","sameAs":["http:\/\/www.visit-ulcinj.com"],"url":"https:\/\/www.visit-ulcinj.com\/blog\/author\/admin\/"}]}},"jetpack_featured_media_url":"","jetpack_sharing_enabled":true,"jetpack_shortlink":"https:\/\/wp.me\/pe6lTn-lms","_links":{"self":[{"href":"https:\/\/www.visit-ulcinj.com\/blog\/wp-json\/wp\/v2\/posts\/82116"}],"collection":[{"href":"https:\/\/www.visit-ulcinj.com\/blog\/wp-json\/wp\/v2\/posts"}],"about":[{"href":"https:\/\/www.visit-ulcinj.com\/blog\/wp-json\/wp\/v2\/types\/post"}],"author":[{"embeddable":true,"href":"https:\/\/www.visit-ulcinj.com\/blog\/wp-json\/wp\/v2\/users\/1"}],"replies":[{"embeddable":true,"href":"https:\/\/www.visit-ulcinj.com\/blog\/wp-json\/wp\/v2\/comments?post=82116"}],"version-history":[{"count":4,"href":"https:\/\/www.visit-ulcinj.com\/blog\/wp-json\/wp\/v2\/posts\/82116\/revisions"}],"predecessor-version":[{"id":82120,"href":"https:\/\/www.visit-ulcinj.com\/blog\/wp-json\/wp\/v2\/posts\/82116\/revisions\/82120"}],"wp:attachment":[{"href":"https:\/\/www.visit-ulcinj.com\/blog\/wp-json\/wp\/v2\/media?parent=82116"}],"wp:term":[{"taxonomy":"category","embeddable":true,"href":"https:\/\/www.visit-ulcinj.com\/blog\/wp-json\/wp\/v2\/categories?post=82116"},{"taxonomy":"post_tag","embeddable":true,"href":"https:\/\/www.visit-ulcinj.com\/blog\/wp-json\/wp\/v2\/tags?post=82116"}],"curies":[{"name":"wp","href":"https:\/\/api.w.org\/{rel}","templated":true}]}}