{"id":82127,"date":"2014-05-02T18:41:48","date_gmt":"2014-05-02T17:41:48","guid":{"rendered":"http:\/\/www.visit-ulcinj.com\/blog\/?p=82127"},"modified":"2014-05-02T18:41:48","modified_gmt":"2014-05-02T17:41:48","slug":"karamanaga-maredheneje-miqesore-mehmet-bardhin","status":"publish","type":"post","link":"https:\/\/www.visit-ulcinj.com\/blog\/2014\/05\/02\/karamanaga-maredheneje-miqesore-mehmet-bardhin\/","title":{"rendered":"Karamanaga: Mar\u00ebdh\u00ebn\u00ebje miq\u00ebsore me Mehmet Bardhin"},"content":{"rendered":"<p><a href=\"http:\/\/www.visit-ulcinj.com\/blog\/wp-content\/uploads\/2014\/05\/MEHMET-BARDHI-ARDITA-RAMA.jpg\"><img loading=\"lazy\" class=\"alignleft  wp-image-82128\" alt=\"MEHMET-BARDHI-ARDITA-RAMA\" src=\"http:\/\/www.visit-ulcinj.com\/blog\/wp-content\/uploads\/2014\/05\/MEHMET-BARDHI-ARDITA-RAMA.jpg\" width=\"508\" height=\"360\" \/><\/a>N\u00eb t\u00eb njajt\u00ebn koh\u00eb kemi dh\u00ebn\u00eb m\u00ebsim n\u00eb gjimnazin e Ulqinit. Gjithmon\u00eb kemi pasur mar\u00ebdh\u00ebn\u00ebje korekte dhe miq\u00ebsore, dhe \u00e7\u00eb nga ajo koh\u00eb, edhe kemi mbetur shok dhe miq\u00eb. M\u00eb duket se p\u00ebr k\u00ebt\u00eb, ndaj edhe mendimin e tij, pasi q\u00eb n\u00eb shum\u00eb raste kemi pasur mendime identike, duke filluar nga koha e t\u00ebrmetit t\u00eb vitit 79. dhe ngarjeve m\u00eb pas lidhur m\u00eb khtimin ton\u00eb n\u00eb Kala, si edhe m\u00eb von\u00eb, kur\u00eb ishim s\u00eb bashku n\u00eb vizit\u00eb n\u00eb Ship\u00ebri. Mir\u00ebpo, Mehmeti gjithmon\u00eb ka qen\u00eb nj\u00eb njeri m\u00eb i fort se t\u00eb gjith\u00eb tjer\u00ebt, kur\u00eb \u00ebsht\u00eb dashur t\u00eb luftohet p\u00ebr t\u00eb drejtat tona komb\u00ebtare. Asgj\u00eb nuk ka mujtur ta ndal\u00eb harizm\u00ebn, kurajon dhe trimrin e tij, kur\u00eb \u00ebsht\u00eb b\u00ebr\u00eb fjal\u00eb p\u00ebr k\u00ebto \u00e7eshtje. M\u00eb kujtohet nj\u00eb sequenc\u00eb, nj\u00eb flali dhe nj\u00eb p\u00ebrgjigje, n\u00eb nj\u00eb mledhje t\u00eb &#8220;Partis\u00eb komuniste&#8221; t\u00eb asaj kohe, n\u00eb shkoll\u00ebn ton\u00eb. Un\u00eb, pasi q\u00eb edhe kam pasur shkrimin m\u00eb t\u00eb bukur, dhe p\u00ebr te gjithmon\u00eb m\u00eb kan\u00eb ngarkuar m\u00eb gj\u00ebra t\u00eb tilla, kam mbajtur pro\u00e7esverbalin.<\/p>\n<p>T\u00eb gjith\u00eb ne, pak e shum\u00eb \u00ebsht\u00eb dashur t\u00eb jemi an\u00ebtar\u00ebt e Partis\u00eb, p\u00ebrve\u00e7 disa tjer\u00ebve t\u00eb cil\u00ebt jan\u00eb distancuar gjithmon\u00eb, nd\u00ebrmjet t\u00eb cil\u00ebve ka qen\u00eb edhe Mehmet Bardhi. Ish kryetari i Komun\u00ebs ton\u00eb t\u00eb asaj kohe, m\u00eb ekipin e tij t\u00eb &#8220;fort\u00eb&#8221; p\u00ebrb\u00ebr\u00eb nga dy shqiptar\u00eb, kan\u00eb k\u00ebrkuar q\u00eb n\u00eb mledhje t\u00eb vin edhe Mehmeti. M\u00eb kujtohet si sot pytja : &#8220;\u0160to tra\u017ei\u0161 ti &#8220;, dhe m\u00ebnj\u00ebher\u00eb p\u00ebrgjigja: &#8220;Ho\u0107u da mi se napi\u0161e ime ne mom maternjem jeziku&#8221; natyrisht me &#8220;dh&#8221;, ashtu e ka k\u00ebrkuar t\u00eb shkruhet n\u00eb letr\u00ebn e njoftimit. P\u00ebr te, por edhe p\u00ebr k\u00ebrkesa tjera legjitime, si\u00e7 jan\u00eb simbolet komb\u00ebtar\u00eb, flamurin, pun\u00ebsimin e popullat\u00ebs tone, por edhe p\u00ebr shum\u00eb gj\u00ebra tjera, t\u00eb cilat na takojn\u00eb neve si popull autokton, dhe t\u00eb cilat sot munden t\u00eb k\u00ebrkohen pa probleme, ai \u00ebsht\u00eb p\u00ebrjashtuar nga puna. Mehmet Bardhi s\u00eb bashku m\u00eb Tahir Peraziqin , Bajram Rexh\u00ebn, Qazim Rexh\u00ebn dhe Ibrahim Cek\u00ebn jan\u00eb larguar nga puna dhe jan\u00eb shpallur &#8220;Iredentista&#8221;. V\u00ebshtir\u00eb ta imagjinosh sot se m\u00eb \u00e7ka \u00ebsht\u00eb marr\u00eb shteti p\u00ebr ta zhduk identitetin ton\u00eb. M\u00eb duket se nuk gaboj, kur\u00eb them\u00eb se ndihm\u00ebsit dhe ndihm\u00ebn m\u00eb t\u00eb madhe pushteti e ka pasur gjithmon\u00eb, n\u00eb individet e komb\u00ebsis\u00eb ton\u00eb. Mehmet Bardhit dhe Tahir Pereziqit i ka ra barra edhe m\u00eb e r\u00ebnd\u00eb, pasi q\u00eb pushteti i tmerr\u00ebsh\u00ebm i asaj kohe i ka denuar edhe m\u00eb Burg. M\u00eb von\u00eb, pas burgut, kan\u00eb punuar pun\u00eb t\u00eb ndryshme p\u00ebr t\u00eb mbijetuar, bile kan\u00eb &#8220;vu edhe parket&#8221;&#8230;Rehabilitimi i k\u00ebtyre personave t\u00eb arsimit ton\u00eb, ka zgjat nj\u00eb koh\u00eb t\u00eb gjat\u00eb, dhe shum\u00eb m\u00eb von\u00eb, n\u00eb koh\u00ebn e tranzicionit kan\u00eb fituar vendin t\u00eb merituar n\u00eb shoq\u00ebrin\u00eb ton\u00eb. N\u00eb zgjedhjet e lira t\u00eb para shum\u00eb parijake, n\u00eb qytetin ton\u00eb, zotri Mehmet Bardhi \u00ebsht\u00eb b\u00ebr\u00eb Kryetari i par\u00eb i Komun\u00ebs s\u00eb Ulqinit. Pastaj, edhe m\u00eb von\u00eb si deputet n\u00eb Parlamentin e Malit t\u00eb Zi, m\u00eb aktivitetin dhe aft\u00ebsin\u00eb e tij, p\u00ebr ti k\u00ebrkuar dhe p\u00ebr t\u00eb luftuar p\u00ebr t\u00eb drejtat tona komb\u00ebtare, ka mbet\u00eb dhe ka me mbet\u00eb, nj\u00eb simbol n\u00eb t\u00ebr popullin ton\u00eb n\u00eb Mal t\u00eb Zi, por edhe m\u00eb gj\u00ebre. Kontributi i tij \u00ebsht\u00eb shum\u00eb i madh\u00eb. Mjafton ti kujtohemi mledhjeve t\u00eb Parlamentit t\u00eb Malit t\u00eb Zi, n\u00eb ato fillimet e para e koh\u00ebs t\u00eb tranzicionit, dhe diskutim\u00ebve t\u00eb Zotri Mehmet Bardhit. \u00cbsht\u00eb dashur, po e p\u00ebrs\u00ebris\u00eb edhe nj\u00eb hera, m\u00eb qen\u00eb trim, m\u00eb pas kurajo, e mos ta p\u00ebrs\u00ebris\u00eb at\u00eb fjal\u00ebn popullore,&#8230; por po e them\u00eb m\u00eb bukur, mos me pas frik&#8230;Ai i ka p\u00ebrballuar t\u00eb gjitha, t\u00eb them\u00eb m\u00eb mir\u00eb i ka &#8220;ba ball&#8221; dhe p\u00ebr t\u00eb gjitha k\u00ebto, nj\u00eb respekt i ve\u00e7ant\u00eb prej meje&#8230;. Nj\u00eb foto me Ardit\u00ebn n\u00eb &#8220;Galerin\u00eb e Qendr\u00ebs Kulturore&#8221; pas promovimin e revistave &#8220;Dija &#8221; dhe &#8220;Buzuku&#8221;. &#8220;Gjaku nuk \u00ebsht\u00eb uj\u00eb&#8221; thot\u00eb populli yn\u00eb&#8230;<\/p>\n<h5 data-ft=\"{&quot;tn&quot;:&quot;C&quot;}\"><a id=\"js_8\" href=\"https:\/\/www.facebook.com\/ismet.karamanaga?hc_location=timeline\" data-hovercard=\"\/ajax\/hovercard\/user.php?id=1359492972&amp;extragetparams=%7B%22hc_location%22%3A%22timeline%22%7D\">Ismet Karamanaga Facebook<\/a><\/h5>\n","protected":false},"excerpt":{"rendered":"<p>N\u00eb t\u00eb njajt\u00ebn koh\u00eb kemi dh\u00ebn\u00eb m\u00ebsim n\u00eb gjimnazin e Ulqinit. Gjithmon\u00eb kemi pasur mar\u00ebdh\u00ebn\u00ebje korekte dhe miq\u00ebsore, dhe \u00e7\u00eb nga ajo koh\u00eb, edhe kemi mbetur shok dhe miq\u00eb. M\u00eb duket se p\u00ebr k\u00ebt\u00eb, ndaj edhe mendimin e tij, pasi q\u00eb n\u00eb shum\u00eb raste kemi pasur mendime identike, duke filluar nga koha e t\u00ebrmetit t\u00eb [&hellip;]<\/p>\n","protected":false},"author":1,"featured_media":0,"comment_status":"closed","ping_status":"closed","sticky":false,"template":"","format":"standard","meta":{"spay_email":"","jetpack_publicize_message":"","jetpack_is_tweetstorm":false,"jetpack_publicize_feature_enabled":true},"categories":[14249],"tags":[],"jetpack_publicize_connections":[],"yoast_head":"<!-- This site is optimized with the Yoast SEO plugin v19.1 - https:\/\/yoast.com\/wordpress\/plugins\/seo\/ -->\n<title>Karamanaga: Mar\u00ebdh\u00ebn\u00ebje miq\u00ebsore me Mehmet Bardhin - Lajme nga Ulqini<\/title>\n<meta name=\"description\" content=\"N\u00eb t\u00eb njajt\u00ebn koh\u00eb kemi dh\u00ebn\u00eb m\u00ebsim n\u00eb gjimnazin e Ulqinit. Gjithmon\u00eb kemi pasur mar\u00ebdh\u00ebn\u00ebje korekte dhe miq\u00ebsore, dhe \u00e7\u00eb nga ajo koh\u00eb, edhe kemi mbetur\" \/>\n<meta name=\"robots\" content=\"index, follow, max-snippet:-1, max-image-preview:large, max-video-preview:-1\" \/>\n<link rel=\"canonical\" href=\"https:\/\/www.visit-ulcinj.com\/blog\/2014\/05\/02\/karamanaga-maredheneje-miqesore-mehmet-bardhin\/\" \/>\n<meta property=\"og:locale\" content=\"en_US\" \/>\n<meta property=\"og:type\" content=\"article\" \/>\n<meta property=\"og:title\" content=\"Karamanaga: Mar\u00ebdh\u00ebn\u00ebje miq\u00ebsore me Mehmet Bardhin - Lajme nga Ulqini\" \/>\n<meta property=\"og:description\" content=\"N\u00eb t\u00eb njajt\u00ebn koh\u00eb kemi dh\u00ebn\u00eb m\u00ebsim n\u00eb gjimnazin e Ulqinit. Gjithmon\u00eb kemi pasur mar\u00ebdh\u00ebn\u00ebje korekte dhe miq\u00ebsore, dhe \u00e7\u00eb nga ajo koh\u00eb, edhe kemi mbetur\" \/>\n<meta property=\"og:url\" content=\"https:\/\/www.visit-ulcinj.com\/blog\/2014\/05\/02\/karamanaga-maredheneje-miqesore-mehmet-bardhin\/\" \/>\n<meta property=\"og:site_name\" content=\"Lajme nga Ulqini\" \/>\n<meta property=\"article:published_time\" content=\"2014-05-02T17:41:48+00:00\" \/>\n<meta property=\"og:image\" content=\"http:\/\/www.visit-ulcinj.com\/blog\/wp-content\/uploads\/2014\/05\/MEHMET-BARDHI-ARDITA-RAMA.jpg\" \/>\n<meta name=\"twitter:label1\" content=\"Written by\" \/>\n\t<meta name=\"twitter:data1\" content=\"ulqini\" \/>\n\t<meta name=\"twitter:label2\" content=\"Est. reading time\" \/>\n\t<meta name=\"twitter:data2\" content=\"4 minutes\" \/>\n<script type=\"application\/ld+json\" class=\"yoast-schema-graph\">{\"@context\":\"https:\/\/schema.org\",\"@graph\":[{\"@type\":\"WebSite\",\"@id\":\"https:\/\/www.visit-ulcinj.com\/blog\/#website\",\"url\":\"https:\/\/www.visit-ulcinj.com\/blog\/\",\"name\":\"Lajme nga Ulqini\",\"description\":\"Lajme,Vijesti,Ulqini,Ulqin,Crna Gora,Mali i Zi\",\"potentialAction\":[{\"@type\":\"SearchAction\",\"target\":{\"@type\":\"EntryPoint\",\"urlTemplate\":\"https:\/\/www.visit-ulcinj.com\/blog\/?s={search_term_string}\"},\"query-input\":\"required name=search_term_string\"}],\"inLanguage\":\"en-US\"},{\"@type\":\"ImageObject\",\"inLanguage\":\"en-US\",\"@id\":\"https:\/\/www.visit-ulcinj.com\/blog\/2014\/05\/02\/karamanaga-maredheneje-miqesore-mehmet-bardhin\/#primaryimage\",\"url\":\"https:\/\/www.visit-ulcinj.com\/blog\/wp-content\/uploads\/2014\/05\/MEHMET-BARDHI-ARDITA-RAMA.jpg\",\"contentUrl\":\"https:\/\/www.visit-ulcinj.com\/blog\/wp-content\/uploads\/2014\/05\/MEHMET-BARDHI-ARDITA-RAMA.jpg\",\"width\":999,\"height\":749},{\"@type\":\"WebPage\",\"@id\":\"https:\/\/www.visit-ulcinj.com\/blog\/2014\/05\/02\/karamanaga-maredheneje-miqesore-mehmet-bardhin\/#webpage\",\"url\":\"https:\/\/www.visit-ulcinj.com\/blog\/2014\/05\/02\/karamanaga-maredheneje-miqesore-mehmet-bardhin\/\",\"name\":\"Karamanaga: Mar\u00ebdh\u00ebn\u00ebje miq\u00ebsore me Mehmet Bardhin - Lajme nga Ulqini\",\"isPartOf\":{\"@id\":\"https:\/\/www.visit-ulcinj.com\/blog\/#website\"},\"primaryImageOfPage\":{\"@id\":\"https:\/\/www.visit-ulcinj.com\/blog\/2014\/05\/02\/karamanaga-maredheneje-miqesore-mehmet-bardhin\/#primaryimage\"},\"datePublished\":\"2014-05-02T17:41:48+00:00\",\"dateModified\":\"2014-05-02T17:41:48+00:00\",\"author\":{\"@id\":\"https:\/\/www.visit-ulcinj.com\/blog\/#\/schema\/person\/dcab619c614d3038751c63bc2aadc06d\"},\"description\":\"N\u00eb t\u00eb njajt\u00ebn koh\u00eb kemi dh\u00ebn\u00eb m\u00ebsim n\u00eb gjimnazin e Ulqinit. Gjithmon\u00eb kemi pasur mar\u00ebdh\u00ebn\u00ebje korekte dhe miq\u00ebsore, dhe \u00e7\u00eb nga ajo koh\u00eb, edhe kemi mbetur\",\"breadcrumb\":{\"@id\":\"https:\/\/www.visit-ulcinj.com\/blog\/2014\/05\/02\/karamanaga-maredheneje-miqesore-mehmet-bardhin\/#breadcrumb\"},\"inLanguage\":\"en-US\",\"potentialAction\":[{\"@type\":\"ReadAction\",\"target\":[\"https:\/\/www.visit-ulcinj.com\/blog\/2014\/05\/02\/karamanaga-maredheneje-miqesore-mehmet-bardhin\/\"]}]},{\"@type\":\"BreadcrumbList\",\"@id\":\"https:\/\/www.visit-ulcinj.com\/blog\/2014\/05\/02\/karamanaga-maredheneje-miqesore-mehmet-bardhin\/#breadcrumb\",\"itemListElement\":[{\"@type\":\"ListItem\",\"position\":1,\"name\":\"Karamanaga: Mar\u00ebdh\u00ebn\u00ebje miq\u00ebsore me Mehmet Bardhin\"}]},{\"@type\":\"Person\",\"@id\":\"https:\/\/www.visit-ulcinj.com\/blog\/#\/schema\/person\/dcab619c614d3038751c63bc2aadc06d\",\"name\":\"ulqini\",\"sameAs\":[\"http:\/\/www.visit-ulcinj.com\"],\"url\":\"https:\/\/www.visit-ulcinj.com\/blog\/author\/admin\/\"}]}<\/script>\n<!-- \/ Yoast SEO plugin. -->","yoast_head_json":{"title":"Karamanaga: Mar\u00ebdh\u00ebn\u00ebje miq\u00ebsore me Mehmet Bardhin - Lajme nga Ulqini","description":"N\u00eb t\u00eb njajt\u00ebn koh\u00eb kemi dh\u00ebn\u00eb m\u00ebsim n\u00eb gjimnazin e Ulqinit. Gjithmon\u00eb kemi pasur mar\u00ebdh\u00ebn\u00ebje korekte dhe miq\u00ebsore, dhe \u00e7\u00eb nga ajo koh\u00eb, edhe kemi mbetur","robots":{"index":"index","follow":"follow","max-snippet":"max-snippet:-1","max-image-preview":"max-image-preview:large","max-video-preview":"max-video-preview:-1"},"canonical":"https:\/\/www.visit-ulcinj.com\/blog\/2014\/05\/02\/karamanaga-maredheneje-miqesore-mehmet-bardhin\/","og_locale":"en_US","og_type":"article","og_title":"Karamanaga: Mar\u00ebdh\u00ebn\u00ebje miq\u00ebsore me Mehmet Bardhin - Lajme nga Ulqini","og_description":"N\u00eb t\u00eb njajt\u00ebn koh\u00eb kemi dh\u00ebn\u00eb m\u00ebsim n\u00eb gjimnazin e Ulqinit. Gjithmon\u00eb kemi pasur mar\u00ebdh\u00ebn\u00ebje korekte dhe miq\u00ebsore, dhe \u00e7\u00eb nga ajo koh\u00eb, edhe kemi mbetur","og_url":"https:\/\/www.visit-ulcinj.com\/blog\/2014\/05\/02\/karamanaga-maredheneje-miqesore-mehmet-bardhin\/","og_site_name":"Lajme nga Ulqini","article_published_time":"2014-05-02T17:41:48+00:00","og_image":[{"url":"http:\/\/www.visit-ulcinj.com\/blog\/wp-content\/uploads\/2014\/05\/MEHMET-BARDHI-ARDITA-RAMA.jpg"}],"twitter_misc":{"Written by":"ulqini","Est. reading time":"4 minutes"},"schema":{"@context":"https:\/\/schema.org","@graph":[{"@type":"WebSite","@id":"https:\/\/www.visit-ulcinj.com\/blog\/#website","url":"https:\/\/www.visit-ulcinj.com\/blog\/","name":"Lajme nga Ulqini","description":"Lajme,Vijesti,Ulqini,Ulqin,Crna Gora,Mali i Zi","potentialAction":[{"@type":"SearchAction","target":{"@type":"EntryPoint","urlTemplate":"https:\/\/www.visit-ulcinj.com\/blog\/?s={search_term_string}"},"query-input":"required name=search_term_string"}],"inLanguage":"en-US"},{"@type":"ImageObject","inLanguage":"en-US","@id":"https:\/\/www.visit-ulcinj.com\/blog\/2014\/05\/02\/karamanaga-maredheneje-miqesore-mehmet-bardhin\/#primaryimage","url":"https:\/\/www.visit-ulcinj.com\/blog\/wp-content\/uploads\/2014\/05\/MEHMET-BARDHI-ARDITA-RAMA.jpg","contentUrl":"https:\/\/www.visit-ulcinj.com\/blog\/wp-content\/uploads\/2014\/05\/MEHMET-BARDHI-ARDITA-RAMA.jpg","width":999,"height":749},{"@type":"WebPage","@id":"https:\/\/www.visit-ulcinj.com\/blog\/2014\/05\/02\/karamanaga-maredheneje-miqesore-mehmet-bardhin\/#webpage","url":"https:\/\/www.visit-ulcinj.com\/blog\/2014\/05\/02\/karamanaga-maredheneje-miqesore-mehmet-bardhin\/","name":"Karamanaga: Mar\u00ebdh\u00ebn\u00ebje miq\u00ebsore me Mehmet Bardhin - Lajme nga Ulqini","isPartOf":{"@id":"https:\/\/www.visit-ulcinj.com\/blog\/#website"},"primaryImageOfPage":{"@id":"https:\/\/www.visit-ulcinj.com\/blog\/2014\/05\/02\/karamanaga-maredheneje-miqesore-mehmet-bardhin\/#primaryimage"},"datePublished":"2014-05-02T17:41:48+00:00","dateModified":"2014-05-02T17:41:48+00:00","author":{"@id":"https:\/\/www.visit-ulcinj.com\/blog\/#\/schema\/person\/dcab619c614d3038751c63bc2aadc06d"},"description":"N\u00eb t\u00eb njajt\u00ebn koh\u00eb kemi dh\u00ebn\u00eb m\u00ebsim n\u00eb gjimnazin e Ulqinit. Gjithmon\u00eb kemi pasur mar\u00ebdh\u00ebn\u00ebje korekte dhe miq\u00ebsore, dhe \u00e7\u00eb nga ajo koh\u00eb, edhe kemi mbetur","breadcrumb":{"@id":"https:\/\/www.visit-ulcinj.com\/blog\/2014\/05\/02\/karamanaga-maredheneje-miqesore-mehmet-bardhin\/#breadcrumb"},"inLanguage":"en-US","potentialAction":[{"@type":"ReadAction","target":["https:\/\/www.visit-ulcinj.com\/blog\/2014\/05\/02\/karamanaga-maredheneje-miqesore-mehmet-bardhin\/"]}]},{"@type":"BreadcrumbList","@id":"https:\/\/www.visit-ulcinj.com\/blog\/2014\/05\/02\/karamanaga-maredheneje-miqesore-mehmet-bardhin\/#breadcrumb","itemListElement":[{"@type":"ListItem","position":1,"name":"Karamanaga: Mar\u00ebdh\u00ebn\u00ebje miq\u00ebsore me Mehmet Bardhin"}]},{"@type":"Person","@id":"https:\/\/www.visit-ulcinj.com\/blog\/#\/schema\/person\/dcab619c614d3038751c63bc2aadc06d","name":"ulqini","sameAs":["http:\/\/www.visit-ulcinj.com"],"url":"https:\/\/www.visit-ulcinj.com\/blog\/author\/admin\/"}]}},"jetpack_featured_media_url":"","jetpack_sharing_enabled":true,"jetpack_shortlink":"https:\/\/wp.me\/pe6lTn-lmD","_links":{"self":[{"href":"https:\/\/www.visit-ulcinj.com\/blog\/wp-json\/wp\/v2\/posts\/82127"}],"collection":[{"href":"https:\/\/www.visit-ulcinj.com\/blog\/wp-json\/wp\/v2\/posts"}],"about":[{"href":"https:\/\/www.visit-ulcinj.com\/blog\/wp-json\/wp\/v2\/types\/post"}],"author":[{"embeddable":true,"href":"https:\/\/www.visit-ulcinj.com\/blog\/wp-json\/wp\/v2\/users\/1"}],"replies":[{"embeddable":true,"href":"https:\/\/www.visit-ulcinj.com\/blog\/wp-json\/wp\/v2\/comments?post=82127"}],"version-history":[{"count":1,"href":"https:\/\/www.visit-ulcinj.com\/blog\/wp-json\/wp\/v2\/posts\/82127\/revisions"}],"predecessor-version":[{"id":82129,"href":"https:\/\/www.visit-ulcinj.com\/blog\/wp-json\/wp\/v2\/posts\/82127\/revisions\/82129"}],"wp:attachment":[{"href":"https:\/\/www.visit-ulcinj.com\/blog\/wp-json\/wp\/v2\/media?parent=82127"}],"wp:term":[{"taxonomy":"category","embeddable":true,"href":"https:\/\/www.visit-ulcinj.com\/blog\/wp-json\/wp\/v2\/categories?post=82127"},{"taxonomy":"post_tag","embeddable":true,"href":"https:\/\/www.visit-ulcinj.com\/blog\/wp-json\/wp\/v2\/tags?post=82127"}],"curies":[{"name":"wp","href":"https:\/\/api.w.org\/{rel}","templated":true}]}}