{"id":82136,"date":"2014-05-05T08:11:42","date_gmt":"2014-05-05T07:11:42","guid":{"rendered":"http:\/\/www.visit-ulcinj.com\/blog\/?p=82136"},"modified":"2014-05-05T08:12:26","modified_gmt":"2014-05-05T07:12:26","slug":"kupaci-na-maloj-plazi-otvorili-sezonu-u-ulcinju","status":"publish","type":"post","link":"https:\/\/www.visit-ulcinj.com\/blog\/2014\/05\/05\/kupaci-na-maloj-plazi-otvorili-sezonu-u-ulcinju\/","title":{"rendered":"Kupa\u010di na Maloj pla\u017ei otvorili sezonu u Ulcinju"},"content":{"rendered":"<p><strong><a href=\"http:\/\/www.visit-ulcinj.com\/blog\/wp-content\/uploads\/2014\/05\/PRVI-KUPACI-ULCINJA.jpg\"><img loading=\"lazy\" class=\"alignleft  wp-image-82137\" alt=\"PRVI-KUPACI-ULCINJA\" src=\"http:\/\/www.visit-ulcinj.com\/blog\/wp-content\/uploads\/2014\/05\/PRVI-KUPACI-ULCINJA.jpg\" width=\"508\" height=\"360\" \/><\/a>Foto: Ismet Karamanaga<\/strong><\/p>\n<p><strong>Ulcinjski hoteli spremno do\u010dekuju prve goste iz Rusije, \u010ce\u0161ke, Poljske, Kosova\u2026 Veliki optimizam u Turisti\u010dkoj organizaciji<\/strong><\/p>\n<p>ULCINJ \u2013 Turisti\u010dka organizacija Ulcinj je po\u010detak sezone obilje\u017eila manifestacijom \u201eSvi za turizam\u201c koja je po\u010dela ju\u010de, a zavr\u0161ava se u nedjelju. Na Maloj pla\u017ei bilo je i dosta kupa\u010da koji su na pravi na\u010din obilje\u017eili po\u010detak sezone.<br \/>\n<strong>Svi za turizam: Kupa\u010di na Maloj pla\u017ei otvorili sezonu<\/strong><\/p>\n<p>&nbsp;<\/p>\n<p>Kako je naglasio direktor TO Ulcinj Minir Karamanaga, hoteli u Ulcinju su otvoreni i spremno do\u010dekuju prve goste koji uglavnom dolaze iz Rusije, \u010ce\u0161ke, Poljske, Kosova\u2026<\/p>\n<p><strong>Sajam<\/strong><\/p>\n<p>Manifestacija obuhvata niz programa \u2013 otvoren je sajam suvenira i doma\u0107e radinosti, u saradnji sa Globus Art i civilnim sektorom Crne Gore, a sino\u0107 je odr\u017eano ribarsko ve\u010de, karneval, program za djecu, koncert posve\u0107en kulturnoumjetni\u010dkim udru\u017eenjima, takmi\u010denje u skulpturama na pijesku, kao i veliki muzi\u010dki nastup Danijela Alibabi\u0107a i grupe NRG Band sa Kosova.<\/p>\n<p>&#8211; U Pri\u0161tini smo nedavno imali pres konferenciju i tako promovisali turisti\u010dku ponudu &#8211; ka\u017ee Karamanaga.<\/p>\n<p>Cijene<\/p>\n<p>On tvrdi da \u0107e cijene aran\u017emana biti pristupa\u010dne, i da \u0107e ostati na pro\u0161logodi\u0161njem nivou.<\/p>\n<p>&#8211; Na\u017ealost, ne mo\u017eemo se pohvaliti velikim luksuznim hotelima sa \u010detiri i pet zvjezdica, ali se nadamo da \u0107e Vlada uskoro uspostaviti dogovor sa turskim investitorima i da \u0107e Ulcinj dobiti uskoro jo\u0161 jedan ili dva takva hotela \u2013 rekao je Karamanaga.<\/p>\n<p>Zadovoljni su, ka\u017ee, interesovanjem za Ulcinj, na sajmovima gdje su predstavljeli ponudu. Pripremili su bogat promotivni materijal, bro\u0161uru o prirodnim ljepotama Ulcinja na tri jezika, mapu Ulcinjske rivijere, mapu Starog grada, poklon pakete itd. koji \u0107e biti distribuirani na informacionim punktovima.<\/p>\n<p>&#8211; Ove godine TO Ulcinj \u0107e biti partner Lukava\u010dkog sajma i ima\u0107emo priliku da priredimo i bogat kulturno-muzi\u010dki program. Imaju\u0107i u vidu \u010dinjenicu da zadnjih godina imamo pove\u0107anje broja gostiju iz BIH, onda \u0107emo se svakako potruditi da na \u0161to bolji na\u010din promovi\u0161emo ovu ponudu \u2013 ka\u017ee Karamanaga i isti\u010de da sa velikim optimizmom o\u010dekuje ljetnju turisti\u010dku sezonu, budu\u0107i da su pripreme za ovu sezonu kvalitetnije i da je ura\u0111eno mnogo toga da se otklone barijere kojih je bilo prethodnih godina.<br \/>\nI ovog ljeta mnogo dobre muzike i zabave<\/p>\n<p>&#8211; Ove godine najvi\u0161e \u0107emo se fokusirati na organizaciju brojnih manifestacija i te\u017eimo da ih bude \u0161to vi\u0161e kako bismo doprinijeli produ\u017eenju sezone. Jedna od njih jeste i festival koji \u0107e se odr\u017eati po drugi put u Crnoj Gori i to opet u Ulcinju, na pla\u017ei Dolcinium, na Velikoj pla\u017ei. Svi ljubitelji soul, funky, lounge i jez muzike \u0107e imati priliku da prate Southern Soul Festival od 26. do 29. juna. Slijede Old Timer Fest, Sajam knjiga, Ljetnja scena od 1. do 20. avgusta, Motorijada, End season fest u septembru itd \u2013 rekao je Karamanaga.<br \/>\n<strong>Kupanje po\u010delo i u Sutomoru<\/strong><\/p>\n<p>Na pla\u017ei u Sutomoru gosti su tako\u0111e u\u017eivali na suncu, a oni najhrabriji su se i kupali. Mnogi su se sun\u010dali i u\u017eivali u pogledu, a djeca su iskoristila dan za igre u pijesku. Lijepo vrijeme napunilo je i sutomorske restorane.<\/p>\n<p><strong>N. Kova\u010devi\u0107<\/strong><br \/>\n<strong>Izvor: POBJEDA<\/strong><\/p>\n","protected":false},"excerpt":{"rendered":"<p>Foto: Ismet Karamanaga Ulcinjski hoteli spremno do\u010dekuju prve goste iz Rusije, \u010ce\u0161ke, Poljske, Kosova\u2026 Veliki optimizam u Turisti\u010dkoj organizaciji ULCINJ \u2013 Turisti\u010dka organizacija Ulcinj je po\u010detak sezone obilje\u017eila manifestacijom \u201eSvi za turizam\u201c koja je po\u010dela ju\u010de, a zavr\u0161ava se u nedjelju. Na Maloj pla\u017ei bilo je i dosta kupa\u010da koji su na pravi na\u010din obilje\u017eili [&hellip;]<\/p>\n","protected":false},"author":1,"featured_media":0,"comment_status":"closed","ping_status":"closed","sticky":false,"template":"","format":"standard","meta":{"spay_email":"","jetpack_publicize_message":"","jetpack_is_tweetstorm":false,"jetpack_publicize_feature_enabled":true},"categories":[6950],"tags":[],"jetpack_publicize_connections":[],"yoast_head":"<!-- This site is optimized with the Yoast SEO plugin v19.1 - https:\/\/yoast.com\/wordpress\/plugins\/seo\/ -->\n<title>Kupa\u010di na Maloj pla\u017ei otvorili sezonu u Ulcinju - Lajme nga Ulqini<\/title>\n<meta name=\"description\" content=\"Foto: Ismet Karamanaga Ulcinjski hoteli spremno do\u010dekuju prve goste iz Rusije, \u010ce\u0161ke, Poljske, Kosova\u2026 Veliki optimizam u Turisti\u010dkoj organizaciji ULCINJ\" \/>\n<meta name=\"robots\" content=\"index, follow, max-snippet:-1, max-image-preview:large, max-video-preview:-1\" \/>\n<link rel=\"canonical\" href=\"https:\/\/www.visit-ulcinj.com\/blog\/2014\/05\/05\/kupaci-na-maloj-plazi-otvorili-sezonu-u-ulcinju\/\" \/>\n<meta property=\"og:locale\" content=\"en_US\" \/>\n<meta property=\"og:type\" content=\"article\" \/>\n<meta property=\"og:title\" content=\"Kupa\u010di na Maloj pla\u017ei otvorili sezonu u Ulcinju - Lajme nga Ulqini\" \/>\n<meta property=\"og:description\" content=\"Foto: Ismet Karamanaga Ulcinjski hoteli spremno do\u010dekuju prve goste iz Rusije, \u010ce\u0161ke, Poljske, Kosova\u2026 Veliki optimizam u Turisti\u010dkoj organizaciji ULCINJ\" \/>\n<meta property=\"og:url\" content=\"https:\/\/www.visit-ulcinj.com\/blog\/2014\/05\/05\/kupaci-na-maloj-plazi-otvorili-sezonu-u-ulcinju\/\" \/>\n<meta property=\"og:site_name\" content=\"Lajme nga Ulqini\" \/>\n<meta property=\"article:published_time\" content=\"2014-05-05T07:11:42+00:00\" \/>\n<meta property=\"article:modified_time\" content=\"2014-05-05T07:12:26+00:00\" \/>\n<meta property=\"og:image\" content=\"http:\/\/www.visit-ulcinj.com\/blog\/wp-content\/uploads\/2014\/05\/PRVI-KUPACI-ULCINJA.jpg\" \/>\n<meta name=\"twitter:label1\" content=\"Written by\" \/>\n\t<meta name=\"twitter:data1\" content=\"ulqini\" \/>\n\t<meta name=\"twitter:label2\" content=\"Est. reading time\" \/>\n\t<meta name=\"twitter:data2\" content=\"3 minutes\" \/>\n<script type=\"application\/ld+json\" class=\"yoast-schema-graph\">{\"@context\":\"https:\/\/schema.org\",\"@graph\":[{\"@type\":\"WebSite\",\"@id\":\"https:\/\/www.visit-ulcinj.com\/blog\/#website\",\"url\":\"https:\/\/www.visit-ulcinj.com\/blog\/\",\"name\":\"Lajme nga Ulqini\",\"description\":\"Lajme,Vijesti,Ulqini,Ulqin,Crna Gora,Mali i Zi\",\"potentialAction\":[{\"@type\":\"SearchAction\",\"target\":{\"@type\":\"EntryPoint\",\"urlTemplate\":\"https:\/\/www.visit-ulcinj.com\/blog\/?s={search_term_string}\"},\"query-input\":\"required name=search_term_string\"}],\"inLanguage\":\"en-US\"},{\"@type\":\"ImageObject\",\"inLanguage\":\"en-US\",\"@id\":\"https:\/\/www.visit-ulcinj.com\/blog\/2014\/05\/05\/kupaci-na-maloj-plazi-otvorili-sezonu-u-ulcinju\/#primaryimage\",\"url\":\"https:\/\/www.visit-ulcinj.com\/blog\/wp-content\/uploads\/2014\/05\/PRVI-KUPACI-ULCINJA.jpg\",\"contentUrl\":\"https:\/\/www.visit-ulcinj.com\/blog\/wp-content\/uploads\/2014\/05\/PRVI-KUPACI-ULCINJA.jpg\",\"width\":999,\"height\":749},{\"@type\":\"WebPage\",\"@id\":\"https:\/\/www.visit-ulcinj.com\/blog\/2014\/05\/05\/kupaci-na-maloj-plazi-otvorili-sezonu-u-ulcinju\/#webpage\",\"url\":\"https:\/\/www.visit-ulcinj.com\/blog\/2014\/05\/05\/kupaci-na-maloj-plazi-otvorili-sezonu-u-ulcinju\/\",\"name\":\"Kupa\u010di na Maloj pla\u017ei otvorili sezonu u Ulcinju - Lajme nga Ulqini\",\"isPartOf\":{\"@id\":\"https:\/\/www.visit-ulcinj.com\/blog\/#website\"},\"primaryImageOfPage\":{\"@id\":\"https:\/\/www.visit-ulcinj.com\/blog\/2014\/05\/05\/kupaci-na-maloj-plazi-otvorili-sezonu-u-ulcinju\/#primaryimage\"},\"datePublished\":\"2014-05-05T07:11:42+00:00\",\"dateModified\":\"2014-05-05T07:12:26+00:00\",\"author\":{\"@id\":\"https:\/\/www.visit-ulcinj.com\/blog\/#\/schema\/person\/dcab619c614d3038751c63bc2aadc06d\"},\"description\":\"Foto: Ismet Karamanaga Ulcinjski hoteli spremno do\u010dekuju prve goste iz Rusije, \u010ce\u0161ke, Poljske, Kosova\u2026 Veliki optimizam u Turisti\u010dkoj organizaciji ULCINJ\",\"breadcrumb\":{\"@id\":\"https:\/\/www.visit-ulcinj.com\/blog\/2014\/05\/05\/kupaci-na-maloj-plazi-otvorili-sezonu-u-ulcinju\/#breadcrumb\"},\"inLanguage\":\"en-US\",\"potentialAction\":[{\"@type\":\"ReadAction\",\"target\":[\"https:\/\/www.visit-ulcinj.com\/blog\/2014\/05\/05\/kupaci-na-maloj-plazi-otvorili-sezonu-u-ulcinju\/\"]}]},{\"@type\":\"BreadcrumbList\",\"@id\":\"https:\/\/www.visit-ulcinj.com\/blog\/2014\/05\/05\/kupaci-na-maloj-plazi-otvorili-sezonu-u-ulcinju\/#breadcrumb\",\"itemListElement\":[{\"@type\":\"ListItem\",\"position\":1,\"name\":\"Kupa\u010di na Maloj pla\u017ei otvorili sezonu u Ulcinju\"}]},{\"@type\":\"Person\",\"@id\":\"https:\/\/www.visit-ulcinj.com\/blog\/#\/schema\/person\/dcab619c614d3038751c63bc2aadc06d\",\"name\":\"ulqini\",\"sameAs\":[\"http:\/\/www.visit-ulcinj.com\"],\"url\":\"https:\/\/www.visit-ulcinj.com\/blog\/author\/admin\/\"}]}<\/script>\n<!-- \/ Yoast SEO plugin. -->","yoast_head_json":{"title":"Kupa\u010di na Maloj pla\u017ei otvorili sezonu u Ulcinju - Lajme nga Ulqini","description":"Foto: Ismet Karamanaga Ulcinjski hoteli spremno do\u010dekuju prve goste iz Rusije, \u010ce\u0161ke, Poljske, Kosova\u2026 Veliki optimizam u Turisti\u010dkoj organizaciji ULCINJ","robots":{"index":"index","follow":"follow","max-snippet":"max-snippet:-1","max-image-preview":"max-image-preview:large","max-video-preview":"max-video-preview:-1"},"canonical":"https:\/\/www.visit-ulcinj.com\/blog\/2014\/05\/05\/kupaci-na-maloj-plazi-otvorili-sezonu-u-ulcinju\/","og_locale":"en_US","og_type":"article","og_title":"Kupa\u010di na Maloj pla\u017ei otvorili sezonu u Ulcinju - Lajme nga Ulqini","og_description":"Foto: Ismet Karamanaga Ulcinjski hoteli spremno do\u010dekuju prve goste iz Rusije, \u010ce\u0161ke, Poljske, Kosova\u2026 Veliki optimizam u Turisti\u010dkoj organizaciji ULCINJ","og_url":"https:\/\/www.visit-ulcinj.com\/blog\/2014\/05\/05\/kupaci-na-maloj-plazi-otvorili-sezonu-u-ulcinju\/","og_site_name":"Lajme nga Ulqini","article_published_time":"2014-05-05T07:11:42+00:00","article_modified_time":"2014-05-05T07:12:26+00:00","og_image":[{"url":"http:\/\/www.visit-ulcinj.com\/blog\/wp-content\/uploads\/2014\/05\/PRVI-KUPACI-ULCINJA.jpg"}],"twitter_misc":{"Written by":"ulqini","Est. reading time":"3 minutes"},"schema":{"@context":"https:\/\/schema.org","@graph":[{"@type":"WebSite","@id":"https:\/\/www.visit-ulcinj.com\/blog\/#website","url":"https:\/\/www.visit-ulcinj.com\/blog\/","name":"Lajme nga Ulqini","description":"Lajme,Vijesti,Ulqini,Ulqin,Crna Gora,Mali i Zi","potentialAction":[{"@type":"SearchAction","target":{"@type":"EntryPoint","urlTemplate":"https:\/\/www.visit-ulcinj.com\/blog\/?s={search_term_string}"},"query-input":"required name=search_term_string"}],"inLanguage":"en-US"},{"@type":"ImageObject","inLanguage":"en-US","@id":"https:\/\/www.visit-ulcinj.com\/blog\/2014\/05\/05\/kupaci-na-maloj-plazi-otvorili-sezonu-u-ulcinju\/#primaryimage","url":"https:\/\/www.visit-ulcinj.com\/blog\/wp-content\/uploads\/2014\/05\/PRVI-KUPACI-ULCINJA.jpg","contentUrl":"https:\/\/www.visit-ulcinj.com\/blog\/wp-content\/uploads\/2014\/05\/PRVI-KUPACI-ULCINJA.jpg","width":999,"height":749},{"@type":"WebPage","@id":"https:\/\/www.visit-ulcinj.com\/blog\/2014\/05\/05\/kupaci-na-maloj-plazi-otvorili-sezonu-u-ulcinju\/#webpage","url":"https:\/\/www.visit-ulcinj.com\/blog\/2014\/05\/05\/kupaci-na-maloj-plazi-otvorili-sezonu-u-ulcinju\/","name":"Kupa\u010di na Maloj pla\u017ei otvorili sezonu u Ulcinju - Lajme nga Ulqini","isPartOf":{"@id":"https:\/\/www.visit-ulcinj.com\/blog\/#website"},"primaryImageOfPage":{"@id":"https:\/\/www.visit-ulcinj.com\/blog\/2014\/05\/05\/kupaci-na-maloj-plazi-otvorili-sezonu-u-ulcinju\/#primaryimage"},"datePublished":"2014-05-05T07:11:42+00:00","dateModified":"2014-05-05T07:12:26+00:00","author":{"@id":"https:\/\/www.visit-ulcinj.com\/blog\/#\/schema\/person\/dcab619c614d3038751c63bc2aadc06d"},"description":"Foto: Ismet Karamanaga Ulcinjski hoteli spremno do\u010dekuju prve goste iz Rusije, \u010ce\u0161ke, Poljske, Kosova\u2026 Veliki optimizam u Turisti\u010dkoj organizaciji ULCINJ","breadcrumb":{"@id":"https:\/\/www.visit-ulcinj.com\/blog\/2014\/05\/05\/kupaci-na-maloj-plazi-otvorili-sezonu-u-ulcinju\/#breadcrumb"},"inLanguage":"en-US","potentialAction":[{"@type":"ReadAction","target":["https:\/\/www.visit-ulcinj.com\/blog\/2014\/05\/05\/kupaci-na-maloj-plazi-otvorili-sezonu-u-ulcinju\/"]}]},{"@type":"BreadcrumbList","@id":"https:\/\/www.visit-ulcinj.com\/blog\/2014\/05\/05\/kupaci-na-maloj-plazi-otvorili-sezonu-u-ulcinju\/#breadcrumb","itemListElement":[{"@type":"ListItem","position":1,"name":"Kupa\u010di na Maloj pla\u017ei otvorili sezonu u Ulcinju"}]},{"@type":"Person","@id":"https:\/\/www.visit-ulcinj.com\/blog\/#\/schema\/person\/dcab619c614d3038751c63bc2aadc06d","name":"ulqini","sameAs":["http:\/\/www.visit-ulcinj.com"],"url":"https:\/\/www.visit-ulcinj.com\/blog\/author\/admin\/"}]}},"jetpack_featured_media_url":"","jetpack_sharing_enabled":true,"jetpack_shortlink":"https:\/\/wp.me\/pe6lTn-lmM","_links":{"self":[{"href":"https:\/\/www.visit-ulcinj.com\/blog\/wp-json\/wp\/v2\/posts\/82136"}],"collection":[{"href":"https:\/\/www.visit-ulcinj.com\/blog\/wp-json\/wp\/v2\/posts"}],"about":[{"href":"https:\/\/www.visit-ulcinj.com\/blog\/wp-json\/wp\/v2\/types\/post"}],"author":[{"embeddable":true,"href":"https:\/\/www.visit-ulcinj.com\/blog\/wp-json\/wp\/v2\/users\/1"}],"replies":[{"embeddable":true,"href":"https:\/\/www.visit-ulcinj.com\/blog\/wp-json\/wp\/v2\/comments?post=82136"}],"version-history":[{"count":2,"href":"https:\/\/www.visit-ulcinj.com\/blog\/wp-json\/wp\/v2\/posts\/82136\/revisions"}],"predecessor-version":[{"id":82139,"href":"https:\/\/www.visit-ulcinj.com\/blog\/wp-json\/wp\/v2\/posts\/82136\/revisions\/82139"}],"wp:attachment":[{"href":"https:\/\/www.visit-ulcinj.com\/blog\/wp-json\/wp\/v2\/media?parent=82136"}],"wp:term":[{"taxonomy":"category","embeddable":true,"href":"https:\/\/www.visit-ulcinj.com\/blog\/wp-json\/wp\/v2\/categories?post=82136"},{"taxonomy":"post_tag","embeddable":true,"href":"https:\/\/www.visit-ulcinj.com\/blog\/wp-json\/wp\/v2\/tags?post=82136"}],"curies":[{"name":"wp","href":"https:\/\/api.w.org\/{rel}","templated":true}]}}