{"id":82142,"date":"2014-05-05T08:29:20","date_gmt":"2014-05-05T07:29:20","guid":{"rendered":"http:\/\/www.visit-ulcinj.com\/blog\/?p=82142"},"modified":"2014-05-06T11:31:09","modified_gmt":"2014-05-06T10:31:09","slug":"reagime-te-ashpra-ekstremiste-per-miss-shqiperia-ne-ulqin","status":"publish","type":"post","link":"https:\/\/www.visit-ulcinj.com\/blog\/2014\/05\/05\/reagime-te-ashpra-ekstremiste-per-miss-shqiperia-ne-ulqin\/","title":{"rendered":"Reagime t\u00eb ashpra ekstremiste p\u00ebr &#8216;Miss Shqiperia&#8217; ne Ulqin"},"content":{"rendered":"<p><strong><a href=\"http:\/\/www.visit-ulcinj.com\/blog\/wp-content\/uploads\/2014\/04\/Miss-Globe-International-2012-in-Ulcinj-Montenegro.5.jpg\"><img loading=\"lazy\" class=\"alignleft  wp-image-81853\" alt=\"Miss-Globe-International-2012-in-Ulcinj-Montenegro.5\" src=\"http:\/\/www.visit-ulcinj.com\/blog\/wp-content\/uploads\/2014\/04\/Miss-Globe-International-2012-in-Ulcinj-Montenegro.5.jpg\" width=\"508\" height=\"360\" \/><\/a>&#8216;Miss Shqiperia&#8217; ne Ulqin sjell reagime te ashpra te filoserbeve<\/strong><\/p>\n<p>Realizimi i konkursit \u201cMiss Shqip\u00ebria\u201d n\u00eb Ulqin t\u00eb Malit t\u00eb Zi, q\u00eb \u00ebsht\u00eb parashikuar t\u00eb zhvillohet n\u00eb muajin qershor, ka sjell\u00eb reagime t\u00eb ashpra t\u00eb ekstremist\u00ebve nacionalist\u00eb serb\u00eb, si n\u00eb media ashtu edhe n\u00eb rrjetet sociale.<\/p>\n<p><strong>P\u00ebrplasja politike<\/strong><\/p>\n<p>Sipas t\u00eb dh\u00ebnave, kryetari i Komun\u00ebs s\u00eb Ulqinit, Fatmir Gjeka, dhe producenti i spektaklit, Petri Bozo, kan\u00eb r\u00ebn\u00eb dakord p\u00ebr datat e tij e k\u00ebtij evenimenti, q\u00eb do t\u00eb zhvillohet nga 20-27 qershor. Organizator\u00ebt duket se kan\u00eb zgjedhur qytetin turistik, i cili ofron nj\u00eb mjedis t\u00eb p\u00ebrsosur, q\u00eb t\u00eb kthehet n\u00eb k\u00ebt\u00eb qershor n\u00eb qend\u00ebr t\u00eb bukuris\u00eb shqiptare. Gjeka m\u00ebsohet se ka siguruar mb\u00ebshtetjen maksimale t\u00eb medias, ku disa prej tyre jan\u00eb shprehur se \u201cka ardhur koha p\u00ebr t\u00eb bashkuar bukurin\u00eb e Shqip\u00ebris\u00eb n\u00eb Ulqin\u201d.<\/p>\n<p>Por, shpallja e datave p\u00ebr k\u00ebt\u00eb eveniment kulturor ka shkaktuar t\u00eb gjitha llojet e komenteve edhe nga bota politike, sidomos nga p\u00ebrfaq\u00ebsues filoserb\u00eb, t\u00eb cil\u00ebt kund\u00ebrshtojn\u00eb organizimin e k\u00ebsaj ngjarjeje, duke e krahasuar me kund\u00ebrshtimin me forc\u00eb t\u00eb qeveris\u00eb malazeze pak koh\u00eb m\u00eb par\u00eb p\u00ebr p\u00ebrzgjedhjen e p\u00ebrbashk\u00ebt n\u00eb t\u00eb nj\u00ebjt\u00ebn m\u00ebnyr\u00eb t\u00eb \u201cMiss Serbis\u00eb dhe Malit t\u00eb Zi\u201d.<\/p>\n<p><strong>L\u00ebvizja p\u00ebr ndryshim<\/strong><\/p>\n<p>Nebojsha Medojevi\u00e7, kreu i L\u00ebvizjes p\u00ebr Ndryshim, ka deklaruar p\u00ebr mediat, duke th\u00ebn\u00eb se do t\u00eb ishte mir\u00eb q\u00eb Mali i Zi t\u00eb ishte i njohur si shtet, n\u00eb t\u00eb cilin jan\u00eb t\u00eb mir\u00ebpritura t\u00eb gjitha kombet. \u201cUn\u00eb nuk jam nj\u00eb person q\u00eb vuan nga ksenofobia nacionaliste, p\u00ebr mua nuk ka debat, as kur flamujt serb\u00eb vendosen n\u00eb sken\u00ebn e nj\u00eb konkursi bukurie, as kur shqiptar\u00ebt e Ulqinit vendosin flamurin e tyre. Sa p\u00ebr mua, n\u00eb Mal t\u00eb Zi mund t\u00eb realizohet edhe \u2018Miss Bosnja\u2019. E vetmja gj\u00eb q\u00eb un\u00eb urrej \u00ebsht\u00eb dallimi midis t\u00eb drejtave t\u00eb qytetar\u00ebve t\u00eb rendit t\u00eb par\u00eb dhe t\u00eb dyt\u00eb. Pra, n\u00ebse serb\u00ebt jan\u00eb duke b\u00ebr\u00eb di\u00e7ka t\u00eb till\u00eb, ky quhet veprim kund\u00ebr shtetit, nd\u00ebrsa n\u00ebse shqiptar\u00ebt e b\u00ebjn\u00eb k\u00ebt\u00eb, \u00e7do gj\u00eb n\u00eb rregull. Nuk e k\u00ebrc\u00ebnon Mali i Zi nj\u00eb konkurs bukurie, por e k\u00ebrc\u00ebnon mafia, korrupsioni dhe krimi i organizuar\u201d, p\u00ebrfundon ai.<\/p>\n<p><strong>Drejtori i \u201cIN4S\u201d<\/strong><\/p>\n<p>Por, Gojko Raicevi\u00e7, drejtor i portalit \u201cIN4S\u201d, ka nj\u00eb mendim t\u00eb kund\u00ebrt me Medojevi\u00e7. Raicevi\u00e7 \u00ebsht\u00eb shprehur se ardhja e bukuris\u00eb shqiptare n\u00eb Mal t\u00eb Zi ka miratimin e shumic\u00ebs s\u00eb qytetar\u00ebve t\u00eb Shqip\u00ebris\u00eb dhe t\u00eb Malit t\u00eb Zi, pasi me k\u00ebt\u00eb rast b\u00ebhet nj\u00eb njohje m\u00eb e mir\u00eb p\u00ebr qytetin jugor t\u00eb bregdetit malazez. \u201cK\u00ebt\u00eb e d\u00ebnon vet\u00ebm nj\u00eb pakic\u00eb shoviniste. Kjo pakic\u00eb nuk \u00ebsht\u00eb Europa q\u00eb ne duam\u201d, shprehet ai.<\/p>\n<p><strong>Deputeti shqiptar<\/strong><\/p>\n<p>Nd\u00ebrkoh\u00eb, nj\u00eb nga deputet\u00ebt shqiptar\u00eb n\u00eb Parlamentin malazez, Genc Nimanbegu, p\u00ebrfaq\u00ebsues i Forc\u00ebs s\u00eb Re, ka deklaruar se asnj\u00ebher\u00eb nuk mungojn\u00eb reagime t\u00eb tilla ndaj \u00e7do manifestimi sado normal q\u00eb b\u00ebhet nga shqiptar\u00ebt. \u201cK\u00ebt\u00eb lloj ekstremizmi e kuptoj. Por, mua m\u00eb habit reagimi i disa shqiptar\u00ebve q\u00eb jan\u00eb shprehur kund\u00ebr k\u00ebtij evenimenti! Nuk arrij q\u00eb t\u00eb kuptoj motivin e tyre. Megjithat\u00eb, mendoj se \u00ebsht\u00eb nj\u00eb gabim i momentit dhe besoj se deri tani jan\u00eb kthjelluar nga ky gabim\u201d, deklaron Nimanbegu. Nd\u00ebrkoh\u00eb, si deputet, ai shprehet se nuk ka pasur asnj\u00eb reagim n\u00eb sall\u00ebn e Parlamentit p\u00ebr k\u00ebt\u00eb aktivitet. \u201cP\u00ebrkundrazi ka edhe deputet\u00eb t\u00eb komb\u00ebsive t\u00eb tjera q\u00eb po \u2018prenotojn\u00eb\u2019 tek un\u00eb vendet p\u00ebr nat\u00ebn finale\u201d, shpjegon ai. M\u00eb tej, ai shpjegon se disa reagime jan\u00eb t\u00eb nxitura edhe p\u00ebr shkak se n\u00eb Mal t\u00eb Zi, m\u00eb 25 maj, do t\u00eb mbahen zgjedhjet lokale n\u00eb m\u00eb se gjysm\u00ebn e bashkive. \u201cPor, nuk pres reagime t\u00eb m\u00ebtejshme, sepse besoj se \u00ebsht\u00eb kuptuar q\u00eb ky \u00ebsht\u00eb manifestim kulturor, q\u00eb vet\u00ebm mund t\u00eb kontribuoj\u00eb pozitivisht n\u00eb imazhin e Ulqinit dhe rrjedhimisht edhe t\u00eb Malit t\u00eb Zi.<\/p>\n<p><strong>Nimanbegu<\/strong><\/p>\n<p>Nj\u00eb nga deputet\u00ebt shqiptar\u00eb n\u00eb Parlamentin malazez, Genc Nimanbegu, p\u00ebrfaq\u00ebsues i Forc\u00ebs s\u00eb Re, ka deklaruar se asnj\u00ebher\u00eb nuk mungojn\u00eb reagime t\u00eb tilla ndaj \u00e7do manifestimi sado normal q\u00eb b\u00ebhet nga shqiptar\u00ebt<\/p>\n<p><strong>Somario<\/strong><\/p>\n<p>\u201cPra, n\u00ebse serb\u00ebt jan\u00eb duke b\u00ebr\u00eb di\u00e7ka t\u00eb till\u00eb, ky quhet veprim kund\u00ebr shtetit, nd\u00ebrsa p\u00ebr shqiptar\u00ebt jo\u201d<\/p>\n<p>\u201cNuk e k\u00ebrc\u00ebnon Mali i Zi nj\u00eb konkurs bukurie, por e k\u00ebrc\u00ebnon mafia, korrupsioni dhe krimi i organizuar\u201d<\/p>\n","protected":false},"excerpt":{"rendered":"<p>&#8216;Miss Shqiperia&#8217; ne Ulqin sjell reagime te ashpra te filoserbeve Realizimi i konkursit \u201cMiss Shqip\u00ebria\u201d n\u00eb Ulqin t\u00eb Malit t\u00eb Zi, q\u00eb \u00ebsht\u00eb parashikuar t\u00eb zhvillohet n\u00eb muajin qershor, ka sjell\u00eb reagime t\u00eb ashpra t\u00eb ekstremist\u00ebve nacionalist\u00eb serb\u00eb, si n\u00eb media ashtu edhe n\u00eb rrjetet sociale. P\u00ebrplasja politike Sipas t\u00eb dh\u00ebnave, kryetari i Komun\u00ebs s\u00eb [&hellip;]<\/p>\n","protected":false},"author":1,"featured_media":0,"comment_status":"closed","ping_status":"closed","sticky":false,"template":"","format":"standard","meta":{"spay_email":"","jetpack_publicize_message":"","jetpack_is_tweetstorm":false,"jetpack_publicize_feature_enabled":true},"categories":[5,1],"tags":[],"jetpack_publicize_connections":[],"yoast_head":"<!-- This site is optimized with the Yoast SEO plugin v19.1 - https:\/\/yoast.com\/wordpress\/plugins\/seo\/ -->\n<title>Reagime t\u00eb ashpra ekstremiste p\u00ebr &#039;Miss Shqiperia&#039; ne Ulqin - Lajme nga Ulqini<\/title>\n<meta name=\"description\" content=\"&#039;Miss Shqiperia&#039; ne Ulqin sjell reagime te ashpra te filoserbeve Realizimi i konkursit \u201cMiss Shqip\u00ebria\u201d n\u00eb Ulqin t\u00eb Malit t\u00eb Zi, q\u00eb \u00ebsht\u00eb parashikuar t\u00eb\" \/>\n<meta name=\"robots\" content=\"index, follow, max-snippet:-1, max-image-preview:large, max-video-preview:-1\" \/>\n<link rel=\"canonical\" href=\"https:\/\/www.visit-ulcinj.com\/blog\/2014\/05\/05\/reagime-te-ashpra-ekstremiste-per-miss-shqiperia-ne-ulqin\/\" \/>\n<meta property=\"og:locale\" content=\"en_US\" \/>\n<meta property=\"og:type\" content=\"article\" \/>\n<meta property=\"og:title\" content=\"Reagime t\u00eb ashpra ekstremiste p\u00ebr &#039;Miss Shqiperia&#039; ne Ulqin - Lajme nga Ulqini\" \/>\n<meta property=\"og:description\" content=\"&#039;Miss Shqiperia&#039; ne Ulqin sjell reagime te ashpra te filoserbeve Realizimi i konkursit \u201cMiss Shqip\u00ebria\u201d n\u00eb Ulqin t\u00eb Malit t\u00eb Zi, q\u00eb \u00ebsht\u00eb parashikuar t\u00eb\" \/>\n<meta property=\"og:url\" content=\"https:\/\/www.visit-ulcinj.com\/blog\/2014\/05\/05\/reagime-te-ashpra-ekstremiste-per-miss-shqiperia-ne-ulqin\/\" \/>\n<meta property=\"og:site_name\" content=\"Lajme nga Ulqini\" \/>\n<meta property=\"article:published_time\" content=\"2014-05-05T07:29:20+00:00\" \/>\n<meta property=\"article:modified_time\" content=\"2014-05-06T10:31:09+00:00\" \/>\n<meta property=\"og:image\" content=\"http:\/\/www.visit-ulcinj.com\/blog\/wp-content\/uploads\/2014\/04\/Miss-Globe-International-2012-in-Ulcinj-Montenegro.5.jpg\" \/>\n<meta name=\"twitter:label1\" content=\"Written by\" \/>\n\t<meta name=\"twitter:data1\" content=\"ulqini\" \/>\n\t<meta name=\"twitter:label2\" content=\"Est. reading time\" \/>\n\t<meta name=\"twitter:data2\" content=\"4 minutes\" \/>\n<script type=\"application\/ld+json\" class=\"yoast-schema-graph\">{\"@context\":\"https:\/\/schema.org\",\"@graph\":[{\"@type\":\"WebSite\",\"@id\":\"https:\/\/www.visit-ulcinj.com\/blog\/#website\",\"url\":\"https:\/\/www.visit-ulcinj.com\/blog\/\",\"name\":\"Lajme nga Ulqini\",\"description\":\"Lajme,Vijesti,Ulqini,Ulqin,Crna Gora,Mali i Zi\",\"potentialAction\":[{\"@type\":\"SearchAction\",\"target\":{\"@type\":\"EntryPoint\",\"urlTemplate\":\"https:\/\/www.visit-ulcinj.com\/blog\/?s={search_term_string}\"},\"query-input\":\"required name=search_term_string\"}],\"inLanguage\":\"en-US\"},{\"@type\":\"ImageObject\",\"inLanguage\":\"en-US\",\"@id\":\"https:\/\/www.visit-ulcinj.com\/blog\/2014\/05\/05\/reagime-te-ashpra-ekstremiste-per-miss-shqiperia-ne-ulqin\/#primaryimage\",\"url\":\"https:\/\/www.visit-ulcinj.com\/blog\/wp-content\/uploads\/2014\/04\/Miss-Globe-International-2012-in-Ulcinj-Montenegro.5.jpg\",\"contentUrl\":\"https:\/\/www.visit-ulcinj.com\/blog\/wp-content\/uploads\/2014\/04\/Miss-Globe-International-2012-in-Ulcinj-Montenegro.5.jpg\",\"width\":960,\"height\":639},{\"@type\":\"WebPage\",\"@id\":\"https:\/\/www.visit-ulcinj.com\/blog\/2014\/05\/05\/reagime-te-ashpra-ekstremiste-per-miss-shqiperia-ne-ulqin\/#webpage\",\"url\":\"https:\/\/www.visit-ulcinj.com\/blog\/2014\/05\/05\/reagime-te-ashpra-ekstremiste-per-miss-shqiperia-ne-ulqin\/\",\"name\":\"Reagime t\u00eb ashpra ekstremiste p\u00ebr 'Miss Shqiperia' ne Ulqin - Lajme nga Ulqini\",\"isPartOf\":{\"@id\":\"https:\/\/www.visit-ulcinj.com\/blog\/#website\"},\"primaryImageOfPage\":{\"@id\":\"https:\/\/www.visit-ulcinj.com\/blog\/2014\/05\/05\/reagime-te-ashpra-ekstremiste-per-miss-shqiperia-ne-ulqin\/#primaryimage\"},\"datePublished\":\"2014-05-05T07:29:20+00:00\",\"dateModified\":\"2014-05-06T10:31:09+00:00\",\"author\":{\"@id\":\"https:\/\/www.visit-ulcinj.com\/blog\/#\/schema\/person\/dcab619c614d3038751c63bc2aadc06d\"},\"description\":\"'Miss Shqiperia' ne Ulqin sjell reagime te ashpra te filoserbeve Realizimi i konkursit \u201cMiss Shqip\u00ebria\u201d n\u00eb Ulqin t\u00eb Malit t\u00eb Zi, q\u00eb \u00ebsht\u00eb parashikuar t\u00eb\",\"breadcrumb\":{\"@id\":\"https:\/\/www.visit-ulcinj.com\/blog\/2014\/05\/05\/reagime-te-ashpra-ekstremiste-per-miss-shqiperia-ne-ulqin\/#breadcrumb\"},\"inLanguage\":\"en-US\",\"potentialAction\":[{\"@type\":\"ReadAction\",\"target\":[\"https:\/\/www.visit-ulcinj.com\/blog\/2014\/05\/05\/reagime-te-ashpra-ekstremiste-per-miss-shqiperia-ne-ulqin\/\"]}]},{\"@type\":\"BreadcrumbList\",\"@id\":\"https:\/\/www.visit-ulcinj.com\/blog\/2014\/05\/05\/reagime-te-ashpra-ekstremiste-per-miss-shqiperia-ne-ulqin\/#breadcrumb\",\"itemListElement\":[{\"@type\":\"ListItem\",\"position\":1,\"name\":\"Reagime t\u00eb ashpra ekstremiste p\u00ebr &#8216;Miss Shqiperia&#8217; ne Ulqin\"}]},{\"@type\":\"Person\",\"@id\":\"https:\/\/www.visit-ulcinj.com\/blog\/#\/schema\/person\/dcab619c614d3038751c63bc2aadc06d\",\"name\":\"ulqini\",\"sameAs\":[\"http:\/\/www.visit-ulcinj.com\"],\"url\":\"https:\/\/www.visit-ulcinj.com\/blog\/author\/admin\/\"}]}<\/script>\n<!-- \/ Yoast SEO plugin. -->","yoast_head_json":{"title":"Reagime t\u00eb ashpra ekstremiste p\u00ebr 'Miss Shqiperia' ne Ulqin - Lajme nga Ulqini","description":"'Miss Shqiperia' ne Ulqin sjell reagime te ashpra te filoserbeve Realizimi i konkursit \u201cMiss Shqip\u00ebria\u201d n\u00eb Ulqin t\u00eb Malit t\u00eb Zi, q\u00eb \u00ebsht\u00eb parashikuar t\u00eb","robots":{"index":"index","follow":"follow","max-snippet":"max-snippet:-1","max-image-preview":"max-image-preview:large","max-video-preview":"max-video-preview:-1"},"canonical":"https:\/\/www.visit-ulcinj.com\/blog\/2014\/05\/05\/reagime-te-ashpra-ekstremiste-per-miss-shqiperia-ne-ulqin\/","og_locale":"en_US","og_type":"article","og_title":"Reagime t\u00eb ashpra ekstremiste p\u00ebr 'Miss Shqiperia' ne Ulqin - Lajme nga Ulqini","og_description":"'Miss Shqiperia' ne Ulqin sjell reagime te ashpra te filoserbeve Realizimi i konkursit \u201cMiss Shqip\u00ebria\u201d n\u00eb Ulqin t\u00eb Malit t\u00eb Zi, q\u00eb \u00ebsht\u00eb parashikuar t\u00eb","og_url":"https:\/\/www.visit-ulcinj.com\/blog\/2014\/05\/05\/reagime-te-ashpra-ekstremiste-per-miss-shqiperia-ne-ulqin\/","og_site_name":"Lajme nga Ulqini","article_published_time":"2014-05-05T07:29:20+00:00","article_modified_time":"2014-05-06T10:31:09+00:00","og_image":[{"url":"http:\/\/www.visit-ulcinj.com\/blog\/wp-content\/uploads\/2014\/04\/Miss-Globe-International-2012-in-Ulcinj-Montenegro.5.jpg"}],"twitter_misc":{"Written by":"ulqini","Est. reading time":"4 minutes"},"schema":{"@context":"https:\/\/schema.org","@graph":[{"@type":"WebSite","@id":"https:\/\/www.visit-ulcinj.com\/blog\/#website","url":"https:\/\/www.visit-ulcinj.com\/blog\/","name":"Lajme nga Ulqini","description":"Lajme,Vijesti,Ulqini,Ulqin,Crna Gora,Mali i Zi","potentialAction":[{"@type":"SearchAction","target":{"@type":"EntryPoint","urlTemplate":"https:\/\/www.visit-ulcinj.com\/blog\/?s={search_term_string}"},"query-input":"required name=search_term_string"}],"inLanguage":"en-US"},{"@type":"ImageObject","inLanguage":"en-US","@id":"https:\/\/www.visit-ulcinj.com\/blog\/2014\/05\/05\/reagime-te-ashpra-ekstremiste-per-miss-shqiperia-ne-ulqin\/#primaryimage","url":"https:\/\/www.visit-ulcinj.com\/blog\/wp-content\/uploads\/2014\/04\/Miss-Globe-International-2012-in-Ulcinj-Montenegro.5.jpg","contentUrl":"https:\/\/www.visit-ulcinj.com\/blog\/wp-content\/uploads\/2014\/04\/Miss-Globe-International-2012-in-Ulcinj-Montenegro.5.jpg","width":960,"height":639},{"@type":"WebPage","@id":"https:\/\/www.visit-ulcinj.com\/blog\/2014\/05\/05\/reagime-te-ashpra-ekstremiste-per-miss-shqiperia-ne-ulqin\/#webpage","url":"https:\/\/www.visit-ulcinj.com\/blog\/2014\/05\/05\/reagime-te-ashpra-ekstremiste-per-miss-shqiperia-ne-ulqin\/","name":"Reagime t\u00eb ashpra ekstremiste p\u00ebr 'Miss Shqiperia' ne Ulqin - Lajme nga Ulqini","isPartOf":{"@id":"https:\/\/www.visit-ulcinj.com\/blog\/#website"},"primaryImageOfPage":{"@id":"https:\/\/www.visit-ulcinj.com\/blog\/2014\/05\/05\/reagime-te-ashpra-ekstremiste-per-miss-shqiperia-ne-ulqin\/#primaryimage"},"datePublished":"2014-05-05T07:29:20+00:00","dateModified":"2014-05-06T10:31:09+00:00","author":{"@id":"https:\/\/www.visit-ulcinj.com\/blog\/#\/schema\/person\/dcab619c614d3038751c63bc2aadc06d"},"description":"'Miss Shqiperia' ne Ulqin sjell reagime te ashpra te filoserbeve Realizimi i konkursit \u201cMiss Shqip\u00ebria\u201d n\u00eb Ulqin t\u00eb Malit t\u00eb Zi, q\u00eb \u00ebsht\u00eb parashikuar t\u00eb","breadcrumb":{"@id":"https:\/\/www.visit-ulcinj.com\/blog\/2014\/05\/05\/reagime-te-ashpra-ekstremiste-per-miss-shqiperia-ne-ulqin\/#breadcrumb"},"inLanguage":"en-US","potentialAction":[{"@type":"ReadAction","target":["https:\/\/www.visit-ulcinj.com\/blog\/2014\/05\/05\/reagime-te-ashpra-ekstremiste-per-miss-shqiperia-ne-ulqin\/"]}]},{"@type":"BreadcrumbList","@id":"https:\/\/www.visit-ulcinj.com\/blog\/2014\/05\/05\/reagime-te-ashpra-ekstremiste-per-miss-shqiperia-ne-ulqin\/#breadcrumb","itemListElement":[{"@type":"ListItem","position":1,"name":"Reagime t\u00eb ashpra ekstremiste p\u00ebr &#8216;Miss Shqiperia&#8217; ne Ulqin"}]},{"@type":"Person","@id":"https:\/\/www.visit-ulcinj.com\/blog\/#\/schema\/person\/dcab619c614d3038751c63bc2aadc06d","name":"ulqini","sameAs":["http:\/\/www.visit-ulcinj.com"],"url":"https:\/\/www.visit-ulcinj.com\/blog\/author\/admin\/"}]}},"jetpack_featured_media_url":"","jetpack_sharing_enabled":true,"jetpack_shortlink":"https:\/\/wp.me\/pe6lTn-lmS","_links":{"self":[{"href":"https:\/\/www.visit-ulcinj.com\/blog\/wp-json\/wp\/v2\/posts\/82142"}],"collection":[{"href":"https:\/\/www.visit-ulcinj.com\/blog\/wp-json\/wp\/v2\/posts"}],"about":[{"href":"https:\/\/www.visit-ulcinj.com\/blog\/wp-json\/wp\/v2\/types\/post"}],"author":[{"embeddable":true,"href":"https:\/\/www.visit-ulcinj.com\/blog\/wp-json\/wp\/v2\/users\/1"}],"replies":[{"embeddable":true,"href":"https:\/\/www.visit-ulcinj.com\/blog\/wp-json\/wp\/v2\/comments?post=82142"}],"version-history":[{"count":2,"href":"https:\/\/www.visit-ulcinj.com\/blog\/wp-json\/wp\/v2\/posts\/82142\/revisions"}],"predecessor-version":[{"id":82144,"href":"https:\/\/www.visit-ulcinj.com\/blog\/wp-json\/wp\/v2\/posts\/82142\/revisions\/82144"}],"wp:attachment":[{"href":"https:\/\/www.visit-ulcinj.com\/blog\/wp-json\/wp\/v2\/media?parent=82142"}],"wp:term":[{"taxonomy":"category","embeddable":true,"href":"https:\/\/www.visit-ulcinj.com\/blog\/wp-json\/wp\/v2\/categories?post=82142"},{"taxonomy":"post_tag","embeddable":true,"href":"https:\/\/www.visit-ulcinj.com\/blog\/wp-json\/wp\/v2\/tags?post=82142"}],"curies":[{"name":"wp","href":"https:\/\/api.w.org\/{rel}","templated":true}]}}