{"id":82145,"date":"2014-05-06T09:16:58","date_gmt":"2014-05-06T08:16:58","guid":{"rendered":"http:\/\/www.visit-ulcinj.com\/blog\/?p=82145"},"modified":"2014-05-06T09:16:58","modified_gmt":"2014-05-06T08:16:58","slug":"ulcinj-svi-za-turizam-lijepo-nezaboravno","status":"publish","type":"post","link":"https:\/\/www.visit-ulcinj.com\/blog\/2014\/05\/06\/ulcinj-svi-za-turizam-lijepo-nezaboravno\/","title":{"rendered":"TO Ulcinj: &#8220;Svi za turizam&#8221; lijepo i nezaboravno"},"content":{"rendered":"<p><a href=\"http:\/\/www.visit-ulcinj.com\/blog\/wp-content\/uploads\/2014\/05\/Svi-za-turizam-ulcinja.jpg\"><img loading=\"lazy\" class=\"alignleft  wp-image-82147\" alt=\"Svi za turizam-ulcinja\" src=\"http:\/\/www.visit-ulcinj.com\/blog\/wp-content\/uploads\/2014\/05\/Svi-za-turizam-ulcinja.jpg\" width=\"508\" height=\"360\" \/><\/a>U organizaciji TO Ulcinja za vrijeme prvomajskih praznika odr\u017eana je manifestacija &#8220;Svi za turizam&#8221;. Bilo je zaista lijepo i nezaboravno. Mora se priznati da je na\u0161 grad za vrijeme praznika izgledao druga\u010dije. Prepune ulice gostiju iz regiona i iz Rusije, dali su posebnu dra\u017e ovoj manifestaciji. Posebno se to osjetilo na na\u0161oj Promenadi, gdje je bila i glavna organizovana ove manifestacije. Bilo je zaista impresivno gledati i sudjelovati u svemu tome. Bilo je za svakoga pone\u0161to, od turbo muzike za mlade do duboko u no\u0107, dje\u010djeg karnevala, te prepunog \u0161etali\u0161ta proizvoda doma\u0107e radinosti iz Ulcinja i okoline, kao i nacionalnih no\u0161nji i umjetni\u010dkih proizvoda iz Skadra i raznih dijelova Crne Gore. Jedno od najljep\u0161ih \u0161etali\u0161ta na Jadranu, te no\u0107i je izgledalo nestvarno i &#8220;bo\u017eanski&#8221; lijepo, \u010dini mi se kao nekada u ona stara dobra vremena na\u0161eg turizma. Me\u0111utim, ova idila je veoma kratko trajala. Lo\u0161i vremenski uslovi, ki\u0161a i hladno vrijeme, vratili su nas za samo par sati u stvarnu realnost. Moje iskrene pohvale TO Ulcinja, koja je dala veliki doprinos svemu ovome, tim vi\u0161e \u0161to je u njenoj organizaciji boravila i grupa novinara raznih medija iz Rusije, Beograda, sa Kosova, i iz Bosne i Hercegovine.<\/p>\n<p>Ja sam im na neki na\u010din i bio doma\u0107in, s obzirom da sam imao i \u010dast ali i zadovoljstvo da ih upoznam sa kulturno istorijskom ba\u0161tinom na\u0161eg grada i okoline, ali i sa jednim fantasti\u010dnim su\u017eivotom svih nas na ovom prostoru. Multikonfesinalni i multinacionalni odnosi koji su oduvijek krasili na\u0161 grad i njegove gostoljubive mje\u0161tane, su samo dodatni podstrek, da pored smje\u0161tajnih kapaciteta u hotelskom i privatnom smje\u0161taju, ova sezona bude jo\u0161 bolja i beri\u0107etnija. Manifestacija &#8220;Svi za turizam&#8221; je i te kako bila dobra &#8220;infuzija&#8221; za sve nas, me\u0111utim, posebno za na\u0161e ugostiteljske radnike koji imaju ugostiteljske objekte u zoni &#8220;Male pla\u017ee&#8221; i Pristana. Kod organizovanja ovakvih manifestacija, trebali bi da daju svoj doprinos, ne samo uslugom i kvalitetom svojih proizvoda, ve\u0107 bi morali da i finasijski podr\u017ee ovakve manifestacije. Siguran sam da znaju da u &#8220;\u017eivotu i u ljubavi&#8221; je uvijek isto, kada uzimate morate i da dajete. Nije dovoljno samo uzimati da bi ste bili sre\u0107ni. Svjedoci smo da su restorani, pekare, privatni objekti raznih kategorija, hamburgeri i svi oni koji se bave ovom djelatno\u0161\u0107u bili prepuni. Morali bi da znaju da je u\u010dinjen veliki napor da se ti gosti dovode ovamo kako bi ovdje ostavili svoj novac&#8230; Turizam je jedna velika &#8220;torta&#8221; koja se mora manje vi\u0161e ravnomjeno podijeliti. Na\u0161e dame to mnogo bolje znaju od mene, okvase no\u017e, kako bi se sve to lijepo podijelilo&#8230;.<\/p>\n<p><strong><a id=\"js_7\" href=\"https:\/\/www.facebook.com\/ismet.karamanaga\" data-ft=\"{&quot;tn&quot;:&quot;l&quot;}\" data-hovercard=\"\/ajax\/hovercard\/user.php?id=1359492972\">Ismet Karamanaga Facebook<\/a><\/strong><\/p>\n","protected":false},"excerpt":{"rendered":"<p>U organizaciji TO Ulcinja za vrijeme prvomajskih praznika odr\u017eana je manifestacija &#8220;Svi za turizam&#8221;. Bilo je zaista lijepo i nezaboravno. Mora se priznati da je na\u0161 grad za vrijeme praznika izgledao druga\u010dije. Prepune ulice gostiju iz regiona i iz Rusije, dali su posebnu dra\u017e ovoj manifestaciji. Posebno se to osjetilo na na\u0161oj Promenadi, gdje je [&hellip;]<\/p>\n","protected":false},"author":1,"featured_media":0,"comment_status":"closed","ping_status":"closed","sticky":false,"template":"","format":"standard","meta":{"spay_email":"","jetpack_publicize_message":"","jetpack_is_tweetstorm":false,"jetpack_publicize_feature_enabled":true},"categories":[8337],"tags":[],"jetpack_publicize_connections":[],"yoast_head":"<!-- This site is optimized with the Yoast SEO plugin v19.1 - https:\/\/yoast.com\/wordpress\/plugins\/seo\/ -->\n<title>TO Ulcinj: &quot;Svi za turizam&quot; lijepo i nezaboravno - Lajme nga Ulqini<\/title>\n<meta name=\"description\" content=\"U organizaciji TO Ulcinja za vrijeme prvomajskih praznika odr\u017eana je manifestacija &quot;Svi za turizam&quot;. Bilo je zaista lijepo i nezaboravno. Mora se priznati\" \/>\n<meta name=\"robots\" content=\"index, follow, max-snippet:-1, max-image-preview:large, max-video-preview:-1\" \/>\n<link rel=\"canonical\" href=\"https:\/\/www.visit-ulcinj.com\/blog\/2014\/05\/06\/ulcinj-svi-za-turizam-lijepo-nezaboravno\/\" \/>\n<meta property=\"og:locale\" content=\"en_US\" \/>\n<meta property=\"og:type\" content=\"article\" \/>\n<meta property=\"og:title\" content=\"TO Ulcinj: &quot;Svi za turizam&quot; lijepo i nezaboravno - Lajme nga Ulqini\" \/>\n<meta property=\"og:description\" content=\"U organizaciji TO Ulcinja za vrijeme prvomajskih praznika odr\u017eana je manifestacija &quot;Svi za turizam&quot;. Bilo je zaista lijepo i nezaboravno. Mora se priznati\" \/>\n<meta property=\"og:url\" content=\"https:\/\/www.visit-ulcinj.com\/blog\/2014\/05\/06\/ulcinj-svi-za-turizam-lijepo-nezaboravno\/\" \/>\n<meta property=\"og:site_name\" content=\"Lajme nga Ulqini\" \/>\n<meta property=\"article:published_time\" content=\"2014-05-06T08:16:58+00:00\" \/>\n<meta property=\"og:image\" content=\"http:\/\/www.visit-ulcinj.com\/blog\/wp-content\/uploads\/2014\/05\/Svi-za-turizam-ulcinja.jpg\" \/>\n<meta name=\"twitter:label1\" content=\"Written by\" \/>\n\t<meta name=\"twitter:data1\" content=\"ulqini\" \/>\n\t<meta name=\"twitter:label2\" content=\"Est. reading time\" \/>\n\t<meta name=\"twitter:data2\" content=\"2 minutes\" \/>\n<script type=\"application\/ld+json\" class=\"yoast-schema-graph\">{\"@context\":\"https:\/\/schema.org\",\"@graph\":[{\"@type\":\"WebSite\",\"@id\":\"https:\/\/www.visit-ulcinj.com\/blog\/#website\",\"url\":\"https:\/\/www.visit-ulcinj.com\/blog\/\",\"name\":\"Lajme nga Ulqini\",\"description\":\"Lajme,Vijesti,Ulqini,Ulqin,Crna Gora,Mali i Zi\",\"potentialAction\":[{\"@type\":\"SearchAction\",\"target\":{\"@type\":\"EntryPoint\",\"urlTemplate\":\"https:\/\/www.visit-ulcinj.com\/blog\/?s={search_term_string}\"},\"query-input\":\"required name=search_term_string\"}],\"inLanguage\":\"en-US\"},{\"@type\":\"ImageObject\",\"inLanguage\":\"en-US\",\"@id\":\"https:\/\/www.visit-ulcinj.com\/blog\/2014\/05\/06\/ulcinj-svi-za-turizam-lijepo-nezaboravno\/#primaryimage\",\"url\":\"https:\/\/www.visit-ulcinj.com\/blog\/wp-content\/uploads\/2014\/05\/Svi-za-turizam-ulcinja.jpg\",\"contentUrl\":\"https:\/\/www.visit-ulcinj.com\/blog\/wp-content\/uploads\/2014\/05\/Svi-za-turizam-ulcinja.jpg\",\"width\":999,\"height\":749},{\"@type\":\"WebPage\",\"@id\":\"https:\/\/www.visit-ulcinj.com\/blog\/2014\/05\/06\/ulcinj-svi-za-turizam-lijepo-nezaboravno\/#webpage\",\"url\":\"https:\/\/www.visit-ulcinj.com\/blog\/2014\/05\/06\/ulcinj-svi-za-turizam-lijepo-nezaboravno\/\",\"name\":\"TO Ulcinj: \\\"Svi za turizam\\\" lijepo i nezaboravno - Lajme nga Ulqini\",\"isPartOf\":{\"@id\":\"https:\/\/www.visit-ulcinj.com\/blog\/#website\"},\"primaryImageOfPage\":{\"@id\":\"https:\/\/www.visit-ulcinj.com\/blog\/2014\/05\/06\/ulcinj-svi-za-turizam-lijepo-nezaboravno\/#primaryimage\"},\"datePublished\":\"2014-05-06T08:16:58+00:00\",\"dateModified\":\"2014-05-06T08:16:58+00:00\",\"author\":{\"@id\":\"https:\/\/www.visit-ulcinj.com\/blog\/#\/schema\/person\/dcab619c614d3038751c63bc2aadc06d\"},\"description\":\"U organizaciji TO Ulcinja za vrijeme prvomajskih praznika odr\u017eana je manifestacija \\\"Svi za turizam\\\". Bilo je zaista lijepo i nezaboravno. Mora se priznati\",\"breadcrumb\":{\"@id\":\"https:\/\/www.visit-ulcinj.com\/blog\/2014\/05\/06\/ulcinj-svi-za-turizam-lijepo-nezaboravno\/#breadcrumb\"},\"inLanguage\":\"en-US\",\"potentialAction\":[{\"@type\":\"ReadAction\",\"target\":[\"https:\/\/www.visit-ulcinj.com\/blog\/2014\/05\/06\/ulcinj-svi-za-turizam-lijepo-nezaboravno\/\"]}]},{\"@type\":\"BreadcrumbList\",\"@id\":\"https:\/\/www.visit-ulcinj.com\/blog\/2014\/05\/06\/ulcinj-svi-za-turizam-lijepo-nezaboravno\/#breadcrumb\",\"itemListElement\":[{\"@type\":\"ListItem\",\"position\":1,\"name\":\"TO Ulcinj: &#8220;Svi za turizam&#8221; lijepo i nezaboravno\"}]},{\"@type\":\"Person\",\"@id\":\"https:\/\/www.visit-ulcinj.com\/blog\/#\/schema\/person\/dcab619c614d3038751c63bc2aadc06d\",\"name\":\"ulqini\",\"sameAs\":[\"http:\/\/www.visit-ulcinj.com\"],\"url\":\"https:\/\/www.visit-ulcinj.com\/blog\/author\/admin\/\"}]}<\/script>\n<!-- \/ Yoast SEO plugin. -->","yoast_head_json":{"title":"TO Ulcinj: \"Svi za turizam\" lijepo i nezaboravno - Lajme nga Ulqini","description":"U organizaciji TO Ulcinja za vrijeme prvomajskih praznika odr\u017eana je manifestacija \"Svi za turizam\". Bilo je zaista lijepo i nezaboravno. Mora se priznati","robots":{"index":"index","follow":"follow","max-snippet":"max-snippet:-1","max-image-preview":"max-image-preview:large","max-video-preview":"max-video-preview:-1"},"canonical":"https:\/\/www.visit-ulcinj.com\/blog\/2014\/05\/06\/ulcinj-svi-za-turizam-lijepo-nezaboravno\/","og_locale":"en_US","og_type":"article","og_title":"TO Ulcinj: \"Svi za turizam\" lijepo i nezaboravno - Lajme nga Ulqini","og_description":"U organizaciji TO Ulcinja za vrijeme prvomajskih praznika odr\u017eana je manifestacija \"Svi za turizam\". Bilo je zaista lijepo i nezaboravno. Mora se priznati","og_url":"https:\/\/www.visit-ulcinj.com\/blog\/2014\/05\/06\/ulcinj-svi-za-turizam-lijepo-nezaboravno\/","og_site_name":"Lajme nga Ulqini","article_published_time":"2014-05-06T08:16:58+00:00","og_image":[{"url":"http:\/\/www.visit-ulcinj.com\/blog\/wp-content\/uploads\/2014\/05\/Svi-za-turizam-ulcinja.jpg"}],"twitter_misc":{"Written by":"ulqini","Est. reading time":"2 minutes"},"schema":{"@context":"https:\/\/schema.org","@graph":[{"@type":"WebSite","@id":"https:\/\/www.visit-ulcinj.com\/blog\/#website","url":"https:\/\/www.visit-ulcinj.com\/blog\/","name":"Lajme nga Ulqini","description":"Lajme,Vijesti,Ulqini,Ulqin,Crna Gora,Mali i Zi","potentialAction":[{"@type":"SearchAction","target":{"@type":"EntryPoint","urlTemplate":"https:\/\/www.visit-ulcinj.com\/blog\/?s={search_term_string}"},"query-input":"required name=search_term_string"}],"inLanguage":"en-US"},{"@type":"ImageObject","inLanguage":"en-US","@id":"https:\/\/www.visit-ulcinj.com\/blog\/2014\/05\/06\/ulcinj-svi-za-turizam-lijepo-nezaboravno\/#primaryimage","url":"https:\/\/www.visit-ulcinj.com\/blog\/wp-content\/uploads\/2014\/05\/Svi-za-turizam-ulcinja.jpg","contentUrl":"https:\/\/www.visit-ulcinj.com\/blog\/wp-content\/uploads\/2014\/05\/Svi-za-turizam-ulcinja.jpg","width":999,"height":749},{"@type":"WebPage","@id":"https:\/\/www.visit-ulcinj.com\/blog\/2014\/05\/06\/ulcinj-svi-za-turizam-lijepo-nezaboravno\/#webpage","url":"https:\/\/www.visit-ulcinj.com\/blog\/2014\/05\/06\/ulcinj-svi-za-turizam-lijepo-nezaboravno\/","name":"TO Ulcinj: \"Svi za turizam\" lijepo i nezaboravno - Lajme nga Ulqini","isPartOf":{"@id":"https:\/\/www.visit-ulcinj.com\/blog\/#website"},"primaryImageOfPage":{"@id":"https:\/\/www.visit-ulcinj.com\/blog\/2014\/05\/06\/ulcinj-svi-za-turizam-lijepo-nezaboravno\/#primaryimage"},"datePublished":"2014-05-06T08:16:58+00:00","dateModified":"2014-05-06T08:16:58+00:00","author":{"@id":"https:\/\/www.visit-ulcinj.com\/blog\/#\/schema\/person\/dcab619c614d3038751c63bc2aadc06d"},"description":"U organizaciji TO Ulcinja za vrijeme prvomajskih praznika odr\u017eana je manifestacija \"Svi za turizam\". Bilo je zaista lijepo i nezaboravno. Mora se priznati","breadcrumb":{"@id":"https:\/\/www.visit-ulcinj.com\/blog\/2014\/05\/06\/ulcinj-svi-za-turizam-lijepo-nezaboravno\/#breadcrumb"},"inLanguage":"en-US","potentialAction":[{"@type":"ReadAction","target":["https:\/\/www.visit-ulcinj.com\/blog\/2014\/05\/06\/ulcinj-svi-za-turizam-lijepo-nezaboravno\/"]}]},{"@type":"BreadcrumbList","@id":"https:\/\/www.visit-ulcinj.com\/blog\/2014\/05\/06\/ulcinj-svi-za-turizam-lijepo-nezaboravno\/#breadcrumb","itemListElement":[{"@type":"ListItem","position":1,"name":"TO Ulcinj: &#8220;Svi za turizam&#8221; lijepo i nezaboravno"}]},{"@type":"Person","@id":"https:\/\/www.visit-ulcinj.com\/blog\/#\/schema\/person\/dcab619c614d3038751c63bc2aadc06d","name":"ulqini","sameAs":["http:\/\/www.visit-ulcinj.com"],"url":"https:\/\/www.visit-ulcinj.com\/blog\/author\/admin\/"}]}},"jetpack_featured_media_url":"","jetpack_sharing_enabled":true,"jetpack_shortlink":"https:\/\/wp.me\/pe6lTn-lmV","_links":{"self":[{"href":"https:\/\/www.visit-ulcinj.com\/blog\/wp-json\/wp\/v2\/posts\/82145"}],"collection":[{"href":"https:\/\/www.visit-ulcinj.com\/blog\/wp-json\/wp\/v2\/posts"}],"about":[{"href":"https:\/\/www.visit-ulcinj.com\/blog\/wp-json\/wp\/v2\/types\/post"}],"author":[{"embeddable":true,"href":"https:\/\/www.visit-ulcinj.com\/blog\/wp-json\/wp\/v2\/users\/1"}],"replies":[{"embeddable":true,"href":"https:\/\/www.visit-ulcinj.com\/blog\/wp-json\/wp\/v2\/comments?post=82145"}],"version-history":[{"count":1,"href":"https:\/\/www.visit-ulcinj.com\/blog\/wp-json\/wp\/v2\/posts\/82145\/revisions"}],"predecessor-version":[{"id":82148,"href":"https:\/\/www.visit-ulcinj.com\/blog\/wp-json\/wp\/v2\/posts\/82145\/revisions\/82148"}],"wp:attachment":[{"href":"https:\/\/www.visit-ulcinj.com\/blog\/wp-json\/wp\/v2\/media?parent=82145"}],"wp:term":[{"taxonomy":"category","embeddable":true,"href":"https:\/\/www.visit-ulcinj.com\/blog\/wp-json\/wp\/v2\/categories?post=82145"},{"taxonomy":"post_tag","embeddable":true,"href":"https:\/\/www.visit-ulcinj.com\/blog\/wp-json\/wp\/v2\/tags?post=82145"}],"curies":[{"name":"wp","href":"https:\/\/api.w.org\/{rel}","templated":true}]}}