{"id":82149,"date":"2014-05-06T11:17:48","date_gmt":"2014-05-06T10:17:48","guid":{"rendered":"http:\/\/www.visit-ulcinj.com\/blog\/?p=82149"},"modified":"2014-05-06T11:17:48","modified_gmt":"2014-05-06T10:17:48","slug":"princ-nikola-u-ulcinj-muzej-zatvoren","status":"publish","type":"post","link":"https:\/\/www.visit-ulcinj.com\/blog\/2014\/05\/06\/princ-nikola-u-ulcinj-muzej-zatvoren\/","title":{"rendered":"Princ Nikola u Ulcinj, muzej zatvoren"},"content":{"rendered":"<p><a href=\"http:\/\/www.visit-ulcinj.com\/blog\/wp-content\/uploads\/2014\/05\/Princ-Nikola-u-Ulcinj-ismet-karamanaga.jpg\"><img loading=\"lazy\" class=\"alignleft  wp-image-82150\" alt=\"Princ Nikola u Ulcinj-ismet-karamanaga\" src=\"http:\/\/www.visit-ulcinj.com\/blog\/wp-content\/uploads\/2014\/05\/Princ-Nikola-u-Ulcinj-ismet-karamanaga.jpg\" width=\"508\" height=\"360\" \/><\/a>Princ Nikola II Petrovi\u0107 Njego\u0161 sa svojim saradnicima, i moja malenkost, ispred zatvorene kapije muzeja, danas u 11:45&#8230;Princa poznajem jo\u0161 od njegovog prvog dolaska kod nas u Ulcinju. Ponekad, kada do\u0111e kod nas, pozove me i popri\u010damo malo o revitalizaciji Starog grada i o nekim na\u0161im planovima posebno o Unescou. S obzirom da danas postoji i fondacija sa njegovim imenom koja poma\u017ee ovakve projekte, na\u0161e Udru\u017eenje, ali i kompetentni organi na\u0161e Op\u0161tine nastojimo da napravimo neke projekte koji bi se mo\u017eda i mogli finansirati iz te fondacije.<br \/>\nPrinc sa svojim saradnicima, od ju\u010der boravi u &#8220;Dvorima Bal\u0161i\u0107a&#8221; kod nas u Starom gradu. Pozvali su me kada su nai\u0161li na zatvorena vrata, s obzirom da, ne samo da \u017eivim ovdje, ve\u0107 i zbog toga \u0161to on zna, jer je \u010dlan na\u0161eg Udru\u017eenja, da sam ja predsjednik Udru\u017eenja &#8220;Kalaja&#8221;, pa je mo\u017eda \u010dovjek i mislio da ja imam &#8220;kakvu vlast ili mo\u0107&#8221;. Naravno, ja nemam nikakvu mo\u0107 niti \u010darobni \u0161tapi\u0107, niti bilo kakve ingerencije iza ovih re\u0161etaka. Muzej nijesam mogao otvoriti, ali sam pozvao jednog na\u0161eg sugra\u0111anina, za koga sam mislio da ime klju\u010deve. \u010cekali smo ga, i naravno nije imao klju\u010deve, i ja nemam razloga da mu ne vjerujem, znaju\u0107i njegovu poziciju u strukturi muzeja.<\/p>\n<p><strong><a id=\"js_7\" href=\"https:\/\/www.facebook.com\/ismet.karamanaga\" data-ft=\"{&quot;tn&quot;:&quot;l&quot;}\" data-hovercard=\"\/ajax\/hovercard\/user.php?id=1359492972\">Ismet Karamanaga Facebook<\/a><\/strong><\/p>\n","protected":false},"excerpt":{"rendered":"<p>Princ Nikola II Petrovi\u0107 Njego\u0161 sa svojim saradnicima, i moja malenkost, ispred zatvorene kapije muzeja, danas u 11:45&#8230;Princa poznajem jo\u0161 od njegovog prvog dolaska kod nas u Ulcinju. Ponekad, kada do\u0111e kod nas, pozove me i popri\u010damo malo o revitalizaciji Starog grada i o nekim na\u0161im planovima posebno o Unescou. S obzirom da danas postoji [&hellip;]<\/p>\n","protected":false},"author":1,"featured_media":0,"comment_status":"closed","ping_status":"closed","sticky":false,"template":"","format":"standard","meta":{"spay_email":"","jetpack_publicize_message":"","jetpack_is_tweetstorm":false,"jetpack_publicize_feature_enabled":true},"categories":[6950],"tags":[],"jetpack_publicize_connections":[],"yoast_head":"<!-- This site is optimized with the Yoast SEO plugin v19.1 - https:\/\/yoast.com\/wordpress\/plugins\/seo\/ -->\n<title>Princ Nikola u Ulcinj, muzej zatvoren - Lajme nga Ulqini<\/title>\n<meta name=\"description\" content=\"Princ Nikola II Petrovi\u0107 Njego\u0161 sa svojim saradnicima, i moja malenkost, ispred zatvorene kapije muzeja, danas u 11:45...Princa poznajem jo\u0161 od njegovog\" \/>\n<meta name=\"robots\" content=\"index, follow, max-snippet:-1, max-image-preview:large, max-video-preview:-1\" \/>\n<link rel=\"canonical\" href=\"https:\/\/www.visit-ulcinj.com\/blog\/2014\/05\/06\/princ-nikola-u-ulcinj-muzej-zatvoren\/\" \/>\n<meta property=\"og:locale\" content=\"en_US\" \/>\n<meta property=\"og:type\" content=\"article\" \/>\n<meta property=\"og:title\" content=\"Princ Nikola u Ulcinj, muzej zatvoren - Lajme nga Ulqini\" \/>\n<meta property=\"og:description\" content=\"Princ Nikola II Petrovi\u0107 Njego\u0161 sa svojim saradnicima, i moja malenkost, ispred zatvorene kapije muzeja, danas u 11:45...Princa poznajem jo\u0161 od njegovog\" \/>\n<meta property=\"og:url\" content=\"https:\/\/www.visit-ulcinj.com\/blog\/2014\/05\/06\/princ-nikola-u-ulcinj-muzej-zatvoren\/\" \/>\n<meta property=\"og:site_name\" content=\"Lajme nga Ulqini\" \/>\n<meta property=\"article:published_time\" content=\"2014-05-06T10:17:48+00:00\" \/>\n<meta property=\"og:image\" content=\"http:\/\/www.visit-ulcinj.com\/blog\/wp-content\/uploads\/2014\/05\/Princ-Nikola-u-Ulcinj-ismet-karamanaga.jpg\" \/>\n<meta name=\"twitter:label1\" content=\"Written by\" \/>\n\t<meta name=\"twitter:data1\" content=\"ulqini\" \/>\n\t<meta name=\"twitter:label2\" content=\"Est. reading time\" \/>\n\t<meta name=\"twitter:data2\" content=\"1 minute\" \/>\n<script type=\"application\/ld+json\" class=\"yoast-schema-graph\">{\"@context\":\"https:\/\/schema.org\",\"@graph\":[{\"@type\":\"WebSite\",\"@id\":\"https:\/\/www.visit-ulcinj.com\/blog\/#website\",\"url\":\"https:\/\/www.visit-ulcinj.com\/blog\/\",\"name\":\"Lajme nga Ulqini\",\"description\":\"Lajme,Vijesti,Ulqini,Ulqin,Crna Gora,Mali i Zi\",\"potentialAction\":[{\"@type\":\"SearchAction\",\"target\":{\"@type\":\"EntryPoint\",\"urlTemplate\":\"https:\/\/www.visit-ulcinj.com\/blog\/?s={search_term_string}\"},\"query-input\":\"required name=search_term_string\"}],\"inLanguage\":\"en-US\"},{\"@type\":\"ImageObject\",\"inLanguage\":\"en-US\",\"@id\":\"https:\/\/www.visit-ulcinj.com\/blog\/2014\/05\/06\/princ-nikola-u-ulcinj-muzej-zatvoren\/#primaryimage\",\"url\":\"https:\/\/www.visit-ulcinj.com\/blog\/wp-content\/uploads\/2014\/05\/Princ-Nikola-u-Ulcinj-ismet-karamanaga.jpg\",\"contentUrl\":\"https:\/\/www.visit-ulcinj.com\/blog\/wp-content\/uploads\/2014\/05\/Princ-Nikola-u-Ulcinj-ismet-karamanaga.jpg\",\"width\":999,\"height\":749},{\"@type\":\"WebPage\",\"@id\":\"https:\/\/www.visit-ulcinj.com\/blog\/2014\/05\/06\/princ-nikola-u-ulcinj-muzej-zatvoren\/#webpage\",\"url\":\"https:\/\/www.visit-ulcinj.com\/blog\/2014\/05\/06\/princ-nikola-u-ulcinj-muzej-zatvoren\/\",\"name\":\"Princ Nikola u Ulcinj, muzej zatvoren - Lajme nga Ulqini\",\"isPartOf\":{\"@id\":\"https:\/\/www.visit-ulcinj.com\/blog\/#website\"},\"primaryImageOfPage\":{\"@id\":\"https:\/\/www.visit-ulcinj.com\/blog\/2014\/05\/06\/princ-nikola-u-ulcinj-muzej-zatvoren\/#primaryimage\"},\"datePublished\":\"2014-05-06T10:17:48+00:00\",\"dateModified\":\"2014-05-06T10:17:48+00:00\",\"author\":{\"@id\":\"https:\/\/www.visit-ulcinj.com\/blog\/#\/schema\/person\/dcab619c614d3038751c63bc2aadc06d\"},\"description\":\"Princ Nikola II Petrovi\u0107 Njego\u0161 sa svojim saradnicima, i moja malenkost, ispred zatvorene kapije muzeja, danas u 11:45...Princa poznajem jo\u0161 od njegovog\",\"breadcrumb\":{\"@id\":\"https:\/\/www.visit-ulcinj.com\/blog\/2014\/05\/06\/princ-nikola-u-ulcinj-muzej-zatvoren\/#breadcrumb\"},\"inLanguage\":\"en-US\",\"potentialAction\":[{\"@type\":\"ReadAction\",\"target\":[\"https:\/\/www.visit-ulcinj.com\/blog\/2014\/05\/06\/princ-nikola-u-ulcinj-muzej-zatvoren\/\"]}]},{\"@type\":\"BreadcrumbList\",\"@id\":\"https:\/\/www.visit-ulcinj.com\/blog\/2014\/05\/06\/princ-nikola-u-ulcinj-muzej-zatvoren\/#breadcrumb\",\"itemListElement\":[{\"@type\":\"ListItem\",\"position\":1,\"name\":\"Princ Nikola u Ulcinj, muzej zatvoren\"}]},{\"@type\":\"Person\",\"@id\":\"https:\/\/www.visit-ulcinj.com\/blog\/#\/schema\/person\/dcab619c614d3038751c63bc2aadc06d\",\"name\":\"ulqini\",\"sameAs\":[\"http:\/\/www.visit-ulcinj.com\"],\"url\":\"https:\/\/www.visit-ulcinj.com\/blog\/author\/admin\/\"}]}<\/script>\n<!-- \/ Yoast SEO plugin. -->","yoast_head_json":{"title":"Princ Nikola u Ulcinj, muzej zatvoren - Lajme nga Ulqini","description":"Princ Nikola II Petrovi\u0107 Njego\u0161 sa svojim saradnicima, i moja malenkost, ispred zatvorene kapije muzeja, danas u 11:45...Princa poznajem jo\u0161 od njegovog","robots":{"index":"index","follow":"follow","max-snippet":"max-snippet:-1","max-image-preview":"max-image-preview:large","max-video-preview":"max-video-preview:-1"},"canonical":"https:\/\/www.visit-ulcinj.com\/blog\/2014\/05\/06\/princ-nikola-u-ulcinj-muzej-zatvoren\/","og_locale":"en_US","og_type":"article","og_title":"Princ Nikola u Ulcinj, muzej zatvoren - Lajme nga Ulqini","og_description":"Princ Nikola II Petrovi\u0107 Njego\u0161 sa svojim saradnicima, i moja malenkost, ispred zatvorene kapije muzeja, danas u 11:45...Princa poznajem jo\u0161 od njegovog","og_url":"https:\/\/www.visit-ulcinj.com\/blog\/2014\/05\/06\/princ-nikola-u-ulcinj-muzej-zatvoren\/","og_site_name":"Lajme nga Ulqini","article_published_time":"2014-05-06T10:17:48+00:00","og_image":[{"url":"http:\/\/www.visit-ulcinj.com\/blog\/wp-content\/uploads\/2014\/05\/Princ-Nikola-u-Ulcinj-ismet-karamanaga.jpg"}],"twitter_misc":{"Written by":"ulqini","Est. reading time":"1 minute"},"schema":{"@context":"https:\/\/schema.org","@graph":[{"@type":"WebSite","@id":"https:\/\/www.visit-ulcinj.com\/blog\/#website","url":"https:\/\/www.visit-ulcinj.com\/blog\/","name":"Lajme nga Ulqini","description":"Lajme,Vijesti,Ulqini,Ulqin,Crna Gora,Mali i Zi","potentialAction":[{"@type":"SearchAction","target":{"@type":"EntryPoint","urlTemplate":"https:\/\/www.visit-ulcinj.com\/blog\/?s={search_term_string}"},"query-input":"required name=search_term_string"}],"inLanguage":"en-US"},{"@type":"ImageObject","inLanguage":"en-US","@id":"https:\/\/www.visit-ulcinj.com\/blog\/2014\/05\/06\/princ-nikola-u-ulcinj-muzej-zatvoren\/#primaryimage","url":"https:\/\/www.visit-ulcinj.com\/blog\/wp-content\/uploads\/2014\/05\/Princ-Nikola-u-Ulcinj-ismet-karamanaga.jpg","contentUrl":"https:\/\/www.visit-ulcinj.com\/blog\/wp-content\/uploads\/2014\/05\/Princ-Nikola-u-Ulcinj-ismet-karamanaga.jpg","width":999,"height":749},{"@type":"WebPage","@id":"https:\/\/www.visit-ulcinj.com\/blog\/2014\/05\/06\/princ-nikola-u-ulcinj-muzej-zatvoren\/#webpage","url":"https:\/\/www.visit-ulcinj.com\/blog\/2014\/05\/06\/princ-nikola-u-ulcinj-muzej-zatvoren\/","name":"Princ Nikola u Ulcinj, muzej zatvoren - Lajme nga Ulqini","isPartOf":{"@id":"https:\/\/www.visit-ulcinj.com\/blog\/#website"},"primaryImageOfPage":{"@id":"https:\/\/www.visit-ulcinj.com\/blog\/2014\/05\/06\/princ-nikola-u-ulcinj-muzej-zatvoren\/#primaryimage"},"datePublished":"2014-05-06T10:17:48+00:00","dateModified":"2014-05-06T10:17:48+00:00","author":{"@id":"https:\/\/www.visit-ulcinj.com\/blog\/#\/schema\/person\/dcab619c614d3038751c63bc2aadc06d"},"description":"Princ Nikola II Petrovi\u0107 Njego\u0161 sa svojim saradnicima, i moja malenkost, ispred zatvorene kapije muzeja, danas u 11:45...Princa poznajem jo\u0161 od njegovog","breadcrumb":{"@id":"https:\/\/www.visit-ulcinj.com\/blog\/2014\/05\/06\/princ-nikola-u-ulcinj-muzej-zatvoren\/#breadcrumb"},"inLanguage":"en-US","potentialAction":[{"@type":"ReadAction","target":["https:\/\/www.visit-ulcinj.com\/blog\/2014\/05\/06\/princ-nikola-u-ulcinj-muzej-zatvoren\/"]}]},{"@type":"BreadcrumbList","@id":"https:\/\/www.visit-ulcinj.com\/blog\/2014\/05\/06\/princ-nikola-u-ulcinj-muzej-zatvoren\/#breadcrumb","itemListElement":[{"@type":"ListItem","position":1,"name":"Princ Nikola u Ulcinj, muzej zatvoren"}]},{"@type":"Person","@id":"https:\/\/www.visit-ulcinj.com\/blog\/#\/schema\/person\/dcab619c614d3038751c63bc2aadc06d","name":"ulqini","sameAs":["http:\/\/www.visit-ulcinj.com"],"url":"https:\/\/www.visit-ulcinj.com\/blog\/author\/admin\/"}]}},"jetpack_featured_media_url":"","jetpack_sharing_enabled":true,"jetpack_shortlink":"https:\/\/wp.me\/pe6lTn-lmZ","_links":{"self":[{"href":"https:\/\/www.visit-ulcinj.com\/blog\/wp-json\/wp\/v2\/posts\/82149"}],"collection":[{"href":"https:\/\/www.visit-ulcinj.com\/blog\/wp-json\/wp\/v2\/posts"}],"about":[{"href":"https:\/\/www.visit-ulcinj.com\/blog\/wp-json\/wp\/v2\/types\/post"}],"author":[{"embeddable":true,"href":"https:\/\/www.visit-ulcinj.com\/blog\/wp-json\/wp\/v2\/users\/1"}],"replies":[{"embeddable":true,"href":"https:\/\/www.visit-ulcinj.com\/blog\/wp-json\/wp\/v2\/comments?post=82149"}],"version-history":[{"count":1,"href":"https:\/\/www.visit-ulcinj.com\/blog\/wp-json\/wp\/v2\/posts\/82149\/revisions"}],"predecessor-version":[{"id":82151,"href":"https:\/\/www.visit-ulcinj.com\/blog\/wp-json\/wp\/v2\/posts\/82149\/revisions\/82151"}],"wp:attachment":[{"href":"https:\/\/www.visit-ulcinj.com\/blog\/wp-json\/wp\/v2\/media?parent=82149"}],"wp:term":[{"taxonomy":"category","embeddable":true,"href":"https:\/\/www.visit-ulcinj.com\/blog\/wp-json\/wp\/v2\/categories?post=82149"},{"taxonomy":"post_tag","embeddable":true,"href":"https:\/\/www.visit-ulcinj.com\/blog\/wp-json\/wp\/v2\/tags?post=82149"}],"curies":[{"name":"wp","href":"https:\/\/api.w.org\/{rel}","templated":true}]}}