{"id":82159,"date":"2014-05-08T19:03:04","date_gmt":"2014-05-08T18:03:04","guid":{"rendered":"http:\/\/www.visit-ulcinj.com\/blog\/?p=82159"},"modified":"2014-05-11T18:36:13","modified_gmt":"2014-05-11T17:36:13","slug":"gjeka-uron-qytetaret-ne-diten-e-europes","status":"publish","type":"post","link":"https:\/\/www.visit-ulcinj.com\/blog\/2014\/05\/08\/gjeka-uron-qytetaret-ne-diten-e-europes\/","title":{"rendered":"Gjeka uron qytetar\u00ebt n\u00eb dit\u00ebn e Europ\u00ebs"},"content":{"rendered":"<p><a href=\"http:\/\/www.visit-ulcinj.com\/blog\/wp-content\/uploads\/2014\/02\/Fatmir-Gjeka-Ulqin.jpg\"><img loading=\"lazy\" class=\"alignleft  wp-image-80131\" alt=\"Fatmir-Gjeka-Ulqin\" src=\"http:\/\/www.visit-ulcinj.com\/blog\/wp-content\/uploads\/2014\/02\/Fatmir-Gjeka-Ulqin.jpg\" width=\"508\" height=\"360\" \/><\/a>Kryetari i Komunes se Ulqinit Fatmir Gjeka me rastin e Dites se Evropes i ka derguar nje mesazh urimi qyteterave te Ulqinit me deshirat me te mira per anetaresimin sa me te shpejte teMalit te Zi ne familjen evropiane.<br \/>\nNe mesazhin e tij nder te tjera thuhet:<br \/>\nKjo dite, perben per te gjithe qytetaret tane nje moment te rendesishem dhe mirenjohjeje per ate cfare Bashkimi Evropian ka bere dhe po ben per paqen, stabilitetin dhe zhvillimin e kontinentit tone dhe me gjere.<br \/>\nUne jam mese I bindur qe Mali I Zi , me deshiren dhe vullnetin per te ecur ne rrugen drejte integrimit te plote evropian po jep nje kontribut te rendesishem ne zbatimin e reformave dhe perafrimin e tyre me standartet e Bashkimit evropaian me synim per te mare vendin e merituar ne familjen e madhe evropiane.<\/p>\n<p>Urime kete dite,<\/p>\n<p><strong>Me nderime,<\/strong><br \/>\n<strong> Kryetari i Ulqinit<\/strong><br \/>\n<strong> F atmir Gjeka<\/strong><\/p>\n","protected":false},"excerpt":{"rendered":"<p>Kryetari i Komunes se Ulqinit Fatmir Gjeka me rastin e Dites se Evropes i ka derguar nje mesazh urimi qyteterave te Ulqinit me deshirat me te mira per anetaresimin sa me te shpejte teMalit te Zi ne familjen evropiane. Ne mesazhin e tij nder te tjera thuhet: Kjo dite, perben per te gjithe qytetaret tane [&hellip;]<\/p>\n","protected":false},"author":1,"featured_media":0,"comment_status":"closed","ping_status":"closed","sticky":false,"template":"","format":"standard","meta":{"spay_email":"","jetpack_publicize_message":"","jetpack_is_tweetstorm":false,"jetpack_publicize_feature_enabled":true},"categories":[1,6950],"tags":[],"jetpack_publicize_connections":[],"yoast_head":"<!-- This site is optimized with the Yoast SEO plugin v19.1 - https:\/\/yoast.com\/wordpress\/plugins\/seo\/ -->\n<title>Gjeka uron qytetar\u00ebt n\u00eb dit\u00ebn e Europ\u00ebs - Lajme nga Ulqini<\/title>\n<meta name=\"description\" content=\"Kryetari i Komunes se Ulqinit Fatmir Gjeka me rastin e Dites se Evropes i ka derguar nje mesazh urimi qyteterave te Ulqinit me deshirat me te mira per\" \/>\n<meta name=\"robots\" content=\"index, follow, max-snippet:-1, max-image-preview:large, max-video-preview:-1\" \/>\n<link rel=\"canonical\" href=\"https:\/\/www.visit-ulcinj.com\/blog\/2014\/05\/08\/gjeka-uron-qytetaret-ne-diten-e-europes\/\" \/>\n<meta property=\"og:locale\" content=\"en_US\" \/>\n<meta property=\"og:type\" content=\"article\" \/>\n<meta property=\"og:title\" content=\"Gjeka uron qytetar\u00ebt n\u00eb dit\u00ebn e Europ\u00ebs - Lajme nga Ulqini\" \/>\n<meta property=\"og:description\" content=\"Kryetari i Komunes se Ulqinit Fatmir Gjeka me rastin e Dites se Evropes i ka derguar nje mesazh urimi qyteterave te Ulqinit me deshirat me te mira per\" \/>\n<meta property=\"og:url\" content=\"https:\/\/www.visit-ulcinj.com\/blog\/2014\/05\/08\/gjeka-uron-qytetaret-ne-diten-e-europes\/\" \/>\n<meta property=\"og:site_name\" content=\"Lajme nga Ulqini\" \/>\n<meta property=\"article:published_time\" content=\"2014-05-08T18:03:04+00:00\" \/>\n<meta property=\"article:modified_time\" content=\"2014-05-11T17:36:13+00:00\" \/>\n<meta property=\"og:image\" content=\"http:\/\/www.visit-ulcinj.com\/blog\/wp-content\/uploads\/2014\/02\/Fatmir-Gjeka-Ulqin.jpg\" \/>\n<meta name=\"twitter:label1\" content=\"Written by\" \/>\n\t<meta name=\"twitter:data1\" content=\"ulqini\" \/>\n\t<meta name=\"twitter:label2\" content=\"Est. reading time\" \/>\n\t<meta name=\"twitter:data2\" content=\"1 minute\" \/>\n<script type=\"application\/ld+json\" class=\"yoast-schema-graph\">{\"@context\":\"https:\/\/schema.org\",\"@graph\":[{\"@type\":\"WebSite\",\"@id\":\"https:\/\/www.visit-ulcinj.com\/blog\/#website\",\"url\":\"https:\/\/www.visit-ulcinj.com\/blog\/\",\"name\":\"Lajme nga Ulqini\",\"description\":\"Lajme,Vijesti,Ulqini,Ulqin,Crna Gora,Mali i Zi\",\"potentialAction\":[{\"@type\":\"SearchAction\",\"target\":{\"@type\":\"EntryPoint\",\"urlTemplate\":\"https:\/\/www.visit-ulcinj.com\/blog\/?s={search_term_string}\"},\"query-input\":\"required name=search_term_string\"}],\"inLanguage\":\"en-US\"},{\"@type\":\"ImageObject\",\"inLanguage\":\"en-US\",\"@id\":\"https:\/\/www.visit-ulcinj.com\/blog\/2014\/05\/08\/gjeka-uron-qytetaret-ne-diten-e-europes\/#primaryimage\",\"url\":\"https:\/\/www.visit-ulcinj.com\/blog\/wp-content\/uploads\/2014\/02\/Fatmir-Gjeka-Ulqin.jpg\",\"contentUrl\":\"https:\/\/www.visit-ulcinj.com\/blog\/wp-content\/uploads\/2014\/02\/Fatmir-Gjeka-Ulqin.jpg\",\"width\":900,\"height\":598},{\"@type\":\"WebPage\",\"@id\":\"https:\/\/www.visit-ulcinj.com\/blog\/2014\/05\/08\/gjeka-uron-qytetaret-ne-diten-e-europes\/#webpage\",\"url\":\"https:\/\/www.visit-ulcinj.com\/blog\/2014\/05\/08\/gjeka-uron-qytetaret-ne-diten-e-europes\/\",\"name\":\"Gjeka uron qytetar\u00ebt n\u00eb dit\u00ebn e Europ\u00ebs - Lajme nga Ulqini\",\"isPartOf\":{\"@id\":\"https:\/\/www.visit-ulcinj.com\/blog\/#website\"},\"primaryImageOfPage\":{\"@id\":\"https:\/\/www.visit-ulcinj.com\/blog\/2014\/05\/08\/gjeka-uron-qytetaret-ne-diten-e-europes\/#primaryimage\"},\"datePublished\":\"2014-05-08T18:03:04+00:00\",\"dateModified\":\"2014-05-11T17:36:13+00:00\",\"author\":{\"@id\":\"https:\/\/www.visit-ulcinj.com\/blog\/#\/schema\/person\/dcab619c614d3038751c63bc2aadc06d\"},\"description\":\"Kryetari i Komunes se Ulqinit Fatmir Gjeka me rastin e Dites se Evropes i ka derguar nje mesazh urimi qyteterave te Ulqinit me deshirat me te mira per\",\"breadcrumb\":{\"@id\":\"https:\/\/www.visit-ulcinj.com\/blog\/2014\/05\/08\/gjeka-uron-qytetaret-ne-diten-e-europes\/#breadcrumb\"},\"inLanguage\":\"en-US\",\"potentialAction\":[{\"@type\":\"ReadAction\",\"target\":[\"https:\/\/www.visit-ulcinj.com\/blog\/2014\/05\/08\/gjeka-uron-qytetaret-ne-diten-e-europes\/\"]}]},{\"@type\":\"BreadcrumbList\",\"@id\":\"https:\/\/www.visit-ulcinj.com\/blog\/2014\/05\/08\/gjeka-uron-qytetaret-ne-diten-e-europes\/#breadcrumb\",\"itemListElement\":[{\"@type\":\"ListItem\",\"position\":1,\"name\":\"Gjeka uron qytetar\u00ebt n\u00eb dit\u00ebn e Europ\u00ebs\"}]},{\"@type\":\"Person\",\"@id\":\"https:\/\/www.visit-ulcinj.com\/blog\/#\/schema\/person\/dcab619c614d3038751c63bc2aadc06d\",\"name\":\"ulqini\",\"sameAs\":[\"http:\/\/www.visit-ulcinj.com\"],\"url\":\"https:\/\/www.visit-ulcinj.com\/blog\/author\/admin\/\"}]}<\/script>\n<!-- \/ Yoast SEO plugin. -->","yoast_head_json":{"title":"Gjeka uron qytetar\u00ebt n\u00eb dit\u00ebn e Europ\u00ebs - Lajme nga Ulqini","description":"Kryetari i Komunes se Ulqinit Fatmir Gjeka me rastin e Dites se Evropes i ka derguar nje mesazh urimi qyteterave te Ulqinit me deshirat me te mira per","robots":{"index":"index","follow":"follow","max-snippet":"max-snippet:-1","max-image-preview":"max-image-preview:large","max-video-preview":"max-video-preview:-1"},"canonical":"https:\/\/www.visit-ulcinj.com\/blog\/2014\/05\/08\/gjeka-uron-qytetaret-ne-diten-e-europes\/","og_locale":"en_US","og_type":"article","og_title":"Gjeka uron qytetar\u00ebt n\u00eb dit\u00ebn e Europ\u00ebs - Lajme nga Ulqini","og_description":"Kryetari i Komunes se Ulqinit Fatmir Gjeka me rastin e Dites se Evropes i ka derguar nje mesazh urimi qyteterave te Ulqinit me deshirat me te mira per","og_url":"https:\/\/www.visit-ulcinj.com\/blog\/2014\/05\/08\/gjeka-uron-qytetaret-ne-diten-e-europes\/","og_site_name":"Lajme nga Ulqini","article_published_time":"2014-05-08T18:03:04+00:00","article_modified_time":"2014-05-11T17:36:13+00:00","og_image":[{"url":"http:\/\/www.visit-ulcinj.com\/blog\/wp-content\/uploads\/2014\/02\/Fatmir-Gjeka-Ulqin.jpg"}],"twitter_misc":{"Written by":"ulqini","Est. reading time":"1 minute"},"schema":{"@context":"https:\/\/schema.org","@graph":[{"@type":"WebSite","@id":"https:\/\/www.visit-ulcinj.com\/blog\/#website","url":"https:\/\/www.visit-ulcinj.com\/blog\/","name":"Lajme nga Ulqini","description":"Lajme,Vijesti,Ulqini,Ulqin,Crna Gora,Mali i Zi","potentialAction":[{"@type":"SearchAction","target":{"@type":"EntryPoint","urlTemplate":"https:\/\/www.visit-ulcinj.com\/blog\/?s={search_term_string}"},"query-input":"required name=search_term_string"}],"inLanguage":"en-US"},{"@type":"ImageObject","inLanguage":"en-US","@id":"https:\/\/www.visit-ulcinj.com\/blog\/2014\/05\/08\/gjeka-uron-qytetaret-ne-diten-e-europes\/#primaryimage","url":"https:\/\/www.visit-ulcinj.com\/blog\/wp-content\/uploads\/2014\/02\/Fatmir-Gjeka-Ulqin.jpg","contentUrl":"https:\/\/www.visit-ulcinj.com\/blog\/wp-content\/uploads\/2014\/02\/Fatmir-Gjeka-Ulqin.jpg","width":900,"height":598},{"@type":"WebPage","@id":"https:\/\/www.visit-ulcinj.com\/blog\/2014\/05\/08\/gjeka-uron-qytetaret-ne-diten-e-europes\/#webpage","url":"https:\/\/www.visit-ulcinj.com\/blog\/2014\/05\/08\/gjeka-uron-qytetaret-ne-diten-e-europes\/","name":"Gjeka uron qytetar\u00ebt n\u00eb dit\u00ebn e Europ\u00ebs - Lajme nga Ulqini","isPartOf":{"@id":"https:\/\/www.visit-ulcinj.com\/blog\/#website"},"primaryImageOfPage":{"@id":"https:\/\/www.visit-ulcinj.com\/blog\/2014\/05\/08\/gjeka-uron-qytetaret-ne-diten-e-europes\/#primaryimage"},"datePublished":"2014-05-08T18:03:04+00:00","dateModified":"2014-05-11T17:36:13+00:00","author":{"@id":"https:\/\/www.visit-ulcinj.com\/blog\/#\/schema\/person\/dcab619c614d3038751c63bc2aadc06d"},"description":"Kryetari i Komunes se Ulqinit Fatmir Gjeka me rastin e Dites se Evropes i ka derguar nje mesazh urimi qyteterave te Ulqinit me deshirat me te mira per","breadcrumb":{"@id":"https:\/\/www.visit-ulcinj.com\/blog\/2014\/05\/08\/gjeka-uron-qytetaret-ne-diten-e-europes\/#breadcrumb"},"inLanguage":"en-US","potentialAction":[{"@type":"ReadAction","target":["https:\/\/www.visit-ulcinj.com\/blog\/2014\/05\/08\/gjeka-uron-qytetaret-ne-diten-e-europes\/"]}]},{"@type":"BreadcrumbList","@id":"https:\/\/www.visit-ulcinj.com\/blog\/2014\/05\/08\/gjeka-uron-qytetaret-ne-diten-e-europes\/#breadcrumb","itemListElement":[{"@type":"ListItem","position":1,"name":"Gjeka uron qytetar\u00ebt n\u00eb dit\u00ebn e Europ\u00ebs"}]},{"@type":"Person","@id":"https:\/\/www.visit-ulcinj.com\/blog\/#\/schema\/person\/dcab619c614d3038751c63bc2aadc06d","name":"ulqini","sameAs":["http:\/\/www.visit-ulcinj.com"],"url":"https:\/\/www.visit-ulcinj.com\/blog\/author\/admin\/"}]}},"jetpack_featured_media_url":"","jetpack_sharing_enabled":true,"jetpack_shortlink":"https:\/\/wp.me\/pe6lTn-ln9","_links":{"self":[{"href":"https:\/\/www.visit-ulcinj.com\/blog\/wp-json\/wp\/v2\/posts\/82159"}],"collection":[{"href":"https:\/\/www.visit-ulcinj.com\/blog\/wp-json\/wp\/v2\/posts"}],"about":[{"href":"https:\/\/www.visit-ulcinj.com\/blog\/wp-json\/wp\/v2\/types\/post"}],"author":[{"embeddable":true,"href":"https:\/\/www.visit-ulcinj.com\/blog\/wp-json\/wp\/v2\/users\/1"}],"replies":[{"embeddable":true,"href":"https:\/\/www.visit-ulcinj.com\/blog\/wp-json\/wp\/v2\/comments?post=82159"}],"version-history":[{"count":1,"href":"https:\/\/www.visit-ulcinj.com\/blog\/wp-json\/wp\/v2\/posts\/82159\/revisions"}],"predecessor-version":[{"id":82160,"href":"https:\/\/www.visit-ulcinj.com\/blog\/wp-json\/wp\/v2\/posts\/82159\/revisions\/82160"}],"wp:attachment":[{"href":"https:\/\/www.visit-ulcinj.com\/blog\/wp-json\/wp\/v2\/media?parent=82159"}],"wp:term":[{"taxonomy":"category","embeddable":true,"href":"https:\/\/www.visit-ulcinj.com\/blog\/wp-json\/wp\/v2\/categories?post=82159"},{"taxonomy":"post_tag","embeddable":true,"href":"https:\/\/www.visit-ulcinj.com\/blog\/wp-json\/wp\/v2\/tags?post=82159"}],"curies":[{"name":"wp","href":"https:\/\/api.w.org\/{rel}","templated":true}]}}