{"id":82161,"date":"2014-05-08T19:12:40","date_gmt":"2014-05-08T18:12:40","guid":{"rendered":"http:\/\/www.visit-ulcinj.com\/blog\/?p=82161"},"modified":"2014-05-08T19:12:40","modified_gmt":"2014-05-08T18:12:40","slug":"deka-cestitao-dan-evrope","status":"publish","type":"post","link":"https:\/\/www.visit-ulcinj.com\/blog\/2014\/05\/08\/deka-cestitao-dan-evrope\/","title":{"rendered":"\u0110eka \u010destitao Dan Evrope"},"content":{"rendered":"<p>Predsjednik Op\u0161tine Fatmir \u0110eka je povodom 9-og maja, Dana Evrope, uputio \u010destitku svim gra\u0111anima Ulcinja sa \u017eeljom da Crna Gora bude \u0161to prije punopravna \u010dlanica Evropske Unije.<\/p>\n<p><a href=\"http:\/\/www.visit-ulcinj.com\/blog\/wp-content\/uploads\/2014\/03\/Fatmir-Gjeka-kryetari-ulqinit.jpg\"><img loading=\"lazy\" class=\"alignleft  wp-image-80702\" alt=\"Fatmir-Gjeka-kryetari-ulqinit\" src=\"http:\/\/www.visit-ulcinj.com\/blog\/wp-content\/uploads\/2014\/03\/Fatmir-Gjeka-kryetari-ulqinit.jpg\" width=\"508\" height=\"360\" \/><\/a>U \u010destitki se, izme\u0111u ostalog, ka\u017ee: \u201cOvaj Dan za sve nas predstavlja va\u017ean momenat koji nas podsje\u0107a na va\u017enost onoga \u0161to je EU radila i radi za mir, stabilnost i razvoj svih njenih \u010dlanica i \u010ditav region.<\/p>\n<p>Ja sam uvjeren da Crna Gora, sa \u017eeljom za \u0161to br\u017eim priklju\u010denjem Evropskoj Uniji, daje veliki doprinos kroz realizaciju reformi za unaprje\u0111enje i priklju\u010denje zajednici evropskih dr\u017eava, gdje joj i pripada zaslu\u017eeno mjesto\u201d.<\/p>\n<p>Predsjednik Op\u0161tine Fatmir \u0110eka<\/p>\n","protected":false},"excerpt":{"rendered":"<p>Predsjednik Op\u0161tine Fatmir \u0110eka je povodom 9-og maja, Dana Evrope, uputio \u010destitku svim gra\u0111anima Ulcinja sa \u017eeljom da Crna Gora bude \u0161to prije punopravna \u010dlanica Evropske Unije. U \u010destitki se, izme\u0111u ostalog, ka\u017ee: \u201cOvaj Dan za sve nas predstavlja va\u017ean momenat koji nas podsje\u0107a na va\u017enost onoga \u0161to je EU radila i radi za mir, [&hellip;]<\/p>\n","protected":false},"author":1,"featured_media":0,"comment_status":"closed","ping_status":"closed","sticky":false,"template":"","format":"standard","meta":{"spay_email":"","jetpack_publicize_message":"","jetpack_is_tweetstorm":false,"jetpack_publicize_feature_enabled":true},"categories":[8337],"tags":[],"jetpack_publicize_connections":[],"yoast_head":"<!-- This site is optimized with the Yoast SEO plugin v19.1 - https:\/\/yoast.com\/wordpress\/plugins\/seo\/ -->\n<title>\u0110eka \u010destitao Dan Evrope - Lajme nga Ulqini<\/title>\n<meta name=\"description\" content=\"Predsjednik Op\u0161tine Fatmir \u0110eka je povodom 9-og maja, Dana Evrope, uputio \u010destitku svim gra\u0111anima Ulcinja sa \u017eeljom da Crna Gora bude \u0161to prije punopravna\" \/>\n<meta name=\"robots\" content=\"index, follow, max-snippet:-1, max-image-preview:large, max-video-preview:-1\" \/>\n<link rel=\"canonical\" href=\"https:\/\/www.visit-ulcinj.com\/blog\/2014\/05\/08\/deka-cestitao-dan-evrope\/\" \/>\n<meta property=\"og:locale\" content=\"en_US\" \/>\n<meta property=\"og:type\" content=\"article\" \/>\n<meta property=\"og:title\" content=\"\u0110eka \u010destitao Dan Evrope - Lajme nga Ulqini\" \/>\n<meta property=\"og:description\" content=\"Predsjednik Op\u0161tine Fatmir \u0110eka je povodom 9-og maja, Dana Evrope, uputio \u010destitku svim gra\u0111anima Ulcinja sa \u017eeljom da Crna Gora bude \u0161to prije punopravna\" \/>\n<meta property=\"og:url\" content=\"https:\/\/www.visit-ulcinj.com\/blog\/2014\/05\/08\/deka-cestitao-dan-evrope\/\" \/>\n<meta property=\"og:site_name\" content=\"Lajme nga Ulqini\" \/>\n<meta property=\"article:published_time\" content=\"2014-05-08T18:12:40+00:00\" \/>\n<meta property=\"og:image\" content=\"http:\/\/www.visit-ulcinj.com\/blog\/wp-content\/uploads\/2014\/03\/Fatmir-Gjeka-kryetari-ulqinit.jpg\" \/>\n<meta name=\"twitter:label1\" content=\"Written by\" \/>\n\t<meta name=\"twitter:data1\" content=\"ulqini\" \/>\n\t<meta name=\"twitter:label2\" content=\"Est. reading time\" \/>\n\t<meta name=\"twitter:data2\" content=\"1 minute\" \/>\n<script type=\"application\/ld+json\" class=\"yoast-schema-graph\">{\"@context\":\"https:\/\/schema.org\",\"@graph\":[{\"@type\":\"WebSite\",\"@id\":\"https:\/\/www.visit-ulcinj.com\/blog\/#website\",\"url\":\"https:\/\/www.visit-ulcinj.com\/blog\/\",\"name\":\"Lajme nga Ulqini\",\"description\":\"Lajme,Vijesti,Ulqini,Ulqin,Crna Gora,Mali i Zi\",\"potentialAction\":[{\"@type\":\"SearchAction\",\"target\":{\"@type\":\"EntryPoint\",\"urlTemplate\":\"https:\/\/www.visit-ulcinj.com\/blog\/?s={search_term_string}\"},\"query-input\":\"required name=search_term_string\"}],\"inLanguage\":\"en-US\"},{\"@type\":\"ImageObject\",\"inLanguage\":\"en-US\",\"@id\":\"https:\/\/www.visit-ulcinj.com\/blog\/2014\/05\/08\/deka-cestitao-dan-evrope\/#primaryimage\",\"url\":\"https:\/\/www.visit-ulcinj.com\/blog\/wp-content\/uploads\/2014\/03\/Fatmir-Gjeka-kryetari-ulqinit.jpg\",\"contentUrl\":\"https:\/\/www.visit-ulcinj.com\/blog\/wp-content\/uploads\/2014\/03\/Fatmir-Gjeka-kryetari-ulqinit.jpg\",\"width\":540,\"height\":395},{\"@type\":\"WebPage\",\"@id\":\"https:\/\/www.visit-ulcinj.com\/blog\/2014\/05\/08\/deka-cestitao-dan-evrope\/#webpage\",\"url\":\"https:\/\/www.visit-ulcinj.com\/blog\/2014\/05\/08\/deka-cestitao-dan-evrope\/\",\"name\":\"\u0110eka \u010destitao Dan Evrope - Lajme nga Ulqini\",\"isPartOf\":{\"@id\":\"https:\/\/www.visit-ulcinj.com\/blog\/#website\"},\"primaryImageOfPage\":{\"@id\":\"https:\/\/www.visit-ulcinj.com\/blog\/2014\/05\/08\/deka-cestitao-dan-evrope\/#primaryimage\"},\"datePublished\":\"2014-05-08T18:12:40+00:00\",\"dateModified\":\"2014-05-08T18:12:40+00:00\",\"author\":{\"@id\":\"https:\/\/www.visit-ulcinj.com\/blog\/#\/schema\/person\/dcab619c614d3038751c63bc2aadc06d\"},\"description\":\"Predsjednik Op\u0161tine Fatmir \u0110eka je povodom 9-og maja, Dana Evrope, uputio \u010destitku svim gra\u0111anima Ulcinja sa \u017eeljom da Crna Gora bude \u0161to prije punopravna\",\"breadcrumb\":{\"@id\":\"https:\/\/www.visit-ulcinj.com\/blog\/2014\/05\/08\/deka-cestitao-dan-evrope\/#breadcrumb\"},\"inLanguage\":\"en-US\",\"potentialAction\":[{\"@type\":\"ReadAction\",\"target\":[\"https:\/\/www.visit-ulcinj.com\/blog\/2014\/05\/08\/deka-cestitao-dan-evrope\/\"]}]},{\"@type\":\"BreadcrumbList\",\"@id\":\"https:\/\/www.visit-ulcinj.com\/blog\/2014\/05\/08\/deka-cestitao-dan-evrope\/#breadcrumb\",\"itemListElement\":[{\"@type\":\"ListItem\",\"position\":1,\"name\":\"\u0110eka \u010destitao Dan Evrope\"}]},{\"@type\":\"Person\",\"@id\":\"https:\/\/www.visit-ulcinj.com\/blog\/#\/schema\/person\/dcab619c614d3038751c63bc2aadc06d\",\"name\":\"ulqini\",\"sameAs\":[\"http:\/\/www.visit-ulcinj.com\"],\"url\":\"https:\/\/www.visit-ulcinj.com\/blog\/author\/admin\/\"}]}<\/script>\n<!-- \/ Yoast SEO plugin. -->","yoast_head_json":{"title":"\u0110eka \u010destitao Dan Evrope - Lajme nga Ulqini","description":"Predsjednik Op\u0161tine Fatmir \u0110eka je povodom 9-og maja, Dana Evrope, uputio \u010destitku svim gra\u0111anima Ulcinja sa \u017eeljom da Crna Gora bude \u0161to prije punopravna","robots":{"index":"index","follow":"follow","max-snippet":"max-snippet:-1","max-image-preview":"max-image-preview:large","max-video-preview":"max-video-preview:-1"},"canonical":"https:\/\/www.visit-ulcinj.com\/blog\/2014\/05\/08\/deka-cestitao-dan-evrope\/","og_locale":"en_US","og_type":"article","og_title":"\u0110eka \u010destitao Dan Evrope - Lajme nga Ulqini","og_description":"Predsjednik Op\u0161tine Fatmir \u0110eka je povodom 9-og maja, Dana Evrope, uputio \u010destitku svim gra\u0111anima Ulcinja sa \u017eeljom da Crna Gora bude \u0161to prije punopravna","og_url":"https:\/\/www.visit-ulcinj.com\/blog\/2014\/05\/08\/deka-cestitao-dan-evrope\/","og_site_name":"Lajme nga Ulqini","article_published_time":"2014-05-08T18:12:40+00:00","og_image":[{"url":"http:\/\/www.visit-ulcinj.com\/blog\/wp-content\/uploads\/2014\/03\/Fatmir-Gjeka-kryetari-ulqinit.jpg"}],"twitter_misc":{"Written by":"ulqini","Est. reading time":"1 minute"},"schema":{"@context":"https:\/\/schema.org","@graph":[{"@type":"WebSite","@id":"https:\/\/www.visit-ulcinj.com\/blog\/#website","url":"https:\/\/www.visit-ulcinj.com\/blog\/","name":"Lajme nga Ulqini","description":"Lajme,Vijesti,Ulqini,Ulqin,Crna Gora,Mali i Zi","potentialAction":[{"@type":"SearchAction","target":{"@type":"EntryPoint","urlTemplate":"https:\/\/www.visit-ulcinj.com\/blog\/?s={search_term_string}"},"query-input":"required name=search_term_string"}],"inLanguage":"en-US"},{"@type":"ImageObject","inLanguage":"en-US","@id":"https:\/\/www.visit-ulcinj.com\/blog\/2014\/05\/08\/deka-cestitao-dan-evrope\/#primaryimage","url":"https:\/\/www.visit-ulcinj.com\/blog\/wp-content\/uploads\/2014\/03\/Fatmir-Gjeka-kryetari-ulqinit.jpg","contentUrl":"https:\/\/www.visit-ulcinj.com\/blog\/wp-content\/uploads\/2014\/03\/Fatmir-Gjeka-kryetari-ulqinit.jpg","width":540,"height":395},{"@type":"WebPage","@id":"https:\/\/www.visit-ulcinj.com\/blog\/2014\/05\/08\/deka-cestitao-dan-evrope\/#webpage","url":"https:\/\/www.visit-ulcinj.com\/blog\/2014\/05\/08\/deka-cestitao-dan-evrope\/","name":"\u0110eka \u010destitao Dan Evrope - Lajme nga Ulqini","isPartOf":{"@id":"https:\/\/www.visit-ulcinj.com\/blog\/#website"},"primaryImageOfPage":{"@id":"https:\/\/www.visit-ulcinj.com\/blog\/2014\/05\/08\/deka-cestitao-dan-evrope\/#primaryimage"},"datePublished":"2014-05-08T18:12:40+00:00","dateModified":"2014-05-08T18:12:40+00:00","author":{"@id":"https:\/\/www.visit-ulcinj.com\/blog\/#\/schema\/person\/dcab619c614d3038751c63bc2aadc06d"},"description":"Predsjednik Op\u0161tine Fatmir \u0110eka je povodom 9-og maja, Dana Evrope, uputio \u010destitku svim gra\u0111anima Ulcinja sa \u017eeljom da Crna Gora bude \u0161to prije punopravna","breadcrumb":{"@id":"https:\/\/www.visit-ulcinj.com\/blog\/2014\/05\/08\/deka-cestitao-dan-evrope\/#breadcrumb"},"inLanguage":"en-US","potentialAction":[{"@type":"ReadAction","target":["https:\/\/www.visit-ulcinj.com\/blog\/2014\/05\/08\/deka-cestitao-dan-evrope\/"]}]},{"@type":"BreadcrumbList","@id":"https:\/\/www.visit-ulcinj.com\/blog\/2014\/05\/08\/deka-cestitao-dan-evrope\/#breadcrumb","itemListElement":[{"@type":"ListItem","position":1,"name":"\u0110eka \u010destitao Dan Evrope"}]},{"@type":"Person","@id":"https:\/\/www.visit-ulcinj.com\/blog\/#\/schema\/person\/dcab619c614d3038751c63bc2aadc06d","name":"ulqini","sameAs":["http:\/\/www.visit-ulcinj.com"],"url":"https:\/\/www.visit-ulcinj.com\/blog\/author\/admin\/"}]}},"jetpack_featured_media_url":"","jetpack_sharing_enabled":true,"jetpack_shortlink":"https:\/\/wp.me\/pe6lTn-lnb","_links":{"self":[{"href":"https:\/\/www.visit-ulcinj.com\/blog\/wp-json\/wp\/v2\/posts\/82161"}],"collection":[{"href":"https:\/\/www.visit-ulcinj.com\/blog\/wp-json\/wp\/v2\/posts"}],"about":[{"href":"https:\/\/www.visit-ulcinj.com\/blog\/wp-json\/wp\/v2\/types\/post"}],"author":[{"embeddable":true,"href":"https:\/\/www.visit-ulcinj.com\/blog\/wp-json\/wp\/v2\/users\/1"}],"replies":[{"embeddable":true,"href":"https:\/\/www.visit-ulcinj.com\/blog\/wp-json\/wp\/v2\/comments?post=82161"}],"version-history":[{"count":1,"href":"https:\/\/www.visit-ulcinj.com\/blog\/wp-json\/wp\/v2\/posts\/82161\/revisions"}],"predecessor-version":[{"id":82162,"href":"https:\/\/www.visit-ulcinj.com\/blog\/wp-json\/wp\/v2\/posts\/82161\/revisions\/82162"}],"wp:attachment":[{"href":"https:\/\/www.visit-ulcinj.com\/blog\/wp-json\/wp\/v2\/media?parent=82161"}],"wp:term":[{"taxonomy":"category","embeddable":true,"href":"https:\/\/www.visit-ulcinj.com\/blog\/wp-json\/wp\/v2\/categories?post=82161"},{"taxonomy":"post_tag","embeddable":true,"href":"https:\/\/www.visit-ulcinj.com\/blog\/wp-json\/wp\/v2\/tags?post=82161"}],"curies":[{"name":"wp","href":"https:\/\/api.w.org\/{rel}","templated":true}]}}