{"id":82178,"date":"2014-05-10T06:52:23","date_gmt":"2014-05-10T05:52:23","guid":{"rendered":"http:\/\/www.visit-ulcinj.com\/blog\/?p=82178"},"modified":"2014-05-10T06:52:23","modified_gmt":"2014-05-10T05:52:23","slug":"shtegtaret-e-lirise-arrijne-ne-podgorice","status":"publish","type":"post","link":"https:\/\/www.visit-ulcinj.com\/blog\/2014\/05\/10\/shtegtaret-e-lirise-arrijne-ne-podgorice\/","title":{"rendered":"&#8220;Shtegtar\u00ebt e Liris\u00eb&#8221; arrijn\u00eb n\u00eb Podgoric\u00eb"},"content":{"rendered":"<p><a href=\"http:\/\/www.visit-ulcinj.com\/blog\/wp-content\/uploads\/2014\/05\/Shtegtar\u00ebt-e-Liris\u00eb.jpg\"><img loading=\"lazy\" class=\"alignleft  wp-image-82179\" alt=\"Shtegtar\u00ebt e Liris\u00eb\" src=\"http:\/\/www.visit-ulcinj.com\/blog\/wp-content\/uploads\/2014\/05\/Shtegtar\u00ebt-e-Liris\u00eb.jpg\" width=\"508\" height=\"360\" \/><\/a>Pes\u00eb &#8220;Shtegtar\u00ebt e Liris\u00eb&#8221; kan\u00eb arritur n\u00eb kryeqytetin e Malit t\u00eb Zi, n\u00eb Podgoric\u00eb.<\/p>\n<p>Deri m\u00eb tani ata kan\u00eb kan\u00eb b\u00ebr\u00eb n\u00eb k\u00ebmb\u00eb 2 mij\u00eb e 559 kilometra.<\/p>\n<p>Shtegtar\u00ebt kan\u00eb planifikuar q\u00eb t\u00eb arrijn\u00eb n\u00eb Bruksel m\u00eb 17 korrik n\u00eb or\u00ebn 14.20 minuta.<\/p>\n<p>Ata do t\u00eb priten n\u00eb kryqytetin belg nga komisioneri p\u00ebr Zgjerim n\u00eb Bashkimin Evropian Stefan Fyle dhe nga baronesha Catherine Ashton.<\/p>\n<p>Z\u00ebri<\/p>\n","protected":false},"excerpt":{"rendered":"<p>Pes\u00eb &#8220;Shtegtar\u00ebt e Liris\u00eb&#8221; kan\u00eb arritur n\u00eb kryeqytetin e Malit t\u00eb Zi, n\u00eb Podgoric\u00eb. Deri m\u00eb tani ata kan\u00eb kan\u00eb b\u00ebr\u00eb n\u00eb k\u00ebmb\u00eb 2 mij\u00eb e 559 kilometra. Shtegtar\u00ebt kan\u00eb planifikuar q\u00eb t\u00eb arrijn\u00eb n\u00eb Bruksel m\u00eb 17 korrik n\u00eb or\u00ebn 14.20 minuta. Ata do t\u00eb priten n\u00eb kryqytetin belg nga komisioneri p\u00ebr Zgjerim n\u00eb [&hellip;]<\/p>\n","protected":false},"author":1,"featured_media":0,"comment_status":"closed","ping_status":"closed","sticky":false,"template":"","format":"standard","meta":{"spay_email":"","jetpack_publicize_message":"","jetpack_is_tweetstorm":false,"jetpack_publicize_feature_enabled":true},"categories":[14],"tags":[],"jetpack_publicize_connections":[],"yoast_head":"<!-- This site is optimized with the Yoast SEO plugin v19.1 - https:\/\/yoast.com\/wordpress\/plugins\/seo\/ -->\n<title>&quot;Shtegtar\u00ebt e Liris\u00eb&quot; arrijn\u00eb n\u00eb Podgoric\u00eb - Lajme nga Ulqini<\/title>\n<meta name=\"description\" content=\"Pes\u00eb &quot;Shtegtar\u00ebt e Liris\u00eb&quot; kan\u00eb arritur n\u00eb kryeqytetin e Malit t\u00eb Zi, n\u00eb Podgoric\u00eb. Deri m\u00eb tani ata kan\u00eb kan\u00eb b\u00ebr\u00eb n\u00eb k\u00ebmb\u00eb 2 mij\u00eb e 559 kilometra.\" \/>\n<meta name=\"robots\" content=\"index, follow, max-snippet:-1, max-image-preview:large, max-video-preview:-1\" \/>\n<link rel=\"canonical\" href=\"https:\/\/www.visit-ulcinj.com\/blog\/2014\/05\/10\/shtegtaret-e-lirise-arrijne-ne-podgorice\/\" \/>\n<meta property=\"og:locale\" content=\"en_US\" \/>\n<meta property=\"og:type\" content=\"article\" \/>\n<meta property=\"og:title\" content=\"&quot;Shtegtar\u00ebt e Liris\u00eb&quot; arrijn\u00eb n\u00eb Podgoric\u00eb - Lajme nga Ulqini\" \/>\n<meta property=\"og:description\" content=\"Pes\u00eb &quot;Shtegtar\u00ebt e Liris\u00eb&quot; kan\u00eb arritur n\u00eb kryeqytetin e Malit t\u00eb Zi, n\u00eb Podgoric\u00eb. Deri m\u00eb tani ata kan\u00eb kan\u00eb b\u00ebr\u00eb n\u00eb k\u00ebmb\u00eb 2 mij\u00eb e 559 kilometra.\" \/>\n<meta property=\"og:url\" content=\"https:\/\/www.visit-ulcinj.com\/blog\/2014\/05\/10\/shtegtaret-e-lirise-arrijne-ne-podgorice\/\" \/>\n<meta property=\"og:site_name\" content=\"Lajme nga Ulqini\" \/>\n<meta property=\"article:published_time\" content=\"2014-05-10T05:52:23+00:00\" \/>\n<meta name=\"twitter:label1\" content=\"Written by\" \/>\n\t<meta name=\"twitter:data1\" content=\"ulqini\" \/>\n<script type=\"application\/ld+json\" class=\"yoast-schema-graph\">{\"@context\":\"https:\/\/schema.org\",\"@graph\":[{\"@type\":\"WebSite\",\"@id\":\"https:\/\/www.visit-ulcinj.com\/blog\/#website\",\"url\":\"https:\/\/www.visit-ulcinj.com\/blog\/\",\"name\":\"Lajme nga Ulqini\",\"description\":\"Lajme,Vijesti,Ulqini,Ulqin,Crna Gora,Mali i Zi\",\"potentialAction\":[{\"@type\":\"SearchAction\",\"target\":{\"@type\":\"EntryPoint\",\"urlTemplate\":\"https:\/\/www.visit-ulcinj.com\/blog\/?s={search_term_string}\"},\"query-input\":\"required name=search_term_string\"}],\"inLanguage\":\"en-US\"},{\"@type\":\"WebPage\",\"@id\":\"https:\/\/www.visit-ulcinj.com\/blog\/2014\/05\/10\/shtegtaret-e-lirise-arrijne-ne-podgorice\/#webpage\",\"url\":\"https:\/\/www.visit-ulcinj.com\/blog\/2014\/05\/10\/shtegtaret-e-lirise-arrijne-ne-podgorice\/\",\"name\":\"\\\"Shtegtar\u00ebt e Liris\u00eb\\\" arrijn\u00eb n\u00eb Podgoric\u00eb - Lajme nga Ulqini\",\"isPartOf\":{\"@id\":\"https:\/\/www.visit-ulcinj.com\/blog\/#website\"},\"datePublished\":\"2014-05-10T05:52:23+00:00\",\"dateModified\":\"2014-05-10T05:52:23+00:00\",\"author\":{\"@id\":\"https:\/\/www.visit-ulcinj.com\/blog\/#\/schema\/person\/dcab619c614d3038751c63bc2aadc06d\"},\"description\":\"Pes\u00eb \\\"Shtegtar\u00ebt e Liris\u00eb\\\" kan\u00eb arritur n\u00eb kryeqytetin e Malit t\u00eb Zi, n\u00eb Podgoric\u00eb. Deri m\u00eb tani ata kan\u00eb kan\u00eb b\u00ebr\u00eb n\u00eb k\u00ebmb\u00eb 2 mij\u00eb e 559 kilometra.\",\"breadcrumb\":{\"@id\":\"https:\/\/www.visit-ulcinj.com\/blog\/2014\/05\/10\/shtegtaret-e-lirise-arrijne-ne-podgorice\/#breadcrumb\"},\"inLanguage\":\"en-US\",\"potentialAction\":[{\"@type\":\"ReadAction\",\"target\":[\"https:\/\/www.visit-ulcinj.com\/blog\/2014\/05\/10\/shtegtaret-e-lirise-arrijne-ne-podgorice\/\"]}]},{\"@type\":\"BreadcrumbList\",\"@id\":\"https:\/\/www.visit-ulcinj.com\/blog\/2014\/05\/10\/shtegtaret-e-lirise-arrijne-ne-podgorice\/#breadcrumb\",\"itemListElement\":[{\"@type\":\"ListItem\",\"position\":1,\"name\":\"&#8220;Shtegtar\u00ebt e Liris\u00eb&#8221; arrijn\u00eb n\u00eb Podgoric\u00eb\"}]},{\"@type\":\"Person\",\"@id\":\"https:\/\/www.visit-ulcinj.com\/blog\/#\/schema\/person\/dcab619c614d3038751c63bc2aadc06d\",\"name\":\"ulqini\",\"sameAs\":[\"http:\/\/www.visit-ulcinj.com\"],\"url\":\"https:\/\/www.visit-ulcinj.com\/blog\/author\/admin\/\"}]}<\/script>\n<!-- \/ Yoast SEO plugin. -->","yoast_head_json":{"title":"\"Shtegtar\u00ebt e Liris\u00eb\" arrijn\u00eb n\u00eb Podgoric\u00eb - Lajme nga Ulqini","description":"Pes\u00eb \"Shtegtar\u00ebt e Liris\u00eb\" kan\u00eb arritur n\u00eb kryeqytetin e Malit t\u00eb Zi, n\u00eb Podgoric\u00eb. Deri m\u00eb tani ata kan\u00eb kan\u00eb b\u00ebr\u00eb n\u00eb k\u00ebmb\u00eb 2 mij\u00eb e 559 kilometra.","robots":{"index":"index","follow":"follow","max-snippet":"max-snippet:-1","max-image-preview":"max-image-preview:large","max-video-preview":"max-video-preview:-1"},"canonical":"https:\/\/www.visit-ulcinj.com\/blog\/2014\/05\/10\/shtegtaret-e-lirise-arrijne-ne-podgorice\/","og_locale":"en_US","og_type":"article","og_title":"\"Shtegtar\u00ebt e Liris\u00eb\" arrijn\u00eb n\u00eb Podgoric\u00eb - Lajme nga Ulqini","og_description":"Pes\u00eb \"Shtegtar\u00ebt e Liris\u00eb\" kan\u00eb arritur n\u00eb kryeqytetin e Malit t\u00eb Zi, n\u00eb Podgoric\u00eb. Deri m\u00eb tani ata kan\u00eb kan\u00eb b\u00ebr\u00eb n\u00eb k\u00ebmb\u00eb 2 mij\u00eb e 559 kilometra.","og_url":"https:\/\/www.visit-ulcinj.com\/blog\/2014\/05\/10\/shtegtaret-e-lirise-arrijne-ne-podgorice\/","og_site_name":"Lajme nga Ulqini","article_published_time":"2014-05-10T05:52:23+00:00","twitter_misc":{"Written by":"ulqini"},"schema":{"@context":"https:\/\/schema.org","@graph":[{"@type":"WebSite","@id":"https:\/\/www.visit-ulcinj.com\/blog\/#website","url":"https:\/\/www.visit-ulcinj.com\/blog\/","name":"Lajme nga Ulqini","description":"Lajme,Vijesti,Ulqini,Ulqin,Crna Gora,Mali i Zi","potentialAction":[{"@type":"SearchAction","target":{"@type":"EntryPoint","urlTemplate":"https:\/\/www.visit-ulcinj.com\/blog\/?s={search_term_string}"},"query-input":"required name=search_term_string"}],"inLanguage":"en-US"},{"@type":"WebPage","@id":"https:\/\/www.visit-ulcinj.com\/blog\/2014\/05\/10\/shtegtaret-e-lirise-arrijne-ne-podgorice\/#webpage","url":"https:\/\/www.visit-ulcinj.com\/blog\/2014\/05\/10\/shtegtaret-e-lirise-arrijne-ne-podgorice\/","name":"\"Shtegtar\u00ebt e Liris\u00eb\" arrijn\u00eb n\u00eb Podgoric\u00eb - Lajme nga Ulqini","isPartOf":{"@id":"https:\/\/www.visit-ulcinj.com\/blog\/#website"},"datePublished":"2014-05-10T05:52:23+00:00","dateModified":"2014-05-10T05:52:23+00:00","author":{"@id":"https:\/\/www.visit-ulcinj.com\/blog\/#\/schema\/person\/dcab619c614d3038751c63bc2aadc06d"},"description":"Pes\u00eb \"Shtegtar\u00ebt e Liris\u00eb\" kan\u00eb arritur n\u00eb kryeqytetin e Malit t\u00eb Zi, n\u00eb Podgoric\u00eb. Deri m\u00eb tani ata kan\u00eb kan\u00eb b\u00ebr\u00eb n\u00eb k\u00ebmb\u00eb 2 mij\u00eb e 559 kilometra.","breadcrumb":{"@id":"https:\/\/www.visit-ulcinj.com\/blog\/2014\/05\/10\/shtegtaret-e-lirise-arrijne-ne-podgorice\/#breadcrumb"},"inLanguage":"en-US","potentialAction":[{"@type":"ReadAction","target":["https:\/\/www.visit-ulcinj.com\/blog\/2014\/05\/10\/shtegtaret-e-lirise-arrijne-ne-podgorice\/"]}]},{"@type":"BreadcrumbList","@id":"https:\/\/www.visit-ulcinj.com\/blog\/2014\/05\/10\/shtegtaret-e-lirise-arrijne-ne-podgorice\/#breadcrumb","itemListElement":[{"@type":"ListItem","position":1,"name":"&#8220;Shtegtar\u00ebt e Liris\u00eb&#8221; arrijn\u00eb n\u00eb Podgoric\u00eb"}]},{"@type":"Person","@id":"https:\/\/www.visit-ulcinj.com\/blog\/#\/schema\/person\/dcab619c614d3038751c63bc2aadc06d","name":"ulqini","sameAs":["http:\/\/www.visit-ulcinj.com"],"url":"https:\/\/www.visit-ulcinj.com\/blog\/author\/admin\/"}]}},"jetpack_featured_media_url":"","jetpack_sharing_enabled":true,"jetpack_shortlink":"https:\/\/wp.me\/pe6lTn-lns","_links":{"self":[{"href":"https:\/\/www.visit-ulcinj.com\/blog\/wp-json\/wp\/v2\/posts\/82178"}],"collection":[{"href":"https:\/\/www.visit-ulcinj.com\/blog\/wp-json\/wp\/v2\/posts"}],"about":[{"href":"https:\/\/www.visit-ulcinj.com\/blog\/wp-json\/wp\/v2\/types\/post"}],"author":[{"embeddable":true,"href":"https:\/\/www.visit-ulcinj.com\/blog\/wp-json\/wp\/v2\/users\/1"}],"replies":[{"embeddable":true,"href":"https:\/\/www.visit-ulcinj.com\/blog\/wp-json\/wp\/v2\/comments?post=82178"}],"version-history":[{"count":1,"href":"https:\/\/www.visit-ulcinj.com\/blog\/wp-json\/wp\/v2\/posts\/82178\/revisions"}],"predecessor-version":[{"id":82180,"href":"https:\/\/www.visit-ulcinj.com\/blog\/wp-json\/wp\/v2\/posts\/82178\/revisions\/82180"}],"wp:attachment":[{"href":"https:\/\/www.visit-ulcinj.com\/blog\/wp-json\/wp\/v2\/media?parent=82178"}],"wp:term":[{"taxonomy":"category","embeddable":true,"href":"https:\/\/www.visit-ulcinj.com\/blog\/wp-json\/wp\/v2\/categories?post=82178"},{"taxonomy":"post_tag","embeddable":true,"href":"https:\/\/www.visit-ulcinj.com\/blog\/wp-json\/wp\/v2\/tags?post=82178"}],"curies":[{"name":"wp","href":"https:\/\/api.w.org\/{rel}","templated":true}]}}