{"id":82186,"date":"2014-05-13T09:01:10","date_gmt":"2014-05-13T08:01:10","guid":{"rendered":"http:\/\/www.visit-ulcinj.com\/blog\/?p=82186"},"modified":"2014-05-13T09:12:33","modified_gmt":"2014-05-13T08:12:33","slug":"doda-pozita-e-gjuhes-shqipe-ne-komunen-e-tivarit","status":"publish","type":"post","link":"https:\/\/www.visit-ulcinj.com\/blog\/2014\/05\/13\/doda-pozita-e-gjuhes-shqipe-ne-komunen-e-tivarit\/","title":{"rendered":"Doda: Pozita e gjuh\u00ebs shqipe n\u00eb komun\u00ebn e Tivarit"},"content":{"rendered":"<p><strong>Deklarat\u00eb p\u00ebr shtyp n\u00eb kuad\u00ebr t\u00eb fushat\u00ebs parazgjedhore p\u00ebr zgjedhjet vendore n\u00eb Tivar,25 maj 2014<\/strong><\/p>\n<p style=\"text-align: center;\"><strong>Pozita e gjuh\u00ebs shqipe n\u00eb komun\u00ebn e Tivarit<\/strong><\/p>\n<p><a href=\"http:\/\/www.visit-ulcinj.com\/blog\/wp-content\/uploads\/2014\/05\/Ismail-Doda.jpg\"><img loading=\"lazy\" class=\"alignleft size-full wp-image-82187\" alt=\"Ismail-Doda\" src=\"http:\/\/www.visit-ulcinj.com\/blog\/wp-content\/uploads\/2014\/05\/Ismail-Doda.jpg\" width=\"318\" height=\"252\" srcset=\"https:\/\/www.visit-ulcinj.com\/blog\/wp-content\/uploads\/2014\/05\/Ismail-Doda.jpg 318w, https:\/\/www.visit-ulcinj.com\/blog\/wp-content\/uploads\/2014\/05\/Ismail-Doda-300x237.jpg 300w\" sizes=\"(max-width: 318px) 100vw, 318px\" \/><\/a>N\u00eb qytetin e Tivarit,ajo pjes\u00eb ,sado e vog\u00ebl e popullat\u00ebs shqiptare q\u00eb arriti t\u2019i p\u00ebrballoj\u00eb pushtimet e nj\u00ebpasnj\u00ebshme n\u00eb t\u00eb kaluar\u00ebn dhe nuk u tjet\u00ebrsua,n\u00eb vijim e ruajti gjuh\u00ebn p\u00ebrmes p\u00ebrdorimit aktiv ,pa nd\u00ebrprerje dhe me q\u00ebndrushm\u00ebri ,n\u00eb sht\u00ebpi dhe shoqeri,duke e d\u00ebshmuar edhe n\u00eb onomastik\u00ebn dhe kultur\u00ebn popullore ,edhe si krijues i tyre.K\u00ebta p\u00ebrb\u00ebr\u00ebs kryesor\u00eb dhe t\u00eb pandar\u00eb lan\u00eb gjurm\u00eb dhe deri n\u00eb dit\u00ebt tona e mbajt\u00ebn gjall\u00eb.<br \/>\nEdhe sekretar\u00ebt nga Tivari me bashk\u00ebkomb\u00ebsit shqiptar\u00eb nga Ulqini,Drishti dhe Pulti,gjithsej 20 nga 24 sa kishte Raguza m\u00eb 1349,b\u00ebnim p\u00ebrpjekje q\u00eb t\u2019i jepnin sa m\u00eb sakt\u00eb fjal\u00ebt fjal\u00ebt shqipe,mbase duke ndjekur nj\u00eb tradit\u00eb t\u00eb shkrimit t\u00eb gjuh\u00ebs s\u00eb tyre n\u00eb administrat\u00ebn e koh\u00ebs q\u00eb korrespondenc\u00ebn e b\u00ebnin n\u00eb latinishte apo n\u00eb ndonj\u00eb gjuh\u00eb tjet\u00ebr q\u00eb p\u00ebrdorej n\u00eb administrat\u00eb.<br \/>\nStatusi i pazgjidhur i gjuh\u00ebs shqipe ia shton v\u00ebshtir\u00ebsit\u00eb dhe padrejt\u00ebsit\u00eb, ngase nuk p\u00ebrfshihet n\u00eb administrat\u00ebn e komun\u00ebs.<br \/>\nMe nenin 15,paragrafi 1 t\u00eb Statutit t\u00eb Komun\u00ebs s\u00eb Tivarit,t\u00eb vitit 1970,qytetar\u00ebt,pjes\u00ebtar\u00ebt t\u00eb komb\u00ebsis\u00eb shqiptare,kishin t\u00eb drejt\u00eb q\u00eb n\u00eb gjuh\u00ebn amtare t\u2019i drejtoheshin Kuvendit,organeve t\u00eb tij,nd\u00ebrmarrjeve dhe t\u00eb gjitha subjekteve t\u00eb cilat kryenin autorizime publike.Edhe sipas nenit 9,paragrafi 3 i Kushtetut\u00ebs s\u00eb Malit t\u00eb Zi,t\u00eb vitit 1992,n\u00eb komunat ku shumic\u00ebn ose nj\u00eb pjes\u00eb t\u00eb r\u00ebnd\u00ebsishm\u00eb t\u00eb popullat\u00ebs e p\u00ebrb\u00ebjn\u00eb pjes\u00ebtar\u00ebt e grupeve nacionale dhe etnike n\u00eb p\u00ebrdorim zyrtar jan\u00eb edhe gjuh\u00ebt dhe alfabetet e tyre.Mir\u00ebpo nj\u00eb zbatim i till\u00eb nuk u mund\u00ebsua kurr\u00eb n\u00eb Tivar.Ky fakt d\u00ebshmon synimin e ep\u00ebrsis\u00eb s\u00eb gjuh\u00ebs zyrtare p\u00ebrball\u00eb asaj t\u00eb popullat\u00ebs shqiptare,mohimin e t\u00eb drejt\u00ebs elementare ,ku,si\u00e7 shprehet Gjovalin Shkurtaj,gjuha e pakic\u00ebs konsiderohet n\u00eb m\u00ebnyr\u00eb t\u00eb pashpallur si m\u00eb e ul\u00ebt.Kjo shp\u00ebrfillje gjuh\u00ebsore n\u00eb aspektin etnolinguistik nj\u00ebjt\u00ebsohet edhe me shp\u00ebrfilljen shoq\u00ebrore t\u00eb bart\u00ebsve t\u00eb saj me pasoja t\u00eb d\u00ebmshme.<br \/>\nPrandaj,p\u00ebr ta p\u00ebrmir\u00ebsuar k\u00ebt\u00eb gjendje,si dhe realizuar shum\u00eb k\u00ebrkesa jet\u00ebsore t\u00eb popullat\u00ebs ,na mund\u00ebson ndihmesa juaj, t\u00eb nderuar qytetar\u00eb,n\u00eb radh\u00eb t\u00eb par\u00eb q\u00eb,sipas d\u00ebshir\u00ebs suaj t\u00eb lir\u00eb,n\u00eb cil\u00ebsin\u00eb e votuesit,duke rrumbullak\u00ebsuar numrin 6 t\u00eb list\u00ebs son\u00eb t\u00eb p\u00ebrbashk\u00ebt t\u00eb Koalicionit shqiptar (LD ne MZ-Dega e Kraj\u00eb,Forca-K\u00ebshilli Komunal i Tivarit,PD-Dega e Kraj\u00eb) me Partin\u00eb Bosnjake,n\u00eb \u201cTivarin n\u00eb t\u00eb cilin besojm\u00eb\u201d<\/p>\n<p>Mr.Ismail Doda,kryetar i LD n\u00eb MZ,Dega e Kraj\u00ebs dhe kandidat p\u00ebr k\u00ebshilltar n\u00eb Kuvendin e Komun\u00ebs n\u00eb Tivar<\/p>\n","protected":false},"excerpt":{"rendered":"<p>Deklarat\u00eb p\u00ebr shtyp n\u00eb kuad\u00ebr t\u00eb fushat\u00ebs parazgjedhore p\u00ebr zgjedhjet vendore n\u00eb Tivar,25 maj 2014 Pozita e gjuh\u00ebs shqipe n\u00eb komun\u00ebn e Tivarit N\u00eb qytetin e Tivarit,ajo pjes\u00eb ,sado e vog\u00ebl e popullat\u00ebs shqiptare q\u00eb arriti t\u2019i p\u00ebrballoj\u00eb pushtimet e nj\u00ebpasnj\u00ebshme n\u00eb t\u00eb kaluar\u00ebn dhe nuk u tjet\u00ebrsua,n\u00eb vijim e ruajti gjuh\u00ebn p\u00ebrmes p\u00ebrdorimit aktiv [&hellip;]<\/p>\n","protected":false},"author":1,"featured_media":0,"comment_status":"closed","ping_status":"closed","sticky":false,"template":"","format":"standard","meta":{"spay_email":"","jetpack_publicize_message":"","jetpack_is_tweetstorm":false,"jetpack_publicize_feature_enabled":true},"categories":[1,11],"tags":[],"jetpack_publicize_connections":[],"yoast_head":"<!-- This site is optimized with the Yoast SEO plugin v19.1 - https:\/\/yoast.com\/wordpress\/plugins\/seo\/ -->\n<title>Doda: Pozita e gjuh\u00ebs shqipe n\u00eb komun\u00ebn e Tivarit - Lajme nga Ulqini<\/title>\n<meta name=\"description\" content=\"Deklarat\u00eb p\u00ebr shtyp n\u00eb kuad\u00ebr t\u00eb fushat\u00ebs parazgjedhore p\u00ebr zgjedhjet vendore n\u00eb Tivar,25 maj 2014 Pozita e gjuh\u00ebs shqipe n\u00eb komun\u00ebn e Tivarit N\u00eb qytetin\" \/>\n<meta name=\"robots\" content=\"index, follow, max-snippet:-1, max-image-preview:large, max-video-preview:-1\" \/>\n<link rel=\"canonical\" href=\"https:\/\/www.visit-ulcinj.com\/blog\/2014\/05\/13\/doda-pozita-e-gjuhes-shqipe-ne-komunen-e-tivarit\/\" \/>\n<meta property=\"og:locale\" content=\"en_US\" \/>\n<meta property=\"og:type\" content=\"article\" \/>\n<meta property=\"og:title\" content=\"Doda: Pozita e gjuh\u00ebs shqipe n\u00eb komun\u00ebn e Tivarit - Lajme nga Ulqini\" \/>\n<meta property=\"og:description\" content=\"Deklarat\u00eb p\u00ebr shtyp n\u00eb kuad\u00ebr t\u00eb fushat\u00ebs parazgjedhore p\u00ebr zgjedhjet vendore n\u00eb Tivar,25 maj 2014 Pozita e gjuh\u00ebs shqipe n\u00eb komun\u00ebn e Tivarit N\u00eb qytetin\" \/>\n<meta property=\"og:url\" content=\"https:\/\/www.visit-ulcinj.com\/blog\/2014\/05\/13\/doda-pozita-e-gjuhes-shqipe-ne-komunen-e-tivarit\/\" \/>\n<meta property=\"og:site_name\" content=\"Lajme nga Ulqini\" \/>\n<meta property=\"article:published_time\" content=\"2014-05-13T08:01:10+00:00\" \/>\n<meta property=\"article:modified_time\" content=\"2014-05-13T08:12:33+00:00\" \/>\n<meta property=\"og:image\" content=\"http:\/\/www.visit-ulcinj.com\/blog\/wp-content\/uploads\/2014\/05\/Ismail-Doda.jpg\" \/>\n<meta name=\"twitter:label1\" content=\"Written by\" \/>\n\t<meta name=\"twitter:data1\" content=\"ulqini\" \/>\n\t<meta name=\"twitter:label2\" content=\"Est. reading time\" \/>\n\t<meta name=\"twitter:data2\" content=\"3 minutes\" \/>\n<script type=\"application\/ld+json\" class=\"yoast-schema-graph\">{\"@context\":\"https:\/\/schema.org\",\"@graph\":[{\"@type\":\"WebSite\",\"@id\":\"https:\/\/www.visit-ulcinj.com\/blog\/#website\",\"url\":\"https:\/\/www.visit-ulcinj.com\/blog\/\",\"name\":\"Lajme nga Ulqini\",\"description\":\"Lajme,Vijesti,Ulqini,Ulqin,Crna Gora,Mali i Zi\",\"potentialAction\":[{\"@type\":\"SearchAction\",\"target\":{\"@type\":\"EntryPoint\",\"urlTemplate\":\"https:\/\/www.visit-ulcinj.com\/blog\/?s={search_term_string}\"},\"query-input\":\"required name=search_term_string\"}],\"inLanguage\":\"en-US\"},{\"@type\":\"ImageObject\",\"inLanguage\":\"en-US\",\"@id\":\"https:\/\/www.visit-ulcinj.com\/blog\/2014\/05\/13\/doda-pozita-e-gjuhes-shqipe-ne-komunen-e-tivarit\/#primaryimage\",\"url\":\"https:\/\/www.visit-ulcinj.com\/blog\/wp-content\/uploads\/2014\/05\/Ismail-Doda.jpg\",\"contentUrl\":\"https:\/\/www.visit-ulcinj.com\/blog\/wp-content\/uploads\/2014\/05\/Ismail-Doda.jpg\",\"width\":318,\"height\":252},{\"@type\":\"WebPage\",\"@id\":\"https:\/\/www.visit-ulcinj.com\/blog\/2014\/05\/13\/doda-pozita-e-gjuhes-shqipe-ne-komunen-e-tivarit\/#webpage\",\"url\":\"https:\/\/www.visit-ulcinj.com\/blog\/2014\/05\/13\/doda-pozita-e-gjuhes-shqipe-ne-komunen-e-tivarit\/\",\"name\":\"Doda: Pozita e gjuh\u00ebs shqipe n\u00eb komun\u00ebn e Tivarit - Lajme nga Ulqini\",\"isPartOf\":{\"@id\":\"https:\/\/www.visit-ulcinj.com\/blog\/#website\"},\"primaryImageOfPage\":{\"@id\":\"https:\/\/www.visit-ulcinj.com\/blog\/2014\/05\/13\/doda-pozita-e-gjuhes-shqipe-ne-komunen-e-tivarit\/#primaryimage\"},\"datePublished\":\"2014-05-13T08:01:10+00:00\",\"dateModified\":\"2014-05-13T08:12:33+00:00\",\"author\":{\"@id\":\"https:\/\/www.visit-ulcinj.com\/blog\/#\/schema\/person\/dcab619c614d3038751c63bc2aadc06d\"},\"description\":\"Deklarat\u00eb p\u00ebr shtyp n\u00eb kuad\u00ebr t\u00eb fushat\u00ebs parazgjedhore p\u00ebr zgjedhjet vendore n\u00eb Tivar,25 maj 2014 Pozita e gjuh\u00ebs shqipe n\u00eb komun\u00ebn e Tivarit N\u00eb qytetin\",\"breadcrumb\":{\"@id\":\"https:\/\/www.visit-ulcinj.com\/blog\/2014\/05\/13\/doda-pozita-e-gjuhes-shqipe-ne-komunen-e-tivarit\/#breadcrumb\"},\"inLanguage\":\"en-US\",\"potentialAction\":[{\"@type\":\"ReadAction\",\"target\":[\"https:\/\/www.visit-ulcinj.com\/blog\/2014\/05\/13\/doda-pozita-e-gjuhes-shqipe-ne-komunen-e-tivarit\/\"]}]},{\"@type\":\"BreadcrumbList\",\"@id\":\"https:\/\/www.visit-ulcinj.com\/blog\/2014\/05\/13\/doda-pozita-e-gjuhes-shqipe-ne-komunen-e-tivarit\/#breadcrumb\",\"itemListElement\":[{\"@type\":\"ListItem\",\"position\":1,\"name\":\"Doda: Pozita e gjuh\u00ebs shqipe n\u00eb komun\u00ebn e Tivarit\"}]},{\"@type\":\"Person\",\"@id\":\"https:\/\/www.visit-ulcinj.com\/blog\/#\/schema\/person\/dcab619c614d3038751c63bc2aadc06d\",\"name\":\"ulqini\",\"sameAs\":[\"http:\/\/www.visit-ulcinj.com\"],\"url\":\"https:\/\/www.visit-ulcinj.com\/blog\/author\/admin\/\"}]}<\/script>\n<!-- \/ Yoast SEO plugin. -->","yoast_head_json":{"title":"Doda: Pozita e gjuh\u00ebs shqipe n\u00eb komun\u00ebn e Tivarit - Lajme nga Ulqini","description":"Deklarat\u00eb p\u00ebr shtyp n\u00eb kuad\u00ebr t\u00eb fushat\u00ebs parazgjedhore p\u00ebr zgjedhjet vendore n\u00eb Tivar,25 maj 2014 Pozita e gjuh\u00ebs shqipe n\u00eb komun\u00ebn e Tivarit N\u00eb qytetin","robots":{"index":"index","follow":"follow","max-snippet":"max-snippet:-1","max-image-preview":"max-image-preview:large","max-video-preview":"max-video-preview:-1"},"canonical":"https:\/\/www.visit-ulcinj.com\/blog\/2014\/05\/13\/doda-pozita-e-gjuhes-shqipe-ne-komunen-e-tivarit\/","og_locale":"en_US","og_type":"article","og_title":"Doda: Pozita e gjuh\u00ebs shqipe n\u00eb komun\u00ebn e Tivarit - Lajme nga Ulqini","og_description":"Deklarat\u00eb p\u00ebr shtyp n\u00eb kuad\u00ebr t\u00eb fushat\u00ebs parazgjedhore p\u00ebr zgjedhjet vendore n\u00eb Tivar,25 maj 2014 Pozita e gjuh\u00ebs shqipe n\u00eb komun\u00ebn e Tivarit N\u00eb qytetin","og_url":"https:\/\/www.visit-ulcinj.com\/blog\/2014\/05\/13\/doda-pozita-e-gjuhes-shqipe-ne-komunen-e-tivarit\/","og_site_name":"Lajme nga Ulqini","article_published_time":"2014-05-13T08:01:10+00:00","article_modified_time":"2014-05-13T08:12:33+00:00","og_image":[{"url":"http:\/\/www.visit-ulcinj.com\/blog\/wp-content\/uploads\/2014\/05\/Ismail-Doda.jpg"}],"twitter_misc":{"Written by":"ulqini","Est. reading time":"3 minutes"},"schema":{"@context":"https:\/\/schema.org","@graph":[{"@type":"WebSite","@id":"https:\/\/www.visit-ulcinj.com\/blog\/#website","url":"https:\/\/www.visit-ulcinj.com\/blog\/","name":"Lajme nga Ulqini","description":"Lajme,Vijesti,Ulqini,Ulqin,Crna Gora,Mali i Zi","potentialAction":[{"@type":"SearchAction","target":{"@type":"EntryPoint","urlTemplate":"https:\/\/www.visit-ulcinj.com\/blog\/?s={search_term_string}"},"query-input":"required name=search_term_string"}],"inLanguage":"en-US"},{"@type":"ImageObject","inLanguage":"en-US","@id":"https:\/\/www.visit-ulcinj.com\/blog\/2014\/05\/13\/doda-pozita-e-gjuhes-shqipe-ne-komunen-e-tivarit\/#primaryimage","url":"https:\/\/www.visit-ulcinj.com\/blog\/wp-content\/uploads\/2014\/05\/Ismail-Doda.jpg","contentUrl":"https:\/\/www.visit-ulcinj.com\/blog\/wp-content\/uploads\/2014\/05\/Ismail-Doda.jpg","width":318,"height":252},{"@type":"WebPage","@id":"https:\/\/www.visit-ulcinj.com\/blog\/2014\/05\/13\/doda-pozita-e-gjuhes-shqipe-ne-komunen-e-tivarit\/#webpage","url":"https:\/\/www.visit-ulcinj.com\/blog\/2014\/05\/13\/doda-pozita-e-gjuhes-shqipe-ne-komunen-e-tivarit\/","name":"Doda: Pozita e gjuh\u00ebs shqipe n\u00eb komun\u00ebn e Tivarit - Lajme nga Ulqini","isPartOf":{"@id":"https:\/\/www.visit-ulcinj.com\/blog\/#website"},"primaryImageOfPage":{"@id":"https:\/\/www.visit-ulcinj.com\/blog\/2014\/05\/13\/doda-pozita-e-gjuhes-shqipe-ne-komunen-e-tivarit\/#primaryimage"},"datePublished":"2014-05-13T08:01:10+00:00","dateModified":"2014-05-13T08:12:33+00:00","author":{"@id":"https:\/\/www.visit-ulcinj.com\/blog\/#\/schema\/person\/dcab619c614d3038751c63bc2aadc06d"},"description":"Deklarat\u00eb p\u00ebr shtyp n\u00eb kuad\u00ebr t\u00eb fushat\u00ebs parazgjedhore p\u00ebr zgjedhjet vendore n\u00eb Tivar,25 maj 2014 Pozita e gjuh\u00ebs shqipe n\u00eb komun\u00ebn e Tivarit N\u00eb qytetin","breadcrumb":{"@id":"https:\/\/www.visit-ulcinj.com\/blog\/2014\/05\/13\/doda-pozita-e-gjuhes-shqipe-ne-komunen-e-tivarit\/#breadcrumb"},"inLanguage":"en-US","potentialAction":[{"@type":"ReadAction","target":["https:\/\/www.visit-ulcinj.com\/blog\/2014\/05\/13\/doda-pozita-e-gjuhes-shqipe-ne-komunen-e-tivarit\/"]}]},{"@type":"BreadcrumbList","@id":"https:\/\/www.visit-ulcinj.com\/blog\/2014\/05\/13\/doda-pozita-e-gjuhes-shqipe-ne-komunen-e-tivarit\/#breadcrumb","itemListElement":[{"@type":"ListItem","position":1,"name":"Doda: Pozita e gjuh\u00ebs shqipe n\u00eb komun\u00ebn e Tivarit"}]},{"@type":"Person","@id":"https:\/\/www.visit-ulcinj.com\/blog\/#\/schema\/person\/dcab619c614d3038751c63bc2aadc06d","name":"ulqini","sameAs":["http:\/\/www.visit-ulcinj.com"],"url":"https:\/\/www.visit-ulcinj.com\/blog\/author\/admin\/"}]}},"jetpack_featured_media_url":"","jetpack_sharing_enabled":true,"jetpack_shortlink":"https:\/\/wp.me\/pe6lTn-lnA","_links":{"self":[{"href":"https:\/\/www.visit-ulcinj.com\/blog\/wp-json\/wp\/v2\/posts\/82186"}],"collection":[{"href":"https:\/\/www.visit-ulcinj.com\/blog\/wp-json\/wp\/v2\/posts"}],"about":[{"href":"https:\/\/www.visit-ulcinj.com\/blog\/wp-json\/wp\/v2\/types\/post"}],"author":[{"embeddable":true,"href":"https:\/\/www.visit-ulcinj.com\/blog\/wp-json\/wp\/v2\/users\/1"}],"replies":[{"embeddable":true,"href":"https:\/\/www.visit-ulcinj.com\/blog\/wp-json\/wp\/v2\/comments?post=82186"}],"version-history":[{"count":2,"href":"https:\/\/www.visit-ulcinj.com\/blog\/wp-json\/wp\/v2\/posts\/82186\/revisions"}],"predecessor-version":[{"id":82194,"href":"https:\/\/www.visit-ulcinj.com\/blog\/wp-json\/wp\/v2\/posts\/82186\/revisions\/82194"}],"wp:attachment":[{"href":"https:\/\/www.visit-ulcinj.com\/blog\/wp-json\/wp\/v2\/media?parent=82186"}],"wp:term":[{"taxonomy":"category","embeddable":true,"href":"https:\/\/www.visit-ulcinj.com\/blog\/wp-json\/wp\/v2\/categories?post=82186"},{"taxonomy":"post_tag","embeddable":true,"href":"https:\/\/www.visit-ulcinj.com\/blog\/wp-json\/wp\/v2\/tags?post=82186"}],"curies":[{"name":"wp","href":"https:\/\/api.w.org\/{rel}","templated":true}]}}