{"id":82209,"date":"2014-05-15T09:01:40","date_gmt":"2014-05-15T08:01:40","guid":{"rendered":"http:\/\/www.visit-ulcinj.com\/blog\/?p=82209"},"modified":"2014-05-15T09:01:40","modified_gmt":"2014-05-15T08:01:40","slug":"sutra-premijera-drame-servantes-dulcinea","status":"publish","type":"post","link":"https:\/\/www.visit-ulcinj.com\/blog\/2014\/05\/15\/sutra-premijera-drame-servantes-dulcinea\/","title":{"rendered":"Sutra premijera drame \u201cServantes i Dul\u010dinea\u201d"},"content":{"rendered":"<p><strong><a href=\"http:\/\/www.visit-ulcinj.com\/blog\/wp-content\/uploads\/2014\/05\/Drama-Servantes-Dulcinea-Ulqin-Ulcinj-Montenegro.jpg\"><img loading=\"lazy\" class=\"alignleft  wp-image-82211\" alt=\"Drama-Servantes-&amp;-Dulcinea-Ulqin-Ulcinj-Montenegro\" src=\"http:\/\/www.visit-ulcinj.com\/blog\/wp-content\/uploads\/2014\/05\/Drama-Servantes-Dulcinea-Ulqin-Ulcinj-Montenegro.jpg\" width=\"508\" height=\"360\" \/><\/a>Ulcinj postaje Grad Servantesa<\/strong><\/p>\n<div id=\"article_text\">\n<p>Premijera drame \u201cServantes i Dul\u010dinea\u201d bi\u0107e izvedena u Velikoj Sali centra za kulturu Ulcinju, u petak, 16. maja. Ljubavnu dramu re\u017eirao je Munib Abazi, a glavne likove tuma\u010de Muho Uru\u010di u ulozi Servantesa i Fljutur Mustafa u ulozi Dul\u010dineje.<\/p>\n<p>Za Migela de Servantesa, autora Don Kihota, najprevo\u0111enijeg djela poslije Biblije, predanje ka\u017ee da je robovao vi\u0161e godina u Ulcinju prije nego \u0161to su njegova rodbina i prijatelji prikupili dovoljno novca da ga otkupe od ulcinjskih pirata. Predanje dalje ka\u017ee da se visoki \u0160panac zaljubio u prelijepu Starogra\u0111anku kojoj je namijenio glavni lik u svom \u010duvenom romanu, nazvav\u0161i je po tada\u0161njem imenu grada Dul\u010dinio &#8211; Dul\u010dineja Don Kihota je bez dileme najmisteriozniji \u017eenski lik u evropskoj i svjetskoj knji\u017eevnosti iako star vi\u0161e od 400 godina.<\/p>\n<p>Projekat su finansijski pomogli Ministarstvo kulture Crne Gore i Op\u0161tina Ulcinj.<\/p>\n<p>Istovremeno, \u010delnici Ulcinja prihvatili su zahtjeve lokalnih kulturnih poslenika da taj grad ubudu\u0107e nosi i epitet &#8211; Grad Servantesa.<\/p>\n<p>&#8220;Uvjereni su da bi to pomoglo br\u017eem vra\u0107anju Ulcinja na turisti\u010dku mapu Evrope i svijeta i da bi se na taj na\u010din posebno o\u017eivio zapu\u0161teni Stari grad. Uz dramu \u201eServantes i Dul\u010dinea\u201c, priprema se \u201eJelo Servantesa\u201c, pokrenuta je inicijativa da sve \u010da\u0161e u restoranima u Starom gradu imaju njegov lik, kao i da se u kazamatu gdje je, kako vjeruju, bio zato\u010den, postavi njegova statua&#8221;, kazao je Vijestima novinar i publicista Mustafa Canka.<\/p>\n<p><strong>Samir Adrovi\u0107<\/strong><br \/>\n<strong>Vijesti Online<\/strong><\/p>\n<\/div>\n","protected":false},"excerpt":{"rendered":"<p>Ulcinj postaje Grad Servantesa Premijera drame \u201cServantes i Dul\u010dinea\u201d bi\u0107e izvedena u Velikoj Sali centra za kulturu Ulcinju, u petak, 16. maja. Ljubavnu dramu re\u017eirao je Munib Abazi, a glavne likove tuma\u010de Muho Uru\u010di u ulozi Servantesa i Fljutur Mustafa u ulozi Dul\u010dineje. Za Migela de Servantesa, autora Don Kihota, najprevo\u0111enijeg djela poslije Biblije, predanje [&hellip;]<\/p>\n","protected":false},"author":1,"featured_media":0,"comment_status":"closed","ping_status":"closed","sticky":false,"template":"","format":"standard","meta":{"spay_email":"","jetpack_publicize_message":"","jetpack_is_tweetstorm":false,"jetpack_publicize_feature_enabled":true},"categories":[8337],"tags":[],"jetpack_publicize_connections":[],"yoast_head":"<!-- This site is optimized with the Yoast SEO plugin v19.1 - https:\/\/yoast.com\/wordpress\/plugins\/seo\/ -->\n<title>Sutra premijera drame \u201cServantes i Dul\u010dinea\u201d - Lajme nga Ulqini<\/title>\n<meta name=\"description\" content=\"Ulcinj postaje Grad Servantesa Premijera drame \u201cServantes i Dul\u010dinea\u201d bi\u0107e izvedena u Velikoj Sali centra za kulturu Ulcinju, u petak, 16. maja. Ljubavnu\" \/>\n<meta name=\"robots\" content=\"index, follow, max-snippet:-1, max-image-preview:large, max-video-preview:-1\" \/>\n<link rel=\"canonical\" href=\"https:\/\/www.visit-ulcinj.com\/blog\/2014\/05\/15\/sutra-premijera-drame-servantes-dulcinea\/\" \/>\n<meta property=\"og:locale\" content=\"en_US\" \/>\n<meta property=\"og:type\" content=\"article\" \/>\n<meta property=\"og:title\" content=\"Sutra premijera drame \u201cServantes i Dul\u010dinea\u201d - Lajme nga Ulqini\" \/>\n<meta property=\"og:description\" content=\"Ulcinj postaje Grad Servantesa Premijera drame \u201cServantes i Dul\u010dinea\u201d bi\u0107e izvedena u Velikoj Sali centra za kulturu Ulcinju, u petak, 16. maja. Ljubavnu\" \/>\n<meta property=\"og:url\" content=\"https:\/\/www.visit-ulcinj.com\/blog\/2014\/05\/15\/sutra-premijera-drame-servantes-dulcinea\/\" \/>\n<meta property=\"og:site_name\" content=\"Lajme nga Ulqini\" \/>\n<meta property=\"article:published_time\" content=\"2014-05-15T08:01:40+00:00\" \/>\n<meta property=\"og:image\" content=\"http:\/\/www.visit-ulcinj.com\/blog\/wp-content\/uploads\/2014\/05\/Drama-Servantes-Dulcinea-Ulqin-Ulcinj-Montenegro.jpg\" \/>\n<meta name=\"twitter:label1\" content=\"Written by\" \/>\n\t<meta name=\"twitter:data1\" content=\"ulqini\" \/>\n\t<meta name=\"twitter:label2\" content=\"Est. reading time\" \/>\n\t<meta name=\"twitter:data2\" content=\"1 minute\" \/>\n<script type=\"application\/ld+json\" class=\"yoast-schema-graph\">{\"@context\":\"https:\/\/schema.org\",\"@graph\":[{\"@type\":\"WebSite\",\"@id\":\"https:\/\/www.visit-ulcinj.com\/blog\/#website\",\"url\":\"https:\/\/www.visit-ulcinj.com\/blog\/\",\"name\":\"Lajme nga Ulqini\",\"description\":\"Lajme,Vijesti,Ulqini,Ulqin,Crna Gora,Mali i Zi\",\"potentialAction\":[{\"@type\":\"SearchAction\",\"target\":{\"@type\":\"EntryPoint\",\"urlTemplate\":\"https:\/\/www.visit-ulcinj.com\/blog\/?s={search_term_string}\"},\"query-input\":\"required name=search_term_string\"}],\"inLanguage\":\"en-US\"},{\"@type\":\"ImageObject\",\"inLanguage\":\"en-US\",\"@id\":\"https:\/\/www.visit-ulcinj.com\/blog\/2014\/05\/15\/sutra-premijera-drame-servantes-dulcinea\/#primaryimage\",\"url\":\"https:\/\/www.visit-ulcinj.com\/blog\/wp-content\/uploads\/2014\/05\/Drama-Servantes-Dulcinea-Ulqin-Ulcinj-Montenegro.jpg\",\"contentUrl\":\"https:\/\/www.visit-ulcinj.com\/blog\/wp-content\/uploads\/2014\/05\/Drama-Servantes-Dulcinea-Ulqin-Ulcinj-Montenegro.jpg\",\"width\":999,\"height\":749},{\"@type\":\"WebPage\",\"@id\":\"https:\/\/www.visit-ulcinj.com\/blog\/2014\/05\/15\/sutra-premijera-drame-servantes-dulcinea\/#webpage\",\"url\":\"https:\/\/www.visit-ulcinj.com\/blog\/2014\/05\/15\/sutra-premijera-drame-servantes-dulcinea\/\",\"name\":\"Sutra premijera drame \u201cServantes i Dul\u010dinea\u201d - Lajme nga Ulqini\",\"isPartOf\":{\"@id\":\"https:\/\/www.visit-ulcinj.com\/blog\/#website\"},\"primaryImageOfPage\":{\"@id\":\"https:\/\/www.visit-ulcinj.com\/blog\/2014\/05\/15\/sutra-premijera-drame-servantes-dulcinea\/#primaryimage\"},\"datePublished\":\"2014-05-15T08:01:40+00:00\",\"dateModified\":\"2014-05-15T08:01:40+00:00\",\"author\":{\"@id\":\"https:\/\/www.visit-ulcinj.com\/blog\/#\/schema\/person\/dcab619c614d3038751c63bc2aadc06d\"},\"description\":\"Ulcinj postaje Grad Servantesa Premijera drame \u201cServantes i Dul\u010dinea\u201d bi\u0107e izvedena u Velikoj Sali centra za kulturu Ulcinju, u petak, 16. maja. Ljubavnu\",\"breadcrumb\":{\"@id\":\"https:\/\/www.visit-ulcinj.com\/blog\/2014\/05\/15\/sutra-premijera-drame-servantes-dulcinea\/#breadcrumb\"},\"inLanguage\":\"en-US\",\"potentialAction\":[{\"@type\":\"ReadAction\",\"target\":[\"https:\/\/www.visit-ulcinj.com\/blog\/2014\/05\/15\/sutra-premijera-drame-servantes-dulcinea\/\"]}]},{\"@type\":\"BreadcrumbList\",\"@id\":\"https:\/\/www.visit-ulcinj.com\/blog\/2014\/05\/15\/sutra-premijera-drame-servantes-dulcinea\/#breadcrumb\",\"itemListElement\":[{\"@type\":\"ListItem\",\"position\":1,\"name\":\"Sutra premijera drame \u201cServantes i Dul\u010dinea\u201d\"}]},{\"@type\":\"Person\",\"@id\":\"https:\/\/www.visit-ulcinj.com\/blog\/#\/schema\/person\/dcab619c614d3038751c63bc2aadc06d\",\"name\":\"ulqini\",\"sameAs\":[\"http:\/\/www.visit-ulcinj.com\"],\"url\":\"https:\/\/www.visit-ulcinj.com\/blog\/author\/admin\/\"}]}<\/script>\n<!-- \/ Yoast SEO plugin. -->","yoast_head_json":{"title":"Sutra premijera drame \u201cServantes i Dul\u010dinea\u201d - Lajme nga Ulqini","description":"Ulcinj postaje Grad Servantesa Premijera drame \u201cServantes i Dul\u010dinea\u201d bi\u0107e izvedena u Velikoj Sali centra za kulturu Ulcinju, u petak, 16. maja. Ljubavnu","robots":{"index":"index","follow":"follow","max-snippet":"max-snippet:-1","max-image-preview":"max-image-preview:large","max-video-preview":"max-video-preview:-1"},"canonical":"https:\/\/www.visit-ulcinj.com\/blog\/2014\/05\/15\/sutra-premijera-drame-servantes-dulcinea\/","og_locale":"en_US","og_type":"article","og_title":"Sutra premijera drame \u201cServantes i Dul\u010dinea\u201d - Lajme nga Ulqini","og_description":"Ulcinj postaje Grad Servantesa Premijera drame \u201cServantes i Dul\u010dinea\u201d bi\u0107e izvedena u Velikoj Sali centra za kulturu Ulcinju, u petak, 16. maja. Ljubavnu","og_url":"https:\/\/www.visit-ulcinj.com\/blog\/2014\/05\/15\/sutra-premijera-drame-servantes-dulcinea\/","og_site_name":"Lajme nga Ulqini","article_published_time":"2014-05-15T08:01:40+00:00","og_image":[{"url":"http:\/\/www.visit-ulcinj.com\/blog\/wp-content\/uploads\/2014\/05\/Drama-Servantes-Dulcinea-Ulqin-Ulcinj-Montenegro.jpg"}],"twitter_misc":{"Written by":"ulqini","Est. reading time":"1 minute"},"schema":{"@context":"https:\/\/schema.org","@graph":[{"@type":"WebSite","@id":"https:\/\/www.visit-ulcinj.com\/blog\/#website","url":"https:\/\/www.visit-ulcinj.com\/blog\/","name":"Lajme nga Ulqini","description":"Lajme,Vijesti,Ulqini,Ulqin,Crna Gora,Mali i Zi","potentialAction":[{"@type":"SearchAction","target":{"@type":"EntryPoint","urlTemplate":"https:\/\/www.visit-ulcinj.com\/blog\/?s={search_term_string}"},"query-input":"required name=search_term_string"}],"inLanguage":"en-US"},{"@type":"ImageObject","inLanguage":"en-US","@id":"https:\/\/www.visit-ulcinj.com\/blog\/2014\/05\/15\/sutra-premijera-drame-servantes-dulcinea\/#primaryimage","url":"https:\/\/www.visit-ulcinj.com\/blog\/wp-content\/uploads\/2014\/05\/Drama-Servantes-Dulcinea-Ulqin-Ulcinj-Montenegro.jpg","contentUrl":"https:\/\/www.visit-ulcinj.com\/blog\/wp-content\/uploads\/2014\/05\/Drama-Servantes-Dulcinea-Ulqin-Ulcinj-Montenegro.jpg","width":999,"height":749},{"@type":"WebPage","@id":"https:\/\/www.visit-ulcinj.com\/blog\/2014\/05\/15\/sutra-premijera-drame-servantes-dulcinea\/#webpage","url":"https:\/\/www.visit-ulcinj.com\/blog\/2014\/05\/15\/sutra-premijera-drame-servantes-dulcinea\/","name":"Sutra premijera drame \u201cServantes i Dul\u010dinea\u201d - Lajme nga Ulqini","isPartOf":{"@id":"https:\/\/www.visit-ulcinj.com\/blog\/#website"},"primaryImageOfPage":{"@id":"https:\/\/www.visit-ulcinj.com\/blog\/2014\/05\/15\/sutra-premijera-drame-servantes-dulcinea\/#primaryimage"},"datePublished":"2014-05-15T08:01:40+00:00","dateModified":"2014-05-15T08:01:40+00:00","author":{"@id":"https:\/\/www.visit-ulcinj.com\/blog\/#\/schema\/person\/dcab619c614d3038751c63bc2aadc06d"},"description":"Ulcinj postaje Grad Servantesa Premijera drame \u201cServantes i Dul\u010dinea\u201d bi\u0107e izvedena u Velikoj Sali centra za kulturu Ulcinju, u petak, 16. maja. Ljubavnu","breadcrumb":{"@id":"https:\/\/www.visit-ulcinj.com\/blog\/2014\/05\/15\/sutra-premijera-drame-servantes-dulcinea\/#breadcrumb"},"inLanguage":"en-US","potentialAction":[{"@type":"ReadAction","target":["https:\/\/www.visit-ulcinj.com\/blog\/2014\/05\/15\/sutra-premijera-drame-servantes-dulcinea\/"]}]},{"@type":"BreadcrumbList","@id":"https:\/\/www.visit-ulcinj.com\/blog\/2014\/05\/15\/sutra-premijera-drame-servantes-dulcinea\/#breadcrumb","itemListElement":[{"@type":"ListItem","position":1,"name":"Sutra premijera drame \u201cServantes i Dul\u010dinea\u201d"}]},{"@type":"Person","@id":"https:\/\/www.visit-ulcinj.com\/blog\/#\/schema\/person\/dcab619c614d3038751c63bc2aadc06d","name":"ulqini","sameAs":["http:\/\/www.visit-ulcinj.com"],"url":"https:\/\/www.visit-ulcinj.com\/blog\/author\/admin\/"}]}},"jetpack_featured_media_url":"","jetpack_sharing_enabled":true,"jetpack_shortlink":"https:\/\/wp.me\/pe6lTn-lnX","_links":{"self":[{"href":"https:\/\/www.visit-ulcinj.com\/blog\/wp-json\/wp\/v2\/posts\/82209"}],"collection":[{"href":"https:\/\/www.visit-ulcinj.com\/blog\/wp-json\/wp\/v2\/posts"}],"about":[{"href":"https:\/\/www.visit-ulcinj.com\/blog\/wp-json\/wp\/v2\/types\/post"}],"author":[{"embeddable":true,"href":"https:\/\/www.visit-ulcinj.com\/blog\/wp-json\/wp\/v2\/users\/1"}],"replies":[{"embeddable":true,"href":"https:\/\/www.visit-ulcinj.com\/blog\/wp-json\/wp\/v2\/comments?post=82209"}],"version-history":[{"count":1,"href":"https:\/\/www.visit-ulcinj.com\/blog\/wp-json\/wp\/v2\/posts\/82209\/revisions"}],"predecessor-version":[{"id":82212,"href":"https:\/\/www.visit-ulcinj.com\/blog\/wp-json\/wp\/v2\/posts\/82209\/revisions\/82212"}],"wp:attachment":[{"href":"https:\/\/www.visit-ulcinj.com\/blog\/wp-json\/wp\/v2\/media?parent=82209"}],"wp:term":[{"taxonomy":"category","embeddable":true,"href":"https:\/\/www.visit-ulcinj.com\/blog\/wp-json\/wp\/v2\/categories?post=82209"},{"taxonomy":"post_tag","embeddable":true,"href":"https:\/\/www.visit-ulcinj.com\/blog\/wp-json\/wp\/v2\/tags?post=82209"}],"curies":[{"name":"wp","href":"https:\/\/api.w.org\/{rel}","templated":true}]}}