{"id":82213,"date":"2014-05-15T09:19:12","date_gmt":"2014-05-15T08:19:12","guid":{"rendered":"http:\/\/www.visit-ulcinj.com\/blog\/?p=82213"},"modified":"2014-05-15T19:06:19","modified_gmt":"2014-05-15T18:06:19","slug":"premiera-e-drames-servantes-dhe-dulcinea-prej-neser-ne-ulqin","status":"publish","type":"post","link":"https:\/\/www.visit-ulcinj.com\/blog\/2014\/05\/15\/premiera-e-drames-servantes-dhe-dulcinea-prej-neser-ne-ulqin\/","title":{"rendered":"Premiera e dram\u00ebs \u201cServantes dhe Dulcinea\u201d prej nes\u00ebr n\u00eb Ulqin"},"content":{"rendered":"<p><a href=\"http:\/\/www.visit-ulcinj.com\/blog\/wp-content\/uploads\/2014\/05\/Drama-Servantes-Dulcinea-Ulqin-Ulcinj-Montenegro-1.jpg\"><img loading=\"lazy\" class=\"alignleft  wp-image-82214\" alt=\"Drama-Servantes-&amp;-Dulcinea-Ulqin-Ulcinj-Montenegro-1\" src=\"http:\/\/www.visit-ulcinj.com\/blog\/wp-content\/uploads\/2014\/05\/Drama-Servantes-Dulcinea-Ulqin-Ulcinj-Montenegro-1.jpg\" width=\"508\" height=\"380\" \/><\/a><strong>Nes\u00ebr n\u00eb Ulqin premiera e dram\u00ebs \u201cServantes dhe Dulcinea\u201d<\/strong><\/p>\n<p>Drama n\u00ebn udh\u00ebheqjen e Munib Abazit, e cila tash dy muaj t\u00eb t\u00ebra po punon shfaqjen teatrale \u201cServantes dhe Dulcinea\u201d, nes\u00ebr t\u00eb enjt\u00ebn n\u00eb Galerin\u00eb e Qendr\u00ebs kulturore, do t\u00eb mbahet konferenca p\u00ebr shtyp e grupit teatral i cili p\u00ebrgatit dram\u00ebn \u201cServantes dhe Dul\u00e7inea\u201d njofton media elektronike e internetit Ul.info.<\/p>\n<p>Me k\u00ebt\u00eb projekt gazetar\u00ebt do ti njoftoj\u00eb regjisori i dram\u00ebs Munib Abazi, si dhe personazhet kryesor\u00eb Muho Uru\u00e7i (Servantesi) dhe Flutur Mustafa (Dul\u00e7inea).<\/p>\n<p>Premiera e k\u00ebsaj drame do t\u00eb shfaqet tre net. T\u00eb premten, m\u00eb 16 maj, \u00ebsht\u00eb parashikuar q\u00eb dram\u00ebn ta shikojn\u00eb njer\u00ebzit me ftesa, derisa t\u00eb shtun\u00ebn dhe t\u00eb diel\u00ebn k\u00ebt\u00eb dram\u00eb do t\u00eb mund ta shohin t\u00eb gjith\u00eb q\u00eb d\u00ebshirojn\u00eb. \u00c7mimi i bilet\u00ebs hyr\u00ebse \u00ebsht\u00eb dy euro.<\/p>\n<p>Trupa e Dram\u00ebs \u201cServantes dhe Dulcinea\u201d, m\u00eb 1 maj do ta servoi publikun me premier\u00ebn e par\u00eb p\u00ebr k\u00ebt\u00eb vit. Performanca e inspiruar nga nj\u00eb episod i romanit t\u00eb famsh\u00ebm t\u00eb Miguel de Servantes (q\u00eb besohet t\u00eb jet\u00eb se u shkruar n\u00eb Ulqin kur ai u burgos nga pirat\u00ebt).<\/p>\n<p>Munib Abazi thot\u00eb se me shfaqjen e dram\u00ebs \u201cServantes dhe Dulcinea\u201d, do t\u00eb ken\u00eb mund\u00ebsi t\u00eb k\u00ebnaqen jo vet\u00ebm Ulqinak\u00ebt, por edhe mysafir\u00ebt tan\u00eb t\u00eb cil\u00ebt i presim q\u00eb t\u00eb na bashkangjiten me 1 maj.<\/p>\n<p>Projektin e ka ndihmuar Ministria e kultur\u00ebs e Malit t\u00eb Zi, nd\u00ebrsa p\u00ebrkrahja pritet edhe nga organet dhe institucionet lokale t\u00eb Ulqinit.<\/p>\n","protected":false},"excerpt":{"rendered":"<p>Nes\u00ebr n\u00eb Ulqin premiera e dram\u00ebs \u201cServantes dhe Dulcinea\u201d Drama n\u00ebn udh\u00ebheqjen e Munib Abazit, e cila tash dy muaj t\u00eb t\u00ebra po punon shfaqjen teatrale \u201cServantes dhe Dulcinea\u201d, nes\u00ebr t\u00eb enjt\u00ebn n\u00eb Galerin\u00eb e Qendr\u00ebs kulturore, do t\u00eb mbahet konferenca p\u00ebr shtyp e grupit teatral i cili p\u00ebrgatit dram\u00ebn \u201cServantes dhe Dul\u00e7inea\u201d njofton media [&hellip;]<\/p>\n","protected":false},"author":1,"featured_media":0,"comment_status":"closed","ping_status":"closed","sticky":false,"template":"","format":"standard","meta":{"spay_email":"","jetpack_publicize_message":"","jetpack_is_tweetstorm":false,"jetpack_publicize_feature_enabled":true},"categories":[4,1],"tags":[],"jetpack_publicize_connections":[],"yoast_head":"<!-- This site is optimized with the Yoast SEO plugin v19.1 - https:\/\/yoast.com\/wordpress\/plugins\/seo\/ -->\n<title>Premiera e dram\u00ebs \u201cServantes dhe Dulcinea\u201d prej nes\u00ebr n\u00eb Ulqin - Lajme nga Ulqini<\/title>\n<meta name=\"description\" content=\"Nes\u00ebr n\u00eb Ulqin premiera e dram\u00ebs \u201cServantes dhe Dulcinea\u201d Drama n\u00ebn udh\u00ebheqjen e Munib Abazit, e cila tash dy muaj t\u00eb t\u00ebra po punon shfaqjen teatrale\" \/>\n<meta name=\"robots\" content=\"index, follow, max-snippet:-1, max-image-preview:large, max-video-preview:-1\" \/>\n<link rel=\"canonical\" href=\"https:\/\/www.visit-ulcinj.com\/blog\/2014\/05\/15\/premiera-e-drames-servantes-dhe-dulcinea-prej-neser-ne-ulqin\/\" \/>\n<meta property=\"og:locale\" content=\"en_US\" \/>\n<meta property=\"og:type\" content=\"article\" \/>\n<meta property=\"og:title\" content=\"Premiera e dram\u00ebs \u201cServantes dhe Dulcinea\u201d prej nes\u00ebr n\u00eb Ulqin - Lajme nga Ulqini\" \/>\n<meta property=\"og:description\" content=\"Nes\u00ebr n\u00eb Ulqin premiera e dram\u00ebs \u201cServantes dhe Dulcinea\u201d Drama n\u00ebn udh\u00ebheqjen e Munib Abazit, e cila tash dy muaj t\u00eb t\u00ebra po punon shfaqjen teatrale\" \/>\n<meta property=\"og:url\" content=\"https:\/\/www.visit-ulcinj.com\/blog\/2014\/05\/15\/premiera-e-drames-servantes-dhe-dulcinea-prej-neser-ne-ulqin\/\" \/>\n<meta property=\"og:site_name\" content=\"Lajme nga Ulqini\" \/>\n<meta property=\"article:published_time\" content=\"2014-05-15T08:19:12+00:00\" \/>\n<meta property=\"article:modified_time\" content=\"2014-05-15T18:06:19+00:00\" \/>\n<meta property=\"og:image\" content=\"http:\/\/www.visit-ulcinj.com\/blog\/wp-content\/uploads\/2014\/05\/Drama-Servantes-Dulcinea-Ulqin-Ulcinj-Montenegro-1.jpg\" \/>\n<meta name=\"twitter:label1\" content=\"Written by\" \/>\n\t<meta name=\"twitter:data1\" content=\"ulqini\" \/>\n\t<meta name=\"twitter:label2\" content=\"Est. reading time\" \/>\n\t<meta name=\"twitter:data2\" content=\"1 minute\" \/>\n<script type=\"application\/ld+json\" class=\"yoast-schema-graph\">{\"@context\":\"https:\/\/schema.org\",\"@graph\":[{\"@type\":\"WebSite\",\"@id\":\"https:\/\/www.visit-ulcinj.com\/blog\/#website\",\"url\":\"https:\/\/www.visit-ulcinj.com\/blog\/\",\"name\":\"Lajme nga Ulqini\",\"description\":\"Lajme,Vijesti,Ulqini,Ulqin,Crna Gora,Mali i Zi\",\"potentialAction\":[{\"@type\":\"SearchAction\",\"target\":{\"@type\":\"EntryPoint\",\"urlTemplate\":\"https:\/\/www.visit-ulcinj.com\/blog\/?s={search_term_string}\"},\"query-input\":\"required name=search_term_string\"}],\"inLanguage\":\"en-US\"},{\"@type\":\"ImageObject\",\"inLanguage\":\"en-US\",\"@id\":\"https:\/\/www.visit-ulcinj.com\/blog\/2014\/05\/15\/premiera-e-drames-servantes-dhe-dulcinea-prej-neser-ne-ulqin\/#primaryimage\",\"url\":\"https:\/\/www.visit-ulcinj.com\/blog\/wp-content\/uploads\/2014\/05\/Drama-Servantes-Dulcinea-Ulqin-Ulcinj-Montenegro-1.jpg\",\"contentUrl\":\"https:\/\/www.visit-ulcinj.com\/blog\/wp-content\/uploads\/2014\/05\/Drama-Servantes-Dulcinea-Ulqin-Ulcinj-Montenegro-1.jpg\",\"width\":960,\"height\":655},{\"@type\":\"WebPage\",\"@id\":\"https:\/\/www.visit-ulcinj.com\/blog\/2014\/05\/15\/premiera-e-drames-servantes-dhe-dulcinea-prej-neser-ne-ulqin\/#webpage\",\"url\":\"https:\/\/www.visit-ulcinj.com\/blog\/2014\/05\/15\/premiera-e-drames-servantes-dhe-dulcinea-prej-neser-ne-ulqin\/\",\"name\":\"Premiera e dram\u00ebs \u201cServantes dhe Dulcinea\u201d prej nes\u00ebr n\u00eb Ulqin - Lajme nga Ulqini\",\"isPartOf\":{\"@id\":\"https:\/\/www.visit-ulcinj.com\/blog\/#website\"},\"primaryImageOfPage\":{\"@id\":\"https:\/\/www.visit-ulcinj.com\/blog\/2014\/05\/15\/premiera-e-drames-servantes-dhe-dulcinea-prej-neser-ne-ulqin\/#primaryimage\"},\"datePublished\":\"2014-05-15T08:19:12+00:00\",\"dateModified\":\"2014-05-15T18:06:19+00:00\",\"author\":{\"@id\":\"https:\/\/www.visit-ulcinj.com\/blog\/#\/schema\/person\/dcab619c614d3038751c63bc2aadc06d\"},\"description\":\"Nes\u00ebr n\u00eb Ulqin premiera e dram\u00ebs \u201cServantes dhe Dulcinea\u201d Drama n\u00ebn udh\u00ebheqjen e Munib Abazit, e cila tash dy muaj t\u00eb t\u00ebra po punon shfaqjen teatrale\",\"breadcrumb\":{\"@id\":\"https:\/\/www.visit-ulcinj.com\/blog\/2014\/05\/15\/premiera-e-drames-servantes-dhe-dulcinea-prej-neser-ne-ulqin\/#breadcrumb\"},\"inLanguage\":\"en-US\",\"potentialAction\":[{\"@type\":\"ReadAction\",\"target\":[\"https:\/\/www.visit-ulcinj.com\/blog\/2014\/05\/15\/premiera-e-drames-servantes-dhe-dulcinea-prej-neser-ne-ulqin\/\"]}]},{\"@type\":\"BreadcrumbList\",\"@id\":\"https:\/\/www.visit-ulcinj.com\/blog\/2014\/05\/15\/premiera-e-drames-servantes-dhe-dulcinea-prej-neser-ne-ulqin\/#breadcrumb\",\"itemListElement\":[{\"@type\":\"ListItem\",\"position\":1,\"name\":\"Premiera e dram\u00ebs \u201cServantes dhe Dulcinea\u201d prej nes\u00ebr n\u00eb Ulqin\"}]},{\"@type\":\"Person\",\"@id\":\"https:\/\/www.visit-ulcinj.com\/blog\/#\/schema\/person\/dcab619c614d3038751c63bc2aadc06d\",\"name\":\"ulqini\",\"sameAs\":[\"http:\/\/www.visit-ulcinj.com\"],\"url\":\"https:\/\/www.visit-ulcinj.com\/blog\/author\/admin\/\"}]}<\/script>\n<!-- \/ Yoast SEO plugin. -->","yoast_head_json":{"title":"Premiera e dram\u00ebs \u201cServantes dhe Dulcinea\u201d prej nes\u00ebr n\u00eb Ulqin - Lajme nga Ulqini","description":"Nes\u00ebr n\u00eb Ulqin premiera e dram\u00ebs \u201cServantes dhe Dulcinea\u201d Drama n\u00ebn udh\u00ebheqjen e Munib Abazit, e cila tash dy muaj t\u00eb t\u00ebra po punon shfaqjen teatrale","robots":{"index":"index","follow":"follow","max-snippet":"max-snippet:-1","max-image-preview":"max-image-preview:large","max-video-preview":"max-video-preview:-1"},"canonical":"https:\/\/www.visit-ulcinj.com\/blog\/2014\/05\/15\/premiera-e-drames-servantes-dhe-dulcinea-prej-neser-ne-ulqin\/","og_locale":"en_US","og_type":"article","og_title":"Premiera e dram\u00ebs \u201cServantes dhe Dulcinea\u201d prej nes\u00ebr n\u00eb Ulqin - Lajme nga Ulqini","og_description":"Nes\u00ebr n\u00eb Ulqin premiera e dram\u00ebs \u201cServantes dhe Dulcinea\u201d Drama n\u00ebn udh\u00ebheqjen e Munib Abazit, e cila tash dy muaj t\u00eb t\u00ebra po punon shfaqjen teatrale","og_url":"https:\/\/www.visit-ulcinj.com\/blog\/2014\/05\/15\/premiera-e-drames-servantes-dhe-dulcinea-prej-neser-ne-ulqin\/","og_site_name":"Lajme nga Ulqini","article_published_time":"2014-05-15T08:19:12+00:00","article_modified_time":"2014-05-15T18:06:19+00:00","og_image":[{"url":"http:\/\/www.visit-ulcinj.com\/blog\/wp-content\/uploads\/2014\/05\/Drama-Servantes-Dulcinea-Ulqin-Ulcinj-Montenegro-1.jpg"}],"twitter_misc":{"Written by":"ulqini","Est. reading time":"1 minute"},"schema":{"@context":"https:\/\/schema.org","@graph":[{"@type":"WebSite","@id":"https:\/\/www.visit-ulcinj.com\/blog\/#website","url":"https:\/\/www.visit-ulcinj.com\/blog\/","name":"Lajme nga Ulqini","description":"Lajme,Vijesti,Ulqini,Ulqin,Crna Gora,Mali i Zi","potentialAction":[{"@type":"SearchAction","target":{"@type":"EntryPoint","urlTemplate":"https:\/\/www.visit-ulcinj.com\/blog\/?s={search_term_string}"},"query-input":"required name=search_term_string"}],"inLanguage":"en-US"},{"@type":"ImageObject","inLanguage":"en-US","@id":"https:\/\/www.visit-ulcinj.com\/blog\/2014\/05\/15\/premiera-e-drames-servantes-dhe-dulcinea-prej-neser-ne-ulqin\/#primaryimage","url":"https:\/\/www.visit-ulcinj.com\/blog\/wp-content\/uploads\/2014\/05\/Drama-Servantes-Dulcinea-Ulqin-Ulcinj-Montenegro-1.jpg","contentUrl":"https:\/\/www.visit-ulcinj.com\/blog\/wp-content\/uploads\/2014\/05\/Drama-Servantes-Dulcinea-Ulqin-Ulcinj-Montenegro-1.jpg","width":960,"height":655},{"@type":"WebPage","@id":"https:\/\/www.visit-ulcinj.com\/blog\/2014\/05\/15\/premiera-e-drames-servantes-dhe-dulcinea-prej-neser-ne-ulqin\/#webpage","url":"https:\/\/www.visit-ulcinj.com\/blog\/2014\/05\/15\/premiera-e-drames-servantes-dhe-dulcinea-prej-neser-ne-ulqin\/","name":"Premiera e dram\u00ebs \u201cServantes dhe Dulcinea\u201d prej nes\u00ebr n\u00eb Ulqin - Lajme nga Ulqini","isPartOf":{"@id":"https:\/\/www.visit-ulcinj.com\/blog\/#website"},"primaryImageOfPage":{"@id":"https:\/\/www.visit-ulcinj.com\/blog\/2014\/05\/15\/premiera-e-drames-servantes-dhe-dulcinea-prej-neser-ne-ulqin\/#primaryimage"},"datePublished":"2014-05-15T08:19:12+00:00","dateModified":"2014-05-15T18:06:19+00:00","author":{"@id":"https:\/\/www.visit-ulcinj.com\/blog\/#\/schema\/person\/dcab619c614d3038751c63bc2aadc06d"},"description":"Nes\u00ebr n\u00eb Ulqin premiera e dram\u00ebs \u201cServantes dhe Dulcinea\u201d Drama n\u00ebn udh\u00ebheqjen e Munib Abazit, e cila tash dy muaj t\u00eb t\u00ebra po punon shfaqjen teatrale","breadcrumb":{"@id":"https:\/\/www.visit-ulcinj.com\/blog\/2014\/05\/15\/premiera-e-drames-servantes-dhe-dulcinea-prej-neser-ne-ulqin\/#breadcrumb"},"inLanguage":"en-US","potentialAction":[{"@type":"ReadAction","target":["https:\/\/www.visit-ulcinj.com\/blog\/2014\/05\/15\/premiera-e-drames-servantes-dhe-dulcinea-prej-neser-ne-ulqin\/"]}]},{"@type":"BreadcrumbList","@id":"https:\/\/www.visit-ulcinj.com\/blog\/2014\/05\/15\/premiera-e-drames-servantes-dhe-dulcinea-prej-neser-ne-ulqin\/#breadcrumb","itemListElement":[{"@type":"ListItem","position":1,"name":"Premiera e dram\u00ebs \u201cServantes dhe Dulcinea\u201d prej nes\u00ebr n\u00eb Ulqin"}]},{"@type":"Person","@id":"https:\/\/www.visit-ulcinj.com\/blog\/#\/schema\/person\/dcab619c614d3038751c63bc2aadc06d","name":"ulqini","sameAs":["http:\/\/www.visit-ulcinj.com"],"url":"https:\/\/www.visit-ulcinj.com\/blog\/author\/admin\/"}]}},"jetpack_featured_media_url":"","jetpack_sharing_enabled":true,"jetpack_shortlink":"https:\/\/wp.me\/pe6lTn-lo1","_links":{"self":[{"href":"https:\/\/www.visit-ulcinj.com\/blog\/wp-json\/wp\/v2\/posts\/82213"}],"collection":[{"href":"https:\/\/www.visit-ulcinj.com\/blog\/wp-json\/wp\/v2\/posts"}],"about":[{"href":"https:\/\/www.visit-ulcinj.com\/blog\/wp-json\/wp\/v2\/types\/post"}],"author":[{"embeddable":true,"href":"https:\/\/www.visit-ulcinj.com\/blog\/wp-json\/wp\/v2\/users\/1"}],"replies":[{"embeddable":true,"href":"https:\/\/www.visit-ulcinj.com\/blog\/wp-json\/wp\/v2\/comments?post=82213"}],"version-history":[{"count":1,"href":"https:\/\/www.visit-ulcinj.com\/blog\/wp-json\/wp\/v2\/posts\/82213\/revisions"}],"predecessor-version":[{"id":82215,"href":"https:\/\/www.visit-ulcinj.com\/blog\/wp-json\/wp\/v2\/posts\/82213\/revisions\/82215"}],"wp:attachment":[{"href":"https:\/\/www.visit-ulcinj.com\/blog\/wp-json\/wp\/v2\/media?parent=82213"}],"wp:term":[{"taxonomy":"category","embeddable":true,"href":"https:\/\/www.visit-ulcinj.com\/blog\/wp-json\/wp\/v2\/categories?post=82213"},{"taxonomy":"post_tag","embeddable":true,"href":"https:\/\/www.visit-ulcinj.com\/blog\/wp-json\/wp\/v2\/tags?post=82213"}],"curies":[{"name":"wp","href":"https:\/\/api.w.org\/{rel}","templated":true}]}}