{"id":82247,"date":"2014-05-17T20:27:15","date_gmt":"2014-05-17T19:27:15","guid":{"rendered":"http:\/\/www.visit-ulcinj.com\/blog\/?p=82247"},"modified":"2014-05-17T20:27:15","modified_gmt":"2014-05-17T19:27:15","slug":"ulcinjanima-ovog-ljeta-obezbijedena-kvalitetna-voda-za-pice","status":"publish","type":"post","link":"https:\/\/www.visit-ulcinj.com\/blog\/2014\/05\/17\/ulcinjanima-ovog-ljeta-obezbijedena-kvalitetna-voda-za-pice\/","title":{"rendered":"Ulcinjanima ovog ljeta obezbije\u0111ena kvalitetna voda za pi\u0107e"},"content":{"rendered":"<p><a href=\"http:\/\/www.visit-ulcinj.com\/blog\/wp-content\/uploads\/2014\/05\/voda-ulcinj.jpg\"><img loading=\"lazy\" class=\"alignleft  wp-image-82248\" alt=\"voda-ulcinj\" src=\"http:\/\/www.visit-ulcinj.com\/blog\/wp-content\/uploads\/2014\/05\/voda-ulcinj.jpg\" width=\"508\" height=\"320\" \/><\/a>Predsjednik op\u0161tine Ulcinj Fatmir \u0110eka, direktor \u201cVodovod i kanalizacija Ulcinj\u201d Fehim Avdiu i izvr\u0161ni direktor JP \u201cRegionalni vodovod Crnogorsko primorje\u201d Gorana Jevri\u0107a potpisali su sporazum kojim se sti\u010du uslovi, da gra\u0111anima Ulcinja, tri godine nakon spajanja na sistem regionalnog vodosnabdijevanja, bude obezbije\u0111ena kontinuirana isporuka najkvalitetnije vode za pi\u0107e u Crnoj Gori tokom cijele godine.<\/p>\n<div>\n<p>Direktor JP \u201cRegionalni vodovod Crnogorsko primorje\u201dGoran Jevri\u0107 je apostrofirao zna\u010daj kvalitetne saradnje sa JP \u201cVodovod i kanalizacija\u201d Ulcinj kao i \u010dinjenicu da je saglasno zaklju\u010dcima Vlade uspostavljena saradnja sa Evropskom bankom za rekonstrukciju i razvoj, a u cilju podr\u0161ke izgradnji novih i sanacije postoje\u0107ih vodovodnih mre\u017ea u onim mjestima koja nemaju primarnu vodovodnu mre\u017eu.<\/p>\n<p>&#8220;Op\u0161tina Ulcinj \u0107e naknadno biti uklju\u010dena u taj projekat zajedno sa drugim primorskim op\u0161tinama. Na taj na\u010din \u0107e se izgraditi vodovodna mre\u017ea u mjesnoj zajednici \u0160toj i na potezu od Vidikovca do Kruta \u010dime \u0107e se rije\u0161iti vi\u0161edecenijski problem vodosnabdijevanja stanovni\u0161tva ovoga podru\u010dja\u201d, kazao je Jevri\u0107.<\/p>\n<p>Raspisivanjem tendera za povezivanje op\u0161tine Herceg-Novi na sistem regionalnog vodosnabdijevanja i dana\u0161njim potpisivanjem sporazuma sa op\u0161tinom Ulcinj, JP \u201cRegionalni vodovod Crnogorsko primorje\u201d je integrisao i ove dvije op\u0161tine u ovaj infrastrukturni projekat u koji je Vlada Crne Gore ulo\u017eila 110 miliona eura.<\/p>\n<p>Predsjednik op\u0161tine Ulcinj Fatmir \u0110eka je zahvalio izvr\u0161nom direktoru Regionalnog vodovoda na g razumijevanju finansijske situacije u vodovodu Ulcinj i na podr\u0161ci pru\u017eenoj u prethodnom periodu kao i iskazao spremnost da ne dozvoli da, pored takvog resursa kao \u0161to je Regionalni vodovod, gra\u0111ani Ulcinja nemaju vodu.<\/p>\n<p>\u201cZahvaljuju\u0107i dogovoru sa JP \u201cRegionalni vodovod Crnogorsko primorje\u201d sa zadovoljstvom \u017eelim da istaknem da \u0107e gra\u0111ani Ulcinja ovu turisti\u010dku sezonu po prvi put do\u010dekati bez problema u vodosnabdijevanju \u010dime smo rije\u0161ili jedan od najve\u0107ih problema gra\u0111ana Ulcinja kao i stvorili osnovne preduslove za valorizaciju turisti\u010dkih resursa kojim ova op\u0161tina raspola\u017ee\u201d, kazao je \u0110eka.<\/p>\n<p><strong>Izvor: CDM<\/strong><\/p>\n<\/div>\n","protected":false},"excerpt":{"rendered":"<p>Predsjednik op\u0161tine Ulcinj Fatmir \u0110eka, direktor \u201cVodovod i kanalizacija Ulcinj\u201d Fehim Avdiu i izvr\u0161ni direktor JP \u201cRegionalni vodovod Crnogorsko primorje\u201d Gorana Jevri\u0107a potpisali su sporazum kojim se sti\u010du uslovi, da gra\u0111anima Ulcinja, tri godine nakon spajanja na sistem regionalnog vodosnabdijevanja, bude obezbije\u0111ena kontinuirana isporuka najkvalitetnije vode za pi\u0107e u Crnoj Gori tokom cijele godine. Direktor [&hellip;]<\/p>\n","protected":false},"author":1,"featured_media":0,"comment_status":"closed","ping_status":"closed","sticky":false,"template":"","format":"standard","meta":{"spay_email":"","jetpack_publicize_message":"","jetpack_is_tweetstorm":false,"jetpack_publicize_feature_enabled":true},"categories":[6950],"tags":[],"jetpack_publicize_connections":[],"yoast_head":"<!-- This site is optimized with the Yoast SEO plugin v19.1 - https:\/\/yoast.com\/wordpress\/plugins\/seo\/ -->\n<title>Ulcinjanima ovog ljeta obezbije\u0111ena kvalitetna voda za pi\u0107e - Lajme nga Ulqini<\/title>\n<meta name=\"description\" content=\"Predsjednik op\u0161tine Ulcinj Fatmir \u0110eka, direktor \u201cVodovod i kanalizacija Ulcinj\u201d Fehim Avdiu i izvr\u0161ni direktor JP \u201cRegionalni vodovod Crnogorsko\" \/>\n<meta name=\"robots\" content=\"index, follow, max-snippet:-1, max-image-preview:large, max-video-preview:-1\" \/>\n<link rel=\"canonical\" href=\"https:\/\/www.visit-ulcinj.com\/blog\/2014\/05\/17\/ulcinjanima-ovog-ljeta-obezbijedena-kvalitetna-voda-za-pice\/\" \/>\n<meta property=\"og:locale\" content=\"en_US\" \/>\n<meta property=\"og:type\" content=\"article\" \/>\n<meta property=\"og:title\" content=\"Ulcinjanima ovog ljeta obezbije\u0111ena kvalitetna voda za pi\u0107e - Lajme nga Ulqini\" \/>\n<meta property=\"og:description\" content=\"Predsjednik op\u0161tine Ulcinj Fatmir \u0110eka, direktor \u201cVodovod i kanalizacija Ulcinj\u201d Fehim Avdiu i izvr\u0161ni direktor JP \u201cRegionalni vodovod Crnogorsko\" \/>\n<meta property=\"og:url\" content=\"https:\/\/www.visit-ulcinj.com\/blog\/2014\/05\/17\/ulcinjanima-ovog-ljeta-obezbijedena-kvalitetna-voda-za-pice\/\" \/>\n<meta property=\"og:site_name\" content=\"Lajme nga Ulqini\" \/>\n<meta property=\"article:published_time\" content=\"2014-05-17T19:27:15+00:00\" \/>\n<meta property=\"og:image\" content=\"http:\/\/www.visit-ulcinj.com\/blog\/wp-content\/uploads\/2014\/05\/voda-ulcinj.jpg\" \/>\n<meta name=\"twitter:label1\" content=\"Written by\" \/>\n\t<meta name=\"twitter:data1\" content=\"ulqini\" \/>\n\t<meta name=\"twitter:label2\" content=\"Est. reading time\" \/>\n\t<meta name=\"twitter:data2\" content=\"2 minutes\" \/>\n<script type=\"application\/ld+json\" class=\"yoast-schema-graph\">{\"@context\":\"https:\/\/schema.org\",\"@graph\":[{\"@type\":\"WebSite\",\"@id\":\"https:\/\/www.visit-ulcinj.com\/blog\/#website\",\"url\":\"https:\/\/www.visit-ulcinj.com\/blog\/\",\"name\":\"Lajme nga Ulqini\",\"description\":\"Lajme,Vijesti,Ulqini,Ulqin,Crna Gora,Mali i Zi\",\"potentialAction\":[{\"@type\":\"SearchAction\",\"target\":{\"@type\":\"EntryPoint\",\"urlTemplate\":\"https:\/\/www.visit-ulcinj.com\/blog\/?s={search_term_string}\"},\"query-input\":\"required name=search_term_string\"}],\"inLanguage\":\"en-US\"},{\"@type\":\"ImageObject\",\"inLanguage\":\"en-US\",\"@id\":\"https:\/\/www.visit-ulcinj.com\/blog\/2014\/05\/17\/ulcinjanima-ovog-ljeta-obezbijedena-kvalitetna-voda-za-pice\/#primaryimage\",\"url\":\"https:\/\/www.visit-ulcinj.com\/blog\/wp-content\/uploads\/2014\/05\/voda-ulcinj.jpg\",\"contentUrl\":\"https:\/\/www.visit-ulcinj.com\/blog\/wp-content\/uploads\/2014\/05\/voda-ulcinj.jpg\",\"width\":620,\"height\":320},{\"@type\":\"WebPage\",\"@id\":\"https:\/\/www.visit-ulcinj.com\/blog\/2014\/05\/17\/ulcinjanima-ovog-ljeta-obezbijedena-kvalitetna-voda-za-pice\/#webpage\",\"url\":\"https:\/\/www.visit-ulcinj.com\/blog\/2014\/05\/17\/ulcinjanima-ovog-ljeta-obezbijedena-kvalitetna-voda-za-pice\/\",\"name\":\"Ulcinjanima ovog ljeta obezbije\u0111ena kvalitetna voda za pi\u0107e - Lajme nga Ulqini\",\"isPartOf\":{\"@id\":\"https:\/\/www.visit-ulcinj.com\/blog\/#website\"},\"primaryImageOfPage\":{\"@id\":\"https:\/\/www.visit-ulcinj.com\/blog\/2014\/05\/17\/ulcinjanima-ovog-ljeta-obezbijedena-kvalitetna-voda-za-pice\/#primaryimage\"},\"datePublished\":\"2014-05-17T19:27:15+00:00\",\"dateModified\":\"2014-05-17T19:27:15+00:00\",\"author\":{\"@id\":\"https:\/\/www.visit-ulcinj.com\/blog\/#\/schema\/person\/dcab619c614d3038751c63bc2aadc06d\"},\"description\":\"Predsjednik op\u0161tine Ulcinj Fatmir \u0110eka, direktor \u201cVodovod i kanalizacija Ulcinj\u201d Fehim Avdiu i izvr\u0161ni direktor JP \u201cRegionalni vodovod Crnogorsko\",\"breadcrumb\":{\"@id\":\"https:\/\/www.visit-ulcinj.com\/blog\/2014\/05\/17\/ulcinjanima-ovog-ljeta-obezbijedena-kvalitetna-voda-za-pice\/#breadcrumb\"},\"inLanguage\":\"en-US\",\"potentialAction\":[{\"@type\":\"ReadAction\",\"target\":[\"https:\/\/www.visit-ulcinj.com\/blog\/2014\/05\/17\/ulcinjanima-ovog-ljeta-obezbijedena-kvalitetna-voda-za-pice\/\"]}]},{\"@type\":\"BreadcrumbList\",\"@id\":\"https:\/\/www.visit-ulcinj.com\/blog\/2014\/05\/17\/ulcinjanima-ovog-ljeta-obezbijedena-kvalitetna-voda-za-pice\/#breadcrumb\",\"itemListElement\":[{\"@type\":\"ListItem\",\"position\":1,\"name\":\"Ulcinjanima ovog ljeta obezbije\u0111ena kvalitetna voda za pi\u0107e\"}]},{\"@type\":\"Person\",\"@id\":\"https:\/\/www.visit-ulcinj.com\/blog\/#\/schema\/person\/dcab619c614d3038751c63bc2aadc06d\",\"name\":\"ulqini\",\"sameAs\":[\"http:\/\/www.visit-ulcinj.com\"],\"url\":\"https:\/\/www.visit-ulcinj.com\/blog\/author\/admin\/\"}]}<\/script>\n<!-- \/ Yoast SEO plugin. -->","yoast_head_json":{"title":"Ulcinjanima ovog ljeta obezbije\u0111ena kvalitetna voda za pi\u0107e - Lajme nga Ulqini","description":"Predsjednik op\u0161tine Ulcinj Fatmir \u0110eka, direktor \u201cVodovod i kanalizacija Ulcinj\u201d Fehim Avdiu i izvr\u0161ni direktor JP \u201cRegionalni vodovod Crnogorsko","robots":{"index":"index","follow":"follow","max-snippet":"max-snippet:-1","max-image-preview":"max-image-preview:large","max-video-preview":"max-video-preview:-1"},"canonical":"https:\/\/www.visit-ulcinj.com\/blog\/2014\/05\/17\/ulcinjanima-ovog-ljeta-obezbijedena-kvalitetna-voda-za-pice\/","og_locale":"en_US","og_type":"article","og_title":"Ulcinjanima ovog ljeta obezbije\u0111ena kvalitetna voda za pi\u0107e - Lajme nga Ulqini","og_description":"Predsjednik op\u0161tine Ulcinj Fatmir \u0110eka, direktor \u201cVodovod i kanalizacija Ulcinj\u201d Fehim Avdiu i izvr\u0161ni direktor JP \u201cRegionalni vodovod Crnogorsko","og_url":"https:\/\/www.visit-ulcinj.com\/blog\/2014\/05\/17\/ulcinjanima-ovog-ljeta-obezbijedena-kvalitetna-voda-za-pice\/","og_site_name":"Lajme nga Ulqini","article_published_time":"2014-05-17T19:27:15+00:00","og_image":[{"url":"http:\/\/www.visit-ulcinj.com\/blog\/wp-content\/uploads\/2014\/05\/voda-ulcinj.jpg"}],"twitter_misc":{"Written by":"ulqini","Est. reading time":"2 minutes"},"schema":{"@context":"https:\/\/schema.org","@graph":[{"@type":"WebSite","@id":"https:\/\/www.visit-ulcinj.com\/blog\/#website","url":"https:\/\/www.visit-ulcinj.com\/blog\/","name":"Lajme nga Ulqini","description":"Lajme,Vijesti,Ulqini,Ulqin,Crna Gora,Mali i Zi","potentialAction":[{"@type":"SearchAction","target":{"@type":"EntryPoint","urlTemplate":"https:\/\/www.visit-ulcinj.com\/blog\/?s={search_term_string}"},"query-input":"required name=search_term_string"}],"inLanguage":"en-US"},{"@type":"ImageObject","inLanguage":"en-US","@id":"https:\/\/www.visit-ulcinj.com\/blog\/2014\/05\/17\/ulcinjanima-ovog-ljeta-obezbijedena-kvalitetna-voda-za-pice\/#primaryimage","url":"https:\/\/www.visit-ulcinj.com\/blog\/wp-content\/uploads\/2014\/05\/voda-ulcinj.jpg","contentUrl":"https:\/\/www.visit-ulcinj.com\/blog\/wp-content\/uploads\/2014\/05\/voda-ulcinj.jpg","width":620,"height":320},{"@type":"WebPage","@id":"https:\/\/www.visit-ulcinj.com\/blog\/2014\/05\/17\/ulcinjanima-ovog-ljeta-obezbijedena-kvalitetna-voda-za-pice\/#webpage","url":"https:\/\/www.visit-ulcinj.com\/blog\/2014\/05\/17\/ulcinjanima-ovog-ljeta-obezbijedena-kvalitetna-voda-za-pice\/","name":"Ulcinjanima ovog ljeta obezbije\u0111ena kvalitetna voda za pi\u0107e - Lajme nga Ulqini","isPartOf":{"@id":"https:\/\/www.visit-ulcinj.com\/blog\/#website"},"primaryImageOfPage":{"@id":"https:\/\/www.visit-ulcinj.com\/blog\/2014\/05\/17\/ulcinjanima-ovog-ljeta-obezbijedena-kvalitetna-voda-za-pice\/#primaryimage"},"datePublished":"2014-05-17T19:27:15+00:00","dateModified":"2014-05-17T19:27:15+00:00","author":{"@id":"https:\/\/www.visit-ulcinj.com\/blog\/#\/schema\/person\/dcab619c614d3038751c63bc2aadc06d"},"description":"Predsjednik op\u0161tine Ulcinj Fatmir \u0110eka, direktor \u201cVodovod i kanalizacija Ulcinj\u201d Fehim Avdiu i izvr\u0161ni direktor JP \u201cRegionalni vodovod Crnogorsko","breadcrumb":{"@id":"https:\/\/www.visit-ulcinj.com\/blog\/2014\/05\/17\/ulcinjanima-ovog-ljeta-obezbijedena-kvalitetna-voda-za-pice\/#breadcrumb"},"inLanguage":"en-US","potentialAction":[{"@type":"ReadAction","target":["https:\/\/www.visit-ulcinj.com\/blog\/2014\/05\/17\/ulcinjanima-ovog-ljeta-obezbijedena-kvalitetna-voda-za-pice\/"]}]},{"@type":"BreadcrumbList","@id":"https:\/\/www.visit-ulcinj.com\/blog\/2014\/05\/17\/ulcinjanima-ovog-ljeta-obezbijedena-kvalitetna-voda-za-pice\/#breadcrumb","itemListElement":[{"@type":"ListItem","position":1,"name":"Ulcinjanima ovog ljeta obezbije\u0111ena kvalitetna voda za pi\u0107e"}]},{"@type":"Person","@id":"https:\/\/www.visit-ulcinj.com\/blog\/#\/schema\/person\/dcab619c614d3038751c63bc2aadc06d","name":"ulqini","sameAs":["http:\/\/www.visit-ulcinj.com"],"url":"https:\/\/www.visit-ulcinj.com\/blog\/author\/admin\/"}]}},"jetpack_featured_media_url":"","jetpack_sharing_enabled":true,"jetpack_shortlink":"https:\/\/wp.me\/pe6lTn-loz","_links":{"self":[{"href":"https:\/\/www.visit-ulcinj.com\/blog\/wp-json\/wp\/v2\/posts\/82247"}],"collection":[{"href":"https:\/\/www.visit-ulcinj.com\/blog\/wp-json\/wp\/v2\/posts"}],"about":[{"href":"https:\/\/www.visit-ulcinj.com\/blog\/wp-json\/wp\/v2\/types\/post"}],"author":[{"embeddable":true,"href":"https:\/\/www.visit-ulcinj.com\/blog\/wp-json\/wp\/v2\/users\/1"}],"replies":[{"embeddable":true,"href":"https:\/\/www.visit-ulcinj.com\/blog\/wp-json\/wp\/v2\/comments?post=82247"}],"version-history":[{"count":1,"href":"https:\/\/www.visit-ulcinj.com\/blog\/wp-json\/wp\/v2\/posts\/82247\/revisions"}],"predecessor-version":[{"id":82249,"href":"https:\/\/www.visit-ulcinj.com\/blog\/wp-json\/wp\/v2\/posts\/82247\/revisions\/82249"}],"wp:attachment":[{"href":"https:\/\/www.visit-ulcinj.com\/blog\/wp-json\/wp\/v2\/media?parent=82247"}],"wp:term":[{"taxonomy":"category","embeddable":true,"href":"https:\/\/www.visit-ulcinj.com\/blog\/wp-json\/wp\/v2\/categories?post=82247"},{"taxonomy":"post_tag","embeddable":true,"href":"https:\/\/www.visit-ulcinj.com\/blog\/wp-json\/wp\/v2\/tags?post=82247"}],"curies":[{"name":"wp","href":"https:\/\/api.w.org\/{rel}","templated":true}]}}