{"id":82269,"date":"2014-05-18T18:20:39","date_gmt":"2014-05-18T17:20:39","guid":{"rendered":"http:\/\/www.visit-ulcinj.com\/blog\/?p=82269"},"modified":"2014-05-19T13:14:05","modified_gmt":"2014-05-19T12:14:05","slug":"edukohen-diabetiket-e-ulqinit","status":"publish","type":"post","link":"https:\/\/www.visit-ulcinj.com\/blog\/2014\/05\/18\/edukohen-diabetiket-e-ulqinit\/","title":{"rendered":"Edukohen diabetik\u00ebt e Ulqinit"},"content":{"rendered":"<p><a href=\"http:\/\/www.visit-ulcinj.com\/blog\/wp-content\/uploads\/2014\/05\/Shoqata-e-diabetit-Ulqin.jpg\"><img loading=\"lazy\" class=\"alignleft  wp-image-82270\" alt=\"Shoqata e diabetit-Ulqin\" src=\"http:\/\/www.visit-ulcinj.com\/blog\/wp-content\/uploads\/2014\/05\/Shoqata-e-diabetit-Ulqin.jpg\" width=\"508\" height=\"360\" \/><\/a>N\u00eb organizim t\u00eb Shoqat\u00ebs p\u00ebr luft\u00ebn kund\u00ebr sheqerit \u201c Rrethi i gjelb\u00ebr\u201d\u00a0 Ulqin u mbajt ligj\u00ebrata e par\u00eb\u00a0 p\u00ebr s\u00ebmundjen e diabetit. Kryetari i k\u00ebsaj shoqate\u00a0 Izedin Dino Ramoviq n\u00eb fjal\u00ebn p\u00ebrsh\u00ebndet\u00ebse i njoftoi t\u00eb pranishmit e shumt\u00eb se\u00a0 shoqata \u00ebsht\u00eb themeluar me q\u00ebllim\u00a0 q\u00eb diabetik\u00ebve t\u00eb Ulqinit t\u2019u ndihmojn\u00eb \u00a0me aq sa do t\u00eb ken\u00eb mund\u00ebsi,\u00a0 n\u00eb p\u00ebrmir\u00ebsimin e cil\u00ebsis\u00eb s\u00eb jet\u00ebs dhe n\u00eb ngritjen e nivelit t\u00eb kultur\u00ebs sh\u00ebndet\u00ebsore.<\/p>\n<p>Doktoresha Valentina Kaliniq, interniste-endokrinologe nga Tivari, nj\u00ebheri edhe kryetare e Shoqat\u00ebs\u00a0 s\u00eb diabetik\u00ebve \u201c Rrethi i kalt\u00ebr\u201d Tivar\u00a0 theksoi se\u00a0 preventiva dhe komplikimet\u00a0 arrihen\u00a0\u00a0 p\u00ebrmes edukimit permanent dhe kontrollimeve t\u00eb rregullta, duke shtuar se\u00a0 ruejtja e cil\u00ebsis\u00eb s\u00eb jet\u00ebs t\u00eb diabetik\u00ebve\u00a0 n\u00eb thelb\u00a0 bazohet n\u00eb rolin e pacientit. Sipas fjal\u00ebve t\u00eb dr. Kaliniq n\u00eb Mal t\u00eb Zi ka\u00a0 40-50 mij\u00eb diabetik\u00eb, kurse n\u00eb komun\u00ebn e Ulqinit jan\u00eb t\u00eb evidentuar\u00a0 rreth\u00a0 1200\u00a0 sish.<\/p>\n<p><a href=\"http:\/\/www.visit-ulcinj.com\/blog\/wp-content\/uploads\/2014\/05\/Shoqata-e-diabetit-Ulqin-1.jpg\"><img loading=\"lazy\" class=\"alignleft  wp-image-82271\" alt=\"Shoqata e diabetit-Ulqin-1\" src=\"http:\/\/www.visit-ulcinj.com\/blog\/wp-content\/uploads\/2014\/05\/Shoqata-e-diabetit-Ulqin-1.jpg\" width=\"508\" height=\"360\" \/><\/a><\/p>\n<p>T\u00eb gjith\u00eb diabetik\u00ebt e Ulqinit do\u00a0\u00a0 t\u00eb ken\u00eb zbrijte\u00a0 10-20 p\u00ebr qind nga \u00e7mimi i sh\u00ebrbimeve laboratorike, me t\u00eb cilat kontrollohet\u00a0 niveli i sheqerit n\u00eb\u00a0 gjak\u00a0 n\u00eb laboratorin\u00eb private \u201c Aba\u201d\u00a0 dhe n\u00eb blerjen e shiritave p\u00ebr matjen e sheqerit n\u00eb farmacin\u00eb \u201c Farmalive\u201d, thot\u00eb \u00a0n\u00ebnkryetarja e shoqat\u00ebs Veneranda Gjonaj.<\/p>\n<p>N\u00eb fund t\u00eb k\u00ebtij aktiviteti\u00a0\u00a0 diabetik\u00ebve u jan\u00eb ndar\u00eb librezat e an\u00ebtar\u00ebsimit, 20 aparate p\u00ebr matjen e sheqerit, donacion i\u00a0 farmacin\u00eb \u201c Farmalive\u201d dhe shirita e gjilp\u00ebra p\u00ebr\u00a0 aparatet e insulin\u00ebs. Po ashtu u promovua edhe doracaku i par\u00eb p\u00ebr diabetik\u00ebt \u201c Jeta e sh\u00ebndetshme e diabetik\u00ebve\u201d, i cili s\u00eb shpejti do t\u00eb botohet edhe n\u00eb gjuh\u00ebn shqipe.<\/p>\n<h3>Gjeke Gjonaj<\/h3>\n","protected":false},"excerpt":{"rendered":"<p>N\u00eb organizim t\u00eb Shoqat\u00ebs p\u00ebr luft\u00ebn kund\u00ebr sheqerit \u201c Rrethi i gjelb\u00ebr\u201d\u00a0 Ulqin u mbajt ligj\u00ebrata e par\u00eb\u00a0 p\u00ebr s\u00ebmundjen e diabetit. Kryetari i k\u00ebsaj shoqate\u00a0 Izedin Dino Ramoviq n\u00eb fjal\u00ebn p\u00ebrsh\u00ebndet\u00ebse i njoftoi t\u00eb pranishmit e shumt\u00eb se\u00a0 shoqata \u00ebsht\u00eb themeluar me q\u00ebllim\u00a0 q\u00eb diabetik\u00ebve t\u00eb Ulqinit t\u2019u ndihmojn\u00eb \u00a0me aq sa do t\u00eb [&hellip;]<\/p>\n","protected":false},"author":1,"featured_media":0,"comment_status":"closed","ping_status":"closed","sticky":false,"template":"","format":"standard","meta":{"spay_email":"","jetpack_publicize_message":"","jetpack_is_tweetstorm":false,"jetpack_publicize_feature_enabled":true},"categories":[1,11],"tags":[],"jetpack_publicize_connections":[],"yoast_head":"<!-- This site is optimized with the Yoast SEO plugin v19.1 - https:\/\/yoast.com\/wordpress\/plugins\/seo\/ -->\n<title>Edukohen diabetik\u00ebt e Ulqinit - Lajme nga Ulqini<\/title>\n<meta name=\"description\" content=\"N\u00eb organizim t\u00eb Shoqat\u00ebs p\u00ebr luft\u00ebn kund\u00ebr sheqerit \u201c Rrethi i gjelb\u00ebr\u201d\u00a0 Ulqin u mbajt ligj\u00ebrata e par\u00eb\u00a0 p\u00ebr s\u00ebmundjen e diabetit. Kryetari i k\u00ebsaj\" \/>\n<meta name=\"robots\" content=\"index, follow, max-snippet:-1, max-image-preview:large, max-video-preview:-1\" \/>\n<link rel=\"canonical\" href=\"https:\/\/www.visit-ulcinj.com\/blog\/2014\/05\/18\/edukohen-diabetiket-e-ulqinit\/\" \/>\n<meta property=\"og:locale\" content=\"en_US\" \/>\n<meta property=\"og:type\" content=\"article\" \/>\n<meta property=\"og:title\" content=\"Edukohen diabetik\u00ebt e Ulqinit - Lajme nga Ulqini\" \/>\n<meta property=\"og:description\" content=\"N\u00eb organizim t\u00eb Shoqat\u00ebs p\u00ebr luft\u00ebn kund\u00ebr sheqerit \u201c Rrethi i gjelb\u00ebr\u201d\u00a0 Ulqin u mbajt ligj\u00ebrata e par\u00eb\u00a0 p\u00ebr s\u00ebmundjen e diabetit. Kryetari i k\u00ebsaj\" \/>\n<meta property=\"og:url\" content=\"https:\/\/www.visit-ulcinj.com\/blog\/2014\/05\/18\/edukohen-diabetiket-e-ulqinit\/\" \/>\n<meta property=\"og:site_name\" content=\"Lajme nga Ulqini\" \/>\n<meta property=\"article:published_time\" content=\"2014-05-18T17:20:39+00:00\" \/>\n<meta property=\"article:modified_time\" content=\"2014-05-19T12:14:05+00:00\" \/>\n<meta property=\"og:image\" content=\"http:\/\/www.visit-ulcinj.com\/blog\/wp-content\/uploads\/2014\/05\/Shoqata-e-diabetit-Ulqin.jpg\" \/>\n<meta name=\"twitter:label1\" content=\"Written by\" \/>\n\t<meta name=\"twitter:data1\" content=\"ulqini\" \/>\n\t<meta name=\"twitter:label2\" content=\"Est. reading time\" \/>\n\t<meta name=\"twitter:data2\" content=\"1 minute\" \/>\n<script type=\"application\/ld+json\" class=\"yoast-schema-graph\">{\"@context\":\"https:\/\/schema.org\",\"@graph\":[{\"@type\":\"WebSite\",\"@id\":\"https:\/\/www.visit-ulcinj.com\/blog\/#website\",\"url\":\"https:\/\/www.visit-ulcinj.com\/blog\/\",\"name\":\"Lajme nga Ulqini\",\"description\":\"Lajme,Vijesti,Ulqini,Ulqin,Crna Gora,Mali i Zi\",\"potentialAction\":[{\"@type\":\"SearchAction\",\"target\":{\"@type\":\"EntryPoint\",\"urlTemplate\":\"https:\/\/www.visit-ulcinj.com\/blog\/?s={search_term_string}\"},\"query-input\":\"required name=search_term_string\"}],\"inLanguage\":\"en-US\"},{\"@type\":\"ImageObject\",\"inLanguage\":\"en-US\",\"@id\":\"https:\/\/www.visit-ulcinj.com\/blog\/2014\/05\/18\/edukohen-diabetiket-e-ulqinit\/#primaryimage\",\"url\":\"https:\/\/www.visit-ulcinj.com\/blog\/wp-content\/uploads\/2014\/05\/Shoqata-e-diabetit-Ulqin.jpg\",\"contentUrl\":\"https:\/\/www.visit-ulcinj.com\/blog\/wp-content\/uploads\/2014\/05\/Shoqata-e-diabetit-Ulqin.jpg\",\"width\":628,\"height\":472},{\"@type\":\"WebPage\",\"@id\":\"https:\/\/www.visit-ulcinj.com\/blog\/2014\/05\/18\/edukohen-diabetiket-e-ulqinit\/#webpage\",\"url\":\"https:\/\/www.visit-ulcinj.com\/blog\/2014\/05\/18\/edukohen-diabetiket-e-ulqinit\/\",\"name\":\"Edukohen diabetik\u00ebt e Ulqinit - Lajme nga Ulqini\",\"isPartOf\":{\"@id\":\"https:\/\/www.visit-ulcinj.com\/blog\/#website\"},\"primaryImageOfPage\":{\"@id\":\"https:\/\/www.visit-ulcinj.com\/blog\/2014\/05\/18\/edukohen-diabetiket-e-ulqinit\/#primaryimage\"},\"datePublished\":\"2014-05-18T17:20:39+00:00\",\"dateModified\":\"2014-05-19T12:14:05+00:00\",\"author\":{\"@id\":\"https:\/\/www.visit-ulcinj.com\/blog\/#\/schema\/person\/dcab619c614d3038751c63bc2aadc06d\"},\"description\":\"N\u00eb organizim t\u00eb Shoqat\u00ebs p\u00ebr luft\u00ebn kund\u00ebr sheqerit \u201c Rrethi i gjelb\u00ebr\u201d\u00a0 Ulqin u mbajt ligj\u00ebrata e par\u00eb\u00a0 p\u00ebr s\u00ebmundjen e diabetit. Kryetari i k\u00ebsaj\",\"breadcrumb\":{\"@id\":\"https:\/\/www.visit-ulcinj.com\/blog\/2014\/05\/18\/edukohen-diabetiket-e-ulqinit\/#breadcrumb\"},\"inLanguage\":\"en-US\",\"potentialAction\":[{\"@type\":\"ReadAction\",\"target\":[\"https:\/\/www.visit-ulcinj.com\/blog\/2014\/05\/18\/edukohen-diabetiket-e-ulqinit\/\"]}]},{\"@type\":\"BreadcrumbList\",\"@id\":\"https:\/\/www.visit-ulcinj.com\/blog\/2014\/05\/18\/edukohen-diabetiket-e-ulqinit\/#breadcrumb\",\"itemListElement\":[{\"@type\":\"ListItem\",\"position\":1,\"name\":\"Edukohen diabetik\u00ebt e Ulqinit\"}]},{\"@type\":\"Person\",\"@id\":\"https:\/\/www.visit-ulcinj.com\/blog\/#\/schema\/person\/dcab619c614d3038751c63bc2aadc06d\",\"name\":\"ulqini\",\"sameAs\":[\"http:\/\/www.visit-ulcinj.com\"],\"url\":\"https:\/\/www.visit-ulcinj.com\/blog\/author\/admin\/\"}]}<\/script>\n<!-- \/ Yoast SEO plugin. -->","yoast_head_json":{"title":"Edukohen diabetik\u00ebt e Ulqinit - Lajme nga Ulqini","description":"N\u00eb organizim t\u00eb Shoqat\u00ebs p\u00ebr luft\u00ebn kund\u00ebr sheqerit \u201c Rrethi i gjelb\u00ebr\u201d\u00a0 Ulqin u mbajt ligj\u00ebrata e par\u00eb\u00a0 p\u00ebr s\u00ebmundjen e diabetit. Kryetari i k\u00ebsaj","robots":{"index":"index","follow":"follow","max-snippet":"max-snippet:-1","max-image-preview":"max-image-preview:large","max-video-preview":"max-video-preview:-1"},"canonical":"https:\/\/www.visit-ulcinj.com\/blog\/2014\/05\/18\/edukohen-diabetiket-e-ulqinit\/","og_locale":"en_US","og_type":"article","og_title":"Edukohen diabetik\u00ebt e Ulqinit - Lajme nga Ulqini","og_description":"N\u00eb organizim t\u00eb Shoqat\u00ebs p\u00ebr luft\u00ebn kund\u00ebr sheqerit \u201c Rrethi i gjelb\u00ebr\u201d\u00a0 Ulqin u mbajt ligj\u00ebrata e par\u00eb\u00a0 p\u00ebr s\u00ebmundjen e diabetit. Kryetari i k\u00ebsaj","og_url":"https:\/\/www.visit-ulcinj.com\/blog\/2014\/05\/18\/edukohen-diabetiket-e-ulqinit\/","og_site_name":"Lajme nga Ulqini","article_published_time":"2014-05-18T17:20:39+00:00","article_modified_time":"2014-05-19T12:14:05+00:00","og_image":[{"url":"http:\/\/www.visit-ulcinj.com\/blog\/wp-content\/uploads\/2014\/05\/Shoqata-e-diabetit-Ulqin.jpg"}],"twitter_misc":{"Written by":"ulqini","Est. reading time":"1 minute"},"schema":{"@context":"https:\/\/schema.org","@graph":[{"@type":"WebSite","@id":"https:\/\/www.visit-ulcinj.com\/blog\/#website","url":"https:\/\/www.visit-ulcinj.com\/blog\/","name":"Lajme nga Ulqini","description":"Lajme,Vijesti,Ulqini,Ulqin,Crna Gora,Mali i Zi","potentialAction":[{"@type":"SearchAction","target":{"@type":"EntryPoint","urlTemplate":"https:\/\/www.visit-ulcinj.com\/blog\/?s={search_term_string}"},"query-input":"required name=search_term_string"}],"inLanguage":"en-US"},{"@type":"ImageObject","inLanguage":"en-US","@id":"https:\/\/www.visit-ulcinj.com\/blog\/2014\/05\/18\/edukohen-diabetiket-e-ulqinit\/#primaryimage","url":"https:\/\/www.visit-ulcinj.com\/blog\/wp-content\/uploads\/2014\/05\/Shoqata-e-diabetit-Ulqin.jpg","contentUrl":"https:\/\/www.visit-ulcinj.com\/blog\/wp-content\/uploads\/2014\/05\/Shoqata-e-diabetit-Ulqin.jpg","width":628,"height":472},{"@type":"WebPage","@id":"https:\/\/www.visit-ulcinj.com\/blog\/2014\/05\/18\/edukohen-diabetiket-e-ulqinit\/#webpage","url":"https:\/\/www.visit-ulcinj.com\/blog\/2014\/05\/18\/edukohen-diabetiket-e-ulqinit\/","name":"Edukohen diabetik\u00ebt e Ulqinit - Lajme nga Ulqini","isPartOf":{"@id":"https:\/\/www.visit-ulcinj.com\/blog\/#website"},"primaryImageOfPage":{"@id":"https:\/\/www.visit-ulcinj.com\/blog\/2014\/05\/18\/edukohen-diabetiket-e-ulqinit\/#primaryimage"},"datePublished":"2014-05-18T17:20:39+00:00","dateModified":"2014-05-19T12:14:05+00:00","author":{"@id":"https:\/\/www.visit-ulcinj.com\/blog\/#\/schema\/person\/dcab619c614d3038751c63bc2aadc06d"},"description":"N\u00eb organizim t\u00eb Shoqat\u00ebs p\u00ebr luft\u00ebn kund\u00ebr sheqerit \u201c Rrethi i gjelb\u00ebr\u201d\u00a0 Ulqin u mbajt ligj\u00ebrata e par\u00eb\u00a0 p\u00ebr s\u00ebmundjen e diabetit. Kryetari i k\u00ebsaj","breadcrumb":{"@id":"https:\/\/www.visit-ulcinj.com\/blog\/2014\/05\/18\/edukohen-diabetiket-e-ulqinit\/#breadcrumb"},"inLanguage":"en-US","potentialAction":[{"@type":"ReadAction","target":["https:\/\/www.visit-ulcinj.com\/blog\/2014\/05\/18\/edukohen-diabetiket-e-ulqinit\/"]}]},{"@type":"BreadcrumbList","@id":"https:\/\/www.visit-ulcinj.com\/blog\/2014\/05\/18\/edukohen-diabetiket-e-ulqinit\/#breadcrumb","itemListElement":[{"@type":"ListItem","position":1,"name":"Edukohen diabetik\u00ebt e Ulqinit"}]},{"@type":"Person","@id":"https:\/\/www.visit-ulcinj.com\/blog\/#\/schema\/person\/dcab619c614d3038751c63bc2aadc06d","name":"ulqini","sameAs":["http:\/\/www.visit-ulcinj.com"],"url":"https:\/\/www.visit-ulcinj.com\/blog\/author\/admin\/"}]}},"jetpack_featured_media_url":"","jetpack_sharing_enabled":true,"jetpack_shortlink":"https:\/\/wp.me\/pe6lTn-loV","_links":{"self":[{"href":"https:\/\/www.visit-ulcinj.com\/blog\/wp-json\/wp\/v2\/posts\/82269"}],"collection":[{"href":"https:\/\/www.visit-ulcinj.com\/blog\/wp-json\/wp\/v2\/posts"}],"about":[{"href":"https:\/\/www.visit-ulcinj.com\/blog\/wp-json\/wp\/v2\/types\/post"}],"author":[{"embeddable":true,"href":"https:\/\/www.visit-ulcinj.com\/blog\/wp-json\/wp\/v2\/users\/1"}],"replies":[{"embeddable":true,"href":"https:\/\/www.visit-ulcinj.com\/blog\/wp-json\/wp\/v2\/comments?post=82269"}],"version-history":[{"count":2,"href":"https:\/\/www.visit-ulcinj.com\/blog\/wp-json\/wp\/v2\/posts\/82269\/revisions"}],"predecessor-version":[{"id":82273,"href":"https:\/\/www.visit-ulcinj.com\/blog\/wp-json\/wp\/v2\/posts\/82269\/revisions\/82273"}],"wp:attachment":[{"href":"https:\/\/www.visit-ulcinj.com\/blog\/wp-json\/wp\/v2\/media?parent=82269"}],"wp:term":[{"taxonomy":"category","embeddable":true,"href":"https:\/\/www.visit-ulcinj.com\/blog\/wp-json\/wp\/v2\/categories?post=82269"},{"taxonomy":"post_tag","embeddable":true,"href":"https:\/\/www.visit-ulcinj.com\/blog\/wp-json\/wp\/v2\/tags?post=82269"}],"curies":[{"name":"wp","href":"https:\/\/api.w.org\/{rel}","templated":true}]}}