{"id":8227,"date":"2009-01-08T19:01:52","date_gmt":"2009-01-08T18:01:52","guid":{"rendered":"http:\/\/www.visit-ulcinj.com\/blog\/?p=8227"},"modified":"2009-01-08T19:05:05","modified_gmt":"2009-01-08T18:05:05","slug":"kryqi-i-kuq-e-akuzon-izraelin","status":"publish","type":"post","link":"https:\/\/www.visit-ulcinj.com\/blog\/2009\/01\/08\/kryqi-i-kuq-e-akuzon-izraelin\/","title":{"rendered":"Kryqi i Kuq e akuzon Izraelin"},"content":{"rendered":"<p><strong><a href=\"http:\/\/www.visit-ulcinj.com\/blog\/wp-content\/uploads\/2009\/01\/tanket-e-izraelit.jpg\" target=\"_blank\"><img loading=\"lazy\" class=\"alignleft size-full wp-image-8228\" title=\"tanket-e-izraelit\" src=\"http:\/\/www.visit-ulcinj.com\/blog\/wp-content\/uploads\/2009\/01\/tanket-e-izraelit.jpg\" alt=\"tanket-e-izraelit\" width=\"344\" height=\"225\" srcset=\"https:\/\/www.visit-ulcinj.com\/blog\/wp-content\/uploads\/2009\/01\/tanket-e-izraelit.jpg 490w, https:\/\/www.visit-ulcinj.com\/blog\/wp-content\/uploads\/2009\/01\/tanket-e-izraelit-300x195.jpg 300w\" sizes=\"(max-width: 344px) 100vw, 344px\" \/><\/a>Komiteti Nd\u00ebrkomb\u00ebtar i Kryqit t\u00eb Kuq akuzoi forcat izraelite se nuk i ndihmojn\u00eb njer\u00ebzit e plagosur n\u00eb lagjet e Gaz\u00ebs dhe se kan\u00eb d\u00ebshtuar q\u00eb t&#8217;i lejojn\u00eb ekipet e Kryqit t\u00eb Kuq t\u00eb dep\u00ebrtojn\u00eb n\u00eb k\u00ebto hap\u00ebsira.<\/strong><br \/>\nKryqi i Kuq tha se pun\u00ebtor\u00ebt e Kryqit t\u00eb Kuq dhe Gjysm\u00ebh\u00ebn\u00ebs s\u00eb Kuqe palestineze kan\u00eb gjetur disa t\u00eb vdekur dhe s\u00eb paku 19 persona q\u00eb kishin mbijetuar, duke p\u00ebrfshir\u00eb edhe disa t\u00eb plagosur dhe kat\u00ebr f\u00ebmij\u00eb, n\u00eb sht\u00ebpit\u00eb e goditura nga bombardimet n\u00eb Zaytum, af\u00ebr pozicioneve ushtarake izraelite.<br \/>\nKomiteti i Kryqit t\u00eb Kuq Nd\u00ebrkomb\u00ebtar tha se ekipet e tij, kat\u00ebr dit\u00eb pas bombardimeve, nuk ishin lejuar t\u00eb shkojn\u00eb n\u00eb k\u00ebto hap\u00ebsira. Kjo organizat\u00eb vler\u00ebsoi se ky incident ishte &#8220;shokues&#8221;.<br \/>\nUshtria izraelite akoma nuk u \u00ebsht\u00eb p\u00ebrgjigjur akuzave, por ka th\u00ebn\u00eb se kan\u00eb punuar ngusht\u00eb me grupet e ndihmave, n\u00eb m\u00ebnyr\u00eb q\u00eb civil\u00ebt t\u00eb marrin ndihmat e nevojshme.<br \/>\nNd\u00ebrkoh\u00eb, OKB-ja ka njoftuar se i ka suspenduar operacionet e ndihmave n\u00eb Gaz\u00eb, p\u00ebr shkak t\u00eb rrezikimit t\u00eb stafit nga sulmet izraelite.<br \/>\n\u201cNe i kemi suspenduar operacionet tona n\u00eb Gaz\u00eb, derisa autoritetet izraelite t\u00eb mund t\u00eb garantojn\u00eb sigurin\u00eb p\u00ebr stafin ton\u00eb atje,\u201d tha Chris Gunness, z\u00ebdh\u00ebn\u00ebs i agjencis\u00eb s\u00eb Kombeve t\u00eb Bashkuara p\u00ebr ndihma, Unwra.<br \/>\nM\u00eb her\u00ebt, Unwra kishte njoftuar se nj\u00eb person ishte vrar\u00eb dhe dy t\u00eb tjer\u00eb ishin plagosur, kur nj\u00eb kamion i OKB-s\u00eb q\u00eb sillte ndihma n\u00eb Gaz\u00eb ishte q\u00eblluar nga nj\u00eb tank izraelit.<br \/>\nSipas k\u00ebsaj agjencie, kamioni me ndihma ishte q\u00eblluar gjat\u00eb pauz\u00ebs n\u00eb ofensiv\u00ebn izraelite, p\u00ebr t\u00eb lejuar furnizimin me ushqime dhe karburante n\u00eb territorin q\u00eb udh\u00ebhiqet nga Hamasi.<br \/>\nArmata e Izraelit tha se po zhvillonte hetime p\u00ebr incidentin n\u00eb veri t\u00eb Gaz\u00ebs.<br \/>\nIzraeli sulmohet me raketa nga Libani<br \/>\nKonflikti mes Izraelit dhe palestinez\u00ebve \u00ebsht\u00eb ashp\u00ebrsuar edhe m\u00eb tej. P\u00ebr her\u00eb t\u00eb par\u00eb Izraeli njoftoi se shum\u00eb raketa Katjusha jan\u00eb hedhur nga Libani n\u00eb territorin izraelit.<br \/>\nSipas t\u00eb dh\u00ebnave t\u00eb policis\u00eb, shum\u00eb banor\u00eb jan\u00eb plagosur leht\u00eb. Nj\u00eb z\u00ebdh\u00ebn\u00ebs i ushtris\u00eb izraelite tha se Izraeli ishte kund\u00ebrp\u00ebrgjigjur duke q\u00eblluar mbi zon\u00ebn nga ishin l\u00ebshuar raketat.<br \/>\nRaketat e hedhura nga Libani jan\u00eb incidenti i par\u00eb q\u00eb nga viti 2006, kur u zhvillua lufta nd\u00ebrmjet Izraelit dhe militant\u00ebve t\u00eb Hizbollahut.<br \/>\nVazhdojn\u00eb p\u00ebrpjekjet p\u00ebr arm\u00ebpushim<br \/>\nKan\u00eb vazhduar p\u00ebrpjekjet p\u00ebr arm\u00ebpushim. Nj\u00eb zyrtar i lart\u00eb izraelit \u00ebsht\u00eb n\u00eb Kajro p\u00ebr t\u00eb d\u00ebgjuar detajet e planit p\u00ebr arm\u00ebpushim t\u00eb p\u00ebrpiluar nga Egjipti dhe Franca.<br \/>\nN\u00eb kryeqytetin e Egjiptit pritet mb\u00ebrritja edhe e nj\u00eb delegacioni nga Hamasi, po p\u00ebr t\u00eb nj\u00ebjtin q\u00ebllim, than\u00eb diplomat\u00eb egjiptian\u00eb.<br \/>\nNd\u00ebrkoh\u00eb, Amnesty International i ka akuzuar t\u00eb dy pal\u00ebt p\u00ebr p\u00ebrdorimin e civil\u00ebve si mburoja njer\u00ebzore.<br \/>\n\u201cUshtar\u00ebt izraelit\u00eb kan\u00eb hyr\u00eb dhe kan\u00eb z\u00ebn\u00eb pozicione n\u00eb nj\u00eb num\u00ebr t\u00eb sht\u00ebpive t\u00eb palestinez\u00ebve, duke i detyruar familjet q\u00eb t\u00eb q\u00ebndrojn\u00eb n\u00ebp\u00ebr katet p\u00ebrdhese t\u00eb sht\u00ebpive, p\u00ebrderisa ata i kan\u00eb p\u00ebrdorur pjes\u00ebt e tjera t\u00eb sht\u00ebpis\u00eb si baza ushtarake dhe si pozicione p\u00ebr snajper\u00eb,\u201d thuhet n\u00eb nj\u00eb deklarat\u00eb t\u00eb organizat\u00ebs.<br \/>\nNd\u00ebrsa disa familje palestineze kan\u00eb njoftuar se n\u00eb disa raste persona t\u00eb armatosur palestinez\u00eb jan\u00eb pajtuar q\u00eb t\u00eb largohen nga zonat pran\u00eb sht\u00ebpive t\u00eb civil\u00ebve, pa luftuar me forcat izraelite. Dhe deklarata e Amnesty International vazhdon: \u201cN\u00eb raste t\u00eb tjera, militant\u00ebt i kan\u00eb refuzuar k\u00ebrkesat e banor\u00ebve dhe jan\u00eb larguar nga atje vet\u00ebm pas luftimeve.\u201d<br \/>\n<strong>Gazeta Express<\/strong><\/p>\n<p>[flv]http:\/\/shqiphost3.top-channel.tv\/18754796\/flv\/kronika\/LIBAN-IZRAEL.flv[\/flv]<\/p>\n<p><strong>Top Channel<br \/>\n<\/strong><\/p>\n","protected":false},"excerpt":{"rendered":"<p>Komiteti Nd\u00ebrkomb\u00ebtar i Kryqit t\u00eb Kuq akuzoi forcat izraelite se nuk i ndihmojn\u00eb njer\u00ebzit e plagosur n\u00eb lagjet e Gaz\u00ebs dhe se kan\u00eb d\u00ebshtuar q\u00eb t&#8217;i lejojn\u00eb ekipet e Kryqit t\u00eb Kuq t\u00eb dep\u00ebrtojn\u00eb n\u00eb k\u00ebto hap\u00ebsira. Kryqi i Kuq tha se pun\u00ebtor\u00ebt e Kryqit t\u00eb Kuq dhe Gjysm\u00ebh\u00ebn\u00ebs s\u00eb Kuqe palestineze kan\u00eb gjetur disa [&hellip;]<\/p>\n","protected":false},"author":1,"featured_media":0,"comment_status":"open","ping_status":"closed","sticky":false,"template":"","format":"standard","meta":{"spay_email":"","jetpack_publicize_message":"","jetpack_is_tweetstorm":false,"jetpack_publicize_feature_enabled":true},"categories":[7],"tags":[5464,5469,5611,5567],"jetpack_publicize_connections":[],"yoast_head":"<!-- This site is optimized with the Yoast SEO plugin v19.1 - https:\/\/yoast.com\/wordpress\/plugins\/seo\/ -->\n<title>Kryqi i Kuq e akuzon Izraelin - Lajme nga Ulqini<\/title>\n<meta name=\"description\" content=\"Komiteti Nd\u00ebrkomb\u00ebtar i Kryqit t\u00eb Kuq akuzoi forcat izraelite se nuk i ndihmojn\u00eb njer\u00ebzit e plagosur n\u00eb lagjet e Gaz\u00ebs dhe se kan\u00eb d\u00ebshtuar q\u00eb t&#039;i lejojn\u00eb\" \/>\n<meta name=\"robots\" content=\"index, follow, max-snippet:-1, max-image-preview:large, max-video-preview:-1\" \/>\n<link rel=\"canonical\" href=\"https:\/\/www.visit-ulcinj.com\/blog\/2009\/01\/08\/kryqi-i-kuq-e-akuzon-izraelin\/\" \/>\n<meta property=\"og:locale\" content=\"en_US\" \/>\n<meta property=\"og:type\" content=\"article\" \/>\n<meta property=\"og:title\" content=\"Kryqi i Kuq e akuzon Izraelin - Lajme nga Ulqini\" \/>\n<meta property=\"og:description\" content=\"Komiteti Nd\u00ebrkomb\u00ebtar i Kryqit t\u00eb Kuq akuzoi forcat izraelite se nuk i ndihmojn\u00eb njer\u00ebzit e plagosur n\u00eb lagjet e Gaz\u00ebs dhe se kan\u00eb d\u00ebshtuar q\u00eb t&#039;i lejojn\u00eb\" \/>\n<meta property=\"og:url\" content=\"https:\/\/www.visit-ulcinj.com\/blog\/2009\/01\/08\/kryqi-i-kuq-e-akuzon-izraelin\/\" \/>\n<meta property=\"og:site_name\" content=\"Lajme nga Ulqini\" \/>\n<meta property=\"article:published_time\" content=\"2009-01-08T18:01:52+00:00\" \/>\n<meta property=\"article:modified_time\" content=\"2009-01-08T18:05:05+00:00\" \/>\n<meta property=\"og:image\" content=\"http:\/\/www.visit-ulcinj.com\/blog\/wp-content\/uploads\/2009\/01\/tanket-e-izraelit.jpg\" \/>\n<meta name=\"twitter:label1\" content=\"Written by\" \/>\n\t<meta name=\"twitter:data1\" content=\"ulqini\" \/>\n\t<meta name=\"twitter:label2\" content=\"Est. reading time\" \/>\n\t<meta name=\"twitter:data2\" content=\"3 minutes\" \/>\n<script type=\"application\/ld+json\" class=\"yoast-schema-graph\">{\"@context\":\"https:\/\/schema.org\",\"@graph\":[{\"@type\":\"WebSite\",\"@id\":\"https:\/\/www.visit-ulcinj.com\/blog\/#website\",\"url\":\"https:\/\/www.visit-ulcinj.com\/blog\/\",\"name\":\"Lajme nga Ulqini\",\"description\":\"Lajme,Vijesti,Ulqini,Ulqin,Crna Gora,Mali i Zi\",\"potentialAction\":[{\"@type\":\"SearchAction\",\"target\":{\"@type\":\"EntryPoint\",\"urlTemplate\":\"https:\/\/www.visit-ulcinj.com\/blog\/?s={search_term_string}\"},\"query-input\":\"required name=search_term_string\"}],\"inLanguage\":\"en-US\"},{\"@type\":\"ImageObject\",\"inLanguage\":\"en-US\",\"@id\":\"https:\/\/www.visit-ulcinj.com\/blog\/2009\/01\/08\/kryqi-i-kuq-e-akuzon-izraelin\/#primaryimage\",\"url\":\"https:\/\/www.visit-ulcinj.com\/blog\/wp-content\/uploads\/2009\/01\/tanket-e-izraelit.jpg\",\"contentUrl\":\"https:\/\/www.visit-ulcinj.com\/blog\/wp-content\/uploads\/2009\/01\/tanket-e-izraelit.jpg\",\"width\":\"490\",\"height\":\"320\"},{\"@type\":\"WebPage\",\"@id\":\"https:\/\/www.visit-ulcinj.com\/blog\/2009\/01\/08\/kryqi-i-kuq-e-akuzon-izraelin\/#webpage\",\"url\":\"https:\/\/www.visit-ulcinj.com\/blog\/2009\/01\/08\/kryqi-i-kuq-e-akuzon-izraelin\/\",\"name\":\"Kryqi i Kuq e akuzon Izraelin - Lajme nga Ulqini\",\"isPartOf\":{\"@id\":\"https:\/\/www.visit-ulcinj.com\/blog\/#website\"},\"primaryImageOfPage\":{\"@id\":\"https:\/\/www.visit-ulcinj.com\/blog\/2009\/01\/08\/kryqi-i-kuq-e-akuzon-izraelin\/#primaryimage\"},\"datePublished\":\"2009-01-08T18:01:52+00:00\",\"dateModified\":\"2009-01-08T18:05:05+00:00\",\"author\":{\"@id\":\"https:\/\/www.visit-ulcinj.com\/blog\/#\/schema\/person\/dcab619c614d3038751c63bc2aadc06d\"},\"description\":\"Komiteti Nd\u00ebrkomb\u00ebtar i Kryqit t\u00eb Kuq akuzoi forcat izraelite se nuk i ndihmojn\u00eb njer\u00ebzit e plagosur n\u00eb lagjet e Gaz\u00ebs dhe se kan\u00eb d\u00ebshtuar q\u00eb t'i lejojn\u00eb\",\"breadcrumb\":{\"@id\":\"https:\/\/www.visit-ulcinj.com\/blog\/2009\/01\/08\/kryqi-i-kuq-e-akuzon-izraelin\/#breadcrumb\"},\"inLanguage\":\"en-US\",\"potentialAction\":[{\"@type\":\"ReadAction\",\"target\":[\"https:\/\/www.visit-ulcinj.com\/blog\/2009\/01\/08\/kryqi-i-kuq-e-akuzon-izraelin\/\"]}]},{\"@type\":\"BreadcrumbList\",\"@id\":\"https:\/\/www.visit-ulcinj.com\/blog\/2009\/01\/08\/kryqi-i-kuq-e-akuzon-izraelin\/#breadcrumb\",\"itemListElement\":[{\"@type\":\"ListItem\",\"position\":1,\"name\":\"Kryqi i Kuq e akuzon Izraelin\"}]},{\"@type\":\"Person\",\"@id\":\"https:\/\/www.visit-ulcinj.com\/blog\/#\/schema\/person\/dcab619c614d3038751c63bc2aadc06d\",\"name\":\"ulqini\",\"sameAs\":[\"http:\/\/www.visit-ulcinj.com\"],\"url\":\"https:\/\/www.visit-ulcinj.com\/blog\/author\/admin\/\"}]}<\/script>\n<!-- \/ Yoast SEO plugin. -->","yoast_head_json":{"title":"Kryqi i Kuq e akuzon Izraelin - Lajme nga Ulqini","description":"Komiteti Nd\u00ebrkomb\u00ebtar i Kryqit t\u00eb Kuq akuzoi forcat izraelite se nuk i ndihmojn\u00eb njer\u00ebzit e plagosur n\u00eb lagjet e Gaz\u00ebs dhe se kan\u00eb d\u00ebshtuar q\u00eb t'i lejojn\u00eb","robots":{"index":"index","follow":"follow","max-snippet":"max-snippet:-1","max-image-preview":"max-image-preview:large","max-video-preview":"max-video-preview:-1"},"canonical":"https:\/\/www.visit-ulcinj.com\/blog\/2009\/01\/08\/kryqi-i-kuq-e-akuzon-izraelin\/","og_locale":"en_US","og_type":"article","og_title":"Kryqi i Kuq e akuzon Izraelin - Lajme nga Ulqini","og_description":"Komiteti Nd\u00ebrkomb\u00ebtar i Kryqit t\u00eb Kuq akuzoi forcat izraelite se nuk i ndihmojn\u00eb njer\u00ebzit e plagosur n\u00eb lagjet e Gaz\u00ebs dhe se kan\u00eb d\u00ebshtuar q\u00eb t'i lejojn\u00eb","og_url":"https:\/\/www.visit-ulcinj.com\/blog\/2009\/01\/08\/kryqi-i-kuq-e-akuzon-izraelin\/","og_site_name":"Lajme nga Ulqini","article_published_time":"2009-01-08T18:01:52+00:00","article_modified_time":"2009-01-08T18:05:05+00:00","og_image":[{"url":"http:\/\/www.visit-ulcinj.com\/blog\/wp-content\/uploads\/2009\/01\/tanket-e-izraelit.jpg"}],"twitter_misc":{"Written by":"ulqini","Est. reading time":"3 minutes"},"schema":{"@context":"https:\/\/schema.org","@graph":[{"@type":"WebSite","@id":"https:\/\/www.visit-ulcinj.com\/blog\/#website","url":"https:\/\/www.visit-ulcinj.com\/blog\/","name":"Lajme nga Ulqini","description":"Lajme,Vijesti,Ulqini,Ulqin,Crna Gora,Mali i Zi","potentialAction":[{"@type":"SearchAction","target":{"@type":"EntryPoint","urlTemplate":"https:\/\/www.visit-ulcinj.com\/blog\/?s={search_term_string}"},"query-input":"required name=search_term_string"}],"inLanguage":"en-US"},{"@type":"ImageObject","inLanguage":"en-US","@id":"https:\/\/www.visit-ulcinj.com\/blog\/2009\/01\/08\/kryqi-i-kuq-e-akuzon-izraelin\/#primaryimage","url":"https:\/\/www.visit-ulcinj.com\/blog\/wp-content\/uploads\/2009\/01\/tanket-e-izraelit.jpg","contentUrl":"https:\/\/www.visit-ulcinj.com\/blog\/wp-content\/uploads\/2009\/01\/tanket-e-izraelit.jpg","width":"490","height":"320"},{"@type":"WebPage","@id":"https:\/\/www.visit-ulcinj.com\/blog\/2009\/01\/08\/kryqi-i-kuq-e-akuzon-izraelin\/#webpage","url":"https:\/\/www.visit-ulcinj.com\/blog\/2009\/01\/08\/kryqi-i-kuq-e-akuzon-izraelin\/","name":"Kryqi i Kuq e akuzon Izraelin - Lajme nga Ulqini","isPartOf":{"@id":"https:\/\/www.visit-ulcinj.com\/blog\/#website"},"primaryImageOfPage":{"@id":"https:\/\/www.visit-ulcinj.com\/blog\/2009\/01\/08\/kryqi-i-kuq-e-akuzon-izraelin\/#primaryimage"},"datePublished":"2009-01-08T18:01:52+00:00","dateModified":"2009-01-08T18:05:05+00:00","author":{"@id":"https:\/\/www.visit-ulcinj.com\/blog\/#\/schema\/person\/dcab619c614d3038751c63bc2aadc06d"},"description":"Komiteti Nd\u00ebrkomb\u00ebtar i Kryqit t\u00eb Kuq akuzoi forcat izraelite se nuk i ndihmojn\u00eb njer\u00ebzit e plagosur n\u00eb lagjet e Gaz\u00ebs dhe se kan\u00eb d\u00ebshtuar q\u00eb t'i lejojn\u00eb","breadcrumb":{"@id":"https:\/\/www.visit-ulcinj.com\/blog\/2009\/01\/08\/kryqi-i-kuq-e-akuzon-izraelin\/#breadcrumb"},"inLanguage":"en-US","potentialAction":[{"@type":"ReadAction","target":["https:\/\/www.visit-ulcinj.com\/blog\/2009\/01\/08\/kryqi-i-kuq-e-akuzon-izraelin\/"]}]},{"@type":"BreadcrumbList","@id":"https:\/\/www.visit-ulcinj.com\/blog\/2009\/01\/08\/kryqi-i-kuq-e-akuzon-izraelin\/#breadcrumb","itemListElement":[{"@type":"ListItem","position":1,"name":"Kryqi i Kuq e akuzon Izraelin"}]},{"@type":"Person","@id":"https:\/\/www.visit-ulcinj.com\/blog\/#\/schema\/person\/dcab619c614d3038751c63bc2aadc06d","name":"ulqini","sameAs":["http:\/\/www.visit-ulcinj.com"],"url":"https:\/\/www.visit-ulcinj.com\/blog\/author\/admin\/"}]}},"jetpack_featured_media_url":"","jetpack_sharing_enabled":true,"jetpack_shortlink":"https:\/\/wp.me\/pe6lTn-28H","_links":{"self":[{"href":"https:\/\/www.visit-ulcinj.com\/blog\/wp-json\/wp\/v2\/posts\/8227"}],"collection":[{"href":"https:\/\/www.visit-ulcinj.com\/blog\/wp-json\/wp\/v2\/posts"}],"about":[{"href":"https:\/\/www.visit-ulcinj.com\/blog\/wp-json\/wp\/v2\/types\/post"}],"author":[{"embeddable":true,"href":"https:\/\/www.visit-ulcinj.com\/blog\/wp-json\/wp\/v2\/users\/1"}],"replies":[{"embeddable":true,"href":"https:\/\/www.visit-ulcinj.com\/blog\/wp-json\/wp\/v2\/comments?post=8227"}],"version-history":[{"count":0,"href":"https:\/\/www.visit-ulcinj.com\/blog\/wp-json\/wp\/v2\/posts\/8227\/revisions"}],"wp:attachment":[{"href":"https:\/\/www.visit-ulcinj.com\/blog\/wp-json\/wp\/v2\/media?parent=8227"}],"wp:term":[{"taxonomy":"category","embeddable":true,"href":"https:\/\/www.visit-ulcinj.com\/blog\/wp-json\/wp\/v2\/categories?post=8227"},{"taxonomy":"post_tag","embeddable":true,"href":"https:\/\/www.visit-ulcinj.com\/blog\/wp-json\/wp\/v2\/tags?post=8227"}],"curies":[{"name":"wp","href":"https:\/\/api.w.org\/{rel}","templated":true}]}}