{"id":82285,"date":"2014-05-19T13:06:02","date_gmt":"2014-05-19T12:06:02","guid":{"rendered":"http:\/\/www.visit-ulcinj.com\/blog\/?p=82285"},"modified":"2014-05-19T13:35:28","modified_gmt":"2014-05-19T12:35:28","slug":"festivali-poezise-pranvera-poetike-durrsake-merre-pjese-art-club-nga-ulqini","status":"publish","type":"post","link":"https:\/\/www.visit-ulcinj.com\/blog\/2014\/05\/19\/festivali-poezise-pranvera-poetike-durrsake-merre-pjese-art-club-nga-ulqini\/","title":{"rendered":"Festivali i poezis\u00eb &#8220;Pranvera Poetike Durrsake&#8221; merr\u00eb pjes\u00eb &#8220;Art Club&#8221; nga Ulqini"},"content":{"rendered":"<div><a href=\"http:\/\/www.visit-ulcinj.com\/blog\/wp-content\/uploads\/2014\/05\/Festivali-i-Poezise-Durres-2014.jpg\"><img loading=\"lazy\" class=\"alignleft  wp-image-82286\" alt=\"Festivali i Poezise - Durres 2014\" src=\"http:\/\/www.visit-ulcinj.com\/blog\/wp-content\/uploads\/2014\/05\/Festivali-i-Poezise-Durres-2014.jpg\" width=\"508\" height=\"360\" \/><\/a>Shoqata e Artist\u00ebve dhe Intelektual\u00ebve &#8220;Art Club&#8221; ka marr\u00eb pjes\u00eb t\u00eb shtun\u00ebn, m\u00eb 17 maj 2014, n\u00eb Festivalin e Poezis\u00eb &#8220;Pranvera Poetike Durrsake&#8221;, ku poeti Hajredin Kova\u00e7i fitoi \u00c7mimin e Tret\u00eb.<\/div>\n<div><a href=\"http:\/\/www.visit-ulcinj.com\/blog\/wp-content\/uploads\/2014\/05\/Festivali-i-Poezise-Durres-2014-Hajredini-dhe-Eva-Kacanja-2.jpg\"><img loading=\"lazy\" class=\"alignleft  wp-image-82287\" alt=\"Festivali i Poezise Durres 2014 - Hajredini dhe Eva Kacanja 2\" src=\"http:\/\/www.visit-ulcinj.com\/blog\/wp-content\/uploads\/2014\/05\/Festivali-i-Poezise-Durres-2014-Hajredini-dhe-Eva-Kacanja-2.jpg\" width=\"508\" height=\"360\" \/><\/a><\/div>\n<div><\/div>\n<div>Bashk\u00eblidhur keni Njoftimin p\u00ebr media mbi k\u00ebt\u00eb veprimtari, poezin\u00eb fituese t\u00eb \u00c7mimit dhe disa fotografi nga veprimtaria dhe ceremonia e ndarjes se \u00e7mimeve.<\/div>\n<div>\n\n\t\t<style type=\"text\/css\">\n\t\t\t#gallery-1 {\n\t\t\t\tmargin: auto;\n\t\t\t}\n\t\t\t#gallery-1 .gallery-item {\n\t\t\t\tfloat: left;\n\t\t\t\tmargin-top: 10px;\n\t\t\t\ttext-align: center;\n\t\t\t\twidth: 33%;\n\t\t\t}\n\t\t\t#gallery-1 img {\n\t\t\t\tborder: 2px solid #cfcfcf;\n\t\t\t}\n\t\t\t#gallery-1 .gallery-caption {\n\t\t\t\tmargin-left: 0;\n\t\t\t}\n\t\t\t\/* see gallery_shortcode() in wp-includes\/media.php *\/\n\t\t<\/style>\n\t\t<div id='gallery-1' class='gallery galleryid-82285 gallery-columns-3 gallery-size-thumbnail'><dl class='gallery-item'>\n\t\t\t<dt class='gallery-icon portrait'>\n\t\t\t\t<a href='https:\/\/www.visit-ulcinj.com\/blog\/2014\/05\/19\/festivali-poezise-pranvera-poetike-durrsake-merre-pjese-art-club-nga-ulqini\/festivali-i-poezise-durres-2014-hajredini-duke-marre-cmimin-2\/'><img width=\"150\" height=\"150\" src=\"https:\/\/www.visit-ulcinj.com\/blog\/wp-content\/uploads\/2014\/05\/Festivali-i-Poezise-Durres-2014-Hajredini-duke-marre-Cmimin-2-150x150.jpg\" class=\"attachment-thumbnail size-thumbnail\" alt=\"\" loading=\"lazy\" \/><\/a>\n\t\t\t<\/dt><\/dl><dl class='gallery-item'>\n\t\t\t<dt class='gallery-icon landscape'>\n\t\t\t\t<a href='https:\/\/www.visit-ulcinj.com\/blog\/2014\/05\/19\/festivali-poezise-pranvera-poetike-durrsake-merre-pjese-art-club-nga-ulqini\/festivali-i-poezise-durres-2014-cmimi-5\/'><img width=\"150\" height=\"150\" src=\"https:\/\/www.visit-ulcinj.com\/blog\/wp-content\/uploads\/2014\/05\/Festivali-i-Poezise-Durres-2014-Cmimi-5-150x150.jpg\" class=\"attachment-thumbnail size-thumbnail\" alt=\"\" loading=\"lazy\" \/><\/a>\n\t\t\t<\/dt><\/dl><dl class='gallery-item'>\n\t\t\t<dt class='gallery-icon landscape'>\n\t\t\t\t<a href='https:\/\/www.visit-ulcinj.com\/blog\/2014\/05\/19\/festivali-poezise-pranvera-poetike-durrsake-merre-pjese-art-club-nga-ulqini\/festivali-i-poezise-durres-2014-hajredini-dhe-eva-kacanja-2\/'><img width=\"150\" height=\"150\" src=\"https:\/\/www.visit-ulcinj.com\/blog\/wp-content\/uploads\/2014\/05\/Festivali-i-Poezise-Durres-2014-Hajredini-dhe-Eva-Kacanja-2-150x150.jpg\" class=\"attachment-thumbnail size-thumbnail\" alt=\"\" loading=\"lazy\" \/><\/a>\n\t\t\t<\/dt><\/dl><br style=\"clear: both\" \/>\n\t\t<\/div>\n\n<\/div>\n","protected":false},"excerpt":{"rendered":"<p>Shoqata e Artist\u00ebve dhe Intelektual\u00ebve &#8220;Art Club&#8221; ka marr\u00eb pjes\u00eb t\u00eb shtun\u00ebn, m\u00eb 17 maj 2014, n\u00eb Festivalin e Poezis\u00eb &#8220;Pranvera Poetike Durrsake&#8221;, ku poeti Hajredin Kova\u00e7i fitoi \u00c7mimin e Tret\u00eb. Bashk\u00eblidhur keni Njoftimin p\u00ebr media mbi k\u00ebt\u00eb veprimtari, poezin\u00eb fituese t\u00eb \u00c7mimit dhe disa fotografi nga veprimtaria dhe ceremonia e ndarjes se \u00e7mimeve.<\/p>\n","protected":false},"author":1,"featured_media":0,"comment_status":"closed","ping_status":"closed","sticky":false,"template":"","format":"standard","meta":{"spay_email":"","jetpack_publicize_message":"","jetpack_is_tweetstorm":false,"jetpack_publicize_feature_enabled":true},"categories":[4,1],"tags":[],"jetpack_publicize_connections":[],"yoast_head":"<!-- This site is optimized with the Yoast SEO plugin v19.1 - https:\/\/yoast.com\/wordpress\/plugins\/seo\/ -->\n<title>Festivali i poezis\u00eb &quot;Pranvera Poetike Durrsake&quot; merr\u00eb pjes\u00eb &quot;Art Club&quot; nga Ulqini - Lajme nga Ulqini<\/title>\n<meta name=\"description\" content=\"Shoqata e Artist\u00ebve dhe Intelektual\u00ebve &quot;Art Club&quot; ka marr\u00eb pjes\u00eb t\u00eb shtun\u00ebn, m\u00eb 17 maj 2014, n\u00eb Festivalin e Poezis\u00eb &quot;Pranvera Poetike Durrsake&quot;, ku poeti\" \/>\n<meta name=\"robots\" content=\"index, follow, max-snippet:-1, max-image-preview:large, max-video-preview:-1\" \/>\n<link rel=\"canonical\" href=\"https:\/\/www.visit-ulcinj.com\/blog\/2014\/05\/19\/festivali-poezise-pranvera-poetike-durrsake-merre-pjese-art-club-nga-ulqini\/\" \/>\n<meta property=\"og:locale\" content=\"en_US\" \/>\n<meta property=\"og:type\" content=\"article\" \/>\n<meta property=\"og:title\" content=\"Festivali i poezis\u00eb &quot;Pranvera Poetike Durrsake&quot; merr\u00eb pjes\u00eb &quot;Art Club&quot; nga Ulqini - Lajme nga Ulqini\" \/>\n<meta property=\"og:description\" content=\"Shoqata e Artist\u00ebve dhe Intelektual\u00ebve &quot;Art Club&quot; ka marr\u00eb pjes\u00eb t\u00eb shtun\u00ebn, m\u00eb 17 maj 2014, n\u00eb Festivalin e Poezis\u00eb &quot;Pranvera Poetike Durrsake&quot;, ku poeti\" \/>\n<meta property=\"og:url\" content=\"https:\/\/www.visit-ulcinj.com\/blog\/2014\/05\/19\/festivali-poezise-pranvera-poetike-durrsake-merre-pjese-art-club-nga-ulqini\/\" \/>\n<meta property=\"og:site_name\" content=\"Lajme nga Ulqini\" \/>\n<meta property=\"article:published_time\" content=\"2014-05-19T12:06:02+00:00\" \/>\n<meta property=\"article:modified_time\" content=\"2014-05-19T12:35:28+00:00\" \/>\n<meta property=\"og:image\" content=\"https:\/\/www.visit-ulcinj.com\/blog\/wp-content\/uploads\/2014\/05\/Festivali-i-Poezise-Durres-2014-Hajredini-duke-marre-Cmimin-2-150x150.jpg\" \/>\n<meta name=\"twitter:label1\" content=\"Written by\" \/>\n\t<meta name=\"twitter:data1\" content=\"ulqini\" \/>\n<script type=\"application\/ld+json\" class=\"yoast-schema-graph\">{\"@context\":\"https:\/\/schema.org\",\"@graph\":[{\"@type\":\"WebSite\",\"@id\":\"https:\/\/www.visit-ulcinj.com\/blog\/#website\",\"url\":\"https:\/\/www.visit-ulcinj.com\/blog\/\",\"name\":\"Lajme nga Ulqini\",\"description\":\"Lajme,Vijesti,Ulqini,Ulqin,Crna Gora,Mali i Zi\",\"potentialAction\":[{\"@type\":\"SearchAction\",\"target\":{\"@type\":\"EntryPoint\",\"urlTemplate\":\"https:\/\/www.visit-ulcinj.com\/blog\/?s={search_term_string}\"},\"query-input\":\"required name=search_term_string\"}],\"inLanguage\":\"en-US\"},{\"@type\":\"ImageObject\",\"inLanguage\":\"en-US\",\"@id\":\"https:\/\/www.visit-ulcinj.com\/blog\/2014\/05\/19\/festivali-poezise-pranvera-poetike-durrsake-merre-pjese-art-club-nga-ulqini\/#primaryimage\",\"url\":\"https:\/\/www.visit-ulcinj.com\/blog\/wp-content\/uploads\/2014\/05\/Festivali-i-Poezise-Durres-2014.jpg\",\"contentUrl\":\"https:\/\/www.visit-ulcinj.com\/blog\/wp-content\/uploads\/2014\/05\/Festivali-i-Poezise-Durres-2014.jpg\",\"width\":999,\"height\":749},{\"@type\":\"WebPage\",\"@id\":\"https:\/\/www.visit-ulcinj.com\/blog\/2014\/05\/19\/festivali-poezise-pranvera-poetike-durrsake-merre-pjese-art-club-nga-ulqini\/#webpage\",\"url\":\"https:\/\/www.visit-ulcinj.com\/blog\/2014\/05\/19\/festivali-poezise-pranvera-poetike-durrsake-merre-pjese-art-club-nga-ulqini\/\",\"name\":\"Festivali i poezis\u00eb \\\"Pranvera Poetike Durrsake\\\" merr\u00eb pjes\u00eb \\\"Art Club\\\" nga Ulqini - Lajme nga Ulqini\",\"isPartOf\":{\"@id\":\"https:\/\/www.visit-ulcinj.com\/blog\/#website\"},\"primaryImageOfPage\":{\"@id\":\"https:\/\/www.visit-ulcinj.com\/blog\/2014\/05\/19\/festivali-poezise-pranvera-poetike-durrsake-merre-pjese-art-club-nga-ulqini\/#primaryimage\"},\"datePublished\":\"2014-05-19T12:06:02+00:00\",\"dateModified\":\"2014-05-19T12:35:28+00:00\",\"author\":{\"@id\":\"https:\/\/www.visit-ulcinj.com\/blog\/#\/schema\/person\/dcab619c614d3038751c63bc2aadc06d\"},\"description\":\"Shoqata e Artist\u00ebve dhe Intelektual\u00ebve \\\"Art Club\\\" ka marr\u00eb pjes\u00eb t\u00eb shtun\u00ebn, m\u00eb 17 maj 2014, n\u00eb Festivalin e Poezis\u00eb \\\"Pranvera Poetike Durrsake\\\", ku poeti\",\"breadcrumb\":{\"@id\":\"https:\/\/www.visit-ulcinj.com\/blog\/2014\/05\/19\/festivali-poezise-pranvera-poetike-durrsake-merre-pjese-art-club-nga-ulqini\/#breadcrumb\"},\"inLanguage\":\"en-US\",\"potentialAction\":[{\"@type\":\"ReadAction\",\"target\":[\"https:\/\/www.visit-ulcinj.com\/blog\/2014\/05\/19\/festivali-poezise-pranvera-poetike-durrsake-merre-pjese-art-club-nga-ulqini\/\"]}]},{\"@type\":\"BreadcrumbList\",\"@id\":\"https:\/\/www.visit-ulcinj.com\/blog\/2014\/05\/19\/festivali-poezise-pranvera-poetike-durrsake-merre-pjese-art-club-nga-ulqini\/#breadcrumb\",\"itemListElement\":[{\"@type\":\"ListItem\",\"position\":1,\"name\":\"Festivali i poezis\u00eb &#8220;Pranvera Poetike Durrsake&#8221; merr\u00eb pjes\u00eb &#8220;Art Club&#8221; nga Ulqini\"}]},{\"@type\":\"Person\",\"@id\":\"https:\/\/www.visit-ulcinj.com\/blog\/#\/schema\/person\/dcab619c614d3038751c63bc2aadc06d\",\"name\":\"ulqini\",\"sameAs\":[\"http:\/\/www.visit-ulcinj.com\"],\"url\":\"https:\/\/www.visit-ulcinj.com\/blog\/author\/admin\/\"}]}<\/script>\n<!-- \/ Yoast SEO plugin. -->","yoast_head_json":{"title":"Festivali i poezis\u00eb \"Pranvera Poetike Durrsake\" merr\u00eb pjes\u00eb \"Art Club\" nga Ulqini - Lajme nga Ulqini","description":"Shoqata e Artist\u00ebve dhe Intelektual\u00ebve \"Art Club\" ka marr\u00eb pjes\u00eb t\u00eb shtun\u00ebn, m\u00eb 17 maj 2014, n\u00eb Festivalin e Poezis\u00eb \"Pranvera Poetike Durrsake\", ku poeti","robots":{"index":"index","follow":"follow","max-snippet":"max-snippet:-1","max-image-preview":"max-image-preview:large","max-video-preview":"max-video-preview:-1"},"canonical":"https:\/\/www.visit-ulcinj.com\/blog\/2014\/05\/19\/festivali-poezise-pranvera-poetike-durrsake-merre-pjese-art-club-nga-ulqini\/","og_locale":"en_US","og_type":"article","og_title":"Festivali i poezis\u00eb \"Pranvera Poetike Durrsake\" merr\u00eb pjes\u00eb \"Art Club\" nga Ulqini - Lajme nga Ulqini","og_description":"Shoqata e Artist\u00ebve dhe Intelektual\u00ebve \"Art Club\" ka marr\u00eb pjes\u00eb t\u00eb shtun\u00ebn, m\u00eb 17 maj 2014, n\u00eb Festivalin e Poezis\u00eb \"Pranvera Poetike Durrsake\", ku poeti","og_url":"https:\/\/www.visit-ulcinj.com\/blog\/2014\/05\/19\/festivali-poezise-pranvera-poetike-durrsake-merre-pjese-art-club-nga-ulqini\/","og_site_name":"Lajme nga Ulqini","article_published_time":"2014-05-19T12:06:02+00:00","article_modified_time":"2014-05-19T12:35:28+00:00","og_image":[{"url":"https:\/\/www.visit-ulcinj.com\/blog\/wp-content\/uploads\/2014\/05\/Festivali-i-Poezise-Durres-2014-Hajredini-duke-marre-Cmimin-2-150x150.jpg"}],"twitter_misc":{"Written by":"ulqini"},"schema":{"@context":"https:\/\/schema.org","@graph":[{"@type":"WebSite","@id":"https:\/\/www.visit-ulcinj.com\/blog\/#website","url":"https:\/\/www.visit-ulcinj.com\/blog\/","name":"Lajme nga Ulqini","description":"Lajme,Vijesti,Ulqini,Ulqin,Crna Gora,Mali i Zi","potentialAction":[{"@type":"SearchAction","target":{"@type":"EntryPoint","urlTemplate":"https:\/\/www.visit-ulcinj.com\/blog\/?s={search_term_string}"},"query-input":"required name=search_term_string"}],"inLanguage":"en-US"},{"@type":"ImageObject","inLanguage":"en-US","@id":"https:\/\/www.visit-ulcinj.com\/blog\/2014\/05\/19\/festivali-poezise-pranvera-poetike-durrsake-merre-pjese-art-club-nga-ulqini\/#primaryimage","url":"https:\/\/www.visit-ulcinj.com\/blog\/wp-content\/uploads\/2014\/05\/Festivali-i-Poezise-Durres-2014.jpg","contentUrl":"https:\/\/www.visit-ulcinj.com\/blog\/wp-content\/uploads\/2014\/05\/Festivali-i-Poezise-Durres-2014.jpg","width":999,"height":749},{"@type":"WebPage","@id":"https:\/\/www.visit-ulcinj.com\/blog\/2014\/05\/19\/festivali-poezise-pranvera-poetike-durrsake-merre-pjese-art-club-nga-ulqini\/#webpage","url":"https:\/\/www.visit-ulcinj.com\/blog\/2014\/05\/19\/festivali-poezise-pranvera-poetike-durrsake-merre-pjese-art-club-nga-ulqini\/","name":"Festivali i poezis\u00eb \"Pranvera Poetike Durrsake\" merr\u00eb pjes\u00eb \"Art Club\" nga Ulqini - Lajme nga Ulqini","isPartOf":{"@id":"https:\/\/www.visit-ulcinj.com\/blog\/#website"},"primaryImageOfPage":{"@id":"https:\/\/www.visit-ulcinj.com\/blog\/2014\/05\/19\/festivali-poezise-pranvera-poetike-durrsake-merre-pjese-art-club-nga-ulqini\/#primaryimage"},"datePublished":"2014-05-19T12:06:02+00:00","dateModified":"2014-05-19T12:35:28+00:00","author":{"@id":"https:\/\/www.visit-ulcinj.com\/blog\/#\/schema\/person\/dcab619c614d3038751c63bc2aadc06d"},"description":"Shoqata e Artist\u00ebve dhe Intelektual\u00ebve \"Art Club\" ka marr\u00eb pjes\u00eb t\u00eb shtun\u00ebn, m\u00eb 17 maj 2014, n\u00eb Festivalin e Poezis\u00eb \"Pranvera Poetike Durrsake\", ku poeti","breadcrumb":{"@id":"https:\/\/www.visit-ulcinj.com\/blog\/2014\/05\/19\/festivali-poezise-pranvera-poetike-durrsake-merre-pjese-art-club-nga-ulqini\/#breadcrumb"},"inLanguage":"en-US","potentialAction":[{"@type":"ReadAction","target":["https:\/\/www.visit-ulcinj.com\/blog\/2014\/05\/19\/festivali-poezise-pranvera-poetike-durrsake-merre-pjese-art-club-nga-ulqini\/"]}]},{"@type":"BreadcrumbList","@id":"https:\/\/www.visit-ulcinj.com\/blog\/2014\/05\/19\/festivali-poezise-pranvera-poetike-durrsake-merre-pjese-art-club-nga-ulqini\/#breadcrumb","itemListElement":[{"@type":"ListItem","position":1,"name":"Festivali i poezis\u00eb &#8220;Pranvera Poetike Durrsake&#8221; merr\u00eb pjes\u00eb &#8220;Art Club&#8221; nga Ulqini"}]},{"@type":"Person","@id":"https:\/\/www.visit-ulcinj.com\/blog\/#\/schema\/person\/dcab619c614d3038751c63bc2aadc06d","name":"ulqini","sameAs":["http:\/\/www.visit-ulcinj.com"],"url":"https:\/\/www.visit-ulcinj.com\/blog\/author\/admin\/"}]}},"jetpack_featured_media_url":"","jetpack_sharing_enabled":true,"jetpack_shortlink":"https:\/\/wp.me\/pe6lTn-lpb","_links":{"self":[{"href":"https:\/\/www.visit-ulcinj.com\/blog\/wp-json\/wp\/v2\/posts\/82285"}],"collection":[{"href":"https:\/\/www.visit-ulcinj.com\/blog\/wp-json\/wp\/v2\/posts"}],"about":[{"href":"https:\/\/www.visit-ulcinj.com\/blog\/wp-json\/wp\/v2\/types\/post"}],"author":[{"embeddable":true,"href":"https:\/\/www.visit-ulcinj.com\/blog\/wp-json\/wp\/v2\/users\/1"}],"replies":[{"embeddable":true,"href":"https:\/\/www.visit-ulcinj.com\/blog\/wp-json\/wp\/v2\/comments?post=82285"}],"version-history":[{"count":1,"href":"https:\/\/www.visit-ulcinj.com\/blog\/wp-json\/wp\/v2\/posts\/82285\/revisions"}],"predecessor-version":[{"id":82290,"href":"https:\/\/www.visit-ulcinj.com\/blog\/wp-json\/wp\/v2\/posts\/82285\/revisions\/82290"}],"wp:attachment":[{"href":"https:\/\/www.visit-ulcinj.com\/blog\/wp-json\/wp\/v2\/media?parent=82285"}],"wp:term":[{"taxonomy":"category","embeddable":true,"href":"https:\/\/www.visit-ulcinj.com\/blog\/wp-json\/wp\/v2\/categories?post=82285"},{"taxonomy":"post_tag","embeddable":true,"href":"https:\/\/www.visit-ulcinj.com\/blog\/wp-json\/wp\/v2\/tags?post=82285"}],"curies":[{"name":"wp","href":"https:\/\/api.w.org\/{rel}","templated":true}]}}