{"id":82306,"date":"2014-05-19T16:49:23","date_gmt":"2014-05-19T15:49:23","guid":{"rendered":"http:\/\/www.visit-ulcinj.com\/blog\/?p=82306"},"modified":"2014-05-19T16:50:21","modified_gmt":"2014-05-19T15:50:21","slug":"adrovic-don-kihot-nasao-dulsineju-u-ulcinju","status":"publish","type":"post","link":"https:\/\/www.visit-ulcinj.com\/blog\/2014\/05\/19\/adrovic-don-kihot-nasao-dulsineju-u-ulcinju\/","title":{"rendered":"Adrovic: Don Kihot na\u0161ao Dulsineju u Ulcinju"},"content":{"rendered":"<p><strong><a href=\"http:\/\/www.visit-ulcinj.com\/blog\/wp-content\/uploads\/2014\/05\/Dulsineja-u-Ulcinju.jpg\"><img loading=\"lazy\" class=\"alignleft  wp-image-82308\" alt=\"Dulsineja u Ulcinju\" src=\"http:\/\/www.visit-ulcinj.com\/blog\/wp-content\/uploads\/2014\/05\/Dulsineja-u-Ulcinju.jpg\" width=\"508\" height=\"380\" \/><\/a>Servantes je bio polurob &#8211; danju je \u0161etao po gradu dozvoljenim stazama, izazivao pa\u017enju djevojaka pjevaju\u0107i \u0161panske serenade<\/strong><\/p>\n<div id=\"article_text\">\n<p>Kada kroz sjevernu kapiju kro\u010dite na plato ulcinjskog Starog grada, prvo \u0161to \u0107ete vidjeti je crkva- d\u017eamija, jedinstveni kulturno- istorijski spomenik i iza visoku Kulu Bal\u0161i\u0107a u kojoj je do smrti 1676. godine \u017eivio Sabataj Cevi, odnosno Mehmed Efendija. Na prvom koraku i posve \u0161turom saznanju, ipak shvatate da ste u nevjerovatnom predvorju istorijske riznice. Onda \u0107e vas zaintersovati mali trg ogra\u0111en kazamatima, odnosno voltovima koji se nalaze neposredno preko puta crkve-d\u017eamije i kule. Sazna\u0107ete da je ime trga Pazari i gjytetin ili Trg robova \u0161to istortijskoj dimenziji drevnih zidina starih vi\u0161e od dva i po milenijuma, daje dozu neodoljive mistike, koja privla\u010di kao magnet. Ako pak pitate nekog mje\u0161tanina, u prolazu \u0107e vam re\u0107i da se nalazite na Servantesovom trgu. Zbunjeni, shvatate da povr\u0161nim informacijama ne\u0107ete zadovoljiti razigranu ma\u0161tu zaintrigiranu saznanjem da jedan trg u jednom Starog gradu u jednoj zemlji na obali jednog mora nosi ime slavnog \u0161panskog pisca Migela de Servantesa, daleko od njegovog zavi\u010daja.<\/p>\n<p>Tu po\u010dinje pri\u010da o tome kako je Servantes u svom monumentalnom djelu opjevao ljepotu Dulsineje, prema svemu sude\u0107i, ulcinjske ljepotice iz Starog grada u koju se zaljubio dok je pet godina robovao unutar zidina. Romansa jednorukog visokog \u0160panca i lijepe Starogra\u0111anke, pobijedila je, ka\u017ee jedno predanje, sve tada\u0161nje predrasude i kao neizmjerljiva ljubav na\u0161la svoje mjesto u Servantesovom Don Kihotu, poslije Biblije, najprevo\u0111enijeg \u0161tiva na planeti koje je napisao nakon ropstva.<\/p>\n<p>Iako sam Servantes tokom \u017eivota nikad nije kazao da je bio u Ulcinju i iako nema jasnih dokaza o tome, brojni hroni\u010dari saglasni su da postoje realne pretpostavke koje robovanje pisca u Starom gradu smje\u0161taju u realan istorijski kontekst.<\/p>\n<p>\u201e\u0160to bi glavnom \u017eenskom liku i gospodarici Don Kihota dao ime Dulsineja pored toliko drugih imena ako nije bio ovdje\u201c, ka\u017ee Ismet Karamanaga, revnosni hroni\u010dar i jedan od prvih koji se po\u010deo baviti Servantesovim ropstvom, aludiraju\u0107i na \u010dinjenicu da je Ulcinj u to vrijeme nosio ime \u010cita di Dol\u010digno i Dulcinjo.<\/p>\n<p>Postoje dvije verzije, odnosno hipoteze koje Servantesa ve\u017eu za Ulcinj a Karamanaga ka\u017ee da se ne smije zanemariti nijedna.<\/p>\n<p>\u201eMnogi biografi danas su sve manje u dilemi o robovanju Servantesa izme\u0111u Al\u017eira i Ulcinja\u201c, tvrdi on.<\/p>\n<p>Novinar i publicista Mustafa Canka, koji se tako\u0111e bavi tom tematikom, ka\u017ee da je znano da su Servantesa, 1575. godine, po povratku sa Korzike, gdje je bio na lije\u010denju zbog lijeve ruke koju je izgubio \u010detiri godine ranije u bici kod Lepanta, zarobili gusari pod komandom \u010duvenog zapovjednika Arnauta Mamija.<\/p>\n<p>\u201cU Ulcinju tvrde da je iz samog njegovog imena jasno da se radi o etni\u010dkom Albancu, koji ga je dopremio u Ulcinj\u201d, ka\u017ee Canka.<\/p>\n<p>Tri ulcinjska leuta, odnosno brza gusarska \u010damca, napali su \u0161pansku fregatu u Sredozemnom moru, kod Sicilije. U krvavom obra\u010dunu, gusari su, pri\u010da Canka, savladali ratoborne \u0160pance i brod sa zarobljenicima dovezli u svoju luku. Me\u0111u zarobljenicima je i tada 24-godi\u0161nji, jednoruki Servantes.<\/p>\n<p>Kako je kod njega prona\u0111ena neka va\u017ena pisana poruka za \u0161panskog kralja, procijenjeno je da je to veoma vrijedan rob i da se za njega mo\u017ee dobiti mnogo novaca.<\/p>\n<p>\u201cU osmanskom Ulcinju je preko 200 godina postojao Trg robova, na koji su dovo\u0111eni robovi iz neprijateljskih zemalja kako bi bili preprodavani. Familijama ili njihovim op\u0161tinama bi se javilo da se oni tu nalaze, a kada bi porodica, ro\u0111aci ili neko drugi odlu\u010dio da ih otkupi, ta bi se trgovina obavila na neutralnom terenu, obi\u010dno u Dubrovniku\u201c, pri\u010da Canka. Dodaje da se cijena kretala od 30 do 100, u izuzetnim slu\u010dajevima 200 zlatnika po robu. \u201eAli, za Servantesa je zatra\u017eeno \u010ditavih 500 zlatnih talira. Toliko svotu niko u \u0160paniji nije htio da izdvoji, tako da je on u Ulcinju ostao punih pet godina. Bio je polurob &#8211; danju je \u0161etao po utvr\u0111enom gradu i dozvoljenim stazama, izazivao pa\u017enju djevojaka pjevaju\u0107i divne \u0161panske serenade, naj\u010de\u0161\u0107e je pisao i o\u010dekivao otkup\u201c, ka\u017ee Canka. U me\u0111uvremenu, njegov otac je morao da proda imanje i tako oslobodi sina.<\/p>\n<p>\u201eSa njim je oti\u0161la i Ulcinjanka koja se u me\u0111uvremenu zaljubila u slavnog pisca. Ona mu je kasnije poslu\u017eila kao inspiracija za \u010duveni roman\u201d, ka\u017ee Karamanaga. A to je, dodaje, znamenita Dulsineja, odnosno Ulcinjanka, jer joj ime, kako ka\u017ee, dolazi od rije\u010di Dulcinjo Dulcigno, Dolcigno, kako se Ulcinj nazivao na romanskim jezicima.<\/p>\n<p>Canka podsje\u0107a da ono \u0161to je istorijski dokazano jeste da se prije nego \u0161to je oslobo\u0111en i krenuo za \u0160paniju, u septembru 1580. godine, Servantes morao braniti od optu\u017ebi da je sara\u0111ivao sa berberskim, odnosno al\u017eirskim i libijskim gusarima, kojima je, ina\u010de, Ulcinj bio sigurna baza.<\/p>\n<p>\u201cMo\u017eda je sa njima do\u0161ao do Ulcinja ili je pak od njih i drugih zarobljenika slu\u0161ao interesantne pri\u010de o Dulcinju, gradu na suprotnoj obali Sredozemlja\u201d, pretpostavlja Canka. Druga hipoteza ka\u017ee da je Servantes bio zarobljen u \u010duvenoj bici kod Lepanta 1571. godine izme\u0111u zapadnih sila i otomanske imperije, gdje je i izgubio ruku.<\/p>\n<p>\u201eVeliki turski admiral Alija Ulu\u010d, koji se proslavio pobjedom nad gr\u010dkim gusarom Haralmpom, vidjev\u0161i da gubi bitku kod Lepanta, vje\u0161tim manevrom je izvukao \u010detrdeset brodova. U toj akciji, me\u0111u zarobljenicima, na\u0161ao se i Servantes\u201c, pri\u010da Karamanaga. Ulu\u010d je Servantesa kao roba doveo u ulcinjski Stari grad gdje je ostao sve do 1575. godine kada je Rodrigo papreno platio bratovljevu slobodu.<\/p>\n<p>Karamanaga tvrdi da je u narodnom predanju u Ulcinju Servantes poznat kao &#8211; Servet.<\/p>\n<p>\u201cNarodno predanje pominje izvjesnog Serveta, \u010dija se sudbina, ali i osnova imena, poklapa sa Servantesovim\u201c, ka\u017ee Karamanaga. Dodaje da se pona\u0161anje Servantesa pratilo sa posebnom pa\u017enjom.<\/p>\n<p>\u201eOvaj bi rob do kasno u no\u0107 ostajao budan u svojoj \u0107eliji, stalno ne\u0161to razmi\u0161ljao i zapisivao. Danju je, interesantno, uvijek pjevao, pa su djevojke \u010desto izlazile na prozore da ga slu\u0161aju. Jednoj djevojci, ka\u017ee predanje, to nije bilo dovoljno, pa je svaki put kada bi rob Servet po\u0161ao u \u0161etnju dozvoljenim stazama, i\u0161la za njim. I tako se, vremenom, rodila ljubav izme\u0111u mje\u0161tanke i nepoznatog roba\u201c, pri\u010da Karamanaga o onom \u0161ta je zajedni\u010dko dvijema verzijama Servantesovog ropstva u Ulcinju.<\/p>\n<p>Postoji i verzija po kojoj je vlasnik Miguela odveo u Al\u017eir, odnosno u Berberiju, sa kojim su Ulcinjani imali bliske veze.<\/p>\n<p>\u201eKupio ga je jedan od najsvirepijih tamo\u0161njih glavara, izvjesni Hasan-aga. Odatle je Servantes uspio da se izvu\u010de zahvaljuju\u0107i \u0161panskim fratrima koji su otkupljivali zemljake zarobljene po Mediteranu. Za Miguela su morali da izbroje 500 zlatnih talira i tako je on poslije pet godina te\u0161kog robovanja, stupio na \u0161pansku zemlju\u201c, pri\u010da Canka.<\/p>\n<p>Tek nakon toga, uslijedi\u0107e \u201cDon Kihot\u201d i pri\u010da o Dul\u010dineji, odnosno Ulcinjanki. uzvi\u0161enoj gospodarici Don Kihota&#8230;<\/p>\n<p><strong>Kako od Ulcinja napraviti Servantesov grad<\/strong><\/p>\n<p>Predstava \u201eServantes i Dul\u010dinea\u201c, u re\u017eiji Muniba Abazija premijerno je izvedena u petak ve\u010de na sceni ulcinjskog Centra za kulturu. Uloge Servantesa i Dul\u010dineje maestralno su odigrali Muho Ulu\u010di i Flutur Mustafa.<\/p>\n<p>\u201cFascinantna je pri\u010da o njegovom zarobljavanju i boravku u Ulcinju, te o njegovoj ljubavi sa lijepom Dol\u010dinejom, odnosno Ulcinjankom. U ovom slu\u010daju, sasvim je neva\u017eno da li je ta pri\u010da mit ili istina. \u010cinjenica je samo da je to prekrasna ljubavna pri\u010da po kojoj se na\u0161 grad prepoznaje u svijetu\u201c, kazao je Abazi.<\/p>\n<p>Predstava je po\u010detak projekta koji za cilj ima da Ulcinj ponese naziv Servantesov grad.<\/p>\n<p>\u201ePriprema se &#8216;Jelo Servantesa&#8217;, pokrenuta je inicijativa da sve \u010da\u0161e u restoranima u Starom gradu imaju njegov lik, kao i da se u kazamatu gdje je, kako vjeruju, bio zato\u010den, postavi njegova statua. Kao plima me\u0111u Ulcinjanima narasta svijest da bi, u marketin\u0161kom smislu, trebalo iskoristiti mnogo puta ispri\u010dane veze izme\u0111u Ulcinja i Servantesa\u201d, kazao je Canka.<\/p>\n<p><strong>Samir Adrovi\u0107<\/strong><br \/>\n<strong>Izvor: Vijesti Onlione<\/strong><\/p>\n<\/div>\n","protected":false},"excerpt":{"rendered":"<p>Servantes je bio polurob &#8211; danju je \u0161etao po gradu dozvoljenim stazama, izazivao pa\u017enju djevojaka pjevaju\u0107i \u0161panske serenade Kada kroz sjevernu kapiju kro\u010dite na plato ulcinjskog Starog grada, prvo \u0161to \u0107ete vidjeti je crkva- d\u017eamija, jedinstveni kulturno- istorijski spomenik i iza visoku Kulu Bal\u0161i\u0107a u kojoj je do smrti 1676. godine \u017eivio Sabataj Cevi, odnosno [&hellip;]<\/p>\n","protected":false},"author":1,"featured_media":0,"comment_status":"closed","ping_status":"closed","sticky":false,"template":"","format":"standard","meta":{"spay_email":"","jetpack_publicize_message":"","jetpack_is_tweetstorm":false,"jetpack_publicize_feature_enabled":true},"categories":[6950],"tags":[],"jetpack_publicize_connections":[],"yoast_head":"<!-- This site is optimized with the Yoast SEO plugin v19.1 - https:\/\/yoast.com\/wordpress\/plugins\/seo\/ -->\n<title>Adrovic: Don Kihot na\u0161ao Dulsineju u Ulcinju - Lajme nga Ulqini<\/title>\n<meta name=\"description\" content=\"Servantes je bio polurob - danju je \u0161etao po gradu dozvoljenim stazama, izazivao pa\u017enju djevojaka pjevaju\u0107i \u0161panske serenade Kada kroz sjevernu kapiju\" \/>\n<meta name=\"robots\" content=\"index, follow, max-snippet:-1, max-image-preview:large, max-video-preview:-1\" \/>\n<link rel=\"canonical\" href=\"https:\/\/www.visit-ulcinj.com\/blog\/2014\/05\/19\/adrovic-don-kihot-nasao-dulsineju-u-ulcinju\/\" \/>\n<meta property=\"og:locale\" content=\"en_US\" \/>\n<meta property=\"og:type\" content=\"article\" \/>\n<meta property=\"og:title\" content=\"Adrovic: Don Kihot na\u0161ao Dulsineju u Ulcinju - Lajme nga Ulqini\" \/>\n<meta property=\"og:description\" content=\"Servantes je bio polurob - danju je \u0161etao po gradu dozvoljenim stazama, izazivao pa\u017enju djevojaka pjevaju\u0107i \u0161panske serenade Kada kroz sjevernu kapiju\" \/>\n<meta property=\"og:url\" content=\"https:\/\/www.visit-ulcinj.com\/blog\/2014\/05\/19\/adrovic-don-kihot-nasao-dulsineju-u-ulcinju\/\" \/>\n<meta property=\"og:site_name\" content=\"Lajme nga Ulqini\" \/>\n<meta property=\"article:published_time\" content=\"2014-05-19T15:49:23+00:00\" \/>\n<meta property=\"article:modified_time\" content=\"2014-05-19T15:50:21+00:00\" \/>\n<meta property=\"og:image\" content=\"http:\/\/www.visit-ulcinj.com\/blog\/wp-content\/uploads\/2014\/05\/Dulsineja-u-Ulcinju.jpg\" \/>\n<meta name=\"twitter:label1\" content=\"Written by\" \/>\n\t<meta name=\"twitter:data1\" content=\"ulqini\" \/>\n\t<meta name=\"twitter:label2\" content=\"Est. reading time\" \/>\n\t<meta name=\"twitter:data2\" content=\"7 minutes\" \/>\n<script type=\"application\/ld+json\" class=\"yoast-schema-graph\">{\"@context\":\"https:\/\/schema.org\",\"@graph\":[{\"@type\":\"WebSite\",\"@id\":\"https:\/\/www.visit-ulcinj.com\/blog\/#website\",\"url\":\"https:\/\/www.visit-ulcinj.com\/blog\/\",\"name\":\"Lajme nga Ulqini\",\"description\":\"Lajme,Vijesti,Ulqini,Ulqin,Crna Gora,Mali i Zi\",\"potentialAction\":[{\"@type\":\"SearchAction\",\"target\":{\"@type\":\"EntryPoint\",\"urlTemplate\":\"https:\/\/www.visit-ulcinj.com\/blog\/?s={search_term_string}\"},\"query-input\":\"required name=search_term_string\"}],\"inLanguage\":\"en-US\"},{\"@type\":\"ImageObject\",\"inLanguage\":\"en-US\",\"@id\":\"https:\/\/www.visit-ulcinj.com\/blog\/2014\/05\/19\/adrovic-don-kihot-nasao-dulsineju-u-ulcinju\/#primaryimage\",\"url\":\"https:\/\/www.visit-ulcinj.com\/blog\/wp-content\/uploads\/2014\/05\/Dulsineja-u-Ulcinju.jpg\",\"contentUrl\":\"https:\/\/www.visit-ulcinj.com\/blog\/wp-content\/uploads\/2014\/05\/Dulsineja-u-Ulcinju.jpg\",\"width\":960,\"height\":960},{\"@type\":\"WebPage\",\"@id\":\"https:\/\/www.visit-ulcinj.com\/blog\/2014\/05\/19\/adrovic-don-kihot-nasao-dulsineju-u-ulcinju\/#webpage\",\"url\":\"https:\/\/www.visit-ulcinj.com\/blog\/2014\/05\/19\/adrovic-don-kihot-nasao-dulsineju-u-ulcinju\/\",\"name\":\"Adrovic: Don Kihot na\u0161ao Dulsineju u Ulcinju - Lajme nga Ulqini\",\"isPartOf\":{\"@id\":\"https:\/\/www.visit-ulcinj.com\/blog\/#website\"},\"primaryImageOfPage\":{\"@id\":\"https:\/\/www.visit-ulcinj.com\/blog\/2014\/05\/19\/adrovic-don-kihot-nasao-dulsineju-u-ulcinju\/#primaryimage\"},\"datePublished\":\"2014-05-19T15:49:23+00:00\",\"dateModified\":\"2014-05-19T15:50:21+00:00\",\"author\":{\"@id\":\"https:\/\/www.visit-ulcinj.com\/blog\/#\/schema\/person\/dcab619c614d3038751c63bc2aadc06d\"},\"description\":\"Servantes je bio polurob - danju je \u0161etao po gradu dozvoljenim stazama, izazivao pa\u017enju djevojaka pjevaju\u0107i \u0161panske serenade Kada kroz sjevernu kapiju\",\"breadcrumb\":{\"@id\":\"https:\/\/www.visit-ulcinj.com\/blog\/2014\/05\/19\/adrovic-don-kihot-nasao-dulsineju-u-ulcinju\/#breadcrumb\"},\"inLanguage\":\"en-US\",\"potentialAction\":[{\"@type\":\"ReadAction\",\"target\":[\"https:\/\/www.visit-ulcinj.com\/blog\/2014\/05\/19\/adrovic-don-kihot-nasao-dulsineju-u-ulcinju\/\"]}]},{\"@type\":\"BreadcrumbList\",\"@id\":\"https:\/\/www.visit-ulcinj.com\/blog\/2014\/05\/19\/adrovic-don-kihot-nasao-dulsineju-u-ulcinju\/#breadcrumb\",\"itemListElement\":[{\"@type\":\"ListItem\",\"position\":1,\"name\":\"Adrovic: Don Kihot na\u0161ao Dulsineju u Ulcinju\"}]},{\"@type\":\"Person\",\"@id\":\"https:\/\/www.visit-ulcinj.com\/blog\/#\/schema\/person\/dcab619c614d3038751c63bc2aadc06d\",\"name\":\"ulqini\",\"sameAs\":[\"http:\/\/www.visit-ulcinj.com\"],\"url\":\"https:\/\/www.visit-ulcinj.com\/blog\/author\/admin\/\"}]}<\/script>\n<!-- \/ Yoast SEO plugin. -->","yoast_head_json":{"title":"Adrovic: Don Kihot na\u0161ao Dulsineju u Ulcinju - Lajme nga Ulqini","description":"Servantes je bio polurob - danju je \u0161etao po gradu dozvoljenim stazama, izazivao pa\u017enju djevojaka pjevaju\u0107i \u0161panske serenade Kada kroz sjevernu kapiju","robots":{"index":"index","follow":"follow","max-snippet":"max-snippet:-1","max-image-preview":"max-image-preview:large","max-video-preview":"max-video-preview:-1"},"canonical":"https:\/\/www.visit-ulcinj.com\/blog\/2014\/05\/19\/adrovic-don-kihot-nasao-dulsineju-u-ulcinju\/","og_locale":"en_US","og_type":"article","og_title":"Adrovic: Don Kihot na\u0161ao Dulsineju u Ulcinju - Lajme nga Ulqini","og_description":"Servantes je bio polurob - danju je \u0161etao po gradu dozvoljenim stazama, izazivao pa\u017enju djevojaka pjevaju\u0107i \u0161panske serenade Kada kroz sjevernu kapiju","og_url":"https:\/\/www.visit-ulcinj.com\/blog\/2014\/05\/19\/adrovic-don-kihot-nasao-dulsineju-u-ulcinju\/","og_site_name":"Lajme nga Ulqini","article_published_time":"2014-05-19T15:49:23+00:00","article_modified_time":"2014-05-19T15:50:21+00:00","og_image":[{"url":"http:\/\/www.visit-ulcinj.com\/blog\/wp-content\/uploads\/2014\/05\/Dulsineja-u-Ulcinju.jpg"}],"twitter_misc":{"Written by":"ulqini","Est. reading time":"7 minutes"},"schema":{"@context":"https:\/\/schema.org","@graph":[{"@type":"WebSite","@id":"https:\/\/www.visit-ulcinj.com\/blog\/#website","url":"https:\/\/www.visit-ulcinj.com\/blog\/","name":"Lajme nga Ulqini","description":"Lajme,Vijesti,Ulqini,Ulqin,Crna Gora,Mali i Zi","potentialAction":[{"@type":"SearchAction","target":{"@type":"EntryPoint","urlTemplate":"https:\/\/www.visit-ulcinj.com\/blog\/?s={search_term_string}"},"query-input":"required name=search_term_string"}],"inLanguage":"en-US"},{"@type":"ImageObject","inLanguage":"en-US","@id":"https:\/\/www.visit-ulcinj.com\/blog\/2014\/05\/19\/adrovic-don-kihot-nasao-dulsineju-u-ulcinju\/#primaryimage","url":"https:\/\/www.visit-ulcinj.com\/blog\/wp-content\/uploads\/2014\/05\/Dulsineja-u-Ulcinju.jpg","contentUrl":"https:\/\/www.visit-ulcinj.com\/blog\/wp-content\/uploads\/2014\/05\/Dulsineja-u-Ulcinju.jpg","width":960,"height":960},{"@type":"WebPage","@id":"https:\/\/www.visit-ulcinj.com\/blog\/2014\/05\/19\/adrovic-don-kihot-nasao-dulsineju-u-ulcinju\/#webpage","url":"https:\/\/www.visit-ulcinj.com\/blog\/2014\/05\/19\/adrovic-don-kihot-nasao-dulsineju-u-ulcinju\/","name":"Adrovic: Don Kihot na\u0161ao Dulsineju u Ulcinju - Lajme nga Ulqini","isPartOf":{"@id":"https:\/\/www.visit-ulcinj.com\/blog\/#website"},"primaryImageOfPage":{"@id":"https:\/\/www.visit-ulcinj.com\/blog\/2014\/05\/19\/adrovic-don-kihot-nasao-dulsineju-u-ulcinju\/#primaryimage"},"datePublished":"2014-05-19T15:49:23+00:00","dateModified":"2014-05-19T15:50:21+00:00","author":{"@id":"https:\/\/www.visit-ulcinj.com\/blog\/#\/schema\/person\/dcab619c614d3038751c63bc2aadc06d"},"description":"Servantes je bio polurob - danju je \u0161etao po gradu dozvoljenim stazama, izazivao pa\u017enju djevojaka pjevaju\u0107i \u0161panske serenade Kada kroz sjevernu kapiju","breadcrumb":{"@id":"https:\/\/www.visit-ulcinj.com\/blog\/2014\/05\/19\/adrovic-don-kihot-nasao-dulsineju-u-ulcinju\/#breadcrumb"},"inLanguage":"en-US","potentialAction":[{"@type":"ReadAction","target":["https:\/\/www.visit-ulcinj.com\/blog\/2014\/05\/19\/adrovic-don-kihot-nasao-dulsineju-u-ulcinju\/"]}]},{"@type":"BreadcrumbList","@id":"https:\/\/www.visit-ulcinj.com\/blog\/2014\/05\/19\/adrovic-don-kihot-nasao-dulsineju-u-ulcinju\/#breadcrumb","itemListElement":[{"@type":"ListItem","position":1,"name":"Adrovic: Don Kihot na\u0161ao Dulsineju u Ulcinju"}]},{"@type":"Person","@id":"https:\/\/www.visit-ulcinj.com\/blog\/#\/schema\/person\/dcab619c614d3038751c63bc2aadc06d","name":"ulqini","sameAs":["http:\/\/www.visit-ulcinj.com"],"url":"https:\/\/www.visit-ulcinj.com\/blog\/author\/admin\/"}]}},"jetpack_featured_media_url":"","jetpack_sharing_enabled":true,"jetpack_shortlink":"https:\/\/wp.me\/pe6lTn-lpw","_links":{"self":[{"href":"https:\/\/www.visit-ulcinj.com\/blog\/wp-json\/wp\/v2\/posts\/82306"}],"collection":[{"href":"https:\/\/www.visit-ulcinj.com\/blog\/wp-json\/wp\/v2\/posts"}],"about":[{"href":"https:\/\/www.visit-ulcinj.com\/blog\/wp-json\/wp\/v2\/types\/post"}],"author":[{"embeddable":true,"href":"https:\/\/www.visit-ulcinj.com\/blog\/wp-json\/wp\/v2\/users\/1"}],"replies":[{"embeddable":true,"href":"https:\/\/www.visit-ulcinj.com\/blog\/wp-json\/wp\/v2\/comments?post=82306"}],"version-history":[{"count":2,"href":"https:\/\/www.visit-ulcinj.com\/blog\/wp-json\/wp\/v2\/posts\/82306\/revisions"}],"predecessor-version":[{"id":82310,"href":"https:\/\/www.visit-ulcinj.com\/blog\/wp-json\/wp\/v2\/posts\/82306\/revisions\/82310"}],"wp:attachment":[{"href":"https:\/\/www.visit-ulcinj.com\/blog\/wp-json\/wp\/v2\/media?parent=82306"}],"wp:term":[{"taxonomy":"category","embeddable":true,"href":"https:\/\/www.visit-ulcinj.com\/blog\/wp-json\/wp\/v2\/categories?post=82306"},{"taxonomy":"post_tag","embeddable":true,"href":"https:\/\/www.visit-ulcinj.com\/blog\/wp-json\/wp\/v2\/tags?post=82306"}],"curies":[{"name":"wp","href":"https:\/\/api.w.org\/{rel}","templated":true}]}}