{"id":82315,"date":"2014-05-19T18:11:38","date_gmt":"2014-05-19T17:11:38","guid":{"rendered":"http:\/\/www.visit-ulcinj.com\/blog\/?p=82315"},"modified":"2014-05-19T18:11:38","modified_gmt":"2014-05-19T17:11:38","slug":"karamanaga-skena-e-marteses-e-servetit-dulcinejen-risi-per-ulqin","status":"publish","type":"post","link":"https:\/\/www.visit-ulcinj.com\/blog\/2014\/05\/19\/karamanaga-skena-e-marteses-e-servetit-dulcinejen-risi-per-ulqin\/","title":{"rendered":"Karamanaga: Skena e martes\u00ebs e \u201cServetit \u201d me \u201cDul\u00e7inej\u00ebn\u201d risi p\u00ebr Ulqin"},"content":{"rendered":"<p><a href=\"http:\/\/www.visit-ulcinj.com\/blog\/wp-content\/uploads\/2014\/05\/Ismet-Karamanaga_Ulqin.jpg\"><img loading=\"lazy\" class=\"alignleft  wp-image-82316\" alt=\"Ismet-Karamanaga_Ulqin\" src=\"http:\/\/www.visit-ulcinj.com\/blog\/wp-content\/uploads\/2014\/05\/Ismet-Karamanaga_Ulqin.jpg\" width=\"508\" height=\"360\" \/><\/a>Leht\u00eb \u00ebsht\u00eb t\u00eb kritikosh. Pas shfaqie m\u00eb siguri ka vend edhe p\u00ebr kritika, pasi q\u00eb ne t\u00eb cil\u00ebt e kemi p\u00ebrcjell\u00eb nga ana e tjet\u00ebr, e kemi m\u00eb leht\u00eb. Thuhet se &#8220;pas beteje t\u00eb gjith\u00eb gjenerel\u00ebt jan\u00eb t\u00eb urt\u00eb&#8221; Posa\u00e7\u00ebrisht skena e martes\u00ebs e &#8220;Servetit &#8220;me &#8220;Dul\u00e7inej\u00ebn &#8220;, nj\u00eb vajz\u00eb nga Kalaja nj\u00eb begesh, m\u00eb nj\u00eb sklav &#8220;rob&#8221;. Natyrisht, dashuria nuk ka kufi, bile, edhe un\u00eb e kam shkruar n\u00eb librin tim &#8220;Kalaja, legjend\u00eb dhe art&#8221;, se pas lirimit Servantesi e ka marr\u00eb Dulsinenen m\u00eb vehte.<\/p>\n<p>Por m\u00eb e marr\u00eb, e m\u00eb ba das\u00ebn, nuk \u00ebsht\u00eb njisoj&#8230; Prandaj, p\u00ebr ato t\u00eb cil\u00ebt e njohin m\u00eb mir\u00eb jet\u00ebn e Servantesit, sidomos ato t\u00eb cil\u00ebt e p\u00ebrkrahin hipotez\u00ebn e qendrimit e tij n\u00eb Kalan\u00eb ton\u00eb, m\u00eb siguri gjithmon\u00eb kan\u00eb m\u00eb gjet\u00eb vend p\u00ebr kritik\u00eb &#8230;M\u00eb n\u00eb fund k\u00ebtu b\u00ebhet fjal\u00eb p\u00ebr Servantesin, dhe ai \u00ebsht\u00eb fundamenti i dram\u00ebs, dhe ai \u00ebsht\u00eb n\u00eb fokusin t\u00eb interesimit ton\u00eb. Mir\u00ebpo, un\u00eb dua t\u00eb them se shfaqa dhe roli i aktor\u00ebve m\u00eb ka l\u00ebn\u00eb p\u00ebrshtypje dhe mbresa t\u00eb kthella, duke ditur se b\u00ebhet fjal\u00eb p\u00ebr amator. T\u00eb gjith\u00eb aktor\u00ebt pa dallim kan\u00eb l\u00ebn\u00eb ke shikuesit p\u00ebrshtypje t\u00eb mira. M\u00eb n\u00eb fund, kjo dram\u00eb duhet t\u00eb jet\u00eb nj\u00eb nismje edhe p\u00ebr formimin e nj\u00eb grupit teatral profesionist n\u00eb qytetin ton\u00eb. Talenta kemi, vend dhe hapsir\u00eb duke filluar nga pjesa e Shkalas\u00eb &#8221; muzeut&#8221; dhe &#8220;Qendr\u00ebs p\u00ebr kultur\u00eb&#8221; n\u00eb sasi t\u00eb panum\u00ebrt. Prandaj, ngjarje t\u00eb tilla duhet t\u00eb stimulohen dhe t\u00eb p\u00ebrkrahen nga t\u00eb gjitha strukturat politiko shoq\u00ebrore.<\/p>\n<p>Qyteti jon\u00eb ka nevoj p\u00ebr teat\u00ebr, dhe p\u00ebr kultur\u00eb e nj\u00eb nivelim m\u00eb t\u00eb lart\u00eb. Munibi, si regjisor, pse jo. \u00cbsht\u00eb i talentuar, trashig\u00ebmi nga t\u00eb par\u00ebt e tij, t\u00eb cil\u00ebt kan\u00eb qen\u00eb amator, por un\u00eb them\u00eb &#8220;amator&#8221; shum\u00eb m\u00eb t\u00eb fort\u00eb se shum\u00eb nga &#8220;profesionost\u00ebt&#8221; m\u00eb shkalla t\u00eb larta. Nj\u00eb talent i pashterr\u00ebsh\u00ebm. Prandaj duhet t\u00eb p\u00ebrkrahet, ti ndihmohet dhe t\u00eb stimulohet. Si nj\u00ebri nga ato i cili pa nd\u00ebrprerje e p\u00ebrmend Servantesin, n\u00eb tekste t\u00eb ndrysh\u00ebm, n\u00eb mas medija n\u00eb vend dhe jasht\u00eb vendit, n\u00eb TV ekrane, posa\u00e7\u00ebrisht dhe duke shoq\u00ebruar shum\u00eb grupe turistash nga vendi dhe nga bota, them\u00eb se &#8220;Servantesi dhe Dul\u00e7ineja&#8221; \u00ebsht\u00eb nj\u00eb risi dhe nj\u00eb ngjarje shum\u00eb pozitive p\u00ebr qytetin ton\u00eb.<\/p>\n<p>Sot, pas ksaj shfaqie, m\u00eb duket se bindja ime se n\u00eb Kalan\u00eb ton\u00eb, ka mujtur m\u00eb qen\u00eb i sjellun si rob lufte 5 vite Miguel de Servantesi, \u00ebsht\u00eb b\u00ebr\u00eb edhe m\u00eb fort\u00eb. Fare n\u00eb fund dua t\u00eb them\u00eb, se kjo dram\u00eb nuk kishte mujtur m\u00eb u realizuar pa ndihm\u00ebn kolosale t\u00eb z. Mustaf\u00eb Cank\u00ebs, publicistit, gaxetarit , shkrimtarit dhe nj\u00eb nd\u00ebr njoh\u00ebsit m\u00eb t\u00eb mir\u00eb t\u00eb historis\u00eb t\u00eb qytetit ton\u00eb. Pa dyshim, z Mustaf\u00eb Canka ka qen\u00eb dhe \u00ebsht\u00eb n\u00ebn hijen e t\u00eb gjith\u00eb k\u00ebsaj ngarjeje.<\/p>\n<p><strong>Ismet Karamanaga Facebook<\/strong><\/p>\n","protected":false},"excerpt":{"rendered":"<p>Leht\u00eb \u00ebsht\u00eb t\u00eb kritikosh. Pas shfaqie m\u00eb siguri ka vend edhe p\u00ebr kritika, pasi q\u00eb ne t\u00eb cil\u00ebt e kemi p\u00ebrcjell\u00eb nga ana e tjet\u00ebr, e kemi m\u00eb leht\u00eb. Thuhet se &#8220;pas beteje t\u00eb gjith\u00eb gjenerel\u00ebt jan\u00eb t\u00eb urt\u00eb&#8221; Posa\u00e7\u00ebrisht skena e martes\u00ebs e &#8220;Servetit &#8220;me &#8220;Dul\u00e7inej\u00ebn &#8220;, nj\u00eb vajz\u00eb nga Kalaja nj\u00eb begesh, m\u00eb [&hellip;]<\/p>\n","protected":false},"author":1,"featured_media":0,"comment_status":"closed","ping_status":"closed","sticky":false,"template":"","format":"standard","meta":{"spay_email":"","jetpack_publicize_message":"","jetpack_is_tweetstorm":false,"jetpack_publicize_feature_enabled":true},"categories":[13],"tags":[],"jetpack_publicize_connections":[],"yoast_head":"<!-- This site is optimized with the Yoast SEO plugin v19.1 - https:\/\/yoast.com\/wordpress\/plugins\/seo\/ -->\n<title>Karamanaga: Skena e martes\u00ebs e \u201cServetit \u201d me \u201cDul\u00e7inej\u00ebn\u201d risi p\u00ebr Ulqin - Lajme nga Ulqini<\/title>\n<meta name=\"description\" content=\"Leht\u00eb \u00ebsht\u00eb t\u00eb kritikosh. Pas shfaqie m\u00eb siguri ka vend edhe p\u00ebr kritika, pasi q\u00eb ne t\u00eb cil\u00ebt e kemi p\u00ebrcjell\u00eb nga ana e tjet\u00ebr, e kemi m\u00eb leht\u00eb. Thuhet\" \/>\n<meta name=\"robots\" content=\"index, follow, max-snippet:-1, max-image-preview:large, max-video-preview:-1\" \/>\n<link rel=\"canonical\" href=\"https:\/\/www.visit-ulcinj.com\/blog\/2014\/05\/19\/karamanaga-skena-e-marteses-e-servetit-dulcinejen-risi-per-ulqin\/\" \/>\n<meta property=\"og:locale\" content=\"en_US\" \/>\n<meta property=\"og:type\" content=\"article\" \/>\n<meta property=\"og:title\" content=\"Karamanaga: Skena e martes\u00ebs e \u201cServetit \u201d me \u201cDul\u00e7inej\u00ebn\u201d risi p\u00ebr Ulqin - Lajme nga Ulqini\" \/>\n<meta property=\"og:description\" content=\"Leht\u00eb \u00ebsht\u00eb t\u00eb kritikosh. Pas shfaqie m\u00eb siguri ka vend edhe p\u00ebr kritika, pasi q\u00eb ne t\u00eb cil\u00ebt e kemi p\u00ebrcjell\u00eb nga ana e tjet\u00ebr, e kemi m\u00eb leht\u00eb. Thuhet\" \/>\n<meta property=\"og:url\" content=\"https:\/\/www.visit-ulcinj.com\/blog\/2014\/05\/19\/karamanaga-skena-e-marteses-e-servetit-dulcinejen-risi-per-ulqin\/\" \/>\n<meta property=\"og:site_name\" content=\"Lajme nga Ulqini\" \/>\n<meta property=\"article:published_time\" content=\"2014-05-19T17:11:38+00:00\" \/>\n<meta property=\"og:image\" content=\"http:\/\/www.visit-ulcinj.com\/blog\/wp-content\/uploads\/2014\/05\/Ismet-Karamanaga_Ulqin.jpg\" \/>\n<meta name=\"twitter:label1\" content=\"Written by\" \/>\n\t<meta name=\"twitter:data1\" content=\"ulqini\" \/>\n\t<meta name=\"twitter:label2\" content=\"Est. reading time\" \/>\n\t<meta name=\"twitter:data2\" content=\"3 minutes\" \/>\n<script type=\"application\/ld+json\" class=\"yoast-schema-graph\">{\"@context\":\"https:\/\/schema.org\",\"@graph\":[{\"@type\":\"WebSite\",\"@id\":\"https:\/\/www.visit-ulcinj.com\/blog\/#website\",\"url\":\"https:\/\/www.visit-ulcinj.com\/blog\/\",\"name\":\"Lajme nga Ulqini\",\"description\":\"Lajme,Vijesti,Ulqini,Ulqin,Crna Gora,Mali i Zi\",\"potentialAction\":[{\"@type\":\"SearchAction\",\"target\":{\"@type\":\"EntryPoint\",\"urlTemplate\":\"https:\/\/www.visit-ulcinj.com\/blog\/?s={search_term_string}\"},\"query-input\":\"required name=search_term_string\"}],\"inLanguage\":\"en-US\"},{\"@type\":\"ImageObject\",\"inLanguage\":\"en-US\",\"@id\":\"https:\/\/www.visit-ulcinj.com\/blog\/2014\/05\/19\/karamanaga-skena-e-marteses-e-servetit-dulcinejen-risi-per-ulqin\/#primaryimage\",\"url\":\"https:\/\/www.visit-ulcinj.com\/blog\/wp-content\/uploads\/2014\/05\/Ismet-Karamanaga_Ulqin.jpg\",\"contentUrl\":\"https:\/\/www.visit-ulcinj.com\/blog\/wp-content\/uploads\/2014\/05\/Ismet-Karamanaga_Ulqin.jpg\",\"width\":720,\"height\":541},{\"@type\":\"WebPage\",\"@id\":\"https:\/\/www.visit-ulcinj.com\/blog\/2014\/05\/19\/karamanaga-skena-e-marteses-e-servetit-dulcinejen-risi-per-ulqin\/#webpage\",\"url\":\"https:\/\/www.visit-ulcinj.com\/blog\/2014\/05\/19\/karamanaga-skena-e-marteses-e-servetit-dulcinejen-risi-per-ulqin\/\",\"name\":\"Karamanaga: Skena e martes\u00ebs e \u201cServetit \u201d me \u201cDul\u00e7inej\u00ebn\u201d risi p\u00ebr Ulqin - Lajme nga Ulqini\",\"isPartOf\":{\"@id\":\"https:\/\/www.visit-ulcinj.com\/blog\/#website\"},\"primaryImageOfPage\":{\"@id\":\"https:\/\/www.visit-ulcinj.com\/blog\/2014\/05\/19\/karamanaga-skena-e-marteses-e-servetit-dulcinejen-risi-per-ulqin\/#primaryimage\"},\"datePublished\":\"2014-05-19T17:11:38+00:00\",\"dateModified\":\"2014-05-19T17:11:38+00:00\",\"author\":{\"@id\":\"https:\/\/www.visit-ulcinj.com\/blog\/#\/schema\/person\/dcab619c614d3038751c63bc2aadc06d\"},\"description\":\"Leht\u00eb \u00ebsht\u00eb t\u00eb kritikosh. Pas shfaqie m\u00eb siguri ka vend edhe p\u00ebr kritika, pasi q\u00eb ne t\u00eb cil\u00ebt e kemi p\u00ebrcjell\u00eb nga ana e tjet\u00ebr, e kemi m\u00eb leht\u00eb. Thuhet\",\"breadcrumb\":{\"@id\":\"https:\/\/www.visit-ulcinj.com\/blog\/2014\/05\/19\/karamanaga-skena-e-marteses-e-servetit-dulcinejen-risi-per-ulqin\/#breadcrumb\"},\"inLanguage\":\"en-US\",\"potentialAction\":[{\"@type\":\"ReadAction\",\"target\":[\"https:\/\/www.visit-ulcinj.com\/blog\/2014\/05\/19\/karamanaga-skena-e-marteses-e-servetit-dulcinejen-risi-per-ulqin\/\"]}]},{\"@type\":\"BreadcrumbList\",\"@id\":\"https:\/\/www.visit-ulcinj.com\/blog\/2014\/05\/19\/karamanaga-skena-e-marteses-e-servetit-dulcinejen-risi-per-ulqin\/#breadcrumb\",\"itemListElement\":[{\"@type\":\"ListItem\",\"position\":1,\"name\":\"Karamanaga: Skena e martes\u00ebs e \u201cServetit \u201d me \u201cDul\u00e7inej\u00ebn\u201d risi p\u00ebr Ulqin\"}]},{\"@type\":\"Person\",\"@id\":\"https:\/\/www.visit-ulcinj.com\/blog\/#\/schema\/person\/dcab619c614d3038751c63bc2aadc06d\",\"name\":\"ulqini\",\"sameAs\":[\"http:\/\/www.visit-ulcinj.com\"],\"url\":\"https:\/\/www.visit-ulcinj.com\/blog\/author\/admin\/\"}]}<\/script>\n<!-- \/ Yoast SEO plugin. -->","yoast_head_json":{"title":"Karamanaga: Skena e martes\u00ebs e \u201cServetit \u201d me \u201cDul\u00e7inej\u00ebn\u201d risi p\u00ebr Ulqin - Lajme nga Ulqini","description":"Leht\u00eb \u00ebsht\u00eb t\u00eb kritikosh. Pas shfaqie m\u00eb siguri ka vend edhe p\u00ebr kritika, pasi q\u00eb ne t\u00eb cil\u00ebt e kemi p\u00ebrcjell\u00eb nga ana e tjet\u00ebr, e kemi m\u00eb leht\u00eb. Thuhet","robots":{"index":"index","follow":"follow","max-snippet":"max-snippet:-1","max-image-preview":"max-image-preview:large","max-video-preview":"max-video-preview:-1"},"canonical":"https:\/\/www.visit-ulcinj.com\/blog\/2014\/05\/19\/karamanaga-skena-e-marteses-e-servetit-dulcinejen-risi-per-ulqin\/","og_locale":"en_US","og_type":"article","og_title":"Karamanaga: Skena e martes\u00ebs e \u201cServetit \u201d me \u201cDul\u00e7inej\u00ebn\u201d risi p\u00ebr Ulqin - Lajme nga Ulqini","og_description":"Leht\u00eb \u00ebsht\u00eb t\u00eb kritikosh. Pas shfaqie m\u00eb siguri ka vend edhe p\u00ebr kritika, pasi q\u00eb ne t\u00eb cil\u00ebt e kemi p\u00ebrcjell\u00eb nga ana e tjet\u00ebr, e kemi m\u00eb leht\u00eb. Thuhet","og_url":"https:\/\/www.visit-ulcinj.com\/blog\/2014\/05\/19\/karamanaga-skena-e-marteses-e-servetit-dulcinejen-risi-per-ulqin\/","og_site_name":"Lajme nga Ulqini","article_published_time":"2014-05-19T17:11:38+00:00","og_image":[{"url":"http:\/\/www.visit-ulcinj.com\/blog\/wp-content\/uploads\/2014\/05\/Ismet-Karamanaga_Ulqin.jpg"}],"twitter_misc":{"Written by":"ulqini","Est. reading time":"3 minutes"},"schema":{"@context":"https:\/\/schema.org","@graph":[{"@type":"WebSite","@id":"https:\/\/www.visit-ulcinj.com\/blog\/#website","url":"https:\/\/www.visit-ulcinj.com\/blog\/","name":"Lajme nga Ulqini","description":"Lajme,Vijesti,Ulqini,Ulqin,Crna Gora,Mali i Zi","potentialAction":[{"@type":"SearchAction","target":{"@type":"EntryPoint","urlTemplate":"https:\/\/www.visit-ulcinj.com\/blog\/?s={search_term_string}"},"query-input":"required name=search_term_string"}],"inLanguage":"en-US"},{"@type":"ImageObject","inLanguage":"en-US","@id":"https:\/\/www.visit-ulcinj.com\/blog\/2014\/05\/19\/karamanaga-skena-e-marteses-e-servetit-dulcinejen-risi-per-ulqin\/#primaryimage","url":"https:\/\/www.visit-ulcinj.com\/blog\/wp-content\/uploads\/2014\/05\/Ismet-Karamanaga_Ulqin.jpg","contentUrl":"https:\/\/www.visit-ulcinj.com\/blog\/wp-content\/uploads\/2014\/05\/Ismet-Karamanaga_Ulqin.jpg","width":720,"height":541},{"@type":"WebPage","@id":"https:\/\/www.visit-ulcinj.com\/blog\/2014\/05\/19\/karamanaga-skena-e-marteses-e-servetit-dulcinejen-risi-per-ulqin\/#webpage","url":"https:\/\/www.visit-ulcinj.com\/blog\/2014\/05\/19\/karamanaga-skena-e-marteses-e-servetit-dulcinejen-risi-per-ulqin\/","name":"Karamanaga: Skena e martes\u00ebs e \u201cServetit \u201d me \u201cDul\u00e7inej\u00ebn\u201d risi p\u00ebr Ulqin - Lajme nga Ulqini","isPartOf":{"@id":"https:\/\/www.visit-ulcinj.com\/blog\/#website"},"primaryImageOfPage":{"@id":"https:\/\/www.visit-ulcinj.com\/blog\/2014\/05\/19\/karamanaga-skena-e-marteses-e-servetit-dulcinejen-risi-per-ulqin\/#primaryimage"},"datePublished":"2014-05-19T17:11:38+00:00","dateModified":"2014-05-19T17:11:38+00:00","author":{"@id":"https:\/\/www.visit-ulcinj.com\/blog\/#\/schema\/person\/dcab619c614d3038751c63bc2aadc06d"},"description":"Leht\u00eb \u00ebsht\u00eb t\u00eb kritikosh. Pas shfaqie m\u00eb siguri ka vend edhe p\u00ebr kritika, pasi q\u00eb ne t\u00eb cil\u00ebt e kemi p\u00ebrcjell\u00eb nga ana e tjet\u00ebr, e kemi m\u00eb leht\u00eb. Thuhet","breadcrumb":{"@id":"https:\/\/www.visit-ulcinj.com\/blog\/2014\/05\/19\/karamanaga-skena-e-marteses-e-servetit-dulcinejen-risi-per-ulqin\/#breadcrumb"},"inLanguage":"en-US","potentialAction":[{"@type":"ReadAction","target":["https:\/\/www.visit-ulcinj.com\/blog\/2014\/05\/19\/karamanaga-skena-e-marteses-e-servetit-dulcinejen-risi-per-ulqin\/"]}]},{"@type":"BreadcrumbList","@id":"https:\/\/www.visit-ulcinj.com\/blog\/2014\/05\/19\/karamanaga-skena-e-marteses-e-servetit-dulcinejen-risi-per-ulqin\/#breadcrumb","itemListElement":[{"@type":"ListItem","position":1,"name":"Karamanaga: Skena e martes\u00ebs e \u201cServetit \u201d me \u201cDul\u00e7inej\u00ebn\u201d risi p\u00ebr Ulqin"}]},{"@type":"Person","@id":"https:\/\/www.visit-ulcinj.com\/blog\/#\/schema\/person\/dcab619c614d3038751c63bc2aadc06d","name":"ulqini","sameAs":["http:\/\/www.visit-ulcinj.com"],"url":"https:\/\/www.visit-ulcinj.com\/blog\/author\/admin\/"}]}},"jetpack_featured_media_url":"","jetpack_sharing_enabled":true,"jetpack_shortlink":"https:\/\/wp.me\/pe6lTn-lpF","_links":{"self":[{"href":"https:\/\/www.visit-ulcinj.com\/blog\/wp-json\/wp\/v2\/posts\/82315"}],"collection":[{"href":"https:\/\/www.visit-ulcinj.com\/blog\/wp-json\/wp\/v2\/posts"}],"about":[{"href":"https:\/\/www.visit-ulcinj.com\/blog\/wp-json\/wp\/v2\/types\/post"}],"author":[{"embeddable":true,"href":"https:\/\/www.visit-ulcinj.com\/blog\/wp-json\/wp\/v2\/users\/1"}],"replies":[{"embeddable":true,"href":"https:\/\/www.visit-ulcinj.com\/blog\/wp-json\/wp\/v2\/comments?post=82315"}],"version-history":[{"count":2,"href":"https:\/\/www.visit-ulcinj.com\/blog\/wp-json\/wp\/v2\/posts\/82315\/revisions"}],"predecessor-version":[{"id":82318,"href":"https:\/\/www.visit-ulcinj.com\/blog\/wp-json\/wp\/v2\/posts\/82315\/revisions\/82318"}],"wp:attachment":[{"href":"https:\/\/www.visit-ulcinj.com\/blog\/wp-json\/wp\/v2\/media?parent=82315"}],"wp:term":[{"taxonomy":"category","embeddable":true,"href":"https:\/\/www.visit-ulcinj.com\/blog\/wp-json\/wp\/v2\/categories?post=82315"},{"taxonomy":"post_tag","embeddable":true,"href":"https:\/\/www.visit-ulcinj.com\/blog\/wp-json\/wp\/v2\/tags?post=82315"}],"curies":[{"name":"wp","href":"https:\/\/api.w.org\/{rel}","templated":true}]}}