{"id":82319,"date":"2014-05-19T22:31:31","date_gmt":"2014-05-19T21:31:31","guid":{"rendered":"http:\/\/www.visit-ulcinj.com\/blog\/?p=82319"},"modified":"2014-05-20T14:52:42","modified_gmt":"2014-05-20T13:52:42","slug":"medina-kanaqi-medalja-e-arte-e-tirana-open-2014","status":"publish","type":"post","link":"https:\/\/www.visit-ulcinj.com\/blog\/2014\/05\/19\/medina-kanaqi-medalja-e-arte-e-tirana-open-2014\/","title":{"rendered":"Medina Kanaqi medalja e art\u00eb e &#8220;Tirana Open 2014&#8221;"},"content":{"rendered":"<div>\n<p><strong><a href=\"http:\/\/www.visit-ulcinj.com\/blog\/wp-content\/uploads\/2014\/05\/Medina-Kanaqi-Medalje-e-ART.jpg\"><img loading=\"lazy\" class=\"alignleft  wp-image-82320\" alt=\"Medina-Kanaqi-Medalje e ART\" src=\"http:\/\/www.visit-ulcinj.com\/blog\/wp-content\/uploads\/2014\/05\/Medina-Kanaqi-Medalje-e-ART.jpg\" width=\"508\" height=\"400\" \/><\/a>Taekwondo Top Tirana Open 2014<\/strong><\/p>\n<\/div>\n<p>Me dat\u00eb 11.05.2014 n\u00eb Tiran\u00eb u mbajt\u00eb turneu nd\u00ebrkomb\u00ebtar\u00eb n\u00eb sportin olimpik t\u00eb taekwondo-s\u00eb.<br \/>\nN\u00eb k\u00ebt\u00eb turne mor\u00ebn pjes\u00eb reth\u00eb 400 garues\u00eb nga 7 shtete si Shqip\u00ebria, Greqia, Kroacia, Mali i Zi, Italia, Bullgaria, Kosova, ku n\u00eb mesin e tyre u paraqit edhe klubi i taekwondo-s\u00eb Ulqini me 5 garues dhe nj\u00eb refer.<br \/>\nKT Ulqini kthehet me 3 medalje, nj\u00eb t\u00eb art\u00eb dhe dy t\u00eb bronzit.<br \/>\nGaruesja m\u00eb e sukseshme e KT Ulqinit ishte Medina Kanaqi e cila fiton tri ndeshje dhe kurorzohet me medalje t\u00eb art\u00eb, garuesi Bojan Vladisavljeviq dhe Amir Suka u kurorzuan me medalje t\u00eb bronzit.<\/p>\n<p>Falenderojm\u00eb sponsor\u00ebt: Tapacir Kurti, Cungu i Co dhe Res. Alfa.<\/p>\n\n\t\t<style type=\"text\/css\">\n\t\t\t#gallery-1 {\n\t\t\t\tmargin: auto;\n\t\t\t}\n\t\t\t#gallery-1 .gallery-item {\n\t\t\t\tfloat: left;\n\t\t\t\tmargin-top: 10px;\n\t\t\t\ttext-align: center;\n\t\t\t\twidth: 33%;\n\t\t\t}\n\t\t\t#gallery-1 img {\n\t\t\t\tborder: 2px solid #cfcfcf;\n\t\t\t}\n\t\t\t#gallery-1 .gallery-caption {\n\t\t\t\tmargin-left: 0;\n\t\t\t}\n\t\t\t\/* see gallery_shortcode() in wp-includes\/media.php *\/\n\t\t<\/style>\n\t\t<div id='gallery-1' class='gallery galleryid-82319 gallery-columns-3 gallery-size-thumbnail'><dl class='gallery-item'>\n\t\t\t<dt class='gallery-icon landscape'>\n\t\t\t\t<a href='https:\/\/www.visit-ulcinj.com\/blog\/2014\/05\/19\/medina-kanaqi-medalja-e-arte-e-tirana-open-2014\/medina-kanaqi-medalje-e-art\/'><img width=\"150\" height=\"150\" src=\"https:\/\/www.visit-ulcinj.com\/blog\/wp-content\/uploads\/2014\/05\/Medina-Kanaqi-Medalje-e-ART-150x150.jpg\" class=\"attachment-thumbnail size-thumbnail\" alt=\"\" loading=\"lazy\" srcset=\"https:\/\/www.visit-ulcinj.com\/blog\/wp-content\/uploads\/2014\/05\/Medina-Kanaqi-Medalje-e-ART-150x150.jpg 150w, https:\/\/www.visit-ulcinj.com\/blog\/wp-content\/uploads\/2014\/05\/Medina-Kanaqi-Medalje-e-ART-300x300.jpg 300w, https:\/\/www.visit-ulcinj.com\/blog\/wp-content\/uploads\/2014\/05\/Medina-Kanaqi-Medalje-e-ART.jpg 720w\" sizes=\"(max-width: 150px) 100vw, 150px\" \/><\/a>\n\t\t\t<\/dt><\/dl><dl class='gallery-item'>\n\t\t\t<dt class='gallery-icon portrait'>\n\t\t\t\t<a href='https:\/\/www.visit-ulcinj.com\/blog\/2014\/05\/19\/medina-kanaqi-medalja-e-arte-e-tirana-open-2014\/taekwondo-top-tirana-open-2014\/'><img width=\"150\" height=\"150\" src=\"https:\/\/www.visit-ulcinj.com\/blog\/wp-content\/uploads\/2014\/05\/Taekwondo-Top-Tirana-Open-2014-150x150.jpg\" class=\"attachment-thumbnail size-thumbnail\" alt=\"\" loading=\"lazy\" \/><\/a>\n\t\t\t<\/dt><\/dl><dl class='gallery-item'>\n\t\t\t<dt class='gallery-icon landscape'>\n\t\t\t\t<a href='https:\/\/www.visit-ulcinj.com\/blog\/2014\/05\/19\/medina-kanaqi-medalja-e-arte-e-tirana-open-2014\/taekwondo-top-tirana-open-2014-1\/'><img width=\"150\" height=\"150\" src=\"https:\/\/www.visit-ulcinj.com\/blog\/wp-content\/uploads\/2014\/05\/Taekwondo-Top-Tirana-Open-2014-1-150x150.jpg\" class=\"attachment-thumbnail size-thumbnail\" alt=\"\" loading=\"lazy\" \/><\/a>\n\t\t\t<\/dt><\/dl><br style=\"clear: both\" \/>\n\t\t<\/div>\n\n<p>KT Ulqini.<\/p>\n","protected":false},"excerpt":{"rendered":"<p>Taekwondo Top Tirana Open 2014 Me dat\u00eb 11.05.2014 n\u00eb Tiran\u00eb u mbajt\u00eb turneu nd\u00ebrkomb\u00ebtar\u00eb n\u00eb sportin olimpik t\u00eb taekwondo-s\u00eb. N\u00eb k\u00ebt\u00eb turne mor\u00ebn pjes\u00eb reth\u00eb 400 garues\u00eb nga 7 shtete si Shqip\u00ebria, Greqia, Kroacia, Mali i Zi, Italia, Bullgaria, Kosova, ku n\u00eb mesin e tyre u paraqit edhe klubi i taekwondo-s\u00eb Ulqini me 5 garues [&hellip;]<\/p>\n","protected":false},"author":1,"featured_media":0,"comment_status":"closed","ping_status":"closed","sticky":false,"template":"","format":"standard","meta":{"spay_email":"","jetpack_publicize_message":"","jetpack_is_tweetstorm":false,"jetpack_publicize_feature_enabled":true},"categories":[1,3],"tags":[],"jetpack_publicize_connections":[],"yoast_head":"<!-- This site is optimized with the Yoast SEO plugin v19.1 - https:\/\/yoast.com\/wordpress\/plugins\/seo\/ -->\n<title>Medina Kanaqi medalja e art\u00eb e &quot;Tirana Open 2014&quot; - Lajme nga Ulqini<\/title>\n<meta name=\"description\" content=\"Taekwondo Top Tirana Open 2014 Me dat\u00eb 11.05.2014 n\u00eb Tiran\u00eb u mbajt\u00eb turneu nd\u00ebrkomb\u00ebtar\u00eb n\u00eb sportin olimpik t\u00eb taekwondo-s\u00eb. N\u00eb k\u00ebt\u00eb turne mor\u00ebn pjes\u00eb\" \/>\n<meta name=\"robots\" content=\"index, follow, max-snippet:-1, max-image-preview:large, max-video-preview:-1\" \/>\n<link rel=\"canonical\" href=\"https:\/\/www.visit-ulcinj.com\/blog\/2014\/05\/19\/medina-kanaqi-medalja-e-arte-e-tirana-open-2014\/\" \/>\n<meta property=\"og:locale\" content=\"en_US\" \/>\n<meta property=\"og:type\" content=\"article\" \/>\n<meta property=\"og:title\" content=\"Medina Kanaqi medalja e art\u00eb e &quot;Tirana Open 2014&quot; - Lajme nga Ulqini\" \/>\n<meta property=\"og:description\" content=\"Taekwondo Top Tirana Open 2014 Me dat\u00eb 11.05.2014 n\u00eb Tiran\u00eb u mbajt\u00eb turneu nd\u00ebrkomb\u00ebtar\u00eb n\u00eb sportin olimpik t\u00eb taekwondo-s\u00eb. N\u00eb k\u00ebt\u00eb turne mor\u00ebn pjes\u00eb\" \/>\n<meta property=\"og:url\" content=\"https:\/\/www.visit-ulcinj.com\/blog\/2014\/05\/19\/medina-kanaqi-medalja-e-arte-e-tirana-open-2014\/\" \/>\n<meta property=\"og:site_name\" content=\"Lajme nga Ulqini\" \/>\n<meta property=\"article:published_time\" content=\"2014-05-19T21:31:31+00:00\" \/>\n<meta property=\"article:modified_time\" content=\"2014-05-20T13:52:42+00:00\" \/>\n<meta property=\"og:image\" content=\"https:\/\/www.visit-ulcinj.com\/blog\/wp-content\/uploads\/2014\/05\/Medina-Kanaqi-Medalje-e-ART-150x150.jpg\" \/>\n<meta name=\"twitter:label1\" content=\"Written by\" \/>\n\t<meta name=\"twitter:data1\" content=\"ulqini\" \/>\n\t<meta name=\"twitter:label2\" content=\"Est. reading time\" \/>\n\t<meta name=\"twitter:data2\" content=\"1 minute\" \/>\n<script type=\"application\/ld+json\" class=\"yoast-schema-graph\">{\"@context\":\"https:\/\/schema.org\",\"@graph\":[{\"@type\":\"WebSite\",\"@id\":\"https:\/\/www.visit-ulcinj.com\/blog\/#website\",\"url\":\"https:\/\/www.visit-ulcinj.com\/blog\/\",\"name\":\"Lajme nga Ulqini\",\"description\":\"Lajme,Vijesti,Ulqini,Ulqin,Crna Gora,Mali i Zi\",\"potentialAction\":[{\"@type\":\"SearchAction\",\"target\":{\"@type\":\"EntryPoint\",\"urlTemplate\":\"https:\/\/www.visit-ulcinj.com\/blog\/?s={search_term_string}\"},\"query-input\":\"required name=search_term_string\"}],\"inLanguage\":\"en-US\"},{\"@type\":\"ImageObject\",\"inLanguage\":\"en-US\",\"@id\":\"https:\/\/www.visit-ulcinj.com\/blog\/2014\/05\/19\/medina-kanaqi-medalja-e-arte-e-tirana-open-2014\/#primaryimage\",\"url\":\"https:\/\/www.visit-ulcinj.com\/blog\/wp-content\/uploads\/2014\/05\/Medina-Kanaqi-Medalje-e-ART.jpg\",\"contentUrl\":\"https:\/\/www.visit-ulcinj.com\/blog\/wp-content\/uploads\/2014\/05\/Medina-Kanaqi-Medalje-e-ART.jpg\",\"width\":720,\"height\":720},{\"@type\":\"WebPage\",\"@id\":\"https:\/\/www.visit-ulcinj.com\/blog\/2014\/05\/19\/medina-kanaqi-medalja-e-arte-e-tirana-open-2014\/#webpage\",\"url\":\"https:\/\/www.visit-ulcinj.com\/blog\/2014\/05\/19\/medina-kanaqi-medalja-e-arte-e-tirana-open-2014\/\",\"name\":\"Medina Kanaqi medalja e art\u00eb e \\\"Tirana Open 2014\\\" - Lajme nga Ulqini\",\"isPartOf\":{\"@id\":\"https:\/\/www.visit-ulcinj.com\/blog\/#website\"},\"primaryImageOfPage\":{\"@id\":\"https:\/\/www.visit-ulcinj.com\/blog\/2014\/05\/19\/medina-kanaqi-medalja-e-arte-e-tirana-open-2014\/#primaryimage\"},\"datePublished\":\"2014-05-19T21:31:31+00:00\",\"dateModified\":\"2014-05-20T13:52:42+00:00\",\"author\":{\"@id\":\"https:\/\/www.visit-ulcinj.com\/blog\/#\/schema\/person\/dcab619c614d3038751c63bc2aadc06d\"},\"description\":\"Taekwondo Top Tirana Open 2014 Me dat\u00eb 11.05.2014 n\u00eb Tiran\u00eb u mbajt\u00eb turneu nd\u00ebrkomb\u00ebtar\u00eb n\u00eb sportin olimpik t\u00eb taekwondo-s\u00eb. N\u00eb k\u00ebt\u00eb turne mor\u00ebn pjes\u00eb\",\"breadcrumb\":{\"@id\":\"https:\/\/www.visit-ulcinj.com\/blog\/2014\/05\/19\/medina-kanaqi-medalja-e-arte-e-tirana-open-2014\/#breadcrumb\"},\"inLanguage\":\"en-US\",\"potentialAction\":[{\"@type\":\"ReadAction\",\"target\":[\"https:\/\/www.visit-ulcinj.com\/blog\/2014\/05\/19\/medina-kanaqi-medalja-e-arte-e-tirana-open-2014\/\"]}]},{\"@type\":\"BreadcrumbList\",\"@id\":\"https:\/\/www.visit-ulcinj.com\/blog\/2014\/05\/19\/medina-kanaqi-medalja-e-arte-e-tirana-open-2014\/#breadcrumb\",\"itemListElement\":[{\"@type\":\"ListItem\",\"position\":1,\"name\":\"Medina Kanaqi medalja e art\u00eb e &#8220;Tirana Open 2014&#8221;\"}]},{\"@type\":\"Person\",\"@id\":\"https:\/\/www.visit-ulcinj.com\/blog\/#\/schema\/person\/dcab619c614d3038751c63bc2aadc06d\",\"name\":\"ulqini\",\"sameAs\":[\"http:\/\/www.visit-ulcinj.com\"],\"url\":\"https:\/\/www.visit-ulcinj.com\/blog\/author\/admin\/\"}]}<\/script>\n<!-- \/ Yoast SEO plugin. -->","yoast_head_json":{"title":"Medina Kanaqi medalja e art\u00eb e \"Tirana Open 2014\" - Lajme nga Ulqini","description":"Taekwondo Top Tirana Open 2014 Me dat\u00eb 11.05.2014 n\u00eb Tiran\u00eb u mbajt\u00eb turneu nd\u00ebrkomb\u00ebtar\u00eb n\u00eb sportin olimpik t\u00eb taekwondo-s\u00eb. N\u00eb k\u00ebt\u00eb turne mor\u00ebn pjes\u00eb","robots":{"index":"index","follow":"follow","max-snippet":"max-snippet:-1","max-image-preview":"max-image-preview:large","max-video-preview":"max-video-preview:-1"},"canonical":"https:\/\/www.visit-ulcinj.com\/blog\/2014\/05\/19\/medina-kanaqi-medalja-e-arte-e-tirana-open-2014\/","og_locale":"en_US","og_type":"article","og_title":"Medina Kanaqi medalja e art\u00eb e \"Tirana Open 2014\" - Lajme nga Ulqini","og_description":"Taekwondo Top Tirana Open 2014 Me dat\u00eb 11.05.2014 n\u00eb Tiran\u00eb u mbajt\u00eb turneu nd\u00ebrkomb\u00ebtar\u00eb n\u00eb sportin olimpik t\u00eb taekwondo-s\u00eb. N\u00eb k\u00ebt\u00eb turne mor\u00ebn pjes\u00eb","og_url":"https:\/\/www.visit-ulcinj.com\/blog\/2014\/05\/19\/medina-kanaqi-medalja-e-arte-e-tirana-open-2014\/","og_site_name":"Lajme nga Ulqini","article_published_time":"2014-05-19T21:31:31+00:00","article_modified_time":"2014-05-20T13:52:42+00:00","og_image":[{"url":"https:\/\/www.visit-ulcinj.com\/blog\/wp-content\/uploads\/2014\/05\/Medina-Kanaqi-Medalje-e-ART-150x150.jpg"}],"twitter_misc":{"Written by":"ulqini","Est. reading time":"1 minute"},"schema":{"@context":"https:\/\/schema.org","@graph":[{"@type":"WebSite","@id":"https:\/\/www.visit-ulcinj.com\/blog\/#website","url":"https:\/\/www.visit-ulcinj.com\/blog\/","name":"Lajme nga Ulqini","description":"Lajme,Vijesti,Ulqini,Ulqin,Crna Gora,Mali i Zi","potentialAction":[{"@type":"SearchAction","target":{"@type":"EntryPoint","urlTemplate":"https:\/\/www.visit-ulcinj.com\/blog\/?s={search_term_string}"},"query-input":"required name=search_term_string"}],"inLanguage":"en-US"},{"@type":"ImageObject","inLanguage":"en-US","@id":"https:\/\/www.visit-ulcinj.com\/blog\/2014\/05\/19\/medina-kanaqi-medalja-e-arte-e-tirana-open-2014\/#primaryimage","url":"https:\/\/www.visit-ulcinj.com\/blog\/wp-content\/uploads\/2014\/05\/Medina-Kanaqi-Medalje-e-ART.jpg","contentUrl":"https:\/\/www.visit-ulcinj.com\/blog\/wp-content\/uploads\/2014\/05\/Medina-Kanaqi-Medalje-e-ART.jpg","width":720,"height":720},{"@type":"WebPage","@id":"https:\/\/www.visit-ulcinj.com\/blog\/2014\/05\/19\/medina-kanaqi-medalja-e-arte-e-tirana-open-2014\/#webpage","url":"https:\/\/www.visit-ulcinj.com\/blog\/2014\/05\/19\/medina-kanaqi-medalja-e-arte-e-tirana-open-2014\/","name":"Medina Kanaqi medalja e art\u00eb e \"Tirana Open 2014\" - Lajme nga Ulqini","isPartOf":{"@id":"https:\/\/www.visit-ulcinj.com\/blog\/#website"},"primaryImageOfPage":{"@id":"https:\/\/www.visit-ulcinj.com\/blog\/2014\/05\/19\/medina-kanaqi-medalja-e-arte-e-tirana-open-2014\/#primaryimage"},"datePublished":"2014-05-19T21:31:31+00:00","dateModified":"2014-05-20T13:52:42+00:00","author":{"@id":"https:\/\/www.visit-ulcinj.com\/blog\/#\/schema\/person\/dcab619c614d3038751c63bc2aadc06d"},"description":"Taekwondo Top Tirana Open 2014 Me dat\u00eb 11.05.2014 n\u00eb Tiran\u00eb u mbajt\u00eb turneu nd\u00ebrkomb\u00ebtar\u00eb n\u00eb sportin olimpik t\u00eb taekwondo-s\u00eb. N\u00eb k\u00ebt\u00eb turne mor\u00ebn pjes\u00eb","breadcrumb":{"@id":"https:\/\/www.visit-ulcinj.com\/blog\/2014\/05\/19\/medina-kanaqi-medalja-e-arte-e-tirana-open-2014\/#breadcrumb"},"inLanguage":"en-US","potentialAction":[{"@type":"ReadAction","target":["https:\/\/www.visit-ulcinj.com\/blog\/2014\/05\/19\/medina-kanaqi-medalja-e-arte-e-tirana-open-2014\/"]}]},{"@type":"BreadcrumbList","@id":"https:\/\/www.visit-ulcinj.com\/blog\/2014\/05\/19\/medina-kanaqi-medalja-e-arte-e-tirana-open-2014\/#breadcrumb","itemListElement":[{"@type":"ListItem","position":1,"name":"Medina Kanaqi medalja e art\u00eb e &#8220;Tirana Open 2014&#8221;"}]},{"@type":"Person","@id":"https:\/\/www.visit-ulcinj.com\/blog\/#\/schema\/person\/dcab619c614d3038751c63bc2aadc06d","name":"ulqini","sameAs":["http:\/\/www.visit-ulcinj.com"],"url":"https:\/\/www.visit-ulcinj.com\/blog\/author\/admin\/"}]}},"jetpack_featured_media_url":"","jetpack_sharing_enabled":true,"jetpack_shortlink":"https:\/\/wp.me\/pe6lTn-lpJ","_links":{"self":[{"href":"https:\/\/www.visit-ulcinj.com\/blog\/wp-json\/wp\/v2\/posts\/82319"}],"collection":[{"href":"https:\/\/www.visit-ulcinj.com\/blog\/wp-json\/wp\/v2\/posts"}],"about":[{"href":"https:\/\/www.visit-ulcinj.com\/blog\/wp-json\/wp\/v2\/types\/post"}],"author":[{"embeddable":true,"href":"https:\/\/www.visit-ulcinj.com\/blog\/wp-json\/wp\/v2\/users\/1"}],"replies":[{"embeddable":true,"href":"https:\/\/www.visit-ulcinj.com\/blog\/wp-json\/wp\/v2\/comments?post=82319"}],"version-history":[{"count":1,"href":"https:\/\/www.visit-ulcinj.com\/blog\/wp-json\/wp\/v2\/posts\/82319\/revisions"}],"predecessor-version":[{"id":82323,"href":"https:\/\/www.visit-ulcinj.com\/blog\/wp-json\/wp\/v2\/posts\/82319\/revisions\/82323"}],"wp:attachment":[{"href":"https:\/\/www.visit-ulcinj.com\/blog\/wp-json\/wp\/v2\/media?parent=82319"}],"wp:term":[{"taxonomy":"category","embeddable":true,"href":"https:\/\/www.visit-ulcinj.com\/blog\/wp-json\/wp\/v2\/categories?post=82319"},{"taxonomy":"post_tag","embeddable":true,"href":"https:\/\/www.visit-ulcinj.com\/blog\/wp-json\/wp\/v2\/tags?post=82319"}],"curies":[{"name":"wp","href":"https:\/\/api.w.org\/{rel}","templated":true}]}}