{"id":8232,"date":"2009-01-08T19:33:55","date_gmt":"2009-01-08T18:33:55","guid":{"rendered":"http:\/\/www.visit-ulcinj.com\/blog\/?p=8232"},"modified":"2009-01-08T19:33:55","modified_gmt":"2009-01-08T18:33:55","slug":"gjukanoviqi-po-e-pergatit-trashegimtarin","status":"publish","type":"post","link":"https:\/\/www.visit-ulcinj.com\/blog\/2009\/01\/08\/gjukanoviqi-po-e-pergatit-trashegimtarin\/","title":{"rendered":"Gjukanoviqi po e p\u00ebrgatit trash\u00ebgimtarin"},"content":{"rendered":"<p><img loading=\"lazy\" class=\"alignleft size-full wp-image-8233\" title=\"dukanovic-_luksic\" src=\"http:\/\/www.visit-ulcinj.com\/blog\/wp-content\/uploads\/2009\/01\/dukanovic-_luksic.jpg\" alt=\"dukanovic-_luksic\" width=\"362\" height=\"232\" \/>Kryeministri malazez, Milo Gjukanoviq, nuk mendon t\u00eb mbetet n\u00eb krye t\u00eb Qeveris\u00eb n\u00ebse Partia Demokratike e Socialist\u00ebve (DPS), t\u00eb cil\u00ebn ai e udh\u00ebheq, nuk i fiton p\u00ebrs\u00ebri zgjedhjet, t\u00eb cilat sipas t\u00eb gjitha gjasave do t\u00eb mbahen m\u00eb 29 mars.<br \/>\nGjukanoviqi, sipas gazet\u00ebs ditore malazeze \u2018Dan\u2019, e cila thirret n\u00eb burime brenda qeveris\u00eb, p\u00ebr mandatar p\u00ebr krijimin e qeveris\u00eb s\u00eb re do ta propozoj\u00eb ministrin e Financave dhe z\u00ebvend\u00ebskryeministrin e tret\u00eb aktual t\u00eb qeveris\u00eb, Igor Luksic. Duke e propozuar p\u00ebr z\u00ebvend\u00ebskryeminist\u00ebr t\u00eb tret\u00eb, Gjukanoviqi deputet\u00ebve t\u00eb parlamentit malazez u tha se ai nga posti i ri do t\u00eb merret me zbutjen e pasojave t\u00eb kriz\u00ebs ekonomike globale.<br \/>\nDrejtori politik i DPS, Predrag Sekuliq, as nuk e konfirmoi e as demantoi k\u00ebt\u00eb informacion. Ai p\u00ebr \u2018Dan\u2019 pohoi se Gjukanoviqi tash p\u00ebr tash nuk e njoftuar kreun partiak p\u00ebr synimin q\u00eb kolltukun kryeministror t\u2019ia l\u00ebshoj Luksic, n\u00ebse DPS nuk do t\u00eb jet\u00eb n\u00eb pushtet pas zgjedhjeve t\u00eb reja.<br \/>\nGazeta p\u00ebrkujton se, Luksiq edhe m\u00eb par\u00eb ishte favorit i Gjukanoviqi dhe se ishte p\u00ebrmendur shpesh p\u00ebr postin e kryeministrit edhe gjat\u00eb t\u00ebrheqjes s\u00eb kaluar t\u00eb Gjukanoviqi nga postet publike, n\u00eb vitin 2006, megjith\u00ebse asokohe ishte krijuar nj\u00eb mosmarr\u00ebveshje serioze n\u00eb kreun partiak, sepse em\u00ebrimin e Luksiq e kishte kund\u00ebrshtuar n\u00ebnkryetari i partis\u00eb, Svetozar Maroviq.<br \/>\nAnalist\u00ebt malazez\u00eb vler\u00ebsojn\u00eb se \u00ebsht\u00eb reale t\u00eb pritet q\u00eb Gjukanoviqi t\u00eb mos jet\u00eb m\u00eb kryeminist\u00ebr, edhe pse mendojn\u00eb se i gjith\u00eb pushteti gjithnj\u00eb do t\u2019i mbetet Kabinetit ku ai do t\u00eb jet\u00eb i ulur.<br \/>\n<strong>Gazeta Express<\/strong><\/p>\n<!--YouTube Error: bad URL entered-->\n","protected":false},"excerpt":{"rendered":"<p>Kryeministri malazez, Milo Gjukanoviq, nuk mendon t\u00eb mbetet n\u00eb krye t\u00eb Qeveris\u00eb n\u00ebse Partia Demokratike e Socialist\u00ebve (DPS), t\u00eb cil\u00ebn ai e udh\u00ebheq, nuk i fiton p\u00ebrs\u00ebri zgjedhjet, t\u00eb cilat sipas t\u00eb gjitha gjasave do t\u00eb mbahen m\u00eb 29 mars. Gjukanoviqi, sipas gazet\u00ebs ditore malazeze \u2018Dan\u2019, e cila thirret n\u00eb burime brenda qeveris\u00eb, p\u00ebr mandatar [&hellip;]<\/p>\n","protected":false},"author":1,"featured_media":0,"comment_status":"open","ping_status":"closed","sticky":false,"template":"","format":"standard","meta":{"spay_email":"","jetpack_publicize_message":"","jetpack_is_tweetstorm":false,"jetpack_publicize_feature_enabled":true},"categories":[6],"tags":[5613,147,2568,5614,4247],"jetpack_publicize_connections":[],"yoast_head":"<!-- This site is optimized with the Yoast SEO plugin v19.1 - https:\/\/yoast.com\/wordpress\/plugins\/seo\/ -->\n<title>Gjukanoviqi po e p\u00ebrgatit trash\u00ebgimtarin - Lajme nga Ulqini<\/title>\n<meta name=\"description\" content=\"Kryeministri malazez, Milo Gjukanoviq, nuk mendon t\u00eb mbetet n\u00eb krye t\u00eb Qeveris\u00eb n\u00ebse Partia Demokratike e Socialist\u00ebve (DPS), t\u00eb cil\u00ebn ai e udh\u00ebheq, nuk i\" \/>\n<meta name=\"robots\" content=\"index, follow, max-snippet:-1, max-image-preview:large, max-video-preview:-1\" \/>\n<link rel=\"canonical\" href=\"https:\/\/www.visit-ulcinj.com\/blog\/2009\/01\/08\/gjukanoviqi-po-e-pergatit-trashegimtarin\/\" \/>\n<meta property=\"og:locale\" content=\"en_US\" \/>\n<meta property=\"og:type\" content=\"article\" \/>\n<meta property=\"og:title\" content=\"Gjukanoviqi po e p\u00ebrgatit trash\u00ebgimtarin - Lajme nga Ulqini\" \/>\n<meta property=\"og:description\" content=\"Kryeministri malazez, Milo Gjukanoviq, nuk mendon t\u00eb mbetet n\u00eb krye t\u00eb Qeveris\u00eb n\u00ebse Partia Demokratike e Socialist\u00ebve (DPS), t\u00eb cil\u00ebn ai e udh\u00ebheq, nuk i\" \/>\n<meta property=\"og:url\" content=\"https:\/\/www.visit-ulcinj.com\/blog\/2009\/01\/08\/gjukanoviqi-po-e-pergatit-trashegimtarin\/\" \/>\n<meta property=\"og:site_name\" content=\"Lajme nga Ulqini\" \/>\n<meta property=\"article:published_time\" content=\"2009-01-08T18:33:55+00:00\" \/>\n<meta property=\"og:image\" content=\"http:\/\/www.visit-ulcinj.com\/blog\/wp-content\/uploads\/2009\/01\/dukanovic-_luksic.jpg\" \/>\n<meta name=\"twitter:label1\" content=\"Written by\" \/>\n\t<meta name=\"twitter:data1\" content=\"ulqini\" \/>\n\t<meta name=\"twitter:label2\" content=\"Est. reading time\" \/>\n\t<meta name=\"twitter:data2\" content=\"1 minute\" \/>\n<script type=\"application\/ld+json\" class=\"yoast-schema-graph\">{\"@context\":\"https:\/\/schema.org\",\"@graph\":[{\"@type\":\"WebSite\",\"@id\":\"https:\/\/www.visit-ulcinj.com\/blog\/#website\",\"url\":\"https:\/\/www.visit-ulcinj.com\/blog\/\",\"name\":\"Lajme nga Ulqini\",\"description\":\"Lajme,Vijesti,Ulqini,Ulqin,Crna Gora,Mali i Zi\",\"potentialAction\":[{\"@type\":\"SearchAction\",\"target\":{\"@type\":\"EntryPoint\",\"urlTemplate\":\"https:\/\/www.visit-ulcinj.com\/blog\/?s={search_term_string}\"},\"query-input\":\"required name=search_term_string\"}],\"inLanguage\":\"en-US\"},{\"@type\":\"ImageObject\",\"inLanguage\":\"en-US\",\"@id\":\"https:\/\/www.visit-ulcinj.com\/blog\/2009\/01\/08\/gjukanoviqi-po-e-pergatit-trashegimtarin\/#primaryimage\",\"url\":\"https:\/\/www.visit-ulcinj.com\/blog\/wp-content\/uploads\/2009\/01\/dukanovic-_luksic.jpg\",\"contentUrl\":\"https:\/\/www.visit-ulcinj.com\/blog\/wp-content\/uploads\/2009\/01\/dukanovic-_luksic.jpg\",\"width\":\"460\",\"height\":\"229\"},{\"@type\":\"WebPage\",\"@id\":\"https:\/\/www.visit-ulcinj.com\/blog\/2009\/01\/08\/gjukanoviqi-po-e-pergatit-trashegimtarin\/#webpage\",\"url\":\"https:\/\/www.visit-ulcinj.com\/blog\/2009\/01\/08\/gjukanoviqi-po-e-pergatit-trashegimtarin\/\",\"name\":\"Gjukanoviqi po e p\u00ebrgatit trash\u00ebgimtarin - Lajme nga Ulqini\",\"isPartOf\":{\"@id\":\"https:\/\/www.visit-ulcinj.com\/blog\/#website\"},\"primaryImageOfPage\":{\"@id\":\"https:\/\/www.visit-ulcinj.com\/blog\/2009\/01\/08\/gjukanoviqi-po-e-pergatit-trashegimtarin\/#primaryimage\"},\"datePublished\":\"2009-01-08T18:33:55+00:00\",\"dateModified\":\"2009-01-08T18:33:55+00:00\",\"author\":{\"@id\":\"https:\/\/www.visit-ulcinj.com\/blog\/#\/schema\/person\/dcab619c614d3038751c63bc2aadc06d\"},\"description\":\"Kryeministri malazez, Milo Gjukanoviq, nuk mendon t\u00eb mbetet n\u00eb krye t\u00eb Qeveris\u00eb n\u00ebse Partia Demokratike e Socialist\u00ebve (DPS), t\u00eb cil\u00ebn ai e udh\u00ebheq, nuk i\",\"breadcrumb\":{\"@id\":\"https:\/\/www.visit-ulcinj.com\/blog\/2009\/01\/08\/gjukanoviqi-po-e-pergatit-trashegimtarin\/#breadcrumb\"},\"inLanguage\":\"en-US\",\"potentialAction\":[{\"@type\":\"ReadAction\",\"target\":[\"https:\/\/www.visit-ulcinj.com\/blog\/2009\/01\/08\/gjukanoviqi-po-e-pergatit-trashegimtarin\/\"]}]},{\"@type\":\"BreadcrumbList\",\"@id\":\"https:\/\/www.visit-ulcinj.com\/blog\/2009\/01\/08\/gjukanoviqi-po-e-pergatit-trashegimtarin\/#breadcrumb\",\"itemListElement\":[{\"@type\":\"ListItem\",\"position\":1,\"name\":\"Gjukanoviqi po e p\u00ebrgatit trash\u00ebgimtarin\"}]},{\"@type\":\"Person\",\"@id\":\"https:\/\/www.visit-ulcinj.com\/blog\/#\/schema\/person\/dcab619c614d3038751c63bc2aadc06d\",\"name\":\"ulqini\",\"sameAs\":[\"http:\/\/www.visit-ulcinj.com\"],\"url\":\"https:\/\/www.visit-ulcinj.com\/blog\/author\/admin\/\"}]}<\/script>\n<!-- \/ Yoast SEO plugin. -->","yoast_head_json":{"title":"Gjukanoviqi po e p\u00ebrgatit trash\u00ebgimtarin - Lajme nga Ulqini","description":"Kryeministri malazez, Milo Gjukanoviq, nuk mendon t\u00eb mbetet n\u00eb krye t\u00eb Qeveris\u00eb n\u00ebse Partia Demokratike e Socialist\u00ebve (DPS), t\u00eb cil\u00ebn ai e udh\u00ebheq, nuk i","robots":{"index":"index","follow":"follow","max-snippet":"max-snippet:-1","max-image-preview":"max-image-preview:large","max-video-preview":"max-video-preview:-1"},"canonical":"https:\/\/www.visit-ulcinj.com\/blog\/2009\/01\/08\/gjukanoviqi-po-e-pergatit-trashegimtarin\/","og_locale":"en_US","og_type":"article","og_title":"Gjukanoviqi po e p\u00ebrgatit trash\u00ebgimtarin - Lajme nga Ulqini","og_description":"Kryeministri malazez, Milo Gjukanoviq, nuk mendon t\u00eb mbetet n\u00eb krye t\u00eb Qeveris\u00eb n\u00ebse Partia Demokratike e Socialist\u00ebve (DPS), t\u00eb cil\u00ebn ai e udh\u00ebheq, nuk i","og_url":"https:\/\/www.visit-ulcinj.com\/blog\/2009\/01\/08\/gjukanoviqi-po-e-pergatit-trashegimtarin\/","og_site_name":"Lajme nga Ulqini","article_published_time":"2009-01-08T18:33:55+00:00","og_image":[{"url":"http:\/\/www.visit-ulcinj.com\/blog\/wp-content\/uploads\/2009\/01\/dukanovic-_luksic.jpg"}],"twitter_misc":{"Written by":"ulqini","Est. reading time":"1 minute"},"schema":{"@context":"https:\/\/schema.org","@graph":[{"@type":"WebSite","@id":"https:\/\/www.visit-ulcinj.com\/blog\/#website","url":"https:\/\/www.visit-ulcinj.com\/blog\/","name":"Lajme nga Ulqini","description":"Lajme,Vijesti,Ulqini,Ulqin,Crna Gora,Mali i Zi","potentialAction":[{"@type":"SearchAction","target":{"@type":"EntryPoint","urlTemplate":"https:\/\/www.visit-ulcinj.com\/blog\/?s={search_term_string}"},"query-input":"required name=search_term_string"}],"inLanguage":"en-US"},{"@type":"ImageObject","inLanguage":"en-US","@id":"https:\/\/www.visit-ulcinj.com\/blog\/2009\/01\/08\/gjukanoviqi-po-e-pergatit-trashegimtarin\/#primaryimage","url":"https:\/\/www.visit-ulcinj.com\/blog\/wp-content\/uploads\/2009\/01\/dukanovic-_luksic.jpg","contentUrl":"https:\/\/www.visit-ulcinj.com\/blog\/wp-content\/uploads\/2009\/01\/dukanovic-_luksic.jpg","width":"460","height":"229"},{"@type":"WebPage","@id":"https:\/\/www.visit-ulcinj.com\/blog\/2009\/01\/08\/gjukanoviqi-po-e-pergatit-trashegimtarin\/#webpage","url":"https:\/\/www.visit-ulcinj.com\/blog\/2009\/01\/08\/gjukanoviqi-po-e-pergatit-trashegimtarin\/","name":"Gjukanoviqi po e p\u00ebrgatit trash\u00ebgimtarin - Lajme nga Ulqini","isPartOf":{"@id":"https:\/\/www.visit-ulcinj.com\/blog\/#website"},"primaryImageOfPage":{"@id":"https:\/\/www.visit-ulcinj.com\/blog\/2009\/01\/08\/gjukanoviqi-po-e-pergatit-trashegimtarin\/#primaryimage"},"datePublished":"2009-01-08T18:33:55+00:00","dateModified":"2009-01-08T18:33:55+00:00","author":{"@id":"https:\/\/www.visit-ulcinj.com\/blog\/#\/schema\/person\/dcab619c614d3038751c63bc2aadc06d"},"description":"Kryeministri malazez, Milo Gjukanoviq, nuk mendon t\u00eb mbetet n\u00eb krye t\u00eb Qeveris\u00eb n\u00ebse Partia Demokratike e Socialist\u00ebve (DPS), t\u00eb cil\u00ebn ai e udh\u00ebheq, nuk i","breadcrumb":{"@id":"https:\/\/www.visit-ulcinj.com\/blog\/2009\/01\/08\/gjukanoviqi-po-e-pergatit-trashegimtarin\/#breadcrumb"},"inLanguage":"en-US","potentialAction":[{"@type":"ReadAction","target":["https:\/\/www.visit-ulcinj.com\/blog\/2009\/01\/08\/gjukanoviqi-po-e-pergatit-trashegimtarin\/"]}]},{"@type":"BreadcrumbList","@id":"https:\/\/www.visit-ulcinj.com\/blog\/2009\/01\/08\/gjukanoviqi-po-e-pergatit-trashegimtarin\/#breadcrumb","itemListElement":[{"@type":"ListItem","position":1,"name":"Gjukanoviqi po e p\u00ebrgatit trash\u00ebgimtarin"}]},{"@type":"Person","@id":"https:\/\/www.visit-ulcinj.com\/blog\/#\/schema\/person\/dcab619c614d3038751c63bc2aadc06d","name":"ulqini","sameAs":["http:\/\/www.visit-ulcinj.com"],"url":"https:\/\/www.visit-ulcinj.com\/blog\/author\/admin\/"}]}},"jetpack_featured_media_url":"","jetpack_sharing_enabled":true,"jetpack_shortlink":"https:\/\/wp.me\/pe6lTn-28M","_links":{"self":[{"href":"https:\/\/www.visit-ulcinj.com\/blog\/wp-json\/wp\/v2\/posts\/8232"}],"collection":[{"href":"https:\/\/www.visit-ulcinj.com\/blog\/wp-json\/wp\/v2\/posts"}],"about":[{"href":"https:\/\/www.visit-ulcinj.com\/blog\/wp-json\/wp\/v2\/types\/post"}],"author":[{"embeddable":true,"href":"https:\/\/www.visit-ulcinj.com\/blog\/wp-json\/wp\/v2\/users\/1"}],"replies":[{"embeddable":true,"href":"https:\/\/www.visit-ulcinj.com\/blog\/wp-json\/wp\/v2\/comments?post=8232"}],"version-history":[{"count":0,"href":"https:\/\/www.visit-ulcinj.com\/blog\/wp-json\/wp\/v2\/posts\/8232\/revisions"}],"wp:attachment":[{"href":"https:\/\/www.visit-ulcinj.com\/blog\/wp-json\/wp\/v2\/media?parent=8232"}],"wp:term":[{"taxonomy":"category","embeddable":true,"href":"https:\/\/www.visit-ulcinj.com\/blog\/wp-json\/wp\/v2\/categories?post=8232"},{"taxonomy":"post_tag","embeddable":true,"href":"https:\/\/www.visit-ulcinj.com\/blog\/wp-json\/wp\/v2\/tags?post=8232"}],"curies":[{"name":"wp","href":"https:\/\/api.w.org\/{rel}","templated":true}]}}