{"id":82325,"date":"2014-05-20T06:41:46","date_gmt":"2014-05-20T05:41:46","guid":{"rendered":"http:\/\/www.visit-ulcinj.com\/blog\/?p=82325"},"modified":"2014-05-20T06:41:46","modified_gmt":"2014-05-20T05:41:46","slug":"beseni-drinit-bashkon-pese-vende","status":"publish","type":"post","link":"https:\/\/www.visit-ulcinj.com\/blog\/2014\/05\/20\/beseni-drinit-bashkon-pese-vende\/","title":{"rendered":"Beseni i Drinit bashkon pes\u00eb vende"},"content":{"rendered":"<p><a href=\"http:\/\/www.visit-ulcinj.com\/blog\/wp-content\/uploads\/2014\/05\/dialogu_i_drinit_planifikohet_.jpg\"><img loading=\"lazy\" class=\"alignleft  wp-image-82326\" alt=\"dialogu_i_drinit_planifikohet_\" src=\"http:\/\/www.visit-ulcinj.com\/blog\/wp-content\/uploads\/2014\/05\/dialogu_i_drinit_planifikohet_.jpg\" width=\"508\" height=\"237\" \/><\/a>Athina, Podgorica, Prishtina, Shkupi, Tirana, 17 Maj 2014\u00a0\u2013 P\u00ebr her\u00eb\u00a0t\u00eb\u00a0par\u00ebfestohet Dita e Drinit sot m\u00eb,\u00a017 Maj 2014, n\u00eb\u00a0nj\u00eb\u00a0s\u00ebr\u00eb\u00a0vendesh p\u00ebrgjat\u00ebbasenit t\u00eb Drinit, nga liqeni i Ohrit deri n\u00eb gryk\u00ebderdhjen Bun\u00ebs n\u00eb brigjet e detit Adriatik. Objektivi i p\u00ebrbashk\u00ebt i k\u00ebsaj nisme \u00ebsht\u00eb t\u00eb sensibilizoj\u00eb dhe edukoj\u00eb komunitetin e k\u00ebtyre zonave, me fokus brezin e ri duke konsideruar nevoj\u00ebn p\u00ebr t\u00eb mbrojtur dhe trajtuar n\u00eb m\u00ebnyr\u00eb t\u00eb p\u00ebrgjegjshme pasurin\u00eb natyrore ujore q\u00eb rrjedh shum\u00eb\u00a0pran\u00eb sht\u00ebpive t\u00eb tyre.\u00a0Aktivitetet organizohen nga OJQ t\u00eb vendeve t\u00eb Basenit t\u00eb Drinit me mb\u00ebshtetje financiare t\u00eb\u00a0Deutsche Gesellschaft\u00a0f\u00fcr Internationale Zusammenarbeit (GIZ) GmbG n\u00ebn kujdesin e Grupit Kryesues t\u00eb\u00a0Drinit n\u00eb kuad\u00ebr t\u00ebVeprimit t\u00eb Koordinuar p\u00ebr Drinin (Drin Coordination Action).<\/p>\n<p>\u201cT\u00eb\u00a0veprojm\u00eb\u00a0s\u00eb\u00a0bashku p\u00ebr nj\u00eb\u00a0t\u00eb\u00a0ardhme t\u00eb\u00a0q\u00ebndrueshme\u201d\u00a0kjo\u00a0\u00ebsht\u00eb motoja e Veprimit t\u00eb Kordinuar t\u00eb Drinit e vendosur p\u00ebrmes Memorandumit t\u00eb Mir\u00ebkuptimit p\u00ebr Menaxhimin e Basenit t\u00eb Drinit\u00a0(Drin MM) e firmosur nga Ministrit\u00eb p\u00ebrgjegj\u00ebse p\u00ebr \u00e7\u00ebshtjet e uj\u00ebrave dhe mjedisit t\u00eb pes\u00eb vendeve pjes\u00eb t\u00eb basenit, m\u00eb\u00a025 N\u00ebntor\u00a02011 n\u00eb\u00a0Tiran\u00eb. Ministrit\u00eb\u00a0jan\u00eb angazhuar p\u00ebr bashk\u00ebpunim m\u00eb t\u00eb ngusht\u00eb nd\u00ebrkufitar n\u00eb m\u00ebnyr\u00eb q\u00eb t\u00eb mbrohen burimet ujore t\u00eb p\u00ebrbashk\u00ebta p\u00ebr rreth 1,5 milion\u00eb njer\u00ebzit q\u00eb i p\u00ebrdorin k\u00ebto burime p\u00ebr furnizim me uj\u00eb t\u00eb pijsh\u00ebm, si dhe p\u00ebr bujq\u00ebsi, peshkim,\u00a0industri\u00a0dhe prodhim energjie. Dita e Drinit synon t\u00eb mobilizoj\u00eb t\u00eb gjith\u00eb p\u00ebr arritjen e k\u00ebtyre objektivave.<\/p>\n<p>\u201cDuke pasur n\u00eb konsiderat\u00eb nd\u00ebrlidhjen nd\u00ebrmjet Liqeneve t\u00eb Presp\u00ebs, Ohrit dhe Shkodr\u00ebs, si dhe nd\u00ebrmjet lumenjve Drin dhe Buna, t\u00eb\u00a0kat\u00ebr sistemet e m\u00ebdha ujore t\u00eb Basenit t\u00eb Drinit kan\u00eb nd\u00ebrveprim t\u00eb qart\u00eb nd\u00ebrmjet t\u00eb gjith\u00eb aktor\u00ebve vendor\u00eb dhe rajonal\u00eb\u00a0t\u00eb p\u00ebrfshir\u00eb n\u00eb mbrojtjen e mjedisit, bujq\u00ebsi, prodhim energjie nga hidrocentralet, industri, peshkim, planifikim urban dhe turiz\u00ebm\u201d,\u00a0\u00ebsht\u00eb ky mesazhi i komunikuar nga Grupi Kryesues i Drinit\u00a0(Drin\u00a0Core Group) p\u00ebrmes sekretariatit t\u00eb\u00a0tij, Partneriteti Global i Ujit \u2013 p\u00ebr Mesdheun (Global Water\u00a0Partnership \u2013 Mediterranean). \u201cP\u00ebr k\u00ebt\u00eb arsye \u00ebsht\u00eb shum\u00eb e r\u00ebnd\u00ebsishme q\u00eb kaq shum\u00eb aktor\u00eb t\u00eb jen\u00eb n\u00eb nj\u00eb mendje mbi r\u00ebnd\u00ebsin\u00eb e Basenit t\u00eb Drinit n\u00eb jet\u00ebn e tyre t\u00eb p\u00ebrditshme dhe aktivitetin e tyre ekonomik, dhe t\u00eb organizojn\u00eb\u00a0s\u00eb bashku k\u00ebt\u00eb event t\u00eb madh festiv nd\u00ebrkufitar p\u00ebr t\u00eb theksuar r\u00ebnd\u00ebsin\u00eb e tij\u201d.<\/p>\n<p>\u201cDita e Drinit synon t\u00eb krijoj\u00eb nj\u00eb identitet t\u00eb p\u00ebrbashk\u00ebt n\u00eb komunitetet q\u00eb jetojn\u00eb n\u00eb k\u00ebtozona\u00a0si banor\u00ebt e Basenit t\u00eb Drinit, t\u00eb cil\u00ebt duhet t\u00eb rrisin bashk\u00ebpunimin nd\u00ebrkufitar, duke pasur parasysh natyr\u00ebn nd\u00ebrkufitare q\u00eb ka Baseni dhe sfidat e lidhura me mjedisin, si dhe vlerat e tij p\u00ebr njer\u00ebzit dhe ekosistemin\u201d,\u00a0thuhet n\u00eb\u00a0mesazhin e\u00a0Deutsche\u00a0Gesellschaft\u00a0f\u00fcr Internationale Zusammenarbeit (GIZ) GmbH, partneri kryesor p\u00ebr zhvillim n\u00eb Grupin Kryesues t\u00eb Drinit\u00a0(Drin Core Group) dhe ideuesi kryesor i Dit\u00ebs s\u00eb Drinit. \u201cKonservimi i lumit mund t\u00eb jet\u00eb i suksessh\u00ebm vet\u00ebm n\u00ebse vendet pjes\u00eb t\u00eb Basenit bashkohen n\u00eb kapacitete dhe p\u00ebrpjekje p\u00ebr t\u00eb shijuar s\u00eb bashku p\u00ebrfitimet dhe ndar\u00eb p\u00ebrgjegj\u00ebsit\u00eb e tyre.Synimi i Dit\u00ebs s\u00eb Drinit \u00ebsht\u00eb t\u00eb rris\u00eb nd\u00ebrgjegj\u00ebsimin se duke rritur pjes\u00ebmarrjen e shoq\u00ebris\u00eb civile p\u00ebrmes aktiviteteve edukuese \u201cme nj\u00eb buz\u00ebqeshje\u201d do t\u00eb sjell\u00eb nj\u00eb ndryshim n\u00eb sjellje n\u00eb drejtim t\u00eb mbrojtjes s\u00eb natyr\u00ebs\u201d.<\/p>\n<p>\u00c7anta e Drinit\u00a0e cila p\u00ebrmban materiale t\u00eb dobishme informuese dhe mjedisore mbi ekosistemin dhe mbrojtjen e uj\u00ebrave \u00ebsht\u00eb p\u00ebrgatitur dhe do ti shp\u00ebrndahet t\u00eb gjith\u00eb nx\u00ebn\u00ebsve dhe m\u00ebsuesve q\u00eb kan\u00eb qen\u00eb t\u00eb p\u00ebrfshir\u00eb n\u00eb planifikimin, koordinimin dhe organizimin e aktiviteteve t\u00eb Dit\u00ebs s\u00eb Drinit.\u00a0\u00c7ANTA E DRINIT do ti shp\u00ebrndahet edhe t\u00eb rinj\u00ebve q\u00eb do t\u00eb marrin pjes\u00eb n\u00eb aktivitete.<\/p>\n<p>M\u00eb 17 Maj, n\u00eb qytetin e Strug\u00ebs n\u00eb Liqenin e Ohrit do t\u00eb zhvillohet DRIM\u00a0ECO\u00a0FEST\u00a0q\u00eb synon t\u00eb \u00e7oj\u00eb p\u00ebrpara t\u00eb kuptuarit publik n\u00eb lidhje me mjedisin n\u00eb p\u00ebrgjith\u00ebsi \u2013 dhe specifikisht mbi pellgun uj\u00ebmbledh\u00ebs t\u00eb Drinit \u2013 duke u p\u00ebrq\u00ebndruar tek q\u00ebndrueshm\u00ebria e uj\u00ebrave, klima dhe trash\u00ebgimia kulturore nd\u00ebrkufitare. Kjo do t\u00eb arrihet p\u00ebrmes forc\u00ebs s\u00eb muzik\u00ebs, performanc\u00ebs, artizan\u00ebve, projekteve ekologjiko-artistike dhe aktiviteteve interaktive p\u00ebr f\u00ebmij\u00eb. Aktivitetet e festivalit p\u00ebrfshijn\u00eb: \u201cTakoni artist\u00ebt e Drinit\u201d n\u00eb Tregun e Artit; kompozimi i k\u00ebng\u00ebs ekologjike\u00a0\u201eI love green\u201c q\u00eb do t\u00eb interpretohet nga k\u00ebng\u00ebtar\u00eb nga Maqedonia dhe Shqip\u00ebria; krijimi dhe shfaqja e nj\u00eb loje teatrale, me nj\u00eb mesazh ekologjik p\u00ebr f\u00ebmij\u00ebt dhe t\u00eb rinjt\u00eb nga aktor\u00eb amator\u00eb nga Maqedonia\u00a0dhe Shqip\u00ebria; konkursfotografie\u00a0\u201cDita e Drinit, E Dua Planetin tim\u201d p\u00ebr shkollat tet\u00ebvje\u00e7are dhe\u00a0t\u00eb mesme frym\u00ebzuar nga\u00a0flora, fauna dhe natyra e Drinit; Pika informimi p\u00ebr \u201c\u00c7iklist\u00ebt Ekologjik\u00eb\u201d; tur me bi\u00e7ikleta p\u00ebr nd\u00ebrgjegj\u00ebsim p\u00ebrmes\u00a0qytetit t\u00eb Strug\u00eb; do tu m\u00ebsohet njer\u00ebzve mbi q\u00ebndrueshm\u00ebrin\u00eb dhe permakultur\u00ebn.<\/p>\n<p>N\u00eb zon\u00ebn e Drilonit n\u00eb Pogradec n\u00eb bregun e liqenit t\u00eb Pogradecit, Dita e Drinit do t\u00eb fokusohet n\u00eb edukimin e nx\u00ebn\u00ebsve t\u00eb shkollave dhe komunitetit n\u00eb p\u00ebrgjith\u00ebsi mbi historin\u00eb e lumit Drin, si dhe mbi nevoj\u00ebn p\u00ebr t\u2019u kujdesur p\u00ebr lumin, si nj\u00eb pasuri kulturore por dhe si nj\u00eb vler\u00eb p\u00ebr t\u00eb ardhmen.\u00a0Me moton &#8220;Driloni, t\u00eb jetosh n\u00eb paqe me natyr\u00ebn\u00a0&#8220;, pjes\u00ebmarr\u00ebsit do t\u00eb ndahen n\u00eb tre grupe dhe do t\u00eb mbajn\u00eb sesione informuese me fokuse t\u00eb ndryshme mbi Lumin e Drilonit, lumin e Drinit dhe restaurimin i Liqenit t\u00eb Pogradecit. Nd\u00ebr t\u00eb tjera do t\u00eb zhvillohet nj\u00eb tur me bi\u00e7ikleta i organizuar p\u00ebr grupet e t\u00eb rinjve n\u00eb rrug\u00ebn p\u00ebr n\u00eb burimin Drilon-Sh\u00ebn Naum-Drin. P\u00ebr f\u00ebmij\u00ebt e vegj\u00ebl do t\u00eb zhvillohet\u00a0loja\u00a0antike indiane\u00a0\u201cGjarp\u00ebrinj dhe shkall\u00eb\u201d, ku shiritat e gjarp\u00ebrinj\u00ebve do t\u00eb p\u00ebrfaq\u00ebsohen nga plehrat dhe mbeturinat kurse shkall\u00ebt p\u00ebrfaq\u00ebsojn\u00eb potencialin e lumit. Do t\u00eb ket\u00eb gjithashtu edhe nj\u00eb vizit\u00eb me vark\u00eb tek Kulla e Lumit, ku vizitor\u00ebt do t\u00eb ken\u00eb mund\u00ebsi t\u00eb shikojn\u00eb Projektin e Restaurimit t\u00eb Drilonit i mb\u00ebshtetur nga\u00a0GIZ. K\u00ebndi i \u201cPiktor\u00ebve t\u00eb vegj\u00ebl\u201d do t\u00eb jet\u00eb i mbushur me materiale p\u00ebr f\u00ebmij\u00ebt q\u00eb t\u00eb shprehin p\u00ebrshtypjet e tyre p\u00ebr Drinin, Drilonin dhe Liqenin e Pogradecit, nd\u00ebrkoh\u00eb q\u00eb komuniteti i zon\u00ebs, shoq\u00ebria civile dhe p\u00ebrfaq\u00ebsues t\u00eb sip\u00ebrmarrjeve lokale do t\u00eb ndajn\u00eb eksperiencat e tyre nga liqeni, q\u00eb do t\u00eb p\u00ebrdoren si material frym\u00ebzues nga student\u00ebt p\u00ebr t\u00eb shkruar ese mbi lumin Drin n\u00eb nj\u00eb konkurs unik letrar.\u00a0P\u00ebrmes bashkive t\u00eb\u00a0Pej\u00ebs, Gjakov\u00ebs dhe Prizrenit, n\u00eb Drinin e Bardh\u00eb\u00a0do t\u00eb mbahen nj\u00eb s\u00ebr\u00eb aktivitetesh, si konkurs pikture i shkollave\u00a0tet\u00ebvje\u00e7are dhe\u00a0t\u00eb mesme, fotografie dhe shkrim esesh\u00eb\u00a0t\u00eb frym\u00ebzuara nga Drini. M\u00eb pas nj\u00eb panair do t\u00eb hapet n\u00eb qytet n\u00eb Pej\u00eb, ku t\u00eb gjith\u00eb organizatat partnere do t\u00eb ken\u00eb mund\u00ebsin\u00eb t\u00eb tregojn\u00eb pun\u00ebn e tyre, nd\u00ebrkoh\u00eb q\u00eb do t\u00eb ket\u00eb\u00a0shfaqje muzikore dhe k\u00ebrcime nga ansamblet popullore lokale. M\u00eb tej do t\u00eb ket\u00eb ngjitje n\u00ebp\u00ebr shk\u00ebmbinj, nj\u00eb tur me bi\u00e7ikleta, aktivitete edukuese mbi lumin, si dhe nj\u00eb vizit\u00eb tek Instituti Hidro-meteorlogjik i Pej\u00ebs dhe nj\u00eb vizit\u00eb n\u00eb qendr\u00ebn e furnizimit me uj\u00eb n\u00eb Radvac p\u00ebr nx\u00ebn\u00ebsit e shkollave dhe t\u00eb rinjt\u00eb me p\u00ebrfaq\u00ebsues t\u00eb autoriteteve lokale, sportist\u00eb t\u00eb njohur dhe personalitete.<\/p>\n<p>N\u00eb Liqenin e Shkodr\u00ebs\u00a0pran\u00eb\u00a0qytetit t\u00eb Shkodr\u00ebs\u00a0do t\u00eb ket\u00eb nj\u00eb shfaqje teatrale\u00a0mbi \u201cR\u00ebnd\u00ebsin\u00eb e ruajtjes s\u00eb burimeve natyrore\u201d, e p\u00ebrgatitur nga nx\u00ebn\u00ebs t\u00eb shkollave t\u00eb mesme, si dhe nj\u00eb ekspozit\u00eb\/ konkurs mjedisor me foto, prezantime, vizatime dhe projekte t\u00eb zhvilluara nga nx\u00ebn\u00ebsit e shkollave t\u00eb mesme\u00a0t\u00eb zonave p\u00ebrreth.\u00a0Student\u00ebt kan\u00eb redaktuar, prodhuar dhe shp\u00ebrndar\u00eb nj\u00eb gazet\u00eb t\u00eb vog\u00ebl me k\u00ebshilla mbi mbrojten dhe konservimin e burimeve ujore.\u00a0Nj\u00eb panair do t\u00eb hapet me gastronomi lokale, artizan\u00eb, bim\u00eb medicinal dhe suvenire nga shoqata e bizneseve lokale dhe nj\u00ebkoh\u00ebsisht do t\u00eb b\u00ebhet prezantim i k\u00ebrcimit t\u00eb Ulqinit i njohur ndryshe dhe si \u201ck\u00ebrcimi i peshkatar\u00ebve\u201d me q\u00ebllim promovimin e vlerave t\u00eb tardit\u00ebs s\u00eb peshkimit.\u00a0Do t\u00eb ket\u00eb gjithashtu nj\u00eb tur me bi\u00e7ikleta i organizuar p\u00ebrgjat\u00eb bregut t\u00eb Liqenit\u00a0duke ndjekur rrug\u00ebn\u00a0Shkod\u00ebr-Shirok\u00eb-Fshati Zogaj, deri af\u00ebr Malit t\u00eb Zi, si dhe k\u00ebrcime aerobie pran\u00eb bregut t\u00eb Liqenit.<\/p>\n<p>N\u00eb bashkin\u00eb e Ulqinit n\u00eb n\u00ebnbasenin e Bun\u00ebs\u00a0dhe komunitetet p\u00ebrreth\u00a0tij do t\u00eb organizohen aktivitete p\u00ebr f\u00ebmij\u00eb t\u00eb shkollave fillore, si seri seminaresh\u00a0n\u00eb zon\u00ebn e Bun\u00ebs p\u00ebr t\u00eb b\u00ebr\u00eb m\u00eb t\u00eb kuptueshme vler\u00ebn e Basenit t\u00eb zgjeruar t\u00eb Lumit Drin, p\u00ebrdorimin e q\u00ebndruesh\u00ebm t\u00eb tij dhe \u00e7\u00ebshtjet mjedisore. Seminari do t\u00eb p\u00ebrfshij\u00eb dhe nj\u00eb konkurs pikture dhe ekspozit\u00eb. P\u00ebr m\u00eb tep\u00ebr\u00a0do t\u00eb ket\u00eb dhe nj\u00eb lundrim me varka dhe kajak n\u00eb lumin e Bun\u00ebs, nj\u00eb panair p\u00ebr bujq\u00ebsin\u00eb e\u00a0q\u00ebndrueshme dhe produkte lokale si dhe shfaqje eksperimtentesh\/ ushtrimesh.<\/p>\n<p><strong>Gazeta 24 or\u00eb<\/strong><\/p>\n","protected":false},"excerpt":{"rendered":"<p>Athina, Podgorica, Prishtina, Shkupi, Tirana, 17 Maj 2014\u00a0\u2013 P\u00ebr her\u00eb\u00a0t\u00eb\u00a0par\u00ebfestohet Dita e Drinit sot m\u00eb,\u00a017 Maj 2014, n\u00eb\u00a0nj\u00eb\u00a0s\u00ebr\u00eb\u00a0vendesh p\u00ebrgjat\u00ebbasenit t\u00eb Drinit, nga liqeni i Ohrit deri n\u00eb gryk\u00ebderdhjen Bun\u00ebs n\u00eb brigjet e detit Adriatik. Objektivi i p\u00ebrbashk\u00ebt i k\u00ebsaj nisme \u00ebsht\u00eb t\u00eb sensibilizoj\u00eb dhe edukoj\u00eb komunitetin e k\u00ebtyre zonave, me fokus brezin e ri duke [&hellip;]<\/p>\n","protected":false},"author":1,"featured_media":0,"comment_status":"closed","ping_status":"closed","sticky":false,"template":"","format":"standard","meta":{"spay_email":"","jetpack_publicize_message":"","jetpack_is_tweetstorm":false,"jetpack_publicize_feature_enabled":true},"categories":[12],"tags":[],"jetpack_publicize_connections":[],"yoast_head":"<!-- This site is optimized with the Yoast SEO plugin v19.1 - https:\/\/yoast.com\/wordpress\/plugins\/seo\/ -->\n<title>Beseni i Drinit bashkon pes\u00eb vende - Lajme nga Ulqini<\/title>\n<meta name=\"description\" content=\"Athina, Podgorica, Prishtina, Shkupi, Tirana, 17 Maj 2014\u00a0\u2013 P\u00ebr her\u00eb\u00a0t\u00eb\u00a0par\u00ebfestohet Dita e Drinit sot m\u00eb,\u00a017 Maj 2014, n\u00eb\u00a0nj\u00eb\u00a0s\u00ebr\u00eb\u00a0vendesh\" \/>\n<meta name=\"robots\" content=\"index, follow, max-snippet:-1, max-image-preview:large, max-video-preview:-1\" \/>\n<link rel=\"canonical\" href=\"https:\/\/www.visit-ulcinj.com\/blog\/2014\/05\/20\/beseni-drinit-bashkon-pese-vende\/\" \/>\n<meta property=\"og:locale\" content=\"en_US\" \/>\n<meta property=\"og:type\" content=\"article\" \/>\n<meta property=\"og:title\" content=\"Beseni i Drinit bashkon pes\u00eb vende - Lajme nga Ulqini\" \/>\n<meta property=\"og:description\" content=\"Athina, Podgorica, Prishtina, Shkupi, Tirana, 17 Maj 2014\u00a0\u2013 P\u00ebr her\u00eb\u00a0t\u00eb\u00a0par\u00ebfestohet Dita e Drinit sot m\u00eb,\u00a017 Maj 2014, n\u00eb\u00a0nj\u00eb\u00a0s\u00ebr\u00eb\u00a0vendesh\" \/>\n<meta property=\"og:url\" content=\"https:\/\/www.visit-ulcinj.com\/blog\/2014\/05\/20\/beseni-drinit-bashkon-pese-vende\/\" \/>\n<meta property=\"og:site_name\" content=\"Lajme nga Ulqini\" \/>\n<meta property=\"article:published_time\" content=\"2014-05-20T05:41:46+00:00\" \/>\n<meta property=\"og:image\" content=\"http:\/\/www.visit-ulcinj.com\/blog\/wp-content\/uploads\/2014\/05\/dialogu_i_drinit_planifikohet_.jpg\" \/>\n<meta name=\"twitter:label1\" content=\"Written by\" \/>\n\t<meta name=\"twitter:data1\" content=\"ulqini\" \/>\n\t<meta name=\"twitter:label2\" content=\"Est. reading time\" \/>\n\t<meta name=\"twitter:data2\" content=\"8 minutes\" \/>\n<script type=\"application\/ld+json\" class=\"yoast-schema-graph\">{\"@context\":\"https:\/\/schema.org\",\"@graph\":[{\"@type\":\"WebSite\",\"@id\":\"https:\/\/www.visit-ulcinj.com\/blog\/#website\",\"url\":\"https:\/\/www.visit-ulcinj.com\/blog\/\",\"name\":\"Lajme nga Ulqini\",\"description\":\"Lajme,Vijesti,Ulqini,Ulqin,Crna Gora,Mali i Zi\",\"potentialAction\":[{\"@type\":\"SearchAction\",\"target\":{\"@type\":\"EntryPoint\",\"urlTemplate\":\"https:\/\/www.visit-ulcinj.com\/blog\/?s={search_term_string}\"},\"query-input\":\"required name=search_term_string\"}],\"inLanguage\":\"en-US\"},{\"@type\":\"ImageObject\",\"inLanguage\":\"en-US\",\"@id\":\"https:\/\/www.visit-ulcinj.com\/blog\/2014\/05\/20\/beseni-drinit-bashkon-pese-vende\/#primaryimage\",\"url\":\"https:\/\/www.visit-ulcinj.com\/blog\/wp-content\/uploads\/2014\/05\/dialogu_i_drinit_planifikohet_.jpg\",\"contentUrl\":\"https:\/\/www.visit-ulcinj.com\/blog\/wp-content\/uploads\/2014\/05\/dialogu_i_drinit_planifikohet_.jpg\",\"width\":640,\"height\":237},{\"@type\":\"WebPage\",\"@id\":\"https:\/\/www.visit-ulcinj.com\/blog\/2014\/05\/20\/beseni-drinit-bashkon-pese-vende\/#webpage\",\"url\":\"https:\/\/www.visit-ulcinj.com\/blog\/2014\/05\/20\/beseni-drinit-bashkon-pese-vende\/\",\"name\":\"Beseni i Drinit bashkon pes\u00eb vende - Lajme nga Ulqini\",\"isPartOf\":{\"@id\":\"https:\/\/www.visit-ulcinj.com\/blog\/#website\"},\"primaryImageOfPage\":{\"@id\":\"https:\/\/www.visit-ulcinj.com\/blog\/2014\/05\/20\/beseni-drinit-bashkon-pese-vende\/#primaryimage\"},\"datePublished\":\"2014-05-20T05:41:46+00:00\",\"dateModified\":\"2014-05-20T05:41:46+00:00\",\"author\":{\"@id\":\"https:\/\/www.visit-ulcinj.com\/blog\/#\/schema\/person\/dcab619c614d3038751c63bc2aadc06d\"},\"description\":\"Athina, Podgorica, Prishtina, Shkupi, Tirana, 17 Maj 2014\u00a0\u2013 P\u00ebr her\u00eb\u00a0t\u00eb\u00a0par\u00ebfestohet Dita e Drinit sot m\u00eb,\u00a017 Maj 2014, n\u00eb\u00a0nj\u00eb\u00a0s\u00ebr\u00eb\u00a0vendesh\",\"breadcrumb\":{\"@id\":\"https:\/\/www.visit-ulcinj.com\/blog\/2014\/05\/20\/beseni-drinit-bashkon-pese-vende\/#breadcrumb\"},\"inLanguage\":\"en-US\",\"potentialAction\":[{\"@type\":\"ReadAction\",\"target\":[\"https:\/\/www.visit-ulcinj.com\/blog\/2014\/05\/20\/beseni-drinit-bashkon-pese-vende\/\"]}]},{\"@type\":\"BreadcrumbList\",\"@id\":\"https:\/\/www.visit-ulcinj.com\/blog\/2014\/05\/20\/beseni-drinit-bashkon-pese-vende\/#breadcrumb\",\"itemListElement\":[{\"@type\":\"ListItem\",\"position\":1,\"name\":\"Beseni i Drinit bashkon pes\u00eb vende\"}]},{\"@type\":\"Person\",\"@id\":\"https:\/\/www.visit-ulcinj.com\/blog\/#\/schema\/person\/dcab619c614d3038751c63bc2aadc06d\",\"name\":\"ulqini\",\"sameAs\":[\"http:\/\/www.visit-ulcinj.com\"],\"url\":\"https:\/\/www.visit-ulcinj.com\/blog\/author\/admin\/\"}]}<\/script>\n<!-- \/ Yoast SEO plugin. -->","yoast_head_json":{"title":"Beseni i Drinit bashkon pes\u00eb vende - Lajme nga Ulqini","description":"Athina, Podgorica, Prishtina, Shkupi, Tirana, 17 Maj 2014\u00a0\u2013 P\u00ebr her\u00eb\u00a0t\u00eb\u00a0par\u00ebfestohet Dita e Drinit sot m\u00eb,\u00a017 Maj 2014, n\u00eb\u00a0nj\u00eb\u00a0s\u00ebr\u00eb\u00a0vendesh","robots":{"index":"index","follow":"follow","max-snippet":"max-snippet:-1","max-image-preview":"max-image-preview:large","max-video-preview":"max-video-preview:-1"},"canonical":"https:\/\/www.visit-ulcinj.com\/blog\/2014\/05\/20\/beseni-drinit-bashkon-pese-vende\/","og_locale":"en_US","og_type":"article","og_title":"Beseni i Drinit bashkon pes\u00eb vende - Lajme nga Ulqini","og_description":"Athina, Podgorica, Prishtina, Shkupi, Tirana, 17 Maj 2014\u00a0\u2013 P\u00ebr her\u00eb\u00a0t\u00eb\u00a0par\u00ebfestohet Dita e Drinit sot m\u00eb,\u00a017 Maj 2014, n\u00eb\u00a0nj\u00eb\u00a0s\u00ebr\u00eb\u00a0vendesh","og_url":"https:\/\/www.visit-ulcinj.com\/blog\/2014\/05\/20\/beseni-drinit-bashkon-pese-vende\/","og_site_name":"Lajme nga Ulqini","article_published_time":"2014-05-20T05:41:46+00:00","og_image":[{"url":"http:\/\/www.visit-ulcinj.com\/blog\/wp-content\/uploads\/2014\/05\/dialogu_i_drinit_planifikohet_.jpg"}],"twitter_misc":{"Written by":"ulqini","Est. reading time":"8 minutes"},"schema":{"@context":"https:\/\/schema.org","@graph":[{"@type":"WebSite","@id":"https:\/\/www.visit-ulcinj.com\/blog\/#website","url":"https:\/\/www.visit-ulcinj.com\/blog\/","name":"Lajme nga Ulqini","description":"Lajme,Vijesti,Ulqini,Ulqin,Crna Gora,Mali i Zi","potentialAction":[{"@type":"SearchAction","target":{"@type":"EntryPoint","urlTemplate":"https:\/\/www.visit-ulcinj.com\/blog\/?s={search_term_string}"},"query-input":"required name=search_term_string"}],"inLanguage":"en-US"},{"@type":"ImageObject","inLanguage":"en-US","@id":"https:\/\/www.visit-ulcinj.com\/blog\/2014\/05\/20\/beseni-drinit-bashkon-pese-vende\/#primaryimage","url":"https:\/\/www.visit-ulcinj.com\/blog\/wp-content\/uploads\/2014\/05\/dialogu_i_drinit_planifikohet_.jpg","contentUrl":"https:\/\/www.visit-ulcinj.com\/blog\/wp-content\/uploads\/2014\/05\/dialogu_i_drinit_planifikohet_.jpg","width":640,"height":237},{"@type":"WebPage","@id":"https:\/\/www.visit-ulcinj.com\/blog\/2014\/05\/20\/beseni-drinit-bashkon-pese-vende\/#webpage","url":"https:\/\/www.visit-ulcinj.com\/blog\/2014\/05\/20\/beseni-drinit-bashkon-pese-vende\/","name":"Beseni i Drinit bashkon pes\u00eb vende - Lajme nga Ulqini","isPartOf":{"@id":"https:\/\/www.visit-ulcinj.com\/blog\/#website"},"primaryImageOfPage":{"@id":"https:\/\/www.visit-ulcinj.com\/blog\/2014\/05\/20\/beseni-drinit-bashkon-pese-vende\/#primaryimage"},"datePublished":"2014-05-20T05:41:46+00:00","dateModified":"2014-05-20T05:41:46+00:00","author":{"@id":"https:\/\/www.visit-ulcinj.com\/blog\/#\/schema\/person\/dcab619c614d3038751c63bc2aadc06d"},"description":"Athina, Podgorica, Prishtina, Shkupi, Tirana, 17 Maj 2014\u00a0\u2013 P\u00ebr her\u00eb\u00a0t\u00eb\u00a0par\u00ebfestohet Dita e Drinit sot m\u00eb,\u00a017 Maj 2014, n\u00eb\u00a0nj\u00eb\u00a0s\u00ebr\u00eb\u00a0vendesh","breadcrumb":{"@id":"https:\/\/www.visit-ulcinj.com\/blog\/2014\/05\/20\/beseni-drinit-bashkon-pese-vende\/#breadcrumb"},"inLanguage":"en-US","potentialAction":[{"@type":"ReadAction","target":["https:\/\/www.visit-ulcinj.com\/blog\/2014\/05\/20\/beseni-drinit-bashkon-pese-vende\/"]}]},{"@type":"BreadcrumbList","@id":"https:\/\/www.visit-ulcinj.com\/blog\/2014\/05\/20\/beseni-drinit-bashkon-pese-vende\/#breadcrumb","itemListElement":[{"@type":"ListItem","position":1,"name":"Beseni i Drinit bashkon pes\u00eb vende"}]},{"@type":"Person","@id":"https:\/\/www.visit-ulcinj.com\/blog\/#\/schema\/person\/dcab619c614d3038751c63bc2aadc06d","name":"ulqini","sameAs":["http:\/\/www.visit-ulcinj.com"],"url":"https:\/\/www.visit-ulcinj.com\/blog\/author\/admin\/"}]}},"jetpack_featured_media_url":"","jetpack_sharing_enabled":true,"jetpack_shortlink":"https:\/\/wp.me\/pe6lTn-lpP","_links":{"self":[{"href":"https:\/\/www.visit-ulcinj.com\/blog\/wp-json\/wp\/v2\/posts\/82325"}],"collection":[{"href":"https:\/\/www.visit-ulcinj.com\/blog\/wp-json\/wp\/v2\/posts"}],"about":[{"href":"https:\/\/www.visit-ulcinj.com\/blog\/wp-json\/wp\/v2\/types\/post"}],"author":[{"embeddable":true,"href":"https:\/\/www.visit-ulcinj.com\/blog\/wp-json\/wp\/v2\/users\/1"}],"replies":[{"embeddable":true,"href":"https:\/\/www.visit-ulcinj.com\/blog\/wp-json\/wp\/v2\/comments?post=82325"}],"version-history":[{"count":1,"href":"https:\/\/www.visit-ulcinj.com\/blog\/wp-json\/wp\/v2\/posts\/82325\/revisions"}],"predecessor-version":[{"id":82327,"href":"https:\/\/www.visit-ulcinj.com\/blog\/wp-json\/wp\/v2\/posts\/82325\/revisions\/82327"}],"wp:attachment":[{"href":"https:\/\/www.visit-ulcinj.com\/blog\/wp-json\/wp\/v2\/media?parent=82325"}],"wp:term":[{"taxonomy":"category","embeddable":true,"href":"https:\/\/www.visit-ulcinj.com\/blog\/wp-json\/wp\/v2\/categories?post=82325"},{"taxonomy":"post_tag","embeddable":true,"href":"https:\/\/www.visit-ulcinj.com\/blog\/wp-json\/wp\/v2\/tags?post=82325"}],"curies":[{"name":"wp","href":"https:\/\/api.w.org\/{rel}","templated":true}]}}