{"id":82328,"date":"2014-05-20T06:53:03","date_gmt":"2014-05-20T05:53:03","guid":{"rendered":"http:\/\/www.visit-ulcinj.com\/blog\/?p=82328"},"modified":"2014-05-20T06:53:03","modified_gmt":"2014-05-20T05:53:03","slug":"exclusive-ndarja-e-dyte-e-malesise-video","status":"publish","type":"post","link":"https:\/\/www.visit-ulcinj.com\/blog\/2014\/05\/20\/exclusive-ndarja-e-dyte-e-malesise-video\/","title":{"rendered":"Exclusive: Ndarja e dyt\u00eb e Mal\u00ebsis\u00eb (VIDEO)"},"content":{"rendered":"<p><a href=\"http:\/\/www.visit-ulcinj.com\/blog\/wp-content\/uploads\/2014\/05\/Exclusive-Ndarja-e-dyt\u00eb-e-Mal\u00ebsis\u00eb.jpg\"><img loading=\"lazy\" class=\"alignleft  wp-image-82329\" alt=\"Exclusive-Ndarja e dyt\u00eb e Mal\u00ebsis\u00eb\" src=\"http:\/\/www.visit-ulcinj.com\/blog\/wp-content\/uploads\/2014\/05\/Exclusive-Ndarja-e-dyt\u00eb-e-Mal\u00ebsis\u00eb.jpg\" width=\"508\" height=\"360\" \/><\/a>Politika shqiptare n\u00eb Mal\u00ebsi, e p\u00ebrqendruar n\u00eb kryeqendr\u00ebn e saj, Tuzin \u00ebsht\u00eb sa e v\u00ebshtir\u00eb, po aq edhe e thjesht\u00eb p\u00ebr t\u2019u analizuar.<\/p>\n<p>E v\u00ebshtir\u00eb sepse kudo ku militojn\u00eb partit\u00eb shqiptare ka konflikte t\u00eb forta, p\u00ebrballje dhe l\u00ebvizje t\u00eb paralajm\u00ebruara apo surpriza t\u00eb momentit t\u00eb fundit e n\u00eb t\u00eb nj\u00ebjt\u00ebn koh\u00eb e thjesht sepse rezultati \u00ebsht\u00eb gjithmon\u00eb i nj\u00ebjt\u00eb, asnj\u00eb premtim i mbajtur dhe politikan z\u00eb holl\u00eb n\u00eb k\u00ebrkesat e tyre p\u00ebr komunitetin e shqiptar\u00ebve.<\/p>\n<p>Koalicioni i par\u00eb p\u00ebrfshin partin\u00eb e Kryeministrit Gjukanovi\u00e7, Partin\u00eb Unioni Demokratik Shqiptar e Met Zenk\u00ebs, Lista p\u00ebr Tuzin, nj\u00eb tjet\u00ebr parti shqiptare dhe Partia e Boshnjak\u00ebve.<\/p>\n<p>Koalicioni i dyt\u00eb apo i ashtuquajturi koalicioni i shqiptar\u00ebve, i cili p\u00ebrb\u00ebhet nga Partia Alternativa Shqiptare dhe Iniciativa Qytetare. Grupimi i tret\u00eb shikon t\u00eb pozicionuar dhe t\u00eb vetme Lidhjen Demokratike t\u00eb Malit t\u00eb Zi, nj\u00eb tjet\u00ebr parti shqiptare. N\u00eb tre k\u00ebto koalicione do t\u00eb garojn\u00eb 5 parti shqiptare, nd\u00ebrkoh\u00eb n\u00eb zgjedhje marrin pjes\u00eb edhe 2 koalicione t\u00eb tjera edhe n\u00eb ato parti nuk mungojn\u00eb shqiptar\u00ebt.<\/p>\n<p>Sikur t\u00eb mos ju mjaftonte ndarja t\u00ebr\u00ebsore politike, shqiptar\u00ebt kan\u00eb r\u00ebn\u00eb pre edhe t\u00eb nj\u00eb ndarje fetare e kjo dallohet leht\u00ebsisht n\u00eb grupime t\u00eb caktuara dhe q\u00eb p\u00ebrb\u00ebn nj\u00eb problem m\u00eb t\u00eb madh se \u00e7do gj\u00eb tjet\u00ebr n\u00eb k\u00ebt\u00eb zon\u00eb. \/TOP CHANNEL\/<\/p>\n<!--YouTube Error: bad URL entered-->\n<!--YouTube Error: bad URL entered-->\n","protected":false},"excerpt":{"rendered":"<p>Politika shqiptare n\u00eb Mal\u00ebsi, e p\u00ebrqendruar n\u00eb kryeqendr\u00ebn e saj, Tuzin \u00ebsht\u00eb sa e v\u00ebshtir\u00eb, po aq edhe e thjesht\u00eb p\u00ebr t\u2019u analizuar. E v\u00ebshtir\u00eb sepse kudo ku militojn\u00eb partit\u00eb shqiptare ka konflikte t\u00eb forta, p\u00ebrballje dhe l\u00ebvizje t\u00eb paralajm\u00ebruara apo surpriza t\u00eb momentit t\u00eb fundit e n\u00eb t\u00eb nj\u00ebjt\u00ebn koh\u00eb e thjesht sepse rezultati [&hellip;]<\/p>\n","protected":false},"author":1,"featured_media":0,"comment_status":"closed","ping_status":"closed","sticky":false,"template":"","format":"standard","meta":{"spay_email":"","jetpack_publicize_message":"","jetpack_is_tweetstorm":false,"jetpack_publicize_feature_enabled":true},"categories":[14],"tags":[],"jetpack_publicize_connections":[],"yoast_head":"<!-- This site is optimized with the Yoast SEO plugin v19.1 - https:\/\/yoast.com\/wordpress\/plugins\/seo\/ -->\n<title>Exclusive: Ndarja e dyt\u00eb e Mal\u00ebsis\u00eb (VIDEO) - Lajme nga Ulqini<\/title>\n<meta name=\"description\" content=\"Politika shqiptare n\u00eb Mal\u00ebsi, e p\u00ebrqendruar n\u00eb kryeqendr\u00ebn e saj, Tuzin \u00ebsht\u00eb sa e v\u00ebshtir\u00eb, po aq edhe e thjesht\u00eb p\u00ebr t\u2019u analizuar. E v\u00ebshtir\u00eb sepse\" \/>\n<meta name=\"robots\" content=\"index, follow, max-snippet:-1, max-image-preview:large, max-video-preview:-1\" \/>\n<link rel=\"canonical\" href=\"https:\/\/www.visit-ulcinj.com\/blog\/2014\/05\/20\/exclusive-ndarja-e-dyte-e-malesise-video\/\" \/>\n<meta property=\"og:locale\" content=\"en_US\" \/>\n<meta property=\"og:type\" content=\"article\" \/>\n<meta property=\"og:title\" content=\"Exclusive: Ndarja e dyt\u00eb e Mal\u00ebsis\u00eb (VIDEO) - Lajme nga Ulqini\" \/>\n<meta property=\"og:description\" content=\"Politika shqiptare n\u00eb Mal\u00ebsi, e p\u00ebrqendruar n\u00eb kryeqendr\u00ebn e saj, Tuzin \u00ebsht\u00eb sa e v\u00ebshtir\u00eb, po aq edhe e thjesht\u00eb p\u00ebr t\u2019u analizuar. E v\u00ebshtir\u00eb sepse\" \/>\n<meta property=\"og:url\" content=\"https:\/\/www.visit-ulcinj.com\/blog\/2014\/05\/20\/exclusive-ndarja-e-dyte-e-malesise-video\/\" \/>\n<meta property=\"og:site_name\" content=\"Lajme nga Ulqini\" \/>\n<meta property=\"article:published_time\" content=\"2014-05-20T05:53:03+00:00\" \/>\n<meta name=\"twitter:label1\" content=\"Written by\" \/>\n\t<meta name=\"twitter:data1\" content=\"ulqini\" \/>\n\t<meta name=\"twitter:label2\" content=\"Est. reading time\" \/>\n\t<meta name=\"twitter:data2\" content=\"1 minute\" \/>\n<script type=\"application\/ld+json\" class=\"yoast-schema-graph\">{\"@context\":\"https:\/\/schema.org\",\"@graph\":[{\"@type\":\"WebSite\",\"@id\":\"https:\/\/www.visit-ulcinj.com\/blog\/#website\",\"url\":\"https:\/\/www.visit-ulcinj.com\/blog\/\",\"name\":\"Lajme nga Ulqini\",\"description\":\"Lajme,Vijesti,Ulqini,Ulqin,Crna Gora,Mali i Zi\",\"potentialAction\":[{\"@type\":\"SearchAction\",\"target\":{\"@type\":\"EntryPoint\",\"urlTemplate\":\"https:\/\/www.visit-ulcinj.com\/blog\/?s={search_term_string}\"},\"query-input\":\"required name=search_term_string\"}],\"inLanguage\":\"en-US\"},{\"@type\":\"WebPage\",\"@id\":\"https:\/\/www.visit-ulcinj.com\/blog\/2014\/05\/20\/exclusive-ndarja-e-dyte-e-malesise-video\/#webpage\",\"url\":\"https:\/\/www.visit-ulcinj.com\/blog\/2014\/05\/20\/exclusive-ndarja-e-dyte-e-malesise-video\/\",\"name\":\"Exclusive: Ndarja e dyt\u00eb e Mal\u00ebsis\u00eb (VIDEO) - Lajme nga Ulqini\",\"isPartOf\":{\"@id\":\"https:\/\/www.visit-ulcinj.com\/blog\/#website\"},\"datePublished\":\"2014-05-20T05:53:03+00:00\",\"dateModified\":\"2014-05-20T05:53:03+00:00\",\"author\":{\"@id\":\"https:\/\/www.visit-ulcinj.com\/blog\/#\/schema\/person\/dcab619c614d3038751c63bc2aadc06d\"},\"description\":\"Politika shqiptare n\u00eb Mal\u00ebsi, e p\u00ebrqendruar n\u00eb kryeqendr\u00ebn e saj, Tuzin \u00ebsht\u00eb sa e v\u00ebshtir\u00eb, po aq edhe e thjesht\u00eb p\u00ebr t\u2019u analizuar. E v\u00ebshtir\u00eb sepse\",\"breadcrumb\":{\"@id\":\"https:\/\/www.visit-ulcinj.com\/blog\/2014\/05\/20\/exclusive-ndarja-e-dyte-e-malesise-video\/#breadcrumb\"},\"inLanguage\":\"en-US\",\"potentialAction\":[{\"@type\":\"ReadAction\",\"target\":[\"https:\/\/www.visit-ulcinj.com\/blog\/2014\/05\/20\/exclusive-ndarja-e-dyte-e-malesise-video\/\"]}]},{\"@type\":\"BreadcrumbList\",\"@id\":\"https:\/\/www.visit-ulcinj.com\/blog\/2014\/05\/20\/exclusive-ndarja-e-dyte-e-malesise-video\/#breadcrumb\",\"itemListElement\":[{\"@type\":\"ListItem\",\"position\":1,\"name\":\"Exclusive: Ndarja e dyt\u00eb e Mal\u00ebsis\u00eb (VIDEO)\"}]},{\"@type\":\"Person\",\"@id\":\"https:\/\/www.visit-ulcinj.com\/blog\/#\/schema\/person\/dcab619c614d3038751c63bc2aadc06d\",\"name\":\"ulqini\",\"sameAs\":[\"http:\/\/www.visit-ulcinj.com\"],\"url\":\"https:\/\/www.visit-ulcinj.com\/blog\/author\/admin\/\"}]}<\/script>\n<!-- \/ Yoast SEO plugin. -->","yoast_head_json":{"title":"Exclusive: Ndarja e dyt\u00eb e Mal\u00ebsis\u00eb (VIDEO) - Lajme nga Ulqini","description":"Politika shqiptare n\u00eb Mal\u00ebsi, e p\u00ebrqendruar n\u00eb kryeqendr\u00ebn e saj, Tuzin \u00ebsht\u00eb sa e v\u00ebshtir\u00eb, po aq edhe e thjesht\u00eb p\u00ebr t\u2019u analizuar. E v\u00ebshtir\u00eb sepse","robots":{"index":"index","follow":"follow","max-snippet":"max-snippet:-1","max-image-preview":"max-image-preview:large","max-video-preview":"max-video-preview:-1"},"canonical":"https:\/\/www.visit-ulcinj.com\/blog\/2014\/05\/20\/exclusive-ndarja-e-dyte-e-malesise-video\/","og_locale":"en_US","og_type":"article","og_title":"Exclusive: Ndarja e dyt\u00eb e Mal\u00ebsis\u00eb (VIDEO) - Lajme nga Ulqini","og_description":"Politika shqiptare n\u00eb Mal\u00ebsi, e p\u00ebrqendruar n\u00eb kryeqendr\u00ebn e saj, Tuzin \u00ebsht\u00eb sa e v\u00ebshtir\u00eb, po aq edhe e thjesht\u00eb p\u00ebr t\u2019u analizuar. E v\u00ebshtir\u00eb sepse","og_url":"https:\/\/www.visit-ulcinj.com\/blog\/2014\/05\/20\/exclusive-ndarja-e-dyte-e-malesise-video\/","og_site_name":"Lajme nga Ulqini","article_published_time":"2014-05-20T05:53:03+00:00","twitter_misc":{"Written by":"ulqini","Est. reading time":"1 minute"},"schema":{"@context":"https:\/\/schema.org","@graph":[{"@type":"WebSite","@id":"https:\/\/www.visit-ulcinj.com\/blog\/#website","url":"https:\/\/www.visit-ulcinj.com\/blog\/","name":"Lajme nga Ulqini","description":"Lajme,Vijesti,Ulqini,Ulqin,Crna Gora,Mali i Zi","potentialAction":[{"@type":"SearchAction","target":{"@type":"EntryPoint","urlTemplate":"https:\/\/www.visit-ulcinj.com\/blog\/?s={search_term_string}"},"query-input":"required name=search_term_string"}],"inLanguage":"en-US"},{"@type":"WebPage","@id":"https:\/\/www.visit-ulcinj.com\/blog\/2014\/05\/20\/exclusive-ndarja-e-dyte-e-malesise-video\/#webpage","url":"https:\/\/www.visit-ulcinj.com\/blog\/2014\/05\/20\/exclusive-ndarja-e-dyte-e-malesise-video\/","name":"Exclusive: Ndarja e dyt\u00eb e Mal\u00ebsis\u00eb (VIDEO) - Lajme nga Ulqini","isPartOf":{"@id":"https:\/\/www.visit-ulcinj.com\/blog\/#website"},"datePublished":"2014-05-20T05:53:03+00:00","dateModified":"2014-05-20T05:53:03+00:00","author":{"@id":"https:\/\/www.visit-ulcinj.com\/blog\/#\/schema\/person\/dcab619c614d3038751c63bc2aadc06d"},"description":"Politika shqiptare n\u00eb Mal\u00ebsi, e p\u00ebrqendruar n\u00eb kryeqendr\u00ebn e saj, Tuzin \u00ebsht\u00eb sa e v\u00ebshtir\u00eb, po aq edhe e thjesht\u00eb p\u00ebr t\u2019u analizuar. E v\u00ebshtir\u00eb sepse","breadcrumb":{"@id":"https:\/\/www.visit-ulcinj.com\/blog\/2014\/05\/20\/exclusive-ndarja-e-dyte-e-malesise-video\/#breadcrumb"},"inLanguage":"en-US","potentialAction":[{"@type":"ReadAction","target":["https:\/\/www.visit-ulcinj.com\/blog\/2014\/05\/20\/exclusive-ndarja-e-dyte-e-malesise-video\/"]}]},{"@type":"BreadcrumbList","@id":"https:\/\/www.visit-ulcinj.com\/blog\/2014\/05\/20\/exclusive-ndarja-e-dyte-e-malesise-video\/#breadcrumb","itemListElement":[{"@type":"ListItem","position":1,"name":"Exclusive: Ndarja e dyt\u00eb e Mal\u00ebsis\u00eb (VIDEO)"}]},{"@type":"Person","@id":"https:\/\/www.visit-ulcinj.com\/blog\/#\/schema\/person\/dcab619c614d3038751c63bc2aadc06d","name":"ulqini","sameAs":["http:\/\/www.visit-ulcinj.com"],"url":"https:\/\/www.visit-ulcinj.com\/blog\/author\/admin\/"}]}},"jetpack_featured_media_url":"","jetpack_sharing_enabled":true,"jetpack_shortlink":"https:\/\/wp.me\/pe6lTn-lpS","_links":{"self":[{"href":"https:\/\/www.visit-ulcinj.com\/blog\/wp-json\/wp\/v2\/posts\/82328"}],"collection":[{"href":"https:\/\/www.visit-ulcinj.com\/blog\/wp-json\/wp\/v2\/posts"}],"about":[{"href":"https:\/\/www.visit-ulcinj.com\/blog\/wp-json\/wp\/v2\/types\/post"}],"author":[{"embeddable":true,"href":"https:\/\/www.visit-ulcinj.com\/blog\/wp-json\/wp\/v2\/users\/1"}],"replies":[{"embeddable":true,"href":"https:\/\/www.visit-ulcinj.com\/blog\/wp-json\/wp\/v2\/comments?post=82328"}],"version-history":[{"count":1,"href":"https:\/\/www.visit-ulcinj.com\/blog\/wp-json\/wp\/v2\/posts\/82328\/revisions"}],"predecessor-version":[{"id":82330,"href":"https:\/\/www.visit-ulcinj.com\/blog\/wp-json\/wp\/v2\/posts\/82328\/revisions\/82330"}],"wp:attachment":[{"href":"https:\/\/www.visit-ulcinj.com\/blog\/wp-json\/wp\/v2\/media?parent=82328"}],"wp:term":[{"taxonomy":"category","embeddable":true,"href":"https:\/\/www.visit-ulcinj.com\/blog\/wp-json\/wp\/v2\/categories?post=82328"},{"taxonomy":"post_tag","embeddable":true,"href":"https:\/\/www.visit-ulcinj.com\/blog\/wp-json\/wp\/v2\/tags?post=82328"}],"curies":[{"name":"wp","href":"https:\/\/api.w.org\/{rel}","templated":true}]}}