{"id":82351,"date":"2014-05-20T17:34:29","date_gmt":"2014-05-20T16:34:29","guid":{"rendered":"http:\/\/www.visit-ulcinj.com\/blog\/?p=82351"},"modified":"2014-05-20T17:34:29","modified_gmt":"2014-05-20T16:34:29","slug":"fatmir-gjeka-uroi-te-gjithe-qytetareve-te-ulqinit-21-majin-diten-e-pavaresise-se-malit-te-zi","status":"publish","type":"post","link":"https:\/\/www.visit-ulcinj.com\/blog\/2014\/05\/20\/fatmir-gjeka-uroi-te-gjithe-qytetareve-te-ulqinit-21-majin-diten-e-pavaresise-se-malit-te-zi\/","title":{"rendered":"Fatmir Gjeka uroi t\u00eb gjith\u00eb qytetar\u00ebve t\u00eb Ulqinit 21 majin, Dit\u00ebn e pavar\u00ebsis\u00eb s\u00eb Malit t\u00eb Zi"},"content":{"rendered":"<p><a href=\"http:\/\/www.visit-ulcinj.com\/blog\/wp-content\/uploads\/2014\/03\/Fatmir-Gjeka-kryetari-ulqinit.jpg\"><img loading=\"lazy\" class=\"alignleft  wp-image-80702\" alt=\"Fatmir-Gjeka-kryetari-ulqinit\" src=\"http:\/\/www.visit-ulcinj.com\/blog\/wp-content\/uploads\/2014\/03\/Fatmir-Gjeka-kryetari-ulqinit.jpg\" width=\"508\" height=\"360\" \/><\/a>Kryetari i komun\u00ebs s\u00eb Ulqinit Fatmir Gjeka iu uroi t\u00eb gjith\u00eb qytetar\u00ebve t\u00eb Ulqinit 21 majin, Dit\u00ebn e pavar\u00ebsis\u00eb s\u00eb Malit t\u00eb Zi.<\/p>\n<p>N\u00eb urimin e tij Gjeka thekson q\u00eb tet\u00eb vite mbas pavar\u00ebsis\u00eb Mali i Zi \u00ebsht\u00eb shoq\u00ebri stabile e cila shkon drejt integrimeve euroatlantike.<\/p>\n<p>\u201cJam i bindur q\u00eb vlerat tradicionale t\u00eb Ulqinit, pasuria e tij kulturore dhe zhvillimi i ardhsh\u00ebm do t\u00eb ndihmoj\u00eb duksh\u00ebm n\u00eb prosperitetin e k\u00ebsaj komun\u00eb dhe t\u00ebr\u00eb Malit t\u00eb Zi\u201d, thuhet n\u00eb urimin e kryetarit t\u00eb komun\u00ebs s\u00eb Ulqinit.<\/p>\n<p><strong>Komuna Ulqinit<\/strong><\/p>\n","protected":false},"excerpt":{"rendered":"<p>Kryetari i komun\u00ebs s\u00eb Ulqinit Fatmir Gjeka iu uroi t\u00eb gjith\u00eb qytetar\u00ebve t\u00eb Ulqinit 21 majin, Dit\u00ebn e pavar\u00ebsis\u00eb s\u00eb Malit t\u00eb Zi. N\u00eb urimin e tij Gjeka thekson q\u00eb tet\u00eb vite mbas pavar\u00ebsis\u00eb Mali i Zi \u00ebsht\u00eb shoq\u00ebri stabile e cila shkon drejt integrimeve euroatlantike. \u201cJam i bindur q\u00eb vlerat tradicionale t\u00eb Ulqinit, pasuria [&hellip;]<\/p>\n","protected":false},"author":1,"featured_media":0,"comment_status":"closed","ping_status":"closed","sticky":false,"template":"","format":"standard","meta":{"spay_email":"","jetpack_publicize_message":"","jetpack_is_tweetstorm":false,"jetpack_publicize_feature_enabled":true},"categories":[6],"tags":[],"jetpack_publicize_connections":[],"yoast_head":"<!-- This site is optimized with the Yoast SEO plugin v19.1 - https:\/\/yoast.com\/wordpress\/plugins\/seo\/ -->\n<title>Fatmir Gjeka uroi t\u00eb gjith\u00eb qytetar\u00ebve t\u00eb Ulqinit 21 majin, Dit\u00ebn e pavar\u00ebsis\u00eb s\u00eb Malit t\u00eb Zi - Lajme nga Ulqini<\/title>\n<meta name=\"description\" content=\"Kryetari i komun\u00ebs s\u00eb Ulqinit Fatmir Gjeka iu uroi t\u00eb gjith\u00eb qytetar\u00ebve t\u00eb Ulqinit 21 majin, Dit\u00ebn e pavar\u00ebsis\u00eb s\u00eb Malit t\u00eb Zi. N\u00eb urimin e tij Gjeka\" \/>\n<meta name=\"robots\" content=\"index, follow, max-snippet:-1, max-image-preview:large, max-video-preview:-1\" \/>\n<link rel=\"canonical\" href=\"https:\/\/www.visit-ulcinj.com\/blog\/2014\/05\/20\/fatmir-gjeka-uroi-te-gjithe-qytetareve-te-ulqinit-21-majin-diten-e-pavaresise-se-malit-te-zi\/\" \/>\n<meta property=\"og:locale\" content=\"en_US\" \/>\n<meta property=\"og:type\" content=\"article\" \/>\n<meta property=\"og:title\" content=\"Fatmir Gjeka uroi t\u00eb gjith\u00eb qytetar\u00ebve t\u00eb Ulqinit 21 majin, Dit\u00ebn e pavar\u00ebsis\u00eb s\u00eb Malit t\u00eb Zi - Lajme nga Ulqini\" \/>\n<meta property=\"og:description\" content=\"Kryetari i komun\u00ebs s\u00eb Ulqinit Fatmir Gjeka iu uroi t\u00eb gjith\u00eb qytetar\u00ebve t\u00eb Ulqinit 21 majin, Dit\u00ebn e pavar\u00ebsis\u00eb s\u00eb Malit t\u00eb Zi. N\u00eb urimin e tij Gjeka\" \/>\n<meta property=\"og:url\" content=\"https:\/\/www.visit-ulcinj.com\/blog\/2014\/05\/20\/fatmir-gjeka-uroi-te-gjithe-qytetareve-te-ulqinit-21-majin-diten-e-pavaresise-se-malit-te-zi\/\" \/>\n<meta property=\"og:site_name\" content=\"Lajme nga Ulqini\" \/>\n<meta property=\"article:published_time\" content=\"2014-05-20T16:34:29+00:00\" \/>\n<meta property=\"og:image\" content=\"http:\/\/www.visit-ulcinj.com\/blog\/wp-content\/uploads\/2014\/03\/Fatmir-Gjeka-kryetari-ulqinit.jpg\" \/>\n<meta name=\"twitter:label1\" content=\"Written by\" \/>\n\t<meta name=\"twitter:data1\" content=\"ulqini\" \/>\n<script type=\"application\/ld+json\" class=\"yoast-schema-graph\">{\"@context\":\"https:\/\/schema.org\",\"@graph\":[{\"@type\":\"WebSite\",\"@id\":\"https:\/\/www.visit-ulcinj.com\/blog\/#website\",\"url\":\"https:\/\/www.visit-ulcinj.com\/blog\/\",\"name\":\"Lajme nga Ulqini\",\"description\":\"Lajme,Vijesti,Ulqini,Ulqin,Crna Gora,Mali i Zi\",\"potentialAction\":[{\"@type\":\"SearchAction\",\"target\":{\"@type\":\"EntryPoint\",\"urlTemplate\":\"https:\/\/www.visit-ulcinj.com\/blog\/?s={search_term_string}\"},\"query-input\":\"required name=search_term_string\"}],\"inLanguage\":\"en-US\"},{\"@type\":\"ImageObject\",\"inLanguage\":\"en-US\",\"@id\":\"https:\/\/www.visit-ulcinj.com\/blog\/2014\/05\/20\/fatmir-gjeka-uroi-te-gjithe-qytetareve-te-ulqinit-21-majin-diten-e-pavaresise-se-malit-te-zi\/#primaryimage\",\"url\":\"https:\/\/www.visit-ulcinj.com\/blog\/wp-content\/uploads\/2014\/03\/Fatmir-Gjeka-kryetari-ulqinit.jpg\",\"contentUrl\":\"https:\/\/www.visit-ulcinj.com\/blog\/wp-content\/uploads\/2014\/03\/Fatmir-Gjeka-kryetari-ulqinit.jpg\",\"width\":540,\"height\":395},{\"@type\":\"WebPage\",\"@id\":\"https:\/\/www.visit-ulcinj.com\/blog\/2014\/05\/20\/fatmir-gjeka-uroi-te-gjithe-qytetareve-te-ulqinit-21-majin-diten-e-pavaresise-se-malit-te-zi\/#webpage\",\"url\":\"https:\/\/www.visit-ulcinj.com\/blog\/2014\/05\/20\/fatmir-gjeka-uroi-te-gjithe-qytetareve-te-ulqinit-21-majin-diten-e-pavaresise-se-malit-te-zi\/\",\"name\":\"Fatmir Gjeka uroi t\u00eb gjith\u00eb qytetar\u00ebve t\u00eb Ulqinit 21 majin, Dit\u00ebn e pavar\u00ebsis\u00eb s\u00eb Malit t\u00eb Zi - Lajme nga Ulqini\",\"isPartOf\":{\"@id\":\"https:\/\/www.visit-ulcinj.com\/blog\/#website\"},\"primaryImageOfPage\":{\"@id\":\"https:\/\/www.visit-ulcinj.com\/blog\/2014\/05\/20\/fatmir-gjeka-uroi-te-gjithe-qytetareve-te-ulqinit-21-majin-diten-e-pavaresise-se-malit-te-zi\/#primaryimage\"},\"datePublished\":\"2014-05-20T16:34:29+00:00\",\"dateModified\":\"2014-05-20T16:34:29+00:00\",\"author\":{\"@id\":\"https:\/\/www.visit-ulcinj.com\/blog\/#\/schema\/person\/dcab619c614d3038751c63bc2aadc06d\"},\"description\":\"Kryetari i komun\u00ebs s\u00eb Ulqinit Fatmir Gjeka iu uroi t\u00eb gjith\u00eb qytetar\u00ebve t\u00eb Ulqinit 21 majin, Dit\u00ebn e pavar\u00ebsis\u00eb s\u00eb Malit t\u00eb Zi. N\u00eb urimin e tij Gjeka\",\"breadcrumb\":{\"@id\":\"https:\/\/www.visit-ulcinj.com\/blog\/2014\/05\/20\/fatmir-gjeka-uroi-te-gjithe-qytetareve-te-ulqinit-21-majin-diten-e-pavaresise-se-malit-te-zi\/#breadcrumb\"},\"inLanguage\":\"en-US\",\"potentialAction\":[{\"@type\":\"ReadAction\",\"target\":[\"https:\/\/www.visit-ulcinj.com\/blog\/2014\/05\/20\/fatmir-gjeka-uroi-te-gjithe-qytetareve-te-ulqinit-21-majin-diten-e-pavaresise-se-malit-te-zi\/\"]}]},{\"@type\":\"BreadcrumbList\",\"@id\":\"https:\/\/www.visit-ulcinj.com\/blog\/2014\/05\/20\/fatmir-gjeka-uroi-te-gjithe-qytetareve-te-ulqinit-21-majin-diten-e-pavaresise-se-malit-te-zi\/#breadcrumb\",\"itemListElement\":[{\"@type\":\"ListItem\",\"position\":1,\"name\":\"Fatmir Gjeka uroi t\u00eb gjith\u00eb qytetar\u00ebve t\u00eb Ulqinit 21 majin, Dit\u00ebn e pavar\u00ebsis\u00eb s\u00eb Malit t\u00eb Zi\"}]},{\"@type\":\"Person\",\"@id\":\"https:\/\/www.visit-ulcinj.com\/blog\/#\/schema\/person\/dcab619c614d3038751c63bc2aadc06d\",\"name\":\"ulqini\",\"sameAs\":[\"http:\/\/www.visit-ulcinj.com\"],\"url\":\"https:\/\/www.visit-ulcinj.com\/blog\/author\/admin\/\"}]}<\/script>\n<!-- \/ Yoast SEO plugin. -->","yoast_head_json":{"title":"Fatmir Gjeka uroi t\u00eb gjith\u00eb qytetar\u00ebve t\u00eb Ulqinit 21 majin, Dit\u00ebn e pavar\u00ebsis\u00eb s\u00eb Malit t\u00eb Zi - Lajme nga Ulqini","description":"Kryetari i komun\u00ebs s\u00eb Ulqinit Fatmir Gjeka iu uroi t\u00eb gjith\u00eb qytetar\u00ebve t\u00eb Ulqinit 21 majin, Dit\u00ebn e pavar\u00ebsis\u00eb s\u00eb Malit t\u00eb Zi. N\u00eb urimin e tij Gjeka","robots":{"index":"index","follow":"follow","max-snippet":"max-snippet:-1","max-image-preview":"max-image-preview:large","max-video-preview":"max-video-preview:-1"},"canonical":"https:\/\/www.visit-ulcinj.com\/blog\/2014\/05\/20\/fatmir-gjeka-uroi-te-gjithe-qytetareve-te-ulqinit-21-majin-diten-e-pavaresise-se-malit-te-zi\/","og_locale":"en_US","og_type":"article","og_title":"Fatmir Gjeka uroi t\u00eb gjith\u00eb qytetar\u00ebve t\u00eb Ulqinit 21 majin, Dit\u00ebn e pavar\u00ebsis\u00eb s\u00eb Malit t\u00eb Zi - Lajme nga Ulqini","og_description":"Kryetari i komun\u00ebs s\u00eb Ulqinit Fatmir Gjeka iu uroi t\u00eb gjith\u00eb qytetar\u00ebve t\u00eb Ulqinit 21 majin, Dit\u00ebn e pavar\u00ebsis\u00eb s\u00eb Malit t\u00eb Zi. N\u00eb urimin e tij Gjeka","og_url":"https:\/\/www.visit-ulcinj.com\/blog\/2014\/05\/20\/fatmir-gjeka-uroi-te-gjithe-qytetareve-te-ulqinit-21-majin-diten-e-pavaresise-se-malit-te-zi\/","og_site_name":"Lajme nga Ulqini","article_published_time":"2014-05-20T16:34:29+00:00","og_image":[{"url":"http:\/\/www.visit-ulcinj.com\/blog\/wp-content\/uploads\/2014\/03\/Fatmir-Gjeka-kryetari-ulqinit.jpg"}],"twitter_misc":{"Written by":"ulqini"},"schema":{"@context":"https:\/\/schema.org","@graph":[{"@type":"WebSite","@id":"https:\/\/www.visit-ulcinj.com\/blog\/#website","url":"https:\/\/www.visit-ulcinj.com\/blog\/","name":"Lajme nga Ulqini","description":"Lajme,Vijesti,Ulqini,Ulqin,Crna Gora,Mali i Zi","potentialAction":[{"@type":"SearchAction","target":{"@type":"EntryPoint","urlTemplate":"https:\/\/www.visit-ulcinj.com\/blog\/?s={search_term_string}"},"query-input":"required name=search_term_string"}],"inLanguage":"en-US"},{"@type":"ImageObject","inLanguage":"en-US","@id":"https:\/\/www.visit-ulcinj.com\/blog\/2014\/05\/20\/fatmir-gjeka-uroi-te-gjithe-qytetareve-te-ulqinit-21-majin-diten-e-pavaresise-se-malit-te-zi\/#primaryimage","url":"https:\/\/www.visit-ulcinj.com\/blog\/wp-content\/uploads\/2014\/03\/Fatmir-Gjeka-kryetari-ulqinit.jpg","contentUrl":"https:\/\/www.visit-ulcinj.com\/blog\/wp-content\/uploads\/2014\/03\/Fatmir-Gjeka-kryetari-ulqinit.jpg","width":540,"height":395},{"@type":"WebPage","@id":"https:\/\/www.visit-ulcinj.com\/blog\/2014\/05\/20\/fatmir-gjeka-uroi-te-gjithe-qytetareve-te-ulqinit-21-majin-diten-e-pavaresise-se-malit-te-zi\/#webpage","url":"https:\/\/www.visit-ulcinj.com\/blog\/2014\/05\/20\/fatmir-gjeka-uroi-te-gjithe-qytetareve-te-ulqinit-21-majin-diten-e-pavaresise-se-malit-te-zi\/","name":"Fatmir Gjeka uroi t\u00eb gjith\u00eb qytetar\u00ebve t\u00eb Ulqinit 21 majin, Dit\u00ebn e pavar\u00ebsis\u00eb s\u00eb Malit t\u00eb Zi - Lajme nga Ulqini","isPartOf":{"@id":"https:\/\/www.visit-ulcinj.com\/blog\/#website"},"primaryImageOfPage":{"@id":"https:\/\/www.visit-ulcinj.com\/blog\/2014\/05\/20\/fatmir-gjeka-uroi-te-gjithe-qytetareve-te-ulqinit-21-majin-diten-e-pavaresise-se-malit-te-zi\/#primaryimage"},"datePublished":"2014-05-20T16:34:29+00:00","dateModified":"2014-05-20T16:34:29+00:00","author":{"@id":"https:\/\/www.visit-ulcinj.com\/blog\/#\/schema\/person\/dcab619c614d3038751c63bc2aadc06d"},"description":"Kryetari i komun\u00ebs s\u00eb Ulqinit Fatmir Gjeka iu uroi t\u00eb gjith\u00eb qytetar\u00ebve t\u00eb Ulqinit 21 majin, Dit\u00ebn e pavar\u00ebsis\u00eb s\u00eb Malit t\u00eb Zi. N\u00eb urimin e tij Gjeka","breadcrumb":{"@id":"https:\/\/www.visit-ulcinj.com\/blog\/2014\/05\/20\/fatmir-gjeka-uroi-te-gjithe-qytetareve-te-ulqinit-21-majin-diten-e-pavaresise-se-malit-te-zi\/#breadcrumb"},"inLanguage":"en-US","potentialAction":[{"@type":"ReadAction","target":["https:\/\/www.visit-ulcinj.com\/blog\/2014\/05\/20\/fatmir-gjeka-uroi-te-gjithe-qytetareve-te-ulqinit-21-majin-diten-e-pavaresise-se-malit-te-zi\/"]}]},{"@type":"BreadcrumbList","@id":"https:\/\/www.visit-ulcinj.com\/blog\/2014\/05\/20\/fatmir-gjeka-uroi-te-gjithe-qytetareve-te-ulqinit-21-majin-diten-e-pavaresise-se-malit-te-zi\/#breadcrumb","itemListElement":[{"@type":"ListItem","position":1,"name":"Fatmir Gjeka uroi t\u00eb gjith\u00eb qytetar\u00ebve t\u00eb Ulqinit 21 majin, Dit\u00ebn e pavar\u00ebsis\u00eb s\u00eb Malit t\u00eb Zi"}]},{"@type":"Person","@id":"https:\/\/www.visit-ulcinj.com\/blog\/#\/schema\/person\/dcab619c614d3038751c63bc2aadc06d","name":"ulqini","sameAs":["http:\/\/www.visit-ulcinj.com"],"url":"https:\/\/www.visit-ulcinj.com\/blog\/author\/admin\/"}]}},"jetpack_featured_media_url":"","jetpack_sharing_enabled":true,"jetpack_shortlink":"https:\/\/wp.me\/pe6lTn-lqf","_links":{"self":[{"href":"https:\/\/www.visit-ulcinj.com\/blog\/wp-json\/wp\/v2\/posts\/82351"}],"collection":[{"href":"https:\/\/www.visit-ulcinj.com\/blog\/wp-json\/wp\/v2\/posts"}],"about":[{"href":"https:\/\/www.visit-ulcinj.com\/blog\/wp-json\/wp\/v2\/types\/post"}],"author":[{"embeddable":true,"href":"https:\/\/www.visit-ulcinj.com\/blog\/wp-json\/wp\/v2\/users\/1"}],"replies":[{"embeddable":true,"href":"https:\/\/www.visit-ulcinj.com\/blog\/wp-json\/wp\/v2\/comments?post=82351"}],"version-history":[{"count":1,"href":"https:\/\/www.visit-ulcinj.com\/blog\/wp-json\/wp\/v2\/posts\/82351\/revisions"}],"predecessor-version":[{"id":82352,"href":"https:\/\/www.visit-ulcinj.com\/blog\/wp-json\/wp\/v2\/posts\/82351\/revisions\/82352"}],"wp:attachment":[{"href":"https:\/\/www.visit-ulcinj.com\/blog\/wp-json\/wp\/v2\/media?parent=82351"}],"wp:term":[{"taxonomy":"category","embeddable":true,"href":"https:\/\/www.visit-ulcinj.com\/blog\/wp-json\/wp\/v2\/categories?post=82351"},{"taxonomy":"post_tag","embeddable":true,"href":"https:\/\/www.visit-ulcinj.com\/blog\/wp-json\/wp\/v2\/tags?post=82351"}],"curies":[{"name":"wp","href":"https:\/\/api.w.org\/{rel}","templated":true}]}}