{"id":82375,"date":"2014-05-21T14:22:04","date_gmt":"2014-05-21T13:22:04","guid":{"rendered":"http:\/\/www.visit-ulcinj.com\/blog\/?p=82375"},"modified":"2014-05-23T03:49:37","modified_gmt":"2014-05-23T02:49:37","slug":"vjedhin-lulet-e-parkut-ne-ulqin-foto","status":"publish","type":"post","link":"https:\/\/www.visit-ulcinj.com\/blog\/2014\/05\/21\/vjedhin-lulet-e-parkut-ne-ulqin-foto\/","title":{"rendered":"Vjedhin lulet e parkut n\u00eb Ulqin + Foto"},"content":{"rendered":"<p><a href=\"http:\/\/www.visit-ulcinj.com\/blog\/wp-content\/uploads\/2014\/05\/Vjedhin-lulet-e-parkut-n\u00eb-Ulqin.jpg\"><img loading=\"lazy\" class=\"alignleft  wp-image-82377\" alt=\"Vjedhin lulet e parkut n\u00eb Ulqin\" src=\"http:\/\/www.visit-ulcinj.com\/blog\/wp-content\/uploads\/2014\/05\/Vjedhin-lulet-e-parkut-n\u00eb-Ulqin.jpg\" width=\"508\" height=\"360\" \/><\/a>Nga intervista ime me ish drejtoreshen e nd\u00ebrmarrjes publike &#8220;Veprimtarit\u00eb komunale&#8221; Ulqin zonja Zana Sarvan, ngreu shqet\u00ebsimin se n\u00eb vazhdim\u00ebsi lulet dhe bim\u00ebt e tjera decorative q\u00eb po mbillen nga kjo kompani n\u00eb hap\u00ebsirat publike t\u00eb qytetit po vidhen dhe po d\u00ebmtohen nga qytetar t\u00eb pand\u00ebrgjegjsh\u00ebm. Ish Drejtoresha e k\u00ebsja kompanie publike Zana Sarvan n\u00ebnvizoi se kjo dukuri po b\u00ebhet shqet\u00ebsuese dhe apelon deri te organet e rendit q\u00eb t\u00eb marrin masa jo vet\u00ebm p\u00ebr k\u00ebto raste t\u00eb p\u00ebrs\u00ebritura por t\u00eb aktivizohen m\u00eb shum\u00eb n\u00eb respect t\u00eb ligjit p\u00ebr mbrojtjen e ambientit.<br \/>\n<a href=\"http:\/\/www.visit-ulcinj.com\/blog\/wp-content\/uploads\/2013\/11\/Rana-dhe-Zana...2013.jpg\"><img loading=\"lazy\" class=\"alignleft  wp-image-76329\" alt=\"Rana dhe Zana...2013\" src=\"http:\/\/www.visit-ulcinj.com\/blog\/wp-content\/uploads\/2013\/11\/Rana-dhe-Zana...2013.jpg\" width=\"508\" height=\"360\" \/><\/a><\/p>\n<p>Zonja Sarvan theksoi gjithashtu se pavarsisht angazhimit maksimal t\u00eb t\u00eb pun\u00ebsuar\u00ebve t\u00eb kompanis\u00eb q\u00eb ajo drejtoj p\u00ebr past\u00ebrtin e Ulqinit duhet t\u00eb kujdesemi t\u00eb gjith\u00eb pa p\u00ebrjashtim.\u2019\u2019Qytetarin\u00eb ulqinak e kan\u00eb treguar me koh\u00eb por ka individ t\u00eb pand\u00ebrgjegjsh\u00ebm q\u00eb p\u00ebrvec se po vjedhin lulet n\u00eb hap\u00ebsirat publike po hedhin mbeturinat ku t\u00eb mundin duke kontribuar n\u00eb papast\u00ebrtin\u00eb e Ulqinit\u2019\u2019p\u00ebrfundoi ajo.<br \/>\n<a href=\"http:\/\/www.visit-ulcinj.com\/blog\/wp-content\/uploads\/2014\/05\/Vjedhin-lulet-e-parkut-n\u00eb-Ulqin-2.jpg\"><img loading=\"lazy\" class=\"alignleft  wp-image-82378\" alt=\"Vjedhin lulet e parkut n\u00eb Ulqin-2\" src=\"http:\/\/www.visit-ulcinj.com\/blog\/wp-content\/uploads\/2014\/05\/Vjedhin-lulet-e-parkut-n\u00eb-Ulqin-2.jpg\" width=\"508\" height=\"360\" \/><\/a><\/p>\n<p>Nd\u00ebrmarrjes publike &#8220;Veprimtarit\u00eb komunale&#8221;\u00a0 Ulqin gjat\u00eb periudh\u00ebs s\u00eb kaluar \u00ebsht\u00eb ballafaquar me probleme t\u00eb shumta financiare dhe organizative , gj\u00eb q\u00eb\u00a0 \u00ebsht\u00eb reflektuar edhe n\u00eb \u00a0organizimin e grevave t\u00eb pun\u00ebtor\u00ebve, p\u00ebr shkak t\u00eb mosmarrjes s\u00eb pagave me muaj t\u00eb t\u00ebr\u00eb gj\u00eb kjo q\u00eb k\u00ebto dit\u00eb\u00a0 pun\u00ebtor\u00ebt e pastrimit kan\u00eb arritur marr\u00ebveshjen me kryetarin e komun\u00ebs s\u00eb Ulqinit Fatmir Gjeka q\u00eb menj\u00ebher\u00eb t\u00eb fillojn\u00eb pastrimin e qytetit. \u00cbsht\u00eb dakorduar dinamika e realizimit t\u00eb k\u00ebrkesave t\u00eb tyre, si dhe q\u00eb p\u00ebr \u00e7do problem eventual dy an\u00ebt t\u00eb gjejn\u00eb zgjidhje me kompromis.<br \/>\n<a href=\"http:\/\/www.visit-ulcinj.com\/blog\/wp-content\/uploads\/2014\/05\/berloku-ne-rane-ulqin.jpg\"><img loading=\"lazy\" class=\"alignleft  wp-image-82379\" alt=\"berloku ne rane-ulqin\" src=\"http:\/\/www.visit-ulcinj.com\/blog\/wp-content\/uploads\/2014\/05\/berloku-ne-rane-ulqin.jpg\" width=\"508\" height=\"360\" \/><\/a><\/p>\n<p>\u201eUlqini duhet t\u00eb jet\u00eb i past\u00ebr. Kjo \u00ebsht\u00eb fytyra e t\u00eb gjith\u00eb neve, sidomos meq\u00eb kemi mysafir\u00eb dhe ekskurzione\u201c, u konkludua n\u00eb k\u00ebt\u00eb mbledhje.<br \/>\nN\u00eb vend q\u00eb t\u00eb g\u00ebzohemi q\u00eb kemi vende rekreative si parku i qytetit p\u00ebrbri rrug\u00ebs\u00a0 n\u00eb Ran\u00eb q\u00eb \u00ebsht\u00eb definitivisht parku m\u00eb i mir\u00eb i Ulqinit na i vjedhim edhe lulet.<br \/>\nPun\u00ebtor\u00ebt p\u00ebrgjegj\u00ebs p\u00ebr p\u00ebrkujdesjen ndaj tij jan\u00eb shum\u00eb t\u00eb zellsh\u00ebm dhe e mbajn\u00eb mjaft\u00eb past\u00ebr e gjithashtu kujdesen mjaft mir\u00eb edhe p\u00ebr bim\u00ebt dekorative t\u00eb mbjella aty, por ka njer\u00ebz q\u00eb b\u00ebjn\u00eb edhe aso gjeste t\u00eb k\u00ebtij niveli t\u00eb ul\u00ebt t\u00eb kultur\u00ebs.<\/p>\n<p><strong>Foto Ismet Karamanaga Facebook<\/strong><br \/>\n<!--YouTube Error: bad URL entered--><br \/>\n\n\t\t<style type=\"text\/css\">\n\t\t\t#gallery-1 {\n\t\t\t\tmargin: auto;\n\t\t\t}\n\t\t\t#gallery-1 .gallery-item {\n\t\t\t\tfloat: left;\n\t\t\t\tmargin-top: 10px;\n\t\t\t\ttext-align: center;\n\t\t\t\twidth: 33%;\n\t\t\t}\n\t\t\t#gallery-1 img {\n\t\t\t\tborder: 2px solid #cfcfcf;\n\t\t\t}\n\t\t\t#gallery-1 .gallery-caption {\n\t\t\t\tmargin-left: 0;\n\t\t\t}\n\t\t\t\/* see gallery_shortcode() in wp-includes\/media.php *\/\n\t\t<\/style>\n\t\t<div id='gallery-1' class='gallery galleryid-82375 gallery-columns-3 gallery-size-thumbnail'><dl class='gallery-item'>\n\t\t\t<dt class='gallery-icon landscape'>\n\t\t\t\t<a href='https:\/\/www.visit-ulcinj.com\/blog\/2014\/05\/21\/vjedhin-lulet-e-parkut-ne-ulqin-foto\/vjedhin-lulet-e-parkut-ne-ulqin-2\/'><img width=\"150\" height=\"150\" src=\"https:\/\/www.visit-ulcinj.com\/blog\/wp-content\/uploads\/2014\/05\/Vjedhin-lulet-e-parkut-n\u00eb-Ulqin-2-150x150.jpg\" class=\"attachment-thumbnail size-thumbnail\" alt=\"\" loading=\"lazy\" \/><\/a>\n\t\t\t<\/dt><\/dl><dl class='gallery-item'>\n\t\t\t<dt class='gallery-icon portrait'>\n\t\t\t\t<a href='https:\/\/www.visit-ulcinj.com\/blog\/2014\/05\/21\/vjedhin-lulet-e-parkut-ne-ulqin-foto\/vjedhin-lulet-e-parkut-ne-ulqin-6\/'><img width=\"150\" height=\"150\" src=\"https:\/\/www.visit-ulcinj.com\/blog\/wp-content\/uploads\/2014\/05\/Vjedhin-lulet-e-parkut-n\u00eb-Ulqin-6-150x150.jpg\" class=\"attachment-thumbnail size-thumbnail\" alt=\"\" loading=\"lazy\" \/><\/a>\n\t\t\t<\/dt><\/dl><dl class='gallery-item'>\n\t\t\t<dt class='gallery-icon portrait'>\n\t\t\t\t<a href='https:\/\/www.visit-ulcinj.com\/blog\/2014\/05\/21\/vjedhin-lulet-e-parkut-ne-ulqin-foto\/vjedhin-lulet-e-parkut-ne-ulqin-5\/'><img width=\"150\" height=\"150\" src=\"https:\/\/www.visit-ulcinj.com\/blog\/wp-content\/uploads\/2014\/05\/Vjedhin-lulet-e-parkut-n\u00eb-Ulqin-5-150x150.jpg\" class=\"attachment-thumbnail size-thumbnail\" alt=\"\" loading=\"lazy\" \/><\/a>\n\t\t\t<\/dt><\/dl><br style=\"clear: both\" \/><dl class='gallery-item'>\n\t\t\t<dt class='gallery-icon portrait'>\n\t\t\t\t<a href='https:\/\/www.visit-ulcinj.com\/blog\/2014\/05\/21\/vjedhin-lulet-e-parkut-ne-ulqin-foto\/vjedhin-lulet-e-parkut-ne-ulqin-4\/'><img width=\"150\" height=\"150\" src=\"https:\/\/www.visit-ulcinj.com\/blog\/wp-content\/uploads\/2014\/05\/Vjedhin-lulet-e-parkut-n\u00eb-Ulqin-4-150x150.jpg\" class=\"attachment-thumbnail size-thumbnail\" alt=\"\" loading=\"lazy\" \/><\/a>\n\t\t\t<\/dt><\/dl><dl class='gallery-item'>\n\t\t\t<dt class='gallery-icon landscape'>\n\t\t\t\t<a href='https:\/\/www.visit-ulcinj.com\/blog\/2014\/05\/21\/vjedhin-lulet-e-parkut-ne-ulqin-foto\/vjedhin-lulet-e-parkut-ne-ulqin-3\/'><img width=\"150\" height=\"150\" src=\"https:\/\/www.visit-ulcinj.com\/blog\/wp-content\/uploads\/2014\/05\/Vjedhin-lulet-e-parkut-n\u00eb-Ulqin-3-150x150.jpg\" class=\"attachment-thumbnail size-thumbnail\" alt=\"\" loading=\"lazy\" \/><\/a>\n\t\t\t<\/dt><\/dl><dl class='gallery-item'>\n\t\t\t<dt class='gallery-icon landscape'>\n\t\t\t\t<a href='https:\/\/www.visit-ulcinj.com\/blog\/2014\/05\/21\/vjedhin-lulet-e-parkut-ne-ulqin-foto\/vjedhin-lulet-e-parkut-ne-ulqin-1\/'><img width=\"150\" height=\"150\" src=\"https:\/\/www.visit-ulcinj.com\/blog\/wp-content\/uploads\/2014\/05\/Vjedhin-lulet-e-parkut-n\u00eb-Ulqin-1-150x150.jpg\" class=\"attachment-thumbnail size-thumbnail\" alt=\"\" loading=\"lazy\" \/><\/a>\n\t\t\t<\/dt><\/dl><br style=\"clear: both\" \/>\n\t\t<\/div>\n<\/p>\n","protected":false},"excerpt":{"rendered":"<p>Nga intervista ime me ish drejtoreshen e nd\u00ebrmarrjes publike &#8220;Veprimtarit\u00eb komunale&#8221; Ulqin zonja Zana Sarvan, ngreu shqet\u00ebsimin se n\u00eb vazhdim\u00ebsi lulet dhe bim\u00ebt e tjera decorative q\u00eb po mbillen nga kjo kompani n\u00eb hap\u00ebsirat publike t\u00eb qytetit po vidhen dhe po d\u00ebmtohen nga qytetar t\u00eb pand\u00ebrgjegjsh\u00ebm. Ish Drejtoresha e k\u00ebsja kompanie publike Zana Sarvan n\u00ebnvizoi [&hellip;]<\/p>\n","protected":false},"author":1,"featured_media":0,"comment_status":"closed","ping_status":"closed","sticky":false,"template":"","format":"standard","meta":{"spay_email":"","jetpack_publicize_message":"","jetpack_is_tweetstorm":false,"jetpack_publicize_feature_enabled":true},"categories":[1,11],"tags":[],"jetpack_publicize_connections":[],"yoast_head":"<!-- This site is optimized with the Yoast SEO plugin v19.1 - https:\/\/yoast.com\/wordpress\/plugins\/seo\/ -->\n<title>Vjedhin lulet e parkut n\u00eb Ulqin + Foto - Lajme nga Ulqini<\/title>\n<meta name=\"description\" content=\"Nga intervista ime me ish drejtoreshen e nd\u00ebrmarrjes publike &quot;Veprimtarit\u00eb komunale&quot; Ulqin zonja Zana Sarvan, ngreu shqet\u00ebsimin se n\u00eb vazhdim\u00ebsi lulet dhe\" \/>\n<meta name=\"robots\" content=\"index, follow, max-snippet:-1, max-image-preview:large, max-video-preview:-1\" \/>\n<link rel=\"canonical\" href=\"https:\/\/www.visit-ulcinj.com\/blog\/2014\/05\/21\/vjedhin-lulet-e-parkut-ne-ulqin-foto\/\" \/>\n<meta property=\"og:locale\" content=\"en_US\" \/>\n<meta property=\"og:type\" content=\"article\" \/>\n<meta property=\"og:title\" content=\"Vjedhin lulet e parkut n\u00eb Ulqin + Foto - Lajme nga Ulqini\" \/>\n<meta property=\"og:description\" content=\"Nga intervista ime me ish drejtoreshen e nd\u00ebrmarrjes publike &quot;Veprimtarit\u00eb komunale&quot; Ulqin zonja Zana Sarvan, ngreu shqet\u00ebsimin se n\u00eb vazhdim\u00ebsi lulet dhe\" \/>\n<meta property=\"og:url\" content=\"https:\/\/www.visit-ulcinj.com\/blog\/2014\/05\/21\/vjedhin-lulet-e-parkut-ne-ulqin-foto\/\" \/>\n<meta property=\"og:site_name\" content=\"Lajme nga Ulqini\" \/>\n<meta property=\"article:published_time\" content=\"2014-05-21T13:22:04+00:00\" \/>\n<meta property=\"article:modified_time\" content=\"2014-05-23T02:49:37+00:00\" \/>\n<meta property=\"og:image\" content=\"https:\/\/www.visit-ulcinj.com\/blog\/wp-content\/uploads\/2014\/05\/Vjedhin-lulet-e-parkut-n\u00eb-Ulqin-2-150x150.jpg\" \/>\n<meta name=\"twitter:label1\" content=\"Written by\" \/>\n\t<meta name=\"twitter:data1\" content=\"ulqini\" \/>\n\t<meta name=\"twitter:label2\" content=\"Est. reading time\" \/>\n\t<meta name=\"twitter:data2\" content=\"2 minutes\" \/>\n<script type=\"application\/ld+json\" class=\"yoast-schema-graph\">{\"@context\":\"https:\/\/schema.org\",\"@graph\":[{\"@type\":\"WebSite\",\"@id\":\"https:\/\/www.visit-ulcinj.com\/blog\/#website\",\"url\":\"https:\/\/www.visit-ulcinj.com\/blog\/\",\"name\":\"Lajme nga Ulqini\",\"description\":\"Lajme,Vijesti,Ulqini,Ulqin,Crna Gora,Mali i Zi\",\"potentialAction\":[{\"@type\":\"SearchAction\",\"target\":{\"@type\":\"EntryPoint\",\"urlTemplate\":\"https:\/\/www.visit-ulcinj.com\/blog\/?s={search_term_string}\"},\"query-input\":\"required name=search_term_string\"}],\"inLanguage\":\"en-US\"},{\"@type\":\"ImageObject\",\"inLanguage\":\"en-US\",\"@id\":\"https:\/\/www.visit-ulcinj.com\/blog\/2014\/05\/21\/vjedhin-lulet-e-parkut-ne-ulqin-foto\/#primaryimage\",\"url\":\"https:\/\/www.visit-ulcinj.com\/blog\/wp-content\/uploads\/2013\/11\/Rana-dhe-Zana...2013.jpg\",\"contentUrl\":\"https:\/\/www.visit-ulcinj.com\/blog\/wp-content\/uploads\/2013\/11\/Rana-dhe-Zana...2013.jpg\",\"width\":960,\"height\":720},{\"@type\":\"WebPage\",\"@id\":\"https:\/\/www.visit-ulcinj.com\/blog\/2014\/05\/21\/vjedhin-lulet-e-parkut-ne-ulqin-foto\/#webpage\",\"url\":\"https:\/\/www.visit-ulcinj.com\/blog\/2014\/05\/21\/vjedhin-lulet-e-parkut-ne-ulqin-foto\/\",\"name\":\"Vjedhin lulet e parkut n\u00eb Ulqin + Foto - Lajme nga Ulqini\",\"isPartOf\":{\"@id\":\"https:\/\/www.visit-ulcinj.com\/blog\/#website\"},\"primaryImageOfPage\":{\"@id\":\"https:\/\/www.visit-ulcinj.com\/blog\/2014\/05\/21\/vjedhin-lulet-e-parkut-ne-ulqin-foto\/#primaryimage\"},\"datePublished\":\"2014-05-21T13:22:04+00:00\",\"dateModified\":\"2014-05-23T02:49:37+00:00\",\"author\":{\"@id\":\"https:\/\/www.visit-ulcinj.com\/blog\/#\/schema\/person\/dcab619c614d3038751c63bc2aadc06d\"},\"description\":\"Nga intervista ime me ish drejtoreshen e nd\u00ebrmarrjes publike \\\"Veprimtarit\u00eb komunale\\\" Ulqin zonja Zana Sarvan, ngreu shqet\u00ebsimin se n\u00eb vazhdim\u00ebsi lulet dhe\",\"breadcrumb\":{\"@id\":\"https:\/\/www.visit-ulcinj.com\/blog\/2014\/05\/21\/vjedhin-lulet-e-parkut-ne-ulqin-foto\/#breadcrumb\"},\"inLanguage\":\"en-US\",\"potentialAction\":[{\"@type\":\"ReadAction\",\"target\":[\"https:\/\/www.visit-ulcinj.com\/blog\/2014\/05\/21\/vjedhin-lulet-e-parkut-ne-ulqin-foto\/\"]}]},{\"@type\":\"BreadcrumbList\",\"@id\":\"https:\/\/www.visit-ulcinj.com\/blog\/2014\/05\/21\/vjedhin-lulet-e-parkut-ne-ulqin-foto\/#breadcrumb\",\"itemListElement\":[{\"@type\":\"ListItem\",\"position\":1,\"name\":\"Vjedhin lulet e parkut n\u00eb Ulqin + Foto\"}]},{\"@type\":\"Person\",\"@id\":\"https:\/\/www.visit-ulcinj.com\/blog\/#\/schema\/person\/dcab619c614d3038751c63bc2aadc06d\",\"name\":\"ulqini\",\"sameAs\":[\"http:\/\/www.visit-ulcinj.com\"],\"url\":\"https:\/\/www.visit-ulcinj.com\/blog\/author\/admin\/\"}]}<\/script>\n<!-- \/ Yoast SEO plugin. -->","yoast_head_json":{"title":"Vjedhin lulet e parkut n\u00eb Ulqin + Foto - Lajme nga Ulqini","description":"Nga intervista ime me ish drejtoreshen e nd\u00ebrmarrjes publike \"Veprimtarit\u00eb komunale\" Ulqin zonja Zana Sarvan, ngreu shqet\u00ebsimin se n\u00eb vazhdim\u00ebsi lulet dhe","robots":{"index":"index","follow":"follow","max-snippet":"max-snippet:-1","max-image-preview":"max-image-preview:large","max-video-preview":"max-video-preview:-1"},"canonical":"https:\/\/www.visit-ulcinj.com\/blog\/2014\/05\/21\/vjedhin-lulet-e-parkut-ne-ulqin-foto\/","og_locale":"en_US","og_type":"article","og_title":"Vjedhin lulet e parkut n\u00eb Ulqin + Foto - Lajme nga Ulqini","og_description":"Nga intervista ime me ish drejtoreshen e nd\u00ebrmarrjes publike \"Veprimtarit\u00eb komunale\" Ulqin zonja Zana Sarvan, ngreu shqet\u00ebsimin se n\u00eb vazhdim\u00ebsi lulet dhe","og_url":"https:\/\/www.visit-ulcinj.com\/blog\/2014\/05\/21\/vjedhin-lulet-e-parkut-ne-ulqin-foto\/","og_site_name":"Lajme nga Ulqini","article_published_time":"2014-05-21T13:22:04+00:00","article_modified_time":"2014-05-23T02:49:37+00:00","og_image":[{"url":"https:\/\/www.visit-ulcinj.com\/blog\/wp-content\/uploads\/2014\/05\/Vjedhin-lulet-e-parkut-n\u00eb-Ulqin-2-150x150.jpg"}],"twitter_misc":{"Written by":"ulqini","Est. reading time":"2 minutes"},"schema":{"@context":"https:\/\/schema.org","@graph":[{"@type":"WebSite","@id":"https:\/\/www.visit-ulcinj.com\/blog\/#website","url":"https:\/\/www.visit-ulcinj.com\/blog\/","name":"Lajme nga Ulqini","description":"Lajme,Vijesti,Ulqini,Ulqin,Crna Gora,Mali i Zi","potentialAction":[{"@type":"SearchAction","target":{"@type":"EntryPoint","urlTemplate":"https:\/\/www.visit-ulcinj.com\/blog\/?s={search_term_string}"},"query-input":"required name=search_term_string"}],"inLanguage":"en-US"},{"@type":"ImageObject","inLanguage":"en-US","@id":"https:\/\/www.visit-ulcinj.com\/blog\/2014\/05\/21\/vjedhin-lulet-e-parkut-ne-ulqin-foto\/#primaryimage","url":"https:\/\/www.visit-ulcinj.com\/blog\/wp-content\/uploads\/2013\/11\/Rana-dhe-Zana...2013.jpg","contentUrl":"https:\/\/www.visit-ulcinj.com\/blog\/wp-content\/uploads\/2013\/11\/Rana-dhe-Zana...2013.jpg","width":960,"height":720},{"@type":"WebPage","@id":"https:\/\/www.visit-ulcinj.com\/blog\/2014\/05\/21\/vjedhin-lulet-e-parkut-ne-ulqin-foto\/#webpage","url":"https:\/\/www.visit-ulcinj.com\/blog\/2014\/05\/21\/vjedhin-lulet-e-parkut-ne-ulqin-foto\/","name":"Vjedhin lulet e parkut n\u00eb Ulqin + Foto - Lajme nga Ulqini","isPartOf":{"@id":"https:\/\/www.visit-ulcinj.com\/blog\/#website"},"primaryImageOfPage":{"@id":"https:\/\/www.visit-ulcinj.com\/blog\/2014\/05\/21\/vjedhin-lulet-e-parkut-ne-ulqin-foto\/#primaryimage"},"datePublished":"2014-05-21T13:22:04+00:00","dateModified":"2014-05-23T02:49:37+00:00","author":{"@id":"https:\/\/www.visit-ulcinj.com\/blog\/#\/schema\/person\/dcab619c614d3038751c63bc2aadc06d"},"description":"Nga intervista ime me ish drejtoreshen e nd\u00ebrmarrjes publike \"Veprimtarit\u00eb komunale\" Ulqin zonja Zana Sarvan, ngreu shqet\u00ebsimin se n\u00eb vazhdim\u00ebsi lulet dhe","breadcrumb":{"@id":"https:\/\/www.visit-ulcinj.com\/blog\/2014\/05\/21\/vjedhin-lulet-e-parkut-ne-ulqin-foto\/#breadcrumb"},"inLanguage":"en-US","potentialAction":[{"@type":"ReadAction","target":["https:\/\/www.visit-ulcinj.com\/blog\/2014\/05\/21\/vjedhin-lulet-e-parkut-ne-ulqin-foto\/"]}]},{"@type":"BreadcrumbList","@id":"https:\/\/www.visit-ulcinj.com\/blog\/2014\/05\/21\/vjedhin-lulet-e-parkut-ne-ulqin-foto\/#breadcrumb","itemListElement":[{"@type":"ListItem","position":1,"name":"Vjedhin lulet e parkut n\u00eb Ulqin + Foto"}]},{"@type":"Person","@id":"https:\/\/www.visit-ulcinj.com\/blog\/#\/schema\/person\/dcab619c614d3038751c63bc2aadc06d","name":"ulqini","sameAs":["http:\/\/www.visit-ulcinj.com"],"url":"https:\/\/www.visit-ulcinj.com\/blog\/author\/admin\/"}]}},"jetpack_featured_media_url":"","jetpack_sharing_enabled":true,"jetpack_shortlink":"https:\/\/wp.me\/pe6lTn-lqD","_links":{"self":[{"href":"https:\/\/www.visit-ulcinj.com\/blog\/wp-json\/wp\/v2\/posts\/82375"}],"collection":[{"href":"https:\/\/www.visit-ulcinj.com\/blog\/wp-json\/wp\/v2\/posts"}],"about":[{"href":"https:\/\/www.visit-ulcinj.com\/blog\/wp-json\/wp\/v2\/types\/post"}],"author":[{"embeddable":true,"href":"https:\/\/www.visit-ulcinj.com\/blog\/wp-json\/wp\/v2\/users\/1"}],"replies":[{"embeddable":true,"href":"https:\/\/www.visit-ulcinj.com\/blog\/wp-json\/wp\/v2\/comments?post=82375"}],"version-history":[{"count":5,"href":"https:\/\/www.visit-ulcinj.com\/blog\/wp-json\/wp\/v2\/posts\/82375\/revisions"}],"predecessor-version":[{"id":82421,"href":"https:\/\/www.visit-ulcinj.com\/blog\/wp-json\/wp\/v2\/posts\/82375\/revisions\/82421"}],"wp:attachment":[{"href":"https:\/\/www.visit-ulcinj.com\/blog\/wp-json\/wp\/v2\/media?parent=82375"}],"wp:term":[{"taxonomy":"category","embeddable":true,"href":"https:\/\/www.visit-ulcinj.com\/blog\/wp-json\/wp\/v2\/categories?post=82375"},{"taxonomy":"post_tag","embeddable":true,"href":"https:\/\/www.visit-ulcinj.com\/blog\/wp-json\/wp\/v2\/tags?post=82375"}],"curies":[{"name":"wp","href":"https:\/\/api.w.org\/{rel}","templated":true}]}}