{"id":82390,"date":"2014-05-21T17:30:48","date_gmt":"2014-05-21T16:30:48","guid":{"rendered":"http:\/\/www.visit-ulcinj.com\/blog\/?p=82390"},"modified":"2014-05-21T17:30:56","modified_gmt":"2014-05-21T16:30:56","slug":"za-80-penzionera-iz-srbije-bih-besplatan-odmor-u-ulcinju","status":"publish","type":"post","link":"https:\/\/www.visit-ulcinj.com\/blog\/2014\/05\/21\/za-80-penzionera-iz-srbije-bih-besplatan-odmor-u-ulcinju\/","title":{"rendered":"Za 80 penzionera iz Srbije i BiH besplatan odmor u Ulcinju"},"content":{"rendered":"<p id=\"article_lead\"><a href=\"http:\/\/www.visit-ulcinj.com\/blog\/wp-content\/uploads\/2014\/05\/penzioneri.jpg\"><img loading=\"lazy\" class=\"alignleft  wp-image-82391\" alt=\"penzioneri\" src=\"http:\/\/www.visit-ulcinj.com\/blog\/wp-content\/uploads\/2014\/05\/penzioneri.jpg\" width=\"508\" height=\"360\" \/><\/a>Fond za penzijsko i invalidsko osiguranje Crne Gore \u0107e u odmarali\u0161tu u Ulcinju obezbediti sedmodnevni boravak za 40 penzionera iz Srbije krajem avgusta, saop\u0161teno je iz Saveza udru\u017eenja penzionera Crne Gore.<\/p>\n<p>Navodi se da \u0107e sedmodnevni boravak po\u010detkom septembra (40 mesta) biti obezbe\u0111en i za penzionere iz Bosne i Hercegovine.<\/p>\n<p>Upravni odbor Saveza udru\u017eenja penzionera je odlu\u010dio da sa po hiljadu evra pomogne gra\u0111ane Srbije i Bosne i Hercegovine.<\/p>\n<p>Saop\u0161teno je da \u0107e svi penzioneri, izuzev onih sa minimalnim primanjima, izdvojiti po jedan evro za saniranje posledica poplava. Sredstva \u0107e biti upla\u0107ena nakon isplate majske penzije.<\/p>\n<p><strong>Izvor: Klix.ba<\/strong><\/p>\n","protected":false},"excerpt":{"rendered":"<p>Fond za penzijsko i invalidsko osiguranje Crne Gore \u0107e u odmarali\u0161tu u Ulcinju obezbediti sedmodnevni boravak za 40 penzionera iz Srbije krajem avgusta, saop\u0161teno je iz Saveza udru\u017eenja penzionera Crne Gore. Navodi se da \u0107e sedmodnevni boravak po\u010detkom septembra (40 mesta) biti obezbe\u0111en i za penzionere iz Bosne i Hercegovine. Upravni odbor Saveza udru\u017eenja penzionera [&hellip;]<\/p>\n","protected":false},"author":1,"featured_media":0,"comment_status":"closed","ping_status":"closed","sticky":false,"template":"","format":"standard","meta":{"spay_email":"","jetpack_publicize_message":"","jetpack_is_tweetstorm":false,"jetpack_publicize_feature_enabled":true},"categories":[6950],"tags":[],"jetpack_publicize_connections":[],"yoast_head":"<!-- This site is optimized with the Yoast SEO plugin v19.1 - https:\/\/yoast.com\/wordpress\/plugins\/seo\/ -->\n<title>Za 80 penzionera iz Srbije i BiH besplatan odmor u Ulcinju - Lajme nga Ulqini<\/title>\n<meta name=\"description\" content=\"Fond za penzijsko i invalidsko osiguranje Crne Gore \u0107e u odmarali\u0161tu u Ulcinju obezbediti sedmodnevni boravak za 40 penzionera iz Srbije krajem avgusta,\" \/>\n<meta name=\"robots\" content=\"index, follow, max-snippet:-1, max-image-preview:large, max-video-preview:-1\" \/>\n<link rel=\"canonical\" href=\"https:\/\/www.visit-ulcinj.com\/blog\/2014\/05\/21\/za-80-penzionera-iz-srbije-bih-besplatan-odmor-u-ulcinju\/\" \/>\n<meta property=\"og:locale\" content=\"en_US\" \/>\n<meta property=\"og:type\" content=\"article\" \/>\n<meta property=\"og:title\" content=\"Za 80 penzionera iz Srbije i BiH besplatan odmor u Ulcinju - Lajme nga Ulqini\" \/>\n<meta property=\"og:description\" content=\"Fond za penzijsko i invalidsko osiguranje Crne Gore \u0107e u odmarali\u0161tu u Ulcinju obezbediti sedmodnevni boravak za 40 penzionera iz Srbije krajem avgusta,\" \/>\n<meta property=\"og:url\" content=\"https:\/\/www.visit-ulcinj.com\/blog\/2014\/05\/21\/za-80-penzionera-iz-srbije-bih-besplatan-odmor-u-ulcinju\/\" \/>\n<meta property=\"og:site_name\" content=\"Lajme nga Ulqini\" \/>\n<meta property=\"article:published_time\" content=\"2014-05-21T16:30:48+00:00\" \/>\n<meta property=\"article:modified_time\" content=\"2014-05-21T16:30:56+00:00\" \/>\n<meta property=\"og:image\" content=\"http:\/\/www.visit-ulcinj.com\/blog\/wp-content\/uploads\/2014\/05\/penzioneri.jpg\" \/>\n<meta name=\"twitter:label1\" content=\"Written by\" \/>\n\t<meta name=\"twitter:data1\" content=\"ulqini\" \/>\n\t<meta name=\"twitter:label2\" content=\"Est. reading time\" \/>\n\t<meta name=\"twitter:data2\" content=\"1 minute\" \/>\n<script type=\"application\/ld+json\" class=\"yoast-schema-graph\">{\"@context\":\"https:\/\/schema.org\",\"@graph\":[{\"@type\":\"WebSite\",\"@id\":\"https:\/\/www.visit-ulcinj.com\/blog\/#website\",\"url\":\"https:\/\/www.visit-ulcinj.com\/blog\/\",\"name\":\"Lajme nga Ulqini\",\"description\":\"Lajme,Vijesti,Ulqini,Ulqin,Crna Gora,Mali i Zi\",\"potentialAction\":[{\"@type\":\"SearchAction\",\"target\":{\"@type\":\"EntryPoint\",\"urlTemplate\":\"https:\/\/www.visit-ulcinj.com\/blog\/?s={search_term_string}\"},\"query-input\":\"required name=search_term_string\"}],\"inLanguage\":\"en-US\"},{\"@type\":\"ImageObject\",\"inLanguage\":\"en-US\",\"@id\":\"https:\/\/www.visit-ulcinj.com\/blog\/2014\/05\/21\/za-80-penzionera-iz-srbije-bih-besplatan-odmor-u-ulcinju\/#primaryimage\",\"url\":\"https:\/\/www.visit-ulcinj.com\/blog\/wp-content\/uploads\/2014\/05\/penzioneri.jpg\",\"contentUrl\":\"https:\/\/www.visit-ulcinj.com\/blog\/wp-content\/uploads\/2014\/05\/penzioneri.jpg\",\"width\":640,\"height\":384},{\"@type\":\"WebPage\",\"@id\":\"https:\/\/www.visit-ulcinj.com\/blog\/2014\/05\/21\/za-80-penzionera-iz-srbije-bih-besplatan-odmor-u-ulcinju\/#webpage\",\"url\":\"https:\/\/www.visit-ulcinj.com\/blog\/2014\/05\/21\/za-80-penzionera-iz-srbije-bih-besplatan-odmor-u-ulcinju\/\",\"name\":\"Za 80 penzionera iz Srbije i BiH besplatan odmor u Ulcinju - Lajme nga Ulqini\",\"isPartOf\":{\"@id\":\"https:\/\/www.visit-ulcinj.com\/blog\/#website\"},\"primaryImageOfPage\":{\"@id\":\"https:\/\/www.visit-ulcinj.com\/blog\/2014\/05\/21\/za-80-penzionera-iz-srbije-bih-besplatan-odmor-u-ulcinju\/#primaryimage\"},\"datePublished\":\"2014-05-21T16:30:48+00:00\",\"dateModified\":\"2014-05-21T16:30:56+00:00\",\"author\":{\"@id\":\"https:\/\/www.visit-ulcinj.com\/blog\/#\/schema\/person\/dcab619c614d3038751c63bc2aadc06d\"},\"description\":\"Fond za penzijsko i invalidsko osiguranje Crne Gore \u0107e u odmarali\u0161tu u Ulcinju obezbediti sedmodnevni boravak za 40 penzionera iz Srbije krajem avgusta,\",\"breadcrumb\":{\"@id\":\"https:\/\/www.visit-ulcinj.com\/blog\/2014\/05\/21\/za-80-penzionera-iz-srbije-bih-besplatan-odmor-u-ulcinju\/#breadcrumb\"},\"inLanguage\":\"en-US\",\"potentialAction\":[{\"@type\":\"ReadAction\",\"target\":[\"https:\/\/www.visit-ulcinj.com\/blog\/2014\/05\/21\/za-80-penzionera-iz-srbije-bih-besplatan-odmor-u-ulcinju\/\"]}]},{\"@type\":\"BreadcrumbList\",\"@id\":\"https:\/\/www.visit-ulcinj.com\/blog\/2014\/05\/21\/za-80-penzionera-iz-srbije-bih-besplatan-odmor-u-ulcinju\/#breadcrumb\",\"itemListElement\":[{\"@type\":\"ListItem\",\"position\":1,\"name\":\"Za 80 penzionera iz Srbije i BiH besplatan odmor u Ulcinju\"}]},{\"@type\":\"Person\",\"@id\":\"https:\/\/www.visit-ulcinj.com\/blog\/#\/schema\/person\/dcab619c614d3038751c63bc2aadc06d\",\"name\":\"ulqini\",\"sameAs\":[\"http:\/\/www.visit-ulcinj.com\"],\"url\":\"https:\/\/www.visit-ulcinj.com\/blog\/author\/admin\/\"}]}<\/script>\n<!-- \/ Yoast SEO plugin. -->","yoast_head_json":{"title":"Za 80 penzionera iz Srbije i BiH besplatan odmor u Ulcinju - Lajme nga Ulqini","description":"Fond za penzijsko i invalidsko osiguranje Crne Gore \u0107e u odmarali\u0161tu u Ulcinju obezbediti sedmodnevni boravak za 40 penzionera iz Srbije krajem avgusta,","robots":{"index":"index","follow":"follow","max-snippet":"max-snippet:-1","max-image-preview":"max-image-preview:large","max-video-preview":"max-video-preview:-1"},"canonical":"https:\/\/www.visit-ulcinj.com\/blog\/2014\/05\/21\/za-80-penzionera-iz-srbije-bih-besplatan-odmor-u-ulcinju\/","og_locale":"en_US","og_type":"article","og_title":"Za 80 penzionera iz Srbije i BiH besplatan odmor u Ulcinju - Lajme nga Ulqini","og_description":"Fond za penzijsko i invalidsko osiguranje Crne Gore \u0107e u odmarali\u0161tu u Ulcinju obezbediti sedmodnevni boravak za 40 penzionera iz Srbije krajem avgusta,","og_url":"https:\/\/www.visit-ulcinj.com\/blog\/2014\/05\/21\/za-80-penzionera-iz-srbije-bih-besplatan-odmor-u-ulcinju\/","og_site_name":"Lajme nga Ulqini","article_published_time":"2014-05-21T16:30:48+00:00","article_modified_time":"2014-05-21T16:30:56+00:00","og_image":[{"url":"http:\/\/www.visit-ulcinj.com\/blog\/wp-content\/uploads\/2014\/05\/penzioneri.jpg"}],"twitter_misc":{"Written by":"ulqini","Est. reading time":"1 minute"},"schema":{"@context":"https:\/\/schema.org","@graph":[{"@type":"WebSite","@id":"https:\/\/www.visit-ulcinj.com\/blog\/#website","url":"https:\/\/www.visit-ulcinj.com\/blog\/","name":"Lajme nga Ulqini","description":"Lajme,Vijesti,Ulqini,Ulqin,Crna Gora,Mali i Zi","potentialAction":[{"@type":"SearchAction","target":{"@type":"EntryPoint","urlTemplate":"https:\/\/www.visit-ulcinj.com\/blog\/?s={search_term_string}"},"query-input":"required name=search_term_string"}],"inLanguage":"en-US"},{"@type":"ImageObject","inLanguage":"en-US","@id":"https:\/\/www.visit-ulcinj.com\/blog\/2014\/05\/21\/za-80-penzionera-iz-srbije-bih-besplatan-odmor-u-ulcinju\/#primaryimage","url":"https:\/\/www.visit-ulcinj.com\/blog\/wp-content\/uploads\/2014\/05\/penzioneri.jpg","contentUrl":"https:\/\/www.visit-ulcinj.com\/blog\/wp-content\/uploads\/2014\/05\/penzioneri.jpg","width":640,"height":384},{"@type":"WebPage","@id":"https:\/\/www.visit-ulcinj.com\/blog\/2014\/05\/21\/za-80-penzionera-iz-srbije-bih-besplatan-odmor-u-ulcinju\/#webpage","url":"https:\/\/www.visit-ulcinj.com\/blog\/2014\/05\/21\/za-80-penzionera-iz-srbije-bih-besplatan-odmor-u-ulcinju\/","name":"Za 80 penzionera iz Srbije i BiH besplatan odmor u Ulcinju - Lajme nga Ulqini","isPartOf":{"@id":"https:\/\/www.visit-ulcinj.com\/blog\/#website"},"primaryImageOfPage":{"@id":"https:\/\/www.visit-ulcinj.com\/blog\/2014\/05\/21\/za-80-penzionera-iz-srbije-bih-besplatan-odmor-u-ulcinju\/#primaryimage"},"datePublished":"2014-05-21T16:30:48+00:00","dateModified":"2014-05-21T16:30:56+00:00","author":{"@id":"https:\/\/www.visit-ulcinj.com\/blog\/#\/schema\/person\/dcab619c614d3038751c63bc2aadc06d"},"description":"Fond za penzijsko i invalidsko osiguranje Crne Gore \u0107e u odmarali\u0161tu u Ulcinju obezbediti sedmodnevni boravak za 40 penzionera iz Srbije krajem avgusta,","breadcrumb":{"@id":"https:\/\/www.visit-ulcinj.com\/blog\/2014\/05\/21\/za-80-penzionera-iz-srbije-bih-besplatan-odmor-u-ulcinju\/#breadcrumb"},"inLanguage":"en-US","potentialAction":[{"@type":"ReadAction","target":["https:\/\/www.visit-ulcinj.com\/blog\/2014\/05\/21\/za-80-penzionera-iz-srbije-bih-besplatan-odmor-u-ulcinju\/"]}]},{"@type":"BreadcrumbList","@id":"https:\/\/www.visit-ulcinj.com\/blog\/2014\/05\/21\/za-80-penzionera-iz-srbije-bih-besplatan-odmor-u-ulcinju\/#breadcrumb","itemListElement":[{"@type":"ListItem","position":1,"name":"Za 80 penzionera iz Srbije i BiH besplatan odmor u Ulcinju"}]},{"@type":"Person","@id":"https:\/\/www.visit-ulcinj.com\/blog\/#\/schema\/person\/dcab619c614d3038751c63bc2aadc06d","name":"ulqini","sameAs":["http:\/\/www.visit-ulcinj.com"],"url":"https:\/\/www.visit-ulcinj.com\/blog\/author\/admin\/"}]}},"jetpack_featured_media_url":"","jetpack_sharing_enabled":true,"jetpack_shortlink":"https:\/\/wp.me\/pe6lTn-lqS","_links":{"self":[{"href":"https:\/\/www.visit-ulcinj.com\/blog\/wp-json\/wp\/v2\/posts\/82390"}],"collection":[{"href":"https:\/\/www.visit-ulcinj.com\/blog\/wp-json\/wp\/v2\/posts"}],"about":[{"href":"https:\/\/www.visit-ulcinj.com\/blog\/wp-json\/wp\/v2\/types\/post"}],"author":[{"embeddable":true,"href":"https:\/\/www.visit-ulcinj.com\/blog\/wp-json\/wp\/v2\/users\/1"}],"replies":[{"embeddable":true,"href":"https:\/\/www.visit-ulcinj.com\/blog\/wp-json\/wp\/v2\/comments?post=82390"}],"version-history":[{"count":1,"href":"https:\/\/www.visit-ulcinj.com\/blog\/wp-json\/wp\/v2\/posts\/82390\/revisions"}],"predecessor-version":[{"id":82392,"href":"https:\/\/www.visit-ulcinj.com\/blog\/wp-json\/wp\/v2\/posts\/82390\/revisions\/82392"}],"wp:attachment":[{"href":"https:\/\/www.visit-ulcinj.com\/blog\/wp-json\/wp\/v2\/media?parent=82390"}],"wp:term":[{"taxonomy":"category","embeddable":true,"href":"https:\/\/www.visit-ulcinj.com\/blog\/wp-json\/wp\/v2\/categories?post=82390"},{"taxonomy":"post_tag","embeddable":true,"href":"https:\/\/www.visit-ulcinj.com\/blog\/wp-json\/wp\/v2\/tags?post=82390"}],"curies":[{"name":"wp","href":"https:\/\/api.w.org\/{rel}","templated":true}]}}