{"id":82393,"date":"2014-05-22T06:40:05","date_gmt":"2014-05-22T05:40:05","guid":{"rendered":"http:\/\/www.visit-ulcinj.com\/blog\/?p=82393"},"modified":"2014-05-23T15:12:00","modified_gmt":"2014-05-23T14:12:00","slug":"edicioni-11-te-manifestimit-pranvera-ne-ane-te-malit","status":"publish","type":"post","link":"https:\/\/www.visit-ulcinj.com\/blog\/2014\/05\/22\/edicioni-11-te-manifestimit-pranvera-ne-ane-te-malit\/","title":{"rendered":"Edicioni i 11-t\u00eb i manifestimit \u201ePranvera n\u00eb An\u00eb t\u00eb Malit\u201c &#8211; Video"},"content":{"rendered":"<p><a href=\"http:\/\/www.visit-ulcinj.com\/blog\/wp-content\/uploads\/2014\/05\/Pranvera-ne-Ane-te-Malit.jpg\"><img loading=\"lazy\" class=\"alignleft  wp-image-82394\" alt=\"Pranvera-ne-Ane-te-Malit\" src=\"http:\/\/www.visit-ulcinj.com\/blog\/wp-content\/uploads\/2014\/05\/Pranvera-ne-Ane-te-Malit.jpg\" width=\"508\" height=\"360\" \/><\/a>Organizata joqeveritare \u201eOra\u201c do t\u00eb organizoj\u00eb m\u00eb 23-25 maj 2014 edicionin e 11-t\u00eb t\u00eb manifestimit \u201ePranvera n\u00eb An\u00eb t\u00eb Malit\u201c. T\u00eb ftuar t\u00eb ve\u00e7ant\u00eb t\u00eb edicionit t\u00eb sivjetsh\u00ebm jan\u00eb Ansambli Komb\u00ebtar i K\u00ebng\u00ebve dhe Valleve \u201eShota\u201c, i cili do t\u00eb prezantohet me programin e vet dit\u00ebn qendrore t\u00eb manifestimit, dhe aktori Mirush Kabashi, i cili nat\u00ebn e par\u00eb do t\u00eb prezantohet me nj\u00eb koncert recital poetik. Nd\u00ebrkaq, cikli \u201eAna e Malit n\u00ebp\u00ebr vite\u201c do t\u00eb vazhdoj\u00eb k\u00ebt\u00eb vit tradit\u00ebn me ekspozit\u00ebn me fotografi t\u00eb vjetra nga Ana e Malit.<\/p>\n<p>Manifestimi tradicional \u201ePranvera n\u00eb An\u00eb t\u00eb Malit\u201c \u00ebsht\u00eb projekti kryesor i Shoqat\u00ebs \u201eOra\u201c. Ky manifestim me karakter kulturor-turistik ka p\u00ebr q\u00ebllim ruajtjen e vlerave tradicionale dhe promovimin e turizmit t\u00eb An\u00ebs s\u00eb Malit. Edicioni i tij i par\u00eb \u00ebsht\u00eb mbajtur n\u00eb vitin 2004 dhe q\u00eb prej at\u00ebher\u00eb zhvillohet p\u00ebr \u00e7do vit. I ideuar n\u00eb fillim si nj\u00eb veprimtari ku para s\u00eb gjithash do t\u00eb bashkohen qytetar\u00ebt e trev\u00ebs s\u00eb An\u00ebs s\u00eb Malit dhe t\u00eb trevave t\u00eb tjera, \u201ePranvera n\u00eb An\u00eb t\u00eb Malit\u201c \u00ebsht\u00eb shnd\u00ebrruar tashm\u00eb n\u00eb nj\u00eb veprimtari prestigjioze, ku kan\u00eb marr\u00eb pjes\u00eb shum\u00eb artist\u00eb shqiptar\u00eb me fam\u00eb, duke i tejkaluar kufijt\u00eb e nj\u00eb manifestimi me karakter lokal. Vendosja e Shasit n\u00eb qend\u00ebr t\u00eb k\u00ebtij manifestimi e ka rikthyer v\u00ebmendjen te ky qytet i lasht\u00eb duke e promovuar at\u00eb si nj\u00eb qend\u00ebr t\u00eb zhvillimit t\u00eb turizmit historik dhe kulturor.<\/p>\n<p><a href=\"http:\/\/www.visit-ulcinj.com\/blog\/wp-content\/uploads\/2014\/05\/Pranvera-ne-ane-te-malit-shoqata-ora.jpg\"><img loading=\"lazy\" class=\"alignleft  wp-image-82404\" alt=\"Pranvera ne ane te malit-shoqata-ora\" src=\"http:\/\/www.visit-ulcinj.com\/blog\/wp-content\/uploads\/2014\/05\/Pranvera-ne-ane-te-malit-shoqata-ora.jpg\" width=\"508\" height=\"600\" \/><\/a><\/p>\n<p>&nbsp;<\/p>\n<p><i>\u00a0<\/i><\/p>\n<p><i>Kat\u00ebrkoll\u00eb, m\u00eb 22 maj 2014 \u00a0\u00a0\u00a0\u00a0\u00a0\u00a0\u00a0\u00a0\u00a0\u00a0\u00a0\u00a0\u00a0\u00a0\u00a0\u00a0\u00a0\u00a0\u00a0\u00a0\u00a0\u00a0\u00a0\u00a0 <\/i><b>Sh\u00ebrbimi p\u00ebr Marr\u00ebdh\u00ebnie me publikun<\/b><\/p>\n<p><a href=\"http:\/\/www.visit-ulcinj.com\/blog\/wp-content\/uploads\/2014\/05\/Shoqata-Ora-ana-malit.jpg\"><img loading=\"lazy\" class=\"alignleft  wp-image-82395\" alt=\"Shoqata Ora-ana-malit\" src=\"http:\/\/www.visit-ulcinj.com\/blog\/wp-content\/uploads\/2014\/05\/Shoqata-Ora-ana-malit.jpg\" width=\"508\" height=\"400\" \/><\/a><\/p>\n<p>&nbsp;<\/p>\n<p align=\"center\"><b>PRANVERA N\u00cb AN\u00cb T\u00cb MALIT 2014<\/b><\/p>\n<p>\u00a0\u00a0\u00a0\u00a0\u00a0\u00a0\u00a0\u00a0\u00a0\u00a0\u00a0\u00a0\u00a0\u00a0\u00a0\u00a0\u00a0\u00a0\u00a0\u00a0\u00a0\u00a0\u00a0\u00a0\u00a0\u00a0\u00a0\u00a0\u00a0\u00a0\u00a0\u00a0\u00a0\u00a0\u00a0\u00a0\u00a0\u00a0\u00a0\u00a0\u00a0\u00a0\u00a0\u00a0\u00a0\u00a0\u00a0\u00a0\u00a0\u00a0\u00a0\u00a0\u00a0\u00a0\u00a0\u00a0\u00a0\u00a0\u00a0\u00a0\u00a0\u00a0\u00a0 23-25 maj 2014<\/p>\n<p align=\"center\"><b>\u00a0<\/b><\/p>\n<p align=\"center\"><b>\u00a0<\/b><\/p>\n<p><b>Programi: <\/b><\/p>\n<p>&nbsp;<\/p>\n<p><b><i>E premte, 23 maj 2014<\/i><\/b><\/p>\n<p>&nbsp;<\/p>\n<p>Ekspozit\u00eb me fotografi t\u00eb vjetra me motive nga Ana e Malit <b><\/b><\/p>\n<p>Koncert recital poetik nga Mirush Kabashi<\/p>\n<p><i>\u00a0\u00a0\u00a0\u00a0\u00a0\u00a0\u00a0\u00a0\u00a0\u00a0\u00a0\u00a0\u00a0\u00a0\u00a0\u00a0\u00a0\u00a0\u00a0\u00a0\u00a0\u00a0\u00a0\u00a0\u00a0\u00a0\u00a0\u00a0\u00a0\u00a0\u00a0\u00a0\u00a0\u00a0\u00a0\u00a0\u00a0\u00a0\u00a0\u00a0 \u00a0\u00a0\u00a0\u00a0\u00a0\u00a0\u00a0\u00a0\u00a0\u00a0\u00a0\u00a0\u00a0\u00a0(Kalaja e Shasit, ora 19.00)<\/i><\/p>\n<p><b><i>\u00a0<\/i><\/b><\/p>\n<p><b><i>E shtun\u00eb, 24 maj 2014<\/i><\/b><\/p>\n<p>&nbsp;<\/p>\n<p><b>Dita e sportit<\/b><\/p>\n<p>&nbsp;<\/p>\n<p>Krosi pranveror \u00a0\u00a0\u00a0\u00a0\u00a0\u00a0\u00a0\u00a0 \u00a0\u00a0\u00a0\u00a0\u00a0\u00a0\u00a0\u00a0\u00a0\u00a0\u00a0 <i>(nisja nga qendra n\u00eb Kat\u00ebrkoll\u00eb, ora 09.00)<\/i><\/p>\n<p>Turne n\u00eb volejboll \u00a0\u00a0\u00a0\u00a0\u00a0 \u00a0\u00a0\u00a0\u00a0\u00a0\u00a0\u00a0\u00a0\u00a0\u00a0\u00a0 <i>(Stadiumi n\u00eb Shas, ora 11.00)<\/i><\/p>\n<p>Turne n\u00eb futboll (institucionet) <i>(Stadiumi n\u00eb Shas, ora 14.00)<\/i><\/p>\n<p>Turne n\u00eb shah \u00a0\u00a0\u00a0\u00a0\u00a0\u00a0\u00a0\u00a0\u00a0\u00a0\u00a0\u00a0\u00a0\u00a0\u00a0\u00a0\u00a0\u00a0\u00a0\u00a0\u00a0\u00a0\u00a0 \u00a0\u00a0\u00a0\u00a0\u00a0\u00a0\u00a0\u00a0\u00a0\u00a0\u00a0 <i>(Restoranti \u201cDiamant\u201d, ora 14.00)<\/i><\/p>\n<p>Turne n\u00eb ping pong \u00a0\u00a0 \u00a0\u00a0\u00a0\u00a0\u00a0\u00a0\u00a0\u00a0\u00a0\u00a0\u00a0 <i>(Restoranti \u201cKristal\u201d, ora 15.00)<\/i><\/p>\n<p><b><i>\u00a0<\/i><\/b><\/p>\n<p><b><i>E diel, 25 maj 2014 <\/i><\/b><\/p>\n<p>&nbsp;<\/p>\n<p><b>Dita qendrore e manifestimit <\/b><\/p>\n<p>&nbsp;<\/p>\n<p>Program kulturor-zbavit\u00ebs:<\/p>\n<p>&#8211;\u00a0\u00a0\u00a0\u00a0\u00a0\u00a0\u00a0\u00a0\u00a0 Muzik\u00eb popullore<\/p>\n<p>Ansambli Komb\u00ebtar i K\u00ebng\u00ebve dhe Valleve \u201eSHOTA\u201c &#8211; Prishtin\u00eb, SHA \u201eTradita\u201c<\/p>\n<p>&#8211;\u00a0\u00a0\u00a0\u00a0\u00a0\u00a0\u00a0\u00a0\u00a0 Loj\u00ebra popullore<\/p>\n<p>&#8211;\u00a0\u00a0\u00a0\u00a0\u00a0\u00a0\u00a0\u00a0\u00a0 Ushqim tradicional<\/p>\n<p>&#8211;\u00a0\u00a0\u00a0\u00a0\u00a0\u00a0\u00a0\u00a0\u00a0 Panairi i artizanateve<\/p>\n<p><i>(Stadiumi i Shasit, ora 16.00)<\/i><\/p>\n<p><b>\u00a0<\/b><\/p>\n<p><b><i>Ju mir\u00ebpresim! <\/i><\/b><\/p>\n<!--YouTube Error: bad URL entered-->\n","protected":false},"excerpt":{"rendered":"<p>Organizata joqeveritare \u201eOra\u201c do t\u00eb organizoj\u00eb m\u00eb 23-25 maj 2014 edicionin e 11-t\u00eb t\u00eb manifestimit \u201ePranvera n\u00eb An\u00eb t\u00eb Malit\u201c. T\u00eb ftuar t\u00eb ve\u00e7ant\u00eb t\u00eb edicionit t\u00eb sivjetsh\u00ebm jan\u00eb Ansambli Komb\u00ebtar i K\u00ebng\u00ebve dhe Valleve \u201eShota\u201c, i cili do t\u00eb prezantohet me programin e vet dit\u00ebn qendrore t\u00eb manifestimit, dhe aktori Mirush Kabashi, i cili [&hellip;]<\/p>\n","protected":false},"author":1,"featured_media":0,"comment_status":"closed","ping_status":"closed","sticky":false,"template":"","format":"standard","meta":{"spay_email":"","jetpack_publicize_message":"","jetpack_is_tweetstorm":false,"jetpack_publicize_feature_enabled":true},"categories":[4,1],"tags":[],"jetpack_publicize_connections":[],"yoast_head":"<!-- This site is optimized with the Yoast SEO plugin v19.1 - https:\/\/yoast.com\/wordpress\/plugins\/seo\/ -->\n<title>Edicioni i 11-t\u00eb i manifestimit \u201ePranvera n\u00eb An\u00eb t\u00eb Malit\u201c - Video - Lajme nga Ulqini<\/title>\n<meta name=\"description\" content=\"Organizata joqeveritare \u201eOra\u201c do t\u00eb organizoj\u00eb m\u00eb 23-25 maj 2014 edicionin e 11-t\u00eb t\u00eb manifestimit \u201ePranvera n\u00eb An\u00eb t\u00eb Malit\u201c. T\u00eb ftuar t\u00eb ve\u00e7ant\u00eb t\u00eb\" \/>\n<meta name=\"robots\" content=\"index, follow, max-snippet:-1, max-image-preview:large, max-video-preview:-1\" \/>\n<link rel=\"canonical\" href=\"https:\/\/www.visit-ulcinj.com\/blog\/2014\/05\/22\/edicioni-11-te-manifestimit-pranvera-ne-ane-te-malit\/\" \/>\n<meta property=\"og:locale\" content=\"en_US\" \/>\n<meta property=\"og:type\" content=\"article\" \/>\n<meta property=\"og:title\" content=\"Edicioni i 11-t\u00eb i manifestimit \u201ePranvera n\u00eb An\u00eb t\u00eb Malit\u201c - Video - Lajme nga Ulqini\" \/>\n<meta property=\"og:description\" content=\"Organizata joqeveritare \u201eOra\u201c do t\u00eb organizoj\u00eb m\u00eb 23-25 maj 2014 edicionin e 11-t\u00eb t\u00eb manifestimit \u201ePranvera n\u00eb An\u00eb t\u00eb Malit\u201c. T\u00eb ftuar t\u00eb ve\u00e7ant\u00eb t\u00eb\" \/>\n<meta property=\"og:url\" content=\"https:\/\/www.visit-ulcinj.com\/blog\/2014\/05\/22\/edicioni-11-te-manifestimit-pranvera-ne-ane-te-malit\/\" \/>\n<meta property=\"og:site_name\" content=\"Lajme nga Ulqini\" \/>\n<meta property=\"article:published_time\" content=\"2014-05-22T05:40:05+00:00\" \/>\n<meta property=\"article:modified_time\" content=\"2014-05-23T14:12:00+00:00\" \/>\n<meta property=\"og:image\" content=\"http:\/\/www.visit-ulcinj.com\/blog\/wp-content\/uploads\/2014\/05\/Pranvera-ne-Ane-te-Malit.jpg\" \/>\n<meta name=\"twitter:label1\" content=\"Written by\" \/>\n\t<meta name=\"twitter:data1\" content=\"ulqini\" \/>\n\t<meta name=\"twitter:label2\" content=\"Est. reading time\" \/>\n\t<meta name=\"twitter:data2\" content=\"2 minutes\" \/>\n<script type=\"application\/ld+json\" class=\"yoast-schema-graph\">{\"@context\":\"https:\/\/schema.org\",\"@graph\":[{\"@type\":\"WebSite\",\"@id\":\"https:\/\/www.visit-ulcinj.com\/blog\/#website\",\"url\":\"https:\/\/www.visit-ulcinj.com\/blog\/\",\"name\":\"Lajme nga Ulqini\",\"description\":\"Lajme,Vijesti,Ulqini,Ulqin,Crna Gora,Mali i Zi\",\"potentialAction\":[{\"@type\":\"SearchAction\",\"target\":{\"@type\":\"EntryPoint\",\"urlTemplate\":\"https:\/\/www.visit-ulcinj.com\/blog\/?s={search_term_string}\"},\"query-input\":\"required name=search_term_string\"}],\"inLanguage\":\"en-US\"},{\"@type\":\"ImageObject\",\"inLanguage\":\"en-US\",\"@id\":\"https:\/\/www.visit-ulcinj.com\/blog\/2014\/05\/22\/edicioni-11-te-manifestimit-pranvera-ne-ane-te-malit\/#primaryimage\",\"url\":\"https:\/\/www.visit-ulcinj.com\/blog\/wp-content\/uploads\/2014\/05\/Pranvera-ne-Ane-te-Malit.jpg\",\"contentUrl\":\"https:\/\/www.visit-ulcinj.com\/blog\/wp-content\/uploads\/2014\/05\/Pranvera-ne-Ane-te-Malit.jpg\",\"width\":960,\"height\":640},{\"@type\":\"WebPage\",\"@id\":\"https:\/\/www.visit-ulcinj.com\/blog\/2014\/05\/22\/edicioni-11-te-manifestimit-pranvera-ne-ane-te-malit\/#webpage\",\"url\":\"https:\/\/www.visit-ulcinj.com\/blog\/2014\/05\/22\/edicioni-11-te-manifestimit-pranvera-ne-ane-te-malit\/\",\"name\":\"Edicioni i 11-t\u00eb i manifestimit \u201ePranvera n\u00eb An\u00eb t\u00eb Malit\u201c - Video - Lajme nga Ulqini\",\"isPartOf\":{\"@id\":\"https:\/\/www.visit-ulcinj.com\/blog\/#website\"},\"primaryImageOfPage\":{\"@id\":\"https:\/\/www.visit-ulcinj.com\/blog\/2014\/05\/22\/edicioni-11-te-manifestimit-pranvera-ne-ane-te-malit\/#primaryimage\"},\"datePublished\":\"2014-05-22T05:40:05+00:00\",\"dateModified\":\"2014-05-23T14:12:00+00:00\",\"author\":{\"@id\":\"https:\/\/www.visit-ulcinj.com\/blog\/#\/schema\/person\/dcab619c614d3038751c63bc2aadc06d\"},\"description\":\"Organizata joqeveritare \u201eOra\u201c do t\u00eb organizoj\u00eb m\u00eb 23-25 maj 2014 edicionin e 11-t\u00eb t\u00eb manifestimit \u201ePranvera n\u00eb An\u00eb t\u00eb Malit\u201c. T\u00eb ftuar t\u00eb ve\u00e7ant\u00eb t\u00eb\",\"breadcrumb\":{\"@id\":\"https:\/\/www.visit-ulcinj.com\/blog\/2014\/05\/22\/edicioni-11-te-manifestimit-pranvera-ne-ane-te-malit\/#breadcrumb\"},\"inLanguage\":\"en-US\",\"potentialAction\":[{\"@type\":\"ReadAction\",\"target\":[\"https:\/\/www.visit-ulcinj.com\/blog\/2014\/05\/22\/edicioni-11-te-manifestimit-pranvera-ne-ane-te-malit\/\"]}]},{\"@type\":\"BreadcrumbList\",\"@id\":\"https:\/\/www.visit-ulcinj.com\/blog\/2014\/05\/22\/edicioni-11-te-manifestimit-pranvera-ne-ane-te-malit\/#breadcrumb\",\"itemListElement\":[{\"@type\":\"ListItem\",\"position\":1,\"name\":\"Edicioni i 11-t\u00eb i manifestimit \u201ePranvera n\u00eb An\u00eb t\u00eb Malit\u201c &#8211; Video\"}]},{\"@type\":\"Person\",\"@id\":\"https:\/\/www.visit-ulcinj.com\/blog\/#\/schema\/person\/dcab619c614d3038751c63bc2aadc06d\",\"name\":\"ulqini\",\"sameAs\":[\"http:\/\/www.visit-ulcinj.com\"],\"url\":\"https:\/\/www.visit-ulcinj.com\/blog\/author\/admin\/\"}]}<\/script>\n<!-- \/ Yoast SEO plugin. -->","yoast_head_json":{"title":"Edicioni i 11-t\u00eb i manifestimit \u201ePranvera n\u00eb An\u00eb t\u00eb Malit\u201c - Video - Lajme nga Ulqini","description":"Organizata joqeveritare \u201eOra\u201c do t\u00eb organizoj\u00eb m\u00eb 23-25 maj 2014 edicionin e 11-t\u00eb t\u00eb manifestimit \u201ePranvera n\u00eb An\u00eb t\u00eb Malit\u201c. T\u00eb ftuar t\u00eb ve\u00e7ant\u00eb t\u00eb","robots":{"index":"index","follow":"follow","max-snippet":"max-snippet:-1","max-image-preview":"max-image-preview:large","max-video-preview":"max-video-preview:-1"},"canonical":"https:\/\/www.visit-ulcinj.com\/blog\/2014\/05\/22\/edicioni-11-te-manifestimit-pranvera-ne-ane-te-malit\/","og_locale":"en_US","og_type":"article","og_title":"Edicioni i 11-t\u00eb i manifestimit \u201ePranvera n\u00eb An\u00eb t\u00eb Malit\u201c - Video - Lajme nga Ulqini","og_description":"Organizata joqeveritare \u201eOra\u201c do t\u00eb organizoj\u00eb m\u00eb 23-25 maj 2014 edicionin e 11-t\u00eb t\u00eb manifestimit \u201ePranvera n\u00eb An\u00eb t\u00eb Malit\u201c. T\u00eb ftuar t\u00eb ve\u00e7ant\u00eb t\u00eb","og_url":"https:\/\/www.visit-ulcinj.com\/blog\/2014\/05\/22\/edicioni-11-te-manifestimit-pranvera-ne-ane-te-malit\/","og_site_name":"Lajme nga Ulqini","article_published_time":"2014-05-22T05:40:05+00:00","article_modified_time":"2014-05-23T14:12:00+00:00","og_image":[{"url":"http:\/\/www.visit-ulcinj.com\/blog\/wp-content\/uploads\/2014\/05\/Pranvera-ne-Ane-te-Malit.jpg"}],"twitter_misc":{"Written by":"ulqini","Est. reading time":"2 minutes"},"schema":{"@context":"https:\/\/schema.org","@graph":[{"@type":"WebSite","@id":"https:\/\/www.visit-ulcinj.com\/blog\/#website","url":"https:\/\/www.visit-ulcinj.com\/blog\/","name":"Lajme nga Ulqini","description":"Lajme,Vijesti,Ulqini,Ulqin,Crna Gora,Mali i Zi","potentialAction":[{"@type":"SearchAction","target":{"@type":"EntryPoint","urlTemplate":"https:\/\/www.visit-ulcinj.com\/blog\/?s={search_term_string}"},"query-input":"required name=search_term_string"}],"inLanguage":"en-US"},{"@type":"ImageObject","inLanguage":"en-US","@id":"https:\/\/www.visit-ulcinj.com\/blog\/2014\/05\/22\/edicioni-11-te-manifestimit-pranvera-ne-ane-te-malit\/#primaryimage","url":"https:\/\/www.visit-ulcinj.com\/blog\/wp-content\/uploads\/2014\/05\/Pranvera-ne-Ane-te-Malit.jpg","contentUrl":"https:\/\/www.visit-ulcinj.com\/blog\/wp-content\/uploads\/2014\/05\/Pranvera-ne-Ane-te-Malit.jpg","width":960,"height":640},{"@type":"WebPage","@id":"https:\/\/www.visit-ulcinj.com\/blog\/2014\/05\/22\/edicioni-11-te-manifestimit-pranvera-ne-ane-te-malit\/#webpage","url":"https:\/\/www.visit-ulcinj.com\/blog\/2014\/05\/22\/edicioni-11-te-manifestimit-pranvera-ne-ane-te-malit\/","name":"Edicioni i 11-t\u00eb i manifestimit \u201ePranvera n\u00eb An\u00eb t\u00eb Malit\u201c - Video - Lajme nga Ulqini","isPartOf":{"@id":"https:\/\/www.visit-ulcinj.com\/blog\/#website"},"primaryImageOfPage":{"@id":"https:\/\/www.visit-ulcinj.com\/blog\/2014\/05\/22\/edicioni-11-te-manifestimit-pranvera-ne-ane-te-malit\/#primaryimage"},"datePublished":"2014-05-22T05:40:05+00:00","dateModified":"2014-05-23T14:12:00+00:00","author":{"@id":"https:\/\/www.visit-ulcinj.com\/blog\/#\/schema\/person\/dcab619c614d3038751c63bc2aadc06d"},"description":"Organizata joqeveritare \u201eOra\u201c do t\u00eb organizoj\u00eb m\u00eb 23-25 maj 2014 edicionin e 11-t\u00eb t\u00eb manifestimit \u201ePranvera n\u00eb An\u00eb t\u00eb Malit\u201c. T\u00eb ftuar t\u00eb ve\u00e7ant\u00eb t\u00eb","breadcrumb":{"@id":"https:\/\/www.visit-ulcinj.com\/blog\/2014\/05\/22\/edicioni-11-te-manifestimit-pranvera-ne-ane-te-malit\/#breadcrumb"},"inLanguage":"en-US","potentialAction":[{"@type":"ReadAction","target":["https:\/\/www.visit-ulcinj.com\/blog\/2014\/05\/22\/edicioni-11-te-manifestimit-pranvera-ne-ane-te-malit\/"]}]},{"@type":"BreadcrumbList","@id":"https:\/\/www.visit-ulcinj.com\/blog\/2014\/05\/22\/edicioni-11-te-manifestimit-pranvera-ne-ane-te-malit\/#breadcrumb","itemListElement":[{"@type":"ListItem","position":1,"name":"Edicioni i 11-t\u00eb i manifestimit \u201ePranvera n\u00eb An\u00eb t\u00eb Malit\u201c &#8211; Video"}]},{"@type":"Person","@id":"https:\/\/www.visit-ulcinj.com\/blog\/#\/schema\/person\/dcab619c614d3038751c63bc2aadc06d","name":"ulqini","sameAs":["http:\/\/www.visit-ulcinj.com"],"url":"https:\/\/www.visit-ulcinj.com\/blog\/author\/admin\/"}]}},"jetpack_featured_media_url":"","jetpack_sharing_enabled":true,"jetpack_shortlink":"https:\/\/wp.me\/pe6lTn-lqV","_links":{"self":[{"href":"https:\/\/www.visit-ulcinj.com\/blog\/wp-json\/wp\/v2\/posts\/82393"}],"collection":[{"href":"https:\/\/www.visit-ulcinj.com\/blog\/wp-json\/wp\/v2\/posts"}],"about":[{"href":"https:\/\/www.visit-ulcinj.com\/blog\/wp-json\/wp\/v2\/types\/post"}],"author":[{"embeddable":true,"href":"https:\/\/www.visit-ulcinj.com\/blog\/wp-json\/wp\/v2\/users\/1"}],"replies":[{"embeddable":true,"href":"https:\/\/www.visit-ulcinj.com\/blog\/wp-json\/wp\/v2\/comments?post=82393"}],"version-history":[{"count":5,"href":"https:\/\/www.visit-ulcinj.com\/blog\/wp-json\/wp\/v2\/posts\/82393\/revisions"}],"predecessor-version":[{"id":82427,"href":"https:\/\/www.visit-ulcinj.com\/blog\/wp-json\/wp\/v2\/posts\/82393\/revisions\/82427"}],"wp:attachment":[{"href":"https:\/\/www.visit-ulcinj.com\/blog\/wp-json\/wp\/v2\/media?parent=82393"}],"wp:term":[{"taxonomy":"category","embeddable":true,"href":"https:\/\/www.visit-ulcinj.com\/blog\/wp-json\/wp\/v2\/categories?post=82393"},{"taxonomy":"post_tag","embeddable":true,"href":"https:\/\/www.visit-ulcinj.com\/blog\/wp-json\/wp\/v2\/tags?post=82393"}],"curies":[{"name":"wp","href":"https:\/\/api.w.org\/{rel}","templated":true}]}}