{"id":8240,"date":"2009-01-08T19:57:02","date_gmt":"2009-01-08T18:57:02","guid":{"rendered":"http:\/\/www.visit-ulcinj.com\/blog\/?p=8240"},"modified":"2009-01-08T19:57:02","modified_gmt":"2009-01-08T18:57:02","slug":"viti-2008-vit-i-mire-per-malin-e-zi-dhe-qytetaret-e-tij","status":"publish","type":"post","link":"https:\/\/www.visit-ulcinj.com\/blog\/2009\/01\/08\/viti-2008-vit-i-mire-per-malin-e-zi-dhe-qytetaret-e-tij\/","title":{"rendered":"Viti 2008 &#8211; Vit i mir\u00eb p\u00ebr Malin e Zi dhe qytetar\u00ebt e tij"},"content":{"rendered":"<p><strong><a href=\"http:\/\/www.visit-ulcinj.com\/blog\/wp-content\/uploads\/2009\/01\/crna-gora-i-evropa.gif\" target=\"_blank\"><img loading=\"lazy\" class=\"alignleft size-full wp-image-8241\" title=\"crna-gora-i-evropa\" src=\"http:\/\/www.visit-ulcinj.com\/blog\/wp-content\/uploads\/2009\/01\/crna-gora-i-evropa.gif\" alt=\"crna-gora-i-evropa\" width=\"348\" height=\"275\" srcset=\"https:\/\/www.visit-ulcinj.com\/blog\/wp-content\/uploads\/2009\/01\/crna-gora-i-evropa.gif 640w, https:\/\/www.visit-ulcinj.com\/blog\/wp-content\/uploads\/2009\/01\/crna-gora-i-evropa-300x237.gif 300w\" sizes=\"(max-width: 348px) 100vw, 348px\" \/><\/a>Mali i Zi diti t\u00eb pozicionohet dhe t\u00eb reagoj\u00eb si nj\u00eb vend i madh, i vendosur dhe i fuqish\u00ebm<\/strong><br \/>\nK\u00ebtu d\u00ebshiroi t\u00eb theksoi posa\u00e7\u00ebrisht g\u00ebzimin dhe k\u00ebnaq\u00ebsin\u00eb time p\u00ebr m\u00ebnyr\u00ebn me t\u00eb cil\u00ebn shqiptar\u00ebt n\u00eb Mal t\u00eb Zi, si dhe p\u00ebrfaq\u00ebsuesit e tyre politik, reaguan gjat\u00eb k\u00ebtyre ngjarjeve delikate. Shqiptar\u00ebt reaguan me men\u00e7uri, me maturi, duke u kujdesur q\u00eb ta mbrojn\u00eb vendosm\u00ebrisht interesin e vet, duke mos d\u00ebshiruar q\u00eb me k\u00ebt\u00eb rast q\u00eb askujt t`ia drejtojn\u00eb asnj\u00eb fjal\u00eb t\u00eb r\u00ebnd\u00eb. N\u00eb koh\u00ebn e tensioneve t\u00eb m\u00ebdha, kur nga pala tjet\u00ebr arrijn\u00eb bresh\u00ebri akuzash e shpesh\u00ebher\u00eb edhe fyerjesh, nj\u00eb reaksion i till\u00eb flet p\u00ebr skall\u00ebn e lart\u00eb t\u00eb pjekuris\u00eb politike t\u00eb shqiptar\u00ebve dhe t\u00eb lider\u00ebve t\u00eb tyre politik. Bravo ju qoft\u00eb!<br \/>\nDuhet th\u00ebn\u00eb menj\u00ebher\u00eb: p\u00ebr Malin e Zi dhe qytetar\u00ebt e tij, viti 2008 ka qen\u00eb vit i mbar\u00eb.<br \/>\nPik\u00ebs\u00ebpari, ky shtet i ri por i vjet\u00ebr n\u00eb vitin e kaluar u forcua dhe ajo q\u00eb g\u00ebzon posa\u00e7\u00ebrisht, \u00ebsht\u00eb se disa her\u00eb tregoi se di t\u00eb pozicionohet dhe t\u00eb reagoj\u00eb si vend i madh, i vendosur dhe i fuqish\u00ebm. N\u00eb situatat q\u00eb kan\u00eb qen\u00eb sprov\u00eb e v\u00ebrtet\u00eb p\u00ebr multikulturalitetin dhe toleranc\u00ebn malazeze, (t\u00eb cilin krer\u00ebt e Malit t\u00eb Zi, n\u00eb kontaktet me p\u00ebrfaq\u00ebsuesit e t\u00eb ashtuquajtur\u00ebs bashk\u00ebsi nd\u00ebrkomb\u00ebtare, me t\u00eb drejt\u00eb e theksojn\u00eb si vler\u00ebn m\u00eb t\u00eb madhe t\u00eb k\u00ebsaj shoq\u00ebrie), shteti veproi fuqish\u00ebm, duke identifikuar qart\u00eb interesin e vet dhe duke e mbrojtur vendosm\u00ebrisht at\u00eb.<br \/>\nKjo n\u00eb radh\u00eb t\u00eb par\u00eb ka t\u00eb b\u00ebj\u00eb me njohjen e Kosov\u00ebs nga Mali i Zi, q\u00eb \u00ebsht\u00eb e para nga dy ngjarjet m\u00eb t\u00eb r\u00ebnd\u00ebsishme t\u00eb k\u00ebtij viti. Duke njohur Kosov\u00ebn, Mali i Zi p\u00ebrfundimisht heqi dor\u00eb nga politika e ndjekjes s\u00eb interesit t\u00eb huaj n\u00eb d\u00ebm t\u00eb vet. Duke u p\u00ebrcaktuar p\u00ebr k\u00ebt\u00eb hap t\u00eb guximsh\u00ebm por t\u00eb domosdosh\u00ebm, Mali i Zi arriti disa q\u00ebllime jasht\u00ebzakonisht t\u00eb r\u00ebnd\u00ebsishme.<br \/>\nN\u00eb radh\u00eb t\u00eb par\u00eb, partner\u00ebve n\u00eb bashk\u00ebsin\u00eb nd\u00ebrkomb\u00ebtare u tregoi se \u00ebsht\u00eb i aft\u00eb p\u00ebr t`i marr\u00eb dhe p\u00ebr t`i zbatuar edhe v\u00ebndimet m\u00eb t\u00eb v\u00ebshtira. Nj\u00eb gj\u00eb duhet t\u00eb jet\u00eb e qart\u00eb: Mali i Zi \u00ebsht\u00eb partner me t\u00eb cilin mund t\u00eb llogaritet.<br \/>\nPastaj, Mali i Zi tregoi se \u00ebsht\u00eb i aft\u00eb p\u00ebr t`iu kund\u00ebrv\u00ebn\u00eb tentativave t\u00eb destabilizimit. K\u00ebto tentativa nuk jan\u00eb asgj\u00eb e re: ato pothuajse n\u00eb intervale t\u00eb rregullta kohore vijn\u00eb nga Beogradi. Opozita ka paralajm\u00ebruar nj\u00eb koh\u00eb t\u00eb gjat\u00eb dhe m\u00eb n\u00eb fund tentoi ta destabilizoj\u00eb Malin e Zi. Thelb i k\u00ebsaj p\u00ebrpjekjeje ka qen\u00eb ideja q\u00eb njohja e pavar\u00ebsis\u00eb s\u00eb Kosov\u00ebs nga Mali i Zi t\u00eb shfryt\u00ebzohej si shkas p\u00ebr trazira q\u00eb do t\u00eb shkaktonin anulimin e vendimit t\u00eb cilin qytetar\u00ebt e kishin marr\u00eb n\u00eb procedur\u00eb demokratike n\u00eb referendum. Duke u rebeluar p\u00ebr shkak t\u00eb njohjes s\u00eb pavar\u00ebsis\u00eb s\u00eb Kosov\u00ebs, opozita n\u00eb realitet tentoi t\u00eb anuloj\u00eb pavar\u00ebsin\u00eb malazeze.<br \/>\nK\u00ebtu d\u00ebshiroj t\u00eb theksoj posa\u00e7\u00ebrisht g\u00ebzimin dhe k\u00ebnaq\u00ebsin\u00eb time p\u00ebr m\u00ebnyr\u00ebn me t\u00eb cil\u00ebn shqiptar\u00ebt n\u00eb Mal t\u00eb Zi, si dhe p\u00ebrfaq\u00ebsuesit e tyre politik\u00eb, reaguan gjat\u00eb k\u00ebtyre ngjarjeve delikate. Shqiptar\u00ebt reaguan me men\u00e7uri, me maturi, duke u kujdesur q\u00eb ta mbrojn\u00eb vendosm\u00ebrisht interesin e vet, duke mos d\u00ebshiruar me k\u00ebt\u00eb rast q\u00eb askujt t`ia drejtojn\u00eb asnj\u00eb fjal\u00eb t\u00eb r\u00ebnd\u00eb. N\u00eb koh\u00ebn e tensioneve t\u00eb m\u00ebdha, kur nga pala tjet\u00ebr arrijn\u00eb bresh\u00ebri akuzash e shpesh\u00ebher\u00eb edhe fyerjesh, nj\u00eb reaksion i till\u00eb flet p\u00ebr shkall\u00ebn e lart\u00eb t\u00eb pjekuris\u00eb politike t\u00eb shqiptar\u00ebve dhe t\u00eb lider\u00ebve t\u00eb tyre politik\u00eb. Bravo ju qoft\u00eb!<br \/>\n\u00c7\u00ebshtja tjet\u00ebr m\u00eb e r\u00ebnd\u00ebsishme q\u00eb n\u00eb Mal t\u00eb Zi ndodhi n\u00eb k\u00ebt\u00eb vit, gjith\u00ebsesi \u00ebsht\u00eb angazhimi i Malit t\u00eb Zi p\u00ebr t`u b\u00ebr\u00eb pjes\u00eb e Bashkimit Europian dhe Paktit t\u00eb NATO-s, angazhim q\u00eb rezultoi me aplikimin t\u00eb cilin kryeministri Gjukanoviq ia dor\u00ebzoi presidentit francez Nikollas Sarkozi. Me fitimin e pavar\u00ebsis\u00eb ka p\u00ebrfunduar vet\u00ebm nj\u00eb pjes\u00eb e pun\u00ebs. Ne t\u00eb cil\u00ebt kemi \u00ebnd\u00ebrruar pavar\u00ebsin\u00eb malazeze, nuk kemi d\u00ebshiruar \u00e7far\u00ebdo Mali t\u00eb Zi, por pik\u00ebrisht &#8211; Malin e Zi europian. Dhe kjo dit\u00eb po afrohet, q\u00eb k\u00ebt\u00eb vit e b\u00ebn posa\u00e7\u00ebrisht t\u00eb g\u00ebzuar.<br \/>\nAjo q\u00eb duhet pasur parasysh p\u00ebr vitin e ardhsh\u00ebm \u00ebsht\u00eb q\u00eb bashk\u00eb me an\u00ebtar\u00ebsimin n\u00eb BE shkon edhe an\u00ebtar\u00ebsimi n\u00eb NATO. K\u00ebtu nuk duhet pasur iluzione. T\u00eb gjitha rezervat q\u00eb mund t`i ndieni p\u00ebr shkak t\u00eb natyr\u00ebs s\u00eb k\u00ebtij pakti (i cili, t\u00eb mos harrojm\u00eb, nuk \u00ebsht\u00eb vet\u00ebm ushtarak, por edhe politik), duhet eliminuar p\u00ebr nj\u00eb arsye t\u00eb thjesht\u00eb: p\u00ebr shkak t\u00eb dobis\u00eb q\u00eb fitojm\u00eb t\u00eb gjith\u00eb s\u00eb bashku nga vet\u00eb fakti se b\u00ebhemi an\u00ebtar i k\u00ebtij pakti. T\u00eb jesh aleat i Amerik\u00ebs dhe i BE-s\u00eb nuk do t\u00eb thot\u00eb vet\u00ebm lev\u00ebrdi, por edhe disa detyrime. Nuk mundet vet\u00ebm t\u00eb merret &#8211; di\u00e7ka duhet edhe t\u00eb jepet.<br \/>\n<strong>Andrej Nikollaidis<br \/>\nKoha Javore<\/strong><\/p>\n<!--YouTube Error: bad URL entered-->\n","protected":false},"excerpt":{"rendered":"<p>Mali i Zi diti t\u00eb pozicionohet dhe t\u00eb reagoj\u00eb si nj\u00eb vend i madh, i vendosur dhe i fuqish\u00ebm K\u00ebtu d\u00ebshiroi t\u00eb theksoi posa\u00e7\u00ebrisht g\u00ebzimin dhe k\u00ebnaq\u00ebsin\u00eb time p\u00ebr m\u00ebnyr\u00ebn me t\u00eb cil\u00ebn shqiptar\u00ebt n\u00eb Mal t\u00eb Zi, si dhe p\u00ebrfaq\u00ebsuesit e tyre politik, reaguan gjat\u00eb k\u00ebtyre ngjarjeve delikate. Shqiptar\u00ebt reaguan me men\u00e7uri, me maturi, [&hellip;]<\/p>\n","protected":false},"author":1,"featured_media":0,"comment_status":"open","ping_status":"closed","sticky":false,"template":"","format":"standard","meta":{"spay_email":"","jetpack_publicize_message":"","jetpack_is_tweetstorm":false,"jetpack_publicize_feature_enabled":true},"categories":[13],"tags":[5617,5616,38,95,1753,5615],"jetpack_publicize_connections":[],"yoast_head":"<!-- This site is optimized with the Yoast SEO plugin v19.1 - https:\/\/yoast.com\/wordpress\/plugins\/seo\/ -->\n<title>Viti 2008 - Vit i mir\u00eb p\u00ebr Malin e Zi dhe qytetar\u00ebt e tij - Lajme nga Ulqini<\/title>\n<meta name=\"description\" content=\"Mali i Zi diti t\u00eb pozicionohet dhe t\u00eb reagoj\u00eb si nj\u00eb vend i madh, i vendosur dhe i fuqish\u00ebm K\u00ebtu d\u00ebshiroi t\u00eb theksoi posa\u00e7\u00ebrisht g\u00ebzimin dhe k\u00ebnaq\u00ebsin\u00eb\" \/>\n<meta name=\"robots\" content=\"index, follow, max-snippet:-1, max-image-preview:large, max-video-preview:-1\" \/>\n<link rel=\"canonical\" href=\"https:\/\/www.visit-ulcinj.com\/blog\/2009\/01\/08\/viti-2008-vit-i-mire-per-malin-e-zi-dhe-qytetaret-e-tij\/\" \/>\n<meta property=\"og:locale\" content=\"en_US\" \/>\n<meta property=\"og:type\" content=\"article\" \/>\n<meta property=\"og:title\" content=\"Viti 2008 - Vit i mir\u00eb p\u00ebr Malin e Zi dhe qytetar\u00ebt e tij - Lajme nga Ulqini\" \/>\n<meta property=\"og:description\" content=\"Mali i Zi diti t\u00eb pozicionohet dhe t\u00eb reagoj\u00eb si nj\u00eb vend i madh, i vendosur dhe i fuqish\u00ebm K\u00ebtu d\u00ebshiroi t\u00eb theksoi posa\u00e7\u00ebrisht g\u00ebzimin dhe k\u00ebnaq\u00ebsin\u00eb\" \/>\n<meta property=\"og:url\" content=\"https:\/\/www.visit-ulcinj.com\/blog\/2009\/01\/08\/viti-2008-vit-i-mire-per-malin-e-zi-dhe-qytetaret-e-tij\/\" \/>\n<meta property=\"og:site_name\" content=\"Lajme nga Ulqini\" \/>\n<meta property=\"article:published_time\" content=\"2009-01-08T18:57:02+00:00\" \/>\n<meta property=\"og:image\" content=\"http:\/\/www.visit-ulcinj.com\/blog\/wp-content\/uploads\/2009\/01\/crna-gora-i-evropa.gif\" \/>\n<meta name=\"twitter:label1\" content=\"Written by\" \/>\n\t<meta name=\"twitter:data1\" content=\"ulqini\" \/>\n\t<meta name=\"twitter:label2\" content=\"Est. reading time\" \/>\n\t<meta name=\"twitter:data2\" content=\"5 minutes\" \/>\n<script type=\"application\/ld+json\" class=\"yoast-schema-graph\">{\"@context\":\"https:\/\/schema.org\",\"@graph\":[{\"@type\":\"WebSite\",\"@id\":\"https:\/\/www.visit-ulcinj.com\/blog\/#website\",\"url\":\"https:\/\/www.visit-ulcinj.com\/blog\/\",\"name\":\"Lajme nga Ulqini\",\"description\":\"Lajme,Vijesti,Ulqini,Ulqin,Crna Gora,Mali i Zi\",\"potentialAction\":[{\"@type\":\"SearchAction\",\"target\":{\"@type\":\"EntryPoint\",\"urlTemplate\":\"https:\/\/www.visit-ulcinj.com\/blog\/?s={search_term_string}\"},\"query-input\":\"required name=search_term_string\"}],\"inLanguage\":\"en-US\"},{\"@type\":\"ImageObject\",\"inLanguage\":\"en-US\",\"@id\":\"https:\/\/www.visit-ulcinj.com\/blog\/2009\/01\/08\/viti-2008-vit-i-mire-per-malin-e-zi-dhe-qytetaret-e-tij\/#primaryimage\",\"url\":\"https:\/\/www.visit-ulcinj.com\/blog\/wp-content\/uploads\/2009\/01\/crna-gora-i-evropa.gif\",\"contentUrl\":\"https:\/\/www.visit-ulcinj.com\/blog\/wp-content\/uploads\/2009\/01\/crna-gora-i-evropa.gif\",\"width\":\"640\",\"height\":\"507\"},{\"@type\":\"WebPage\",\"@id\":\"https:\/\/www.visit-ulcinj.com\/blog\/2009\/01\/08\/viti-2008-vit-i-mire-per-malin-e-zi-dhe-qytetaret-e-tij\/#webpage\",\"url\":\"https:\/\/www.visit-ulcinj.com\/blog\/2009\/01\/08\/viti-2008-vit-i-mire-per-malin-e-zi-dhe-qytetaret-e-tij\/\",\"name\":\"Viti 2008 - Vit i mir\u00eb p\u00ebr Malin e Zi dhe qytetar\u00ebt e tij - Lajme nga Ulqini\",\"isPartOf\":{\"@id\":\"https:\/\/www.visit-ulcinj.com\/blog\/#website\"},\"primaryImageOfPage\":{\"@id\":\"https:\/\/www.visit-ulcinj.com\/blog\/2009\/01\/08\/viti-2008-vit-i-mire-per-malin-e-zi-dhe-qytetaret-e-tij\/#primaryimage\"},\"datePublished\":\"2009-01-08T18:57:02+00:00\",\"dateModified\":\"2009-01-08T18:57:02+00:00\",\"author\":{\"@id\":\"https:\/\/www.visit-ulcinj.com\/blog\/#\/schema\/person\/dcab619c614d3038751c63bc2aadc06d\"},\"description\":\"Mali i Zi diti t\u00eb pozicionohet dhe t\u00eb reagoj\u00eb si nj\u00eb vend i madh, i vendosur dhe i fuqish\u00ebm K\u00ebtu d\u00ebshiroi t\u00eb theksoi posa\u00e7\u00ebrisht g\u00ebzimin dhe k\u00ebnaq\u00ebsin\u00eb\",\"breadcrumb\":{\"@id\":\"https:\/\/www.visit-ulcinj.com\/blog\/2009\/01\/08\/viti-2008-vit-i-mire-per-malin-e-zi-dhe-qytetaret-e-tij\/#breadcrumb\"},\"inLanguage\":\"en-US\",\"potentialAction\":[{\"@type\":\"ReadAction\",\"target\":[\"https:\/\/www.visit-ulcinj.com\/blog\/2009\/01\/08\/viti-2008-vit-i-mire-per-malin-e-zi-dhe-qytetaret-e-tij\/\"]}]},{\"@type\":\"BreadcrumbList\",\"@id\":\"https:\/\/www.visit-ulcinj.com\/blog\/2009\/01\/08\/viti-2008-vit-i-mire-per-malin-e-zi-dhe-qytetaret-e-tij\/#breadcrumb\",\"itemListElement\":[{\"@type\":\"ListItem\",\"position\":1,\"name\":\"Viti 2008 &#8211; Vit i mir\u00eb p\u00ebr Malin e Zi dhe qytetar\u00ebt e tij\"}]},{\"@type\":\"Person\",\"@id\":\"https:\/\/www.visit-ulcinj.com\/blog\/#\/schema\/person\/dcab619c614d3038751c63bc2aadc06d\",\"name\":\"ulqini\",\"sameAs\":[\"http:\/\/www.visit-ulcinj.com\"],\"url\":\"https:\/\/www.visit-ulcinj.com\/blog\/author\/admin\/\"}]}<\/script>\n<!-- \/ Yoast SEO plugin. -->","yoast_head_json":{"title":"Viti 2008 - Vit i mir\u00eb p\u00ebr Malin e Zi dhe qytetar\u00ebt e tij - Lajme nga Ulqini","description":"Mali i Zi diti t\u00eb pozicionohet dhe t\u00eb reagoj\u00eb si nj\u00eb vend i madh, i vendosur dhe i fuqish\u00ebm K\u00ebtu d\u00ebshiroi t\u00eb theksoi posa\u00e7\u00ebrisht g\u00ebzimin dhe k\u00ebnaq\u00ebsin\u00eb","robots":{"index":"index","follow":"follow","max-snippet":"max-snippet:-1","max-image-preview":"max-image-preview:large","max-video-preview":"max-video-preview:-1"},"canonical":"https:\/\/www.visit-ulcinj.com\/blog\/2009\/01\/08\/viti-2008-vit-i-mire-per-malin-e-zi-dhe-qytetaret-e-tij\/","og_locale":"en_US","og_type":"article","og_title":"Viti 2008 - Vit i mir\u00eb p\u00ebr Malin e Zi dhe qytetar\u00ebt e tij - Lajme nga Ulqini","og_description":"Mali i Zi diti t\u00eb pozicionohet dhe t\u00eb reagoj\u00eb si nj\u00eb vend i madh, i vendosur dhe i fuqish\u00ebm K\u00ebtu d\u00ebshiroi t\u00eb theksoi posa\u00e7\u00ebrisht g\u00ebzimin dhe k\u00ebnaq\u00ebsin\u00eb","og_url":"https:\/\/www.visit-ulcinj.com\/blog\/2009\/01\/08\/viti-2008-vit-i-mire-per-malin-e-zi-dhe-qytetaret-e-tij\/","og_site_name":"Lajme nga Ulqini","article_published_time":"2009-01-08T18:57:02+00:00","og_image":[{"url":"http:\/\/www.visit-ulcinj.com\/blog\/wp-content\/uploads\/2009\/01\/crna-gora-i-evropa.gif"}],"twitter_misc":{"Written by":"ulqini","Est. reading time":"5 minutes"},"schema":{"@context":"https:\/\/schema.org","@graph":[{"@type":"WebSite","@id":"https:\/\/www.visit-ulcinj.com\/blog\/#website","url":"https:\/\/www.visit-ulcinj.com\/blog\/","name":"Lajme nga Ulqini","description":"Lajme,Vijesti,Ulqini,Ulqin,Crna Gora,Mali i Zi","potentialAction":[{"@type":"SearchAction","target":{"@type":"EntryPoint","urlTemplate":"https:\/\/www.visit-ulcinj.com\/blog\/?s={search_term_string}"},"query-input":"required name=search_term_string"}],"inLanguage":"en-US"},{"@type":"ImageObject","inLanguage":"en-US","@id":"https:\/\/www.visit-ulcinj.com\/blog\/2009\/01\/08\/viti-2008-vit-i-mire-per-malin-e-zi-dhe-qytetaret-e-tij\/#primaryimage","url":"https:\/\/www.visit-ulcinj.com\/blog\/wp-content\/uploads\/2009\/01\/crna-gora-i-evropa.gif","contentUrl":"https:\/\/www.visit-ulcinj.com\/blog\/wp-content\/uploads\/2009\/01\/crna-gora-i-evropa.gif","width":"640","height":"507"},{"@type":"WebPage","@id":"https:\/\/www.visit-ulcinj.com\/blog\/2009\/01\/08\/viti-2008-vit-i-mire-per-malin-e-zi-dhe-qytetaret-e-tij\/#webpage","url":"https:\/\/www.visit-ulcinj.com\/blog\/2009\/01\/08\/viti-2008-vit-i-mire-per-malin-e-zi-dhe-qytetaret-e-tij\/","name":"Viti 2008 - Vit i mir\u00eb p\u00ebr Malin e Zi dhe qytetar\u00ebt e tij - Lajme nga Ulqini","isPartOf":{"@id":"https:\/\/www.visit-ulcinj.com\/blog\/#website"},"primaryImageOfPage":{"@id":"https:\/\/www.visit-ulcinj.com\/blog\/2009\/01\/08\/viti-2008-vit-i-mire-per-malin-e-zi-dhe-qytetaret-e-tij\/#primaryimage"},"datePublished":"2009-01-08T18:57:02+00:00","dateModified":"2009-01-08T18:57:02+00:00","author":{"@id":"https:\/\/www.visit-ulcinj.com\/blog\/#\/schema\/person\/dcab619c614d3038751c63bc2aadc06d"},"description":"Mali i Zi diti t\u00eb pozicionohet dhe t\u00eb reagoj\u00eb si nj\u00eb vend i madh, i vendosur dhe i fuqish\u00ebm K\u00ebtu d\u00ebshiroi t\u00eb theksoi posa\u00e7\u00ebrisht g\u00ebzimin dhe k\u00ebnaq\u00ebsin\u00eb","breadcrumb":{"@id":"https:\/\/www.visit-ulcinj.com\/blog\/2009\/01\/08\/viti-2008-vit-i-mire-per-malin-e-zi-dhe-qytetaret-e-tij\/#breadcrumb"},"inLanguage":"en-US","potentialAction":[{"@type":"ReadAction","target":["https:\/\/www.visit-ulcinj.com\/blog\/2009\/01\/08\/viti-2008-vit-i-mire-per-malin-e-zi-dhe-qytetaret-e-tij\/"]}]},{"@type":"BreadcrumbList","@id":"https:\/\/www.visit-ulcinj.com\/blog\/2009\/01\/08\/viti-2008-vit-i-mire-per-malin-e-zi-dhe-qytetaret-e-tij\/#breadcrumb","itemListElement":[{"@type":"ListItem","position":1,"name":"Viti 2008 &#8211; Vit i mir\u00eb p\u00ebr Malin e Zi dhe qytetar\u00ebt e tij"}]},{"@type":"Person","@id":"https:\/\/www.visit-ulcinj.com\/blog\/#\/schema\/person\/dcab619c614d3038751c63bc2aadc06d","name":"ulqini","sameAs":["http:\/\/www.visit-ulcinj.com"],"url":"https:\/\/www.visit-ulcinj.com\/blog\/author\/admin\/"}]}},"jetpack_featured_media_url":"","jetpack_sharing_enabled":true,"jetpack_shortlink":"https:\/\/wp.me\/pe6lTn-28U","_links":{"self":[{"href":"https:\/\/www.visit-ulcinj.com\/blog\/wp-json\/wp\/v2\/posts\/8240"}],"collection":[{"href":"https:\/\/www.visit-ulcinj.com\/blog\/wp-json\/wp\/v2\/posts"}],"about":[{"href":"https:\/\/www.visit-ulcinj.com\/blog\/wp-json\/wp\/v2\/types\/post"}],"author":[{"embeddable":true,"href":"https:\/\/www.visit-ulcinj.com\/blog\/wp-json\/wp\/v2\/users\/1"}],"replies":[{"embeddable":true,"href":"https:\/\/www.visit-ulcinj.com\/blog\/wp-json\/wp\/v2\/comments?post=8240"}],"version-history":[{"count":0,"href":"https:\/\/www.visit-ulcinj.com\/blog\/wp-json\/wp\/v2\/posts\/8240\/revisions"}],"wp:attachment":[{"href":"https:\/\/www.visit-ulcinj.com\/blog\/wp-json\/wp\/v2\/media?parent=8240"}],"wp:term":[{"taxonomy":"category","embeddable":true,"href":"https:\/\/www.visit-ulcinj.com\/blog\/wp-json\/wp\/v2\/categories?post=8240"},{"taxonomy":"post_tag","embeddable":true,"href":"https:\/\/www.visit-ulcinj.com\/blog\/wp-json\/wp\/v2\/tags?post=8240"}],"curies":[{"name":"wp","href":"https:\/\/api.w.org\/{rel}","templated":true}]}}