{"id":82418,"date":"2014-05-23T03:56:13","date_gmt":"2014-05-23T02:56:13","guid":{"rendered":"http:\/\/www.visit-ulcinj.com\/blog\/?p=82418"},"modified":"2014-05-23T03:56:13","modified_gmt":"2014-05-23T02:56:13","slug":"salaj-mediat-ne-gjuhen-shqipe-ne-mal-te-zi-video","status":"publish","type":"post","link":"https:\/\/www.visit-ulcinj.com\/blog\/2014\/05\/23\/salaj-mediat-ne-gjuhen-shqipe-ne-mal-te-zi-video\/","title":{"rendered":"Salaj: Mediat n\u00eb gjuh\u00ebn shqipe n\u00eb Mal t\u00eb Zi &#8211; Video"},"content":{"rendered":"<p><a href=\"http:\/\/www.visit-ulcinj.com\/blog\/wp-content\/uploads\/2014\/05\/Ali-Salaj-Ibrahim-Berjashi.jpg\"><img loading=\"lazy\" class=\"alignleft  wp-image-82422\" alt=\"Ali-Salaj-Ibrahim-Berjashi\" src=\"http:\/\/www.visit-ulcinj.com\/blog\/wp-content\/uploads\/2014\/05\/Ali-Salaj-Ibrahim-Berjashi.jpg\" width=\"508\" height=\"360\" \/><\/a>Te gjendur mes dy qendrave te njohura\u00a0kulturore dhe politike jo vetem\u00a0ne Ballkan por edhe ne Evrope , sic\u00a0jane Shkodra dhe Raguza (Dubrovniku),\u00a0shqiptaret e trojeve etnike ne\u00a0Mal te Zi perfshiheshin dhe trajtoheshin\u00a0kohe pas kohe ne periodiket\u00a0qe botoheshin ne keto dy qytete.Ne\u00a0Dubrovnik botohej gazeta \u201cShpnesa\u00a0e Shcypeniise\u201d (1905-1908) ku botues\u00a0dhe kryeredaktor ishte intelektuali i\u00a0njohur nga Trieshi i Malesise , Nikolle\u00a0Ivanaj. \u201cShpnesa e Shcypeniise\u201d ishte\u00a0nje organ me fryme kombetare ku\u00a0ushqente mendesine e shqiptareve\u00a0per kryengritje te armatosur dhe\u00a0ngrente idene e bashkimit kombetar\u00a0.<\/p>\n<p>Gazeta botohej ne gjuhen shqipe\u00a0(gegerisht), serbisht dhe italisht. Botimi\u00a0edhe ne gjuhen serbe behej me\u00a0qellim qe tu kundervihej aspiratave te\u00a0Serbise dhe Malit te Zi per uzurpimin e\u00a0tokave shqiptare. Edhe shtypi i botuar\u00a0ne Shkoder si gazeta \u201cIshkodra\u201d(1879),\u00a0\u201cShqyptari\u201d (1904), \u201cXani i Shcyptarve\u201d\u00a0(1905-1906), \u201cKoha-Bashkimi\u201d (1910-\u00a01911) etj., merreshin me ceshtjen shqiptare\u00a0duke perfshire ketu edhe tema\u00a0qe kane te bejne me shqiptaret ne\u00a0Mal te Zi.\u00a0Edhe pse shtypi ne gjuhen shqipe ishte\u00a0i perhapur neper te gjithe rajonin dhe\u00a0ne qendrat me te njohura boterore si\u00a0tek arbreshet e Italise, ne Vilajetin e\u00a0Kosoves, ne Shkup, Sofje, Bukuresht, Stambolle, Beograd, ne Greqi, Egjipt e\u00a0deri ne SHBA, vetem ne Mal te Zi , ku\u00a0ekzistonte edhe shtypshkronja me e\u00a0vjeter ne Ballkan, nuk doli asnje organ\u00a0i shtypit shqiptar. U desh te pritet me\u00a0shume se nje gjysme shekulli deri ne\u00a0vitin 1965 qe ne Radion e Malit te Zi\u00a0te emetohet nje emision javor prej 45\u00a0minutash ne gjuhen shqipe. Me vone\u00a0programi ne gjuhen shqipe u zgjeruan\u00a0me Lajmet dhe Ditari qe transmetohen\u00a0gjashte dite ne jave dhe nje\u00a0emision prej 30 minutash \u201cNe fund te\u00a0javes\u201d.<\/p>\n<p>Emisioni i pare ne gjuhen shqipe\u00a0ne Televizionin e Malit te Zi fillon\u00a0ne vitin 1992 me nje emision ne jave\u00a0per tu zgjeruar ne kohen e pluralizmit\u00a0partiak ne vitin 1998 ku edhe\u00a0formohet redaksia ne gjuhen shqipe.\u00a0Ne Mal te Zi veprojne edhe dy televizione\u00a0dhe nje radio private TV Teuta,\u00a0TV Boin dhe Radio Elita dhe disa radio\u00a0publike: Radio Ulqini, Radio Tivari dhe\u00a0Radio Zeri i Plaves. Fillimet e mediave\u00a0publike ne nivel qendror dhe vendor\u00a0kishin ne fokus propaganden politike\u00a0e ideologjike. Ne emisionet ne gjuhen\u00a0shqipe dominonte informacioni , kronika\u00a0dhe reportazhi mbi jeten e fshatit\u00a0dhe zhvillimit te bujqesise. Pervec informacioneve\u00a0te perkthyera , ne keto\u00a0emisione verehej nje perqasje deri\u00a0ne emitim dhe kopjim te mediave ne\u00a0gjuhen sllave.\u00a0Nisja dhe zhvillimi i mediave te shkruara\u00a0ne gjuhen shqipe ne Mal te Zi eshte\u00a0i vonshem dhe mjaft i kufizuar.<\/p>\n<p>Fillimi\u00a0dhe ecuria e ketyre mediave percaktohej\u00a0nga shume faktor si ekonomike,\u00a0politike dhe profesionale. Shtypi i shkruar\u00a0nisi natyrshem duke e qartesuar\u00a0dhe kristalizuar formen e informacionit\u00a0te shqiptaret ne Mal te Zi, por per fat\u00a0te keq shumica e tyre pati veprimtari\u00a0me nje jetegjatesi te shkurter si pasoje\u00a0e problemeve te ndryshme.\u00a0Shtypi i shkruar nisi me revisten per kulture \u201cKoha\u201d (1979-1990) ku brenda\u00a0ketij harku kohor dolen 54 numra dhe\u00a0per here te pare sprovohen pendat e\u00a0reja qe me vone do te jene emra te njohur\u00a0ne fushen e kultures, letersise dhe\u00a0artit. Ne fillim te viteve 90 fillon botimi\u00a0i revistes \u201cFati\u201d botuar nga Shoqata e\u00a0Artisteve dhe Intelektualeve \u201cArt Club\u201d\u00a0ne Ulqin, e cila mund te konsiderohet\u00a0si nismetare e shtypit pluralist qe pak\u00a0a shume shkeputet nga zyrtarizimi,\u00a0nga orientimet e ngurta duke trajtuar nje problematike me te gjere e me te\u00a0larmishme. Pason gazeta e pavarur\u00a0\u201cKronika\u201d e lindur si gazete lokale e Ulqinit.\u00a0E botuar me nderprerje per afro\u00a010 vjet (1998-2007) \u201cKronika\u201d trajtoi\u00a0tema te ndryshme politike dhe kulturore\u00a0ku shpeshhere hapte probleme\u00a0te mprehta qe kishin te benin me qeverisjen\u00a0e pushtetit vendor dhe per\u00a0poziten e pakices shqiptare ne Mal te\u00a0Zi.<\/p>\n<p>Gazeten ne vazhdimesi e ndiqnin\u00a0mungesa e kuadrove si dhe problemet\u00a0e shumta financiare.\u00a0Ne Podgrorice u botua shtojca ne\u00a0gjuhen shqipe ne gazeten \u201cPolis\u201d e\u00a0cila qe nga viti 1981 fillimisht doli ne\u00a0nje faqe per tu zgjeruar ne 8 faqe ne\u00a0vitin 1992. Gazeta konsiderohej si nje\u00a0segment i rendesishem informativ\u00a0per banoret e Malesise. Merrej kryesisht\u00a0me tema rurale pa ndonje qasje\u00a0kritike mbi aktualitetet shoqerore\u00a0dhe politike. Duke u thirre ne ligjin\u00a0per media , sipas te cilit shteti , respektivisht\u00a0qeverisja lokale, nuk mund te\u00a0jete themelues i medieve te shtypura\u00a0gazeta u mbyll ne vitin 2003. Nje reviste\u00a0tejet lokale por e nje rendesie\u00a0te vecante kulturore dhe kombetare\u00a0eshte revista \u201cBuzuku\u201d. Te gjitha numrat\u00a0e saj jane fokusuar rreth kultures,\u00a0folklorit dhe historise se Shestanit ne\u00a0rajonin e Krajes , i cili sot eshte nje\u00a0vend i asimiluar si ne aspektin kulturor\u00a0ashtu edhe ne ate kombetar Me paraqitjen e gazetes \u201cKoha Javore\u201d\u00a0ne vitin 2002 shfaqet nje pejsazh i ri\u00a0mediatik me shume ngjyra dhe mjafte\u00a0dinamik. Ne kete gazete verehet me\u00a0shume hapesire ndaj mendimeve e\u00a0qasjeve te ndryshme te shqiptareve\u00a0per cka konsiderohet si perpjekja serioze\u00a0ne fushen e mediave te shkruara\u00a0shqipe ne Mal te Zi.<\/p>\n<p>Nje prurje pozitive ne fushen e mediave\u00a0ofrojne botimet e revistave kulturore\u00a0e shkencore si \u201cLemba\u201d,\u201d Dija\u201d ,\u00a0\u201cMalesia\u201d qe vazhdojne te botohen\u00a0kohe pas kohe sipas mundesive financiare\u00a0si dhe \u201cKraja\u201d, \u201cMalesia e Madhe\u201d\u00a0dhe \u201cIllyrikum\u201d, te cilat te shternguara\u00a0nga faktori ekonomik dhe pa\u00a0mbeshtetjen e duhur te institucioneve\u00a0dhe donatoreve u detyruan qe pas\u00a0nje veprimtarie te shkurter te mbyllen.\u00a0Botimi i ketyre revistave ,te cilat kryesisht\u00a0jane organe te shoqatave te krijuesve\u00a0dhe te intelektualeve nga Mali\u00a0i Zi luajten nje rol te madh ne emancipimin\u00a0e lexuesit por edhe ne zbulimin\u00a0e pendave te reja nga keto hapesira.\u00a0Veprimtaria intelektuale elitare te\u00a0botuara ne keto revista solli vlera te\u00a0padyshimta kulturore dhe shkencore\u00a0duke u marr me nje larmi problematikash\u00a0me skeda te krijuara neper vite\u00a0gjurmimesh. Keshtu keto revista marrin\u00a0vlerat e nje dokumenti te mirefillte\u00a0shkencor dhe historiografik per shqiptaret\u00a0ne Mal te Zi.<\/p>\n<p><strong>Ali Salaj<\/strong><br \/>\n<strong>Koha Javore<\/strong><\/p>\n<!--YouTube Error: bad URL entered-->\n","protected":false},"excerpt":{"rendered":"<p>Te gjendur mes dy qendrave te njohura\u00a0kulturore dhe politike jo vetem\u00a0ne Ballkan por edhe ne Evrope , sic\u00a0jane Shkodra dhe Raguza (Dubrovniku),\u00a0shqiptaret e trojeve etnike ne\u00a0Mal te Zi perfshiheshin dhe trajtoheshin\u00a0kohe pas kohe ne periodiket\u00a0qe botoheshin ne keto dy qytete.Ne\u00a0Dubrovnik botohej gazeta \u201cShpnesa\u00a0e Shcypeniise\u201d (1905-1908) ku botues\u00a0dhe kryeredaktor ishte intelektuali i\u00a0njohur nga Trieshi i Malesise [&hellip;]<\/p>\n","protected":false},"author":1,"featured_media":0,"comment_status":"closed","ping_status":"closed","sticky":false,"template":"","format":"standard","meta":{"spay_email":"","jetpack_publicize_message":"","jetpack_is_tweetstorm":false,"jetpack_publicize_feature_enabled":true},"categories":[14249],"tags":[],"jetpack_publicize_connections":[],"yoast_head":"<!-- This site is optimized with the Yoast SEO plugin v19.1 - https:\/\/yoast.com\/wordpress\/plugins\/seo\/ -->\n<title>Salaj: Mediat n\u00eb gjuh\u00ebn shqipe n\u00eb Mal t\u00eb Zi - Video - Lajme nga Ulqini<\/title>\n<meta name=\"description\" content=\"Te gjendur mes dy qendrave te njohura\u00a0kulturore dhe politike jo vetem\u00a0ne Ballkan por edhe ne Evrope , sic\u00a0jane Shkodra dhe Raguza (Dubrovniku),\u00a0shqiptaret\" \/>\n<meta name=\"robots\" content=\"index, follow, max-snippet:-1, max-image-preview:large, max-video-preview:-1\" \/>\n<link rel=\"canonical\" href=\"https:\/\/www.visit-ulcinj.com\/blog\/2014\/05\/23\/salaj-mediat-ne-gjuhen-shqipe-ne-mal-te-zi-video\/\" \/>\n<meta property=\"og:locale\" content=\"en_US\" \/>\n<meta property=\"og:type\" content=\"article\" \/>\n<meta property=\"og:title\" content=\"Salaj: Mediat n\u00eb gjuh\u00ebn shqipe n\u00eb Mal t\u00eb Zi - Video - Lajme nga Ulqini\" \/>\n<meta property=\"og:description\" content=\"Te gjendur mes dy qendrave te njohura\u00a0kulturore dhe politike jo vetem\u00a0ne Ballkan por edhe ne Evrope , sic\u00a0jane Shkodra dhe Raguza (Dubrovniku),\u00a0shqiptaret\" \/>\n<meta property=\"og:url\" content=\"https:\/\/www.visit-ulcinj.com\/blog\/2014\/05\/23\/salaj-mediat-ne-gjuhen-shqipe-ne-mal-te-zi-video\/\" \/>\n<meta property=\"og:site_name\" content=\"Lajme nga Ulqini\" \/>\n<meta property=\"article:published_time\" content=\"2014-05-23T02:56:13+00:00\" \/>\n<meta property=\"og:image\" content=\"http:\/\/www.visit-ulcinj.com\/blog\/wp-content\/uploads\/2014\/05\/Ali-Salaj-Ibrahim-Berjashi.jpg\" \/>\n<meta name=\"twitter:label1\" content=\"Written by\" \/>\n\t<meta name=\"twitter:data1\" content=\"ulqini\" \/>\n\t<meta name=\"twitter:label2\" content=\"Est. reading time\" \/>\n\t<meta name=\"twitter:data2\" content=\"5 minutes\" \/>\n<script type=\"application\/ld+json\" class=\"yoast-schema-graph\">{\"@context\":\"https:\/\/schema.org\",\"@graph\":[{\"@type\":\"WebSite\",\"@id\":\"https:\/\/www.visit-ulcinj.com\/blog\/#website\",\"url\":\"https:\/\/www.visit-ulcinj.com\/blog\/\",\"name\":\"Lajme nga Ulqini\",\"description\":\"Lajme,Vijesti,Ulqini,Ulqin,Crna Gora,Mali i Zi\",\"potentialAction\":[{\"@type\":\"SearchAction\",\"target\":{\"@type\":\"EntryPoint\",\"urlTemplate\":\"https:\/\/www.visit-ulcinj.com\/blog\/?s={search_term_string}\"},\"query-input\":\"required name=search_term_string\"}],\"inLanguage\":\"en-US\"},{\"@type\":\"ImageObject\",\"inLanguage\":\"en-US\",\"@id\":\"https:\/\/www.visit-ulcinj.com\/blog\/2014\/05\/23\/salaj-mediat-ne-gjuhen-shqipe-ne-mal-te-zi-video\/#primaryimage\",\"url\":\"https:\/\/www.visit-ulcinj.com\/blog\/wp-content\/uploads\/2014\/05\/Ali-Salaj-Ibrahim-Berjashi.jpg\",\"contentUrl\":\"https:\/\/www.visit-ulcinj.com\/blog\/wp-content\/uploads\/2014\/05\/Ali-Salaj-Ibrahim-Berjashi.jpg\",\"width\":507,\"height\":393},{\"@type\":\"WebPage\",\"@id\":\"https:\/\/www.visit-ulcinj.com\/blog\/2014\/05\/23\/salaj-mediat-ne-gjuhen-shqipe-ne-mal-te-zi-video\/#webpage\",\"url\":\"https:\/\/www.visit-ulcinj.com\/blog\/2014\/05\/23\/salaj-mediat-ne-gjuhen-shqipe-ne-mal-te-zi-video\/\",\"name\":\"Salaj: Mediat n\u00eb gjuh\u00ebn shqipe n\u00eb Mal t\u00eb Zi - Video - Lajme nga Ulqini\",\"isPartOf\":{\"@id\":\"https:\/\/www.visit-ulcinj.com\/blog\/#website\"},\"primaryImageOfPage\":{\"@id\":\"https:\/\/www.visit-ulcinj.com\/blog\/2014\/05\/23\/salaj-mediat-ne-gjuhen-shqipe-ne-mal-te-zi-video\/#primaryimage\"},\"datePublished\":\"2014-05-23T02:56:13+00:00\",\"dateModified\":\"2014-05-23T02:56:13+00:00\",\"author\":{\"@id\":\"https:\/\/www.visit-ulcinj.com\/blog\/#\/schema\/person\/dcab619c614d3038751c63bc2aadc06d\"},\"description\":\"Te gjendur mes dy qendrave te njohura\u00a0kulturore dhe politike jo vetem\u00a0ne Ballkan por edhe ne Evrope , sic\u00a0jane Shkodra dhe Raguza (Dubrovniku),\u00a0shqiptaret\",\"breadcrumb\":{\"@id\":\"https:\/\/www.visit-ulcinj.com\/blog\/2014\/05\/23\/salaj-mediat-ne-gjuhen-shqipe-ne-mal-te-zi-video\/#breadcrumb\"},\"inLanguage\":\"en-US\",\"potentialAction\":[{\"@type\":\"ReadAction\",\"target\":[\"https:\/\/www.visit-ulcinj.com\/blog\/2014\/05\/23\/salaj-mediat-ne-gjuhen-shqipe-ne-mal-te-zi-video\/\"]}]},{\"@type\":\"BreadcrumbList\",\"@id\":\"https:\/\/www.visit-ulcinj.com\/blog\/2014\/05\/23\/salaj-mediat-ne-gjuhen-shqipe-ne-mal-te-zi-video\/#breadcrumb\",\"itemListElement\":[{\"@type\":\"ListItem\",\"position\":1,\"name\":\"Salaj: Mediat n\u00eb gjuh\u00ebn shqipe n\u00eb Mal t\u00eb Zi &#8211; Video\"}]},{\"@type\":\"Person\",\"@id\":\"https:\/\/www.visit-ulcinj.com\/blog\/#\/schema\/person\/dcab619c614d3038751c63bc2aadc06d\",\"name\":\"ulqini\",\"sameAs\":[\"http:\/\/www.visit-ulcinj.com\"],\"url\":\"https:\/\/www.visit-ulcinj.com\/blog\/author\/admin\/\"}]}<\/script>\n<!-- \/ Yoast SEO plugin. -->","yoast_head_json":{"title":"Salaj: Mediat n\u00eb gjuh\u00ebn shqipe n\u00eb Mal t\u00eb Zi - Video - Lajme nga Ulqini","description":"Te gjendur mes dy qendrave te njohura\u00a0kulturore dhe politike jo vetem\u00a0ne Ballkan por edhe ne Evrope , sic\u00a0jane Shkodra dhe Raguza (Dubrovniku),\u00a0shqiptaret","robots":{"index":"index","follow":"follow","max-snippet":"max-snippet:-1","max-image-preview":"max-image-preview:large","max-video-preview":"max-video-preview:-1"},"canonical":"https:\/\/www.visit-ulcinj.com\/blog\/2014\/05\/23\/salaj-mediat-ne-gjuhen-shqipe-ne-mal-te-zi-video\/","og_locale":"en_US","og_type":"article","og_title":"Salaj: Mediat n\u00eb gjuh\u00ebn shqipe n\u00eb Mal t\u00eb Zi - Video - Lajme nga Ulqini","og_description":"Te gjendur mes dy qendrave te njohura\u00a0kulturore dhe politike jo vetem\u00a0ne Ballkan por edhe ne Evrope , sic\u00a0jane Shkodra dhe Raguza (Dubrovniku),\u00a0shqiptaret","og_url":"https:\/\/www.visit-ulcinj.com\/blog\/2014\/05\/23\/salaj-mediat-ne-gjuhen-shqipe-ne-mal-te-zi-video\/","og_site_name":"Lajme nga Ulqini","article_published_time":"2014-05-23T02:56:13+00:00","og_image":[{"url":"http:\/\/www.visit-ulcinj.com\/blog\/wp-content\/uploads\/2014\/05\/Ali-Salaj-Ibrahim-Berjashi.jpg"}],"twitter_misc":{"Written by":"ulqini","Est. reading time":"5 minutes"},"schema":{"@context":"https:\/\/schema.org","@graph":[{"@type":"WebSite","@id":"https:\/\/www.visit-ulcinj.com\/blog\/#website","url":"https:\/\/www.visit-ulcinj.com\/blog\/","name":"Lajme nga Ulqini","description":"Lajme,Vijesti,Ulqini,Ulqin,Crna Gora,Mali i Zi","potentialAction":[{"@type":"SearchAction","target":{"@type":"EntryPoint","urlTemplate":"https:\/\/www.visit-ulcinj.com\/blog\/?s={search_term_string}"},"query-input":"required name=search_term_string"}],"inLanguage":"en-US"},{"@type":"ImageObject","inLanguage":"en-US","@id":"https:\/\/www.visit-ulcinj.com\/blog\/2014\/05\/23\/salaj-mediat-ne-gjuhen-shqipe-ne-mal-te-zi-video\/#primaryimage","url":"https:\/\/www.visit-ulcinj.com\/blog\/wp-content\/uploads\/2014\/05\/Ali-Salaj-Ibrahim-Berjashi.jpg","contentUrl":"https:\/\/www.visit-ulcinj.com\/blog\/wp-content\/uploads\/2014\/05\/Ali-Salaj-Ibrahim-Berjashi.jpg","width":507,"height":393},{"@type":"WebPage","@id":"https:\/\/www.visit-ulcinj.com\/blog\/2014\/05\/23\/salaj-mediat-ne-gjuhen-shqipe-ne-mal-te-zi-video\/#webpage","url":"https:\/\/www.visit-ulcinj.com\/blog\/2014\/05\/23\/salaj-mediat-ne-gjuhen-shqipe-ne-mal-te-zi-video\/","name":"Salaj: Mediat n\u00eb gjuh\u00ebn shqipe n\u00eb Mal t\u00eb Zi - Video - Lajme nga Ulqini","isPartOf":{"@id":"https:\/\/www.visit-ulcinj.com\/blog\/#website"},"primaryImageOfPage":{"@id":"https:\/\/www.visit-ulcinj.com\/blog\/2014\/05\/23\/salaj-mediat-ne-gjuhen-shqipe-ne-mal-te-zi-video\/#primaryimage"},"datePublished":"2014-05-23T02:56:13+00:00","dateModified":"2014-05-23T02:56:13+00:00","author":{"@id":"https:\/\/www.visit-ulcinj.com\/blog\/#\/schema\/person\/dcab619c614d3038751c63bc2aadc06d"},"description":"Te gjendur mes dy qendrave te njohura\u00a0kulturore dhe politike jo vetem\u00a0ne Ballkan por edhe ne Evrope , sic\u00a0jane Shkodra dhe Raguza (Dubrovniku),\u00a0shqiptaret","breadcrumb":{"@id":"https:\/\/www.visit-ulcinj.com\/blog\/2014\/05\/23\/salaj-mediat-ne-gjuhen-shqipe-ne-mal-te-zi-video\/#breadcrumb"},"inLanguage":"en-US","potentialAction":[{"@type":"ReadAction","target":["https:\/\/www.visit-ulcinj.com\/blog\/2014\/05\/23\/salaj-mediat-ne-gjuhen-shqipe-ne-mal-te-zi-video\/"]}]},{"@type":"BreadcrumbList","@id":"https:\/\/www.visit-ulcinj.com\/blog\/2014\/05\/23\/salaj-mediat-ne-gjuhen-shqipe-ne-mal-te-zi-video\/#breadcrumb","itemListElement":[{"@type":"ListItem","position":1,"name":"Salaj: Mediat n\u00eb gjuh\u00ebn shqipe n\u00eb Mal t\u00eb Zi &#8211; Video"}]},{"@type":"Person","@id":"https:\/\/www.visit-ulcinj.com\/blog\/#\/schema\/person\/dcab619c614d3038751c63bc2aadc06d","name":"ulqini","sameAs":["http:\/\/www.visit-ulcinj.com"],"url":"https:\/\/www.visit-ulcinj.com\/blog\/author\/admin\/"}]}},"jetpack_featured_media_url":"","jetpack_sharing_enabled":true,"jetpack_shortlink":"https:\/\/wp.me\/pe6lTn-lrk","_links":{"self":[{"href":"https:\/\/www.visit-ulcinj.com\/blog\/wp-json\/wp\/v2\/posts\/82418"}],"collection":[{"href":"https:\/\/www.visit-ulcinj.com\/blog\/wp-json\/wp\/v2\/posts"}],"about":[{"href":"https:\/\/www.visit-ulcinj.com\/blog\/wp-json\/wp\/v2\/types\/post"}],"author":[{"embeddable":true,"href":"https:\/\/www.visit-ulcinj.com\/blog\/wp-json\/wp\/v2\/users\/1"}],"replies":[{"embeddable":true,"href":"https:\/\/www.visit-ulcinj.com\/blog\/wp-json\/wp\/v2\/comments?post=82418"}],"version-history":[{"count":1,"href":"https:\/\/www.visit-ulcinj.com\/blog\/wp-json\/wp\/v2\/posts\/82418\/revisions"}],"predecessor-version":[{"id":82423,"href":"https:\/\/www.visit-ulcinj.com\/blog\/wp-json\/wp\/v2\/posts\/82418\/revisions\/82423"}],"wp:attachment":[{"href":"https:\/\/www.visit-ulcinj.com\/blog\/wp-json\/wp\/v2\/media?parent=82418"}],"wp:term":[{"taxonomy":"category","embeddable":true,"href":"https:\/\/www.visit-ulcinj.com\/blog\/wp-json\/wp\/v2\/categories?post=82418"},{"taxonomy":"post_tag","embeddable":true,"href":"https:\/\/www.visit-ulcinj.com\/blog\/wp-json\/wp\/v2\/tags?post=82418"}],"curies":[{"name":"wp","href":"https:\/\/api.w.org\/{rel}","templated":true}]}}