{"id":82444,"date":"2014-05-23T23:25:48","date_gmt":"2014-05-23T22:25:48","guid":{"rendered":"http:\/\/www.visit-ulcinj.com\/blog\/?p=82444"},"modified":"2014-05-23T23:25:48","modified_gmt":"2014-05-23T22:25:48","slug":"kksh-afati-realizimit-te-kerkesave-per-komunen-e-malesisetuz-eshte-viti-2014","status":"publish","type":"post","link":"https:\/\/www.visit-ulcinj.com\/blog\/2014\/05\/23\/kksh-afati-realizimit-te-kerkesave-per-komunen-e-malesisetuz-eshte-viti-2014\/","title":{"rendered":"KKSH afati i realizimit t\u00eb k\u00ebrkesave p\u00ebr Komun\u00ebn e Mal\u00ebsis\u00eb\/Tuz \u00ebsht\u00eb viti 2014"},"content":{"rendered":"<p><a href=\"http:\/\/www.visit-ulcinj.com\/blog\/wp-content\/uploads\/2014\/05\/K\u00ebshillit-Komb\u00ebtar-i-Shqiptar\u00ebve-n\u00eb-Malin-e-Zi-tuze.jpg\"><img loading=\"lazy\" class=\"alignleft  wp-image-82445\" alt=\"K\u00ebshillit Komb\u00ebtar i Shqiptar\u00ebve n\u00eb Malin e Zi-tuze\" src=\"http:\/\/www.visit-ulcinj.com\/blog\/wp-content\/uploads\/2014\/05\/K\u00ebshillit-Komb\u00ebtar-i-Shqiptar\u00ebve-n\u00eb-Malin-e-Zi-tuze.jpg\" width=\"350\" height=\"250\" \/><\/a>K\u00ebshillit Komb\u00ebtar i Shqiptar\u00ebve n\u00eb Malin e Zi, n\u00eb mbledhjen e mbajtur me dat\u00eb 17.04.2014, n\u00eb Tuz, t\u00eb thirur enkas p\u00ebr \u00e7\u00ebshtjen e statusit t\u00eb Komun\u00ebs s\u00eb Tuzit, pas diskutimeve nga an\u00ebtar\u00ebt e K\u00ebshillit dhe p\u00ebrfaq\u00ebsuesve politik nga Mal\u00ebsia t\u00eb ftuar n\u00eb k\u00ebt\u00eb mbledhje, n\u00eb m\u00ebnyr\u00eb unanime nga 19 an\u00ebtar\u00ebt e pranish\u00ebm gjat\u00eb votimit, aprovuan k\u00ebto p\u00ebrfundime: I. K\u00ebshilli Komb\u00ebtar i Shqiptar\u00ebve n\u00eb Malin e Zi mb\u00ebshtet formimin e Komun\u00ebs s\u00eb plot\u00eb me ingerenca t\u00eb plota si k\u00ebrk\u00ebs\u00eb politike dhe demokratike e popull\u00ebsis\u00eb s\u00eb Mal\u00ebsis\u00eb\/Tuzit dhe t\u00eb shqiptar\u00ebve n\u00eb Malin e Zi. II.<\/p>\n<p>Vlersojm\u00eb, si lojra politike shtyrjen e plot\u00ebsimit t\u00eb k\u00ebrkesave t\u00eb deritanishme p\u00ebr Komun\u00eb, dhe q\u00eb zvarritja e realizimit t\u00eb k\u00ebtyre k\u00ebrkesave nuk \u00ebsht\u00eb n\u00eb p\u00ebrputhje me interesat e shqiptar\u00ebve n\u00eb Malin e Zi. III. Mirpritet \u00e7do m\u00ebnyr\u00eb q\u00eb t\u00eb arrihet vet\u00ebqeverisja e plot\u00eb lokale, me territor q\u00eb \u00ebsht\u00eb m\u00eb i gj\u00ebr\u00eb se treva aktuale e Komun\u00ebs Urbane t\u00eb Tuzit. IV. Vlersojm\u00eb se afati i realizimit t\u00eb k\u00ebrkesave p\u00ebr Komun\u00ebn e Mal\u00ebsis\u00eb\/Tuz \u00ebsht\u00eb viti 2014.<\/p>\n<p><strong>Burimi: dinosha.com<\/strong><\/p>\n","protected":false},"excerpt":{"rendered":"<p>K\u00ebshillit Komb\u00ebtar i Shqiptar\u00ebve n\u00eb Malin e Zi, n\u00eb mbledhjen e mbajtur me dat\u00eb 17.04.2014, n\u00eb Tuz, t\u00eb thirur enkas p\u00ebr \u00e7\u00ebshtjen e statusit t\u00eb Komun\u00ebs s\u00eb Tuzit, pas diskutimeve nga an\u00ebtar\u00ebt e K\u00ebshillit dhe p\u00ebrfaq\u00ebsuesve politik nga Mal\u00ebsia t\u00eb ftuar n\u00eb k\u00ebt\u00eb mbledhje, n\u00eb m\u00ebnyr\u00eb unanime nga 19 an\u00ebtar\u00ebt e pranish\u00ebm gjat\u00eb votimit, aprovuan [&hellip;]<\/p>\n","protected":false},"author":1,"featured_media":0,"comment_status":"closed","ping_status":"closed","sticky":false,"template":"","format":"standard","meta":{"spay_email":"","jetpack_publicize_message":"","jetpack_is_tweetstorm":false,"jetpack_publicize_feature_enabled":true},"categories":[14],"tags":[],"jetpack_publicize_connections":[],"yoast_head":"<!-- This site is optimized with the Yoast SEO plugin v19.1 - https:\/\/yoast.com\/wordpress\/plugins\/seo\/ -->\n<title>KKSH afati i realizimit t\u00eb k\u00ebrkesave p\u00ebr Komun\u00ebn e Mal\u00ebsis\u00eb\/Tuz \u00ebsht\u00eb viti 2014 - Lajme nga Ulqini<\/title>\n<meta name=\"description\" content=\"K\u00ebshillit Komb\u00ebtar i Shqiptar\u00ebve n\u00eb Malin e Zi, n\u00eb mbledhjen e mbajtur me dat\u00eb 17.04.2014, n\u00eb Tuz, t\u00eb thirur enkas p\u00ebr \u00e7\u00ebshtjen e statusit t\u00eb Komun\u00ebs s\u00eb\" \/>\n<meta name=\"robots\" content=\"index, follow, max-snippet:-1, max-image-preview:large, max-video-preview:-1\" \/>\n<link rel=\"canonical\" href=\"https:\/\/www.visit-ulcinj.com\/blog\/2014\/05\/23\/kksh-afati-realizimit-te-kerkesave-per-komunen-e-malesisetuz-eshte-viti-2014\/\" \/>\n<meta property=\"og:locale\" content=\"en_US\" \/>\n<meta property=\"og:type\" content=\"article\" \/>\n<meta property=\"og:title\" content=\"KKSH afati i realizimit t\u00eb k\u00ebrkesave p\u00ebr Komun\u00ebn e Mal\u00ebsis\u00eb\/Tuz \u00ebsht\u00eb viti 2014 - Lajme nga Ulqini\" \/>\n<meta property=\"og:description\" content=\"K\u00ebshillit Komb\u00ebtar i Shqiptar\u00ebve n\u00eb Malin e Zi, n\u00eb mbledhjen e mbajtur me dat\u00eb 17.04.2014, n\u00eb Tuz, t\u00eb thirur enkas p\u00ebr \u00e7\u00ebshtjen e statusit t\u00eb Komun\u00ebs s\u00eb\" \/>\n<meta property=\"og:url\" content=\"https:\/\/www.visit-ulcinj.com\/blog\/2014\/05\/23\/kksh-afati-realizimit-te-kerkesave-per-komunen-e-malesisetuz-eshte-viti-2014\/\" \/>\n<meta property=\"og:site_name\" content=\"Lajme nga Ulqini\" \/>\n<meta property=\"article:published_time\" content=\"2014-05-23T22:25:48+00:00\" \/>\n<meta name=\"twitter:label1\" content=\"Written by\" \/>\n\t<meta name=\"twitter:data1\" content=\"ulqini\" \/>\n\t<meta name=\"twitter:label2\" content=\"Est. reading time\" \/>\n\t<meta name=\"twitter:data2\" content=\"1 minute\" \/>\n<script type=\"application\/ld+json\" class=\"yoast-schema-graph\">{\"@context\":\"https:\/\/schema.org\",\"@graph\":[{\"@type\":\"WebSite\",\"@id\":\"https:\/\/www.visit-ulcinj.com\/blog\/#website\",\"url\":\"https:\/\/www.visit-ulcinj.com\/blog\/\",\"name\":\"Lajme nga Ulqini\",\"description\":\"Lajme,Vijesti,Ulqini,Ulqin,Crna Gora,Mali i Zi\",\"potentialAction\":[{\"@type\":\"SearchAction\",\"target\":{\"@type\":\"EntryPoint\",\"urlTemplate\":\"https:\/\/www.visit-ulcinj.com\/blog\/?s={search_term_string}\"},\"query-input\":\"required name=search_term_string\"}],\"inLanguage\":\"en-US\"},{\"@type\":\"WebPage\",\"@id\":\"https:\/\/www.visit-ulcinj.com\/blog\/2014\/05\/23\/kksh-afati-realizimit-te-kerkesave-per-komunen-e-malesisetuz-eshte-viti-2014\/#webpage\",\"url\":\"https:\/\/www.visit-ulcinj.com\/blog\/2014\/05\/23\/kksh-afati-realizimit-te-kerkesave-per-komunen-e-malesisetuz-eshte-viti-2014\/\",\"name\":\"KKSH afati i realizimit t\u00eb k\u00ebrkesave p\u00ebr Komun\u00ebn e Mal\u00ebsis\u00eb\/Tuz \u00ebsht\u00eb viti 2014 - Lajme nga Ulqini\",\"isPartOf\":{\"@id\":\"https:\/\/www.visit-ulcinj.com\/blog\/#website\"},\"datePublished\":\"2014-05-23T22:25:48+00:00\",\"dateModified\":\"2014-05-23T22:25:48+00:00\",\"author\":{\"@id\":\"https:\/\/www.visit-ulcinj.com\/blog\/#\/schema\/person\/dcab619c614d3038751c63bc2aadc06d\"},\"description\":\"K\u00ebshillit Komb\u00ebtar i Shqiptar\u00ebve n\u00eb Malin e Zi, n\u00eb mbledhjen e mbajtur me dat\u00eb 17.04.2014, n\u00eb Tuz, t\u00eb thirur enkas p\u00ebr \u00e7\u00ebshtjen e statusit t\u00eb Komun\u00ebs s\u00eb\",\"breadcrumb\":{\"@id\":\"https:\/\/www.visit-ulcinj.com\/blog\/2014\/05\/23\/kksh-afati-realizimit-te-kerkesave-per-komunen-e-malesisetuz-eshte-viti-2014\/#breadcrumb\"},\"inLanguage\":\"en-US\",\"potentialAction\":[{\"@type\":\"ReadAction\",\"target\":[\"https:\/\/www.visit-ulcinj.com\/blog\/2014\/05\/23\/kksh-afati-realizimit-te-kerkesave-per-komunen-e-malesisetuz-eshte-viti-2014\/\"]}]},{\"@type\":\"BreadcrumbList\",\"@id\":\"https:\/\/www.visit-ulcinj.com\/blog\/2014\/05\/23\/kksh-afati-realizimit-te-kerkesave-per-komunen-e-malesisetuz-eshte-viti-2014\/#breadcrumb\",\"itemListElement\":[{\"@type\":\"ListItem\",\"position\":1,\"name\":\"KKSH afati i realizimit t\u00eb k\u00ebrkesave p\u00ebr Komun\u00ebn e Mal\u00ebsis\u00eb\/Tuz \u00ebsht\u00eb viti 2014\"}]},{\"@type\":\"Person\",\"@id\":\"https:\/\/www.visit-ulcinj.com\/blog\/#\/schema\/person\/dcab619c614d3038751c63bc2aadc06d\",\"name\":\"ulqini\",\"sameAs\":[\"http:\/\/www.visit-ulcinj.com\"],\"url\":\"https:\/\/www.visit-ulcinj.com\/blog\/author\/admin\/\"}]}<\/script>\n<!-- \/ Yoast SEO plugin. -->","yoast_head_json":{"title":"KKSH afati i realizimit t\u00eb k\u00ebrkesave p\u00ebr Komun\u00ebn e Mal\u00ebsis\u00eb\/Tuz \u00ebsht\u00eb viti 2014 - Lajme nga Ulqini","description":"K\u00ebshillit Komb\u00ebtar i Shqiptar\u00ebve n\u00eb Malin e Zi, n\u00eb mbledhjen e mbajtur me dat\u00eb 17.04.2014, n\u00eb Tuz, t\u00eb thirur enkas p\u00ebr \u00e7\u00ebshtjen e statusit t\u00eb Komun\u00ebs s\u00eb","robots":{"index":"index","follow":"follow","max-snippet":"max-snippet:-1","max-image-preview":"max-image-preview:large","max-video-preview":"max-video-preview:-1"},"canonical":"https:\/\/www.visit-ulcinj.com\/blog\/2014\/05\/23\/kksh-afati-realizimit-te-kerkesave-per-komunen-e-malesisetuz-eshte-viti-2014\/","og_locale":"en_US","og_type":"article","og_title":"KKSH afati i realizimit t\u00eb k\u00ebrkesave p\u00ebr Komun\u00ebn e Mal\u00ebsis\u00eb\/Tuz \u00ebsht\u00eb viti 2014 - Lajme nga Ulqini","og_description":"K\u00ebshillit Komb\u00ebtar i Shqiptar\u00ebve n\u00eb Malin e Zi, n\u00eb mbledhjen e mbajtur me dat\u00eb 17.04.2014, n\u00eb Tuz, t\u00eb thirur enkas p\u00ebr \u00e7\u00ebshtjen e statusit t\u00eb Komun\u00ebs s\u00eb","og_url":"https:\/\/www.visit-ulcinj.com\/blog\/2014\/05\/23\/kksh-afati-realizimit-te-kerkesave-per-komunen-e-malesisetuz-eshte-viti-2014\/","og_site_name":"Lajme nga Ulqini","article_published_time":"2014-05-23T22:25:48+00:00","twitter_misc":{"Written by":"ulqini","Est. reading time":"1 minute"},"schema":{"@context":"https:\/\/schema.org","@graph":[{"@type":"WebSite","@id":"https:\/\/www.visit-ulcinj.com\/blog\/#website","url":"https:\/\/www.visit-ulcinj.com\/blog\/","name":"Lajme nga Ulqini","description":"Lajme,Vijesti,Ulqini,Ulqin,Crna Gora,Mali i Zi","potentialAction":[{"@type":"SearchAction","target":{"@type":"EntryPoint","urlTemplate":"https:\/\/www.visit-ulcinj.com\/blog\/?s={search_term_string}"},"query-input":"required name=search_term_string"}],"inLanguage":"en-US"},{"@type":"WebPage","@id":"https:\/\/www.visit-ulcinj.com\/blog\/2014\/05\/23\/kksh-afati-realizimit-te-kerkesave-per-komunen-e-malesisetuz-eshte-viti-2014\/#webpage","url":"https:\/\/www.visit-ulcinj.com\/blog\/2014\/05\/23\/kksh-afati-realizimit-te-kerkesave-per-komunen-e-malesisetuz-eshte-viti-2014\/","name":"KKSH afati i realizimit t\u00eb k\u00ebrkesave p\u00ebr Komun\u00ebn e Mal\u00ebsis\u00eb\/Tuz \u00ebsht\u00eb viti 2014 - Lajme nga Ulqini","isPartOf":{"@id":"https:\/\/www.visit-ulcinj.com\/blog\/#website"},"datePublished":"2014-05-23T22:25:48+00:00","dateModified":"2014-05-23T22:25:48+00:00","author":{"@id":"https:\/\/www.visit-ulcinj.com\/blog\/#\/schema\/person\/dcab619c614d3038751c63bc2aadc06d"},"description":"K\u00ebshillit Komb\u00ebtar i Shqiptar\u00ebve n\u00eb Malin e Zi, n\u00eb mbledhjen e mbajtur me dat\u00eb 17.04.2014, n\u00eb Tuz, t\u00eb thirur enkas p\u00ebr \u00e7\u00ebshtjen e statusit t\u00eb Komun\u00ebs s\u00eb","breadcrumb":{"@id":"https:\/\/www.visit-ulcinj.com\/blog\/2014\/05\/23\/kksh-afati-realizimit-te-kerkesave-per-komunen-e-malesisetuz-eshte-viti-2014\/#breadcrumb"},"inLanguage":"en-US","potentialAction":[{"@type":"ReadAction","target":["https:\/\/www.visit-ulcinj.com\/blog\/2014\/05\/23\/kksh-afati-realizimit-te-kerkesave-per-komunen-e-malesisetuz-eshte-viti-2014\/"]}]},{"@type":"BreadcrumbList","@id":"https:\/\/www.visit-ulcinj.com\/blog\/2014\/05\/23\/kksh-afati-realizimit-te-kerkesave-per-komunen-e-malesisetuz-eshte-viti-2014\/#breadcrumb","itemListElement":[{"@type":"ListItem","position":1,"name":"KKSH afati i realizimit t\u00eb k\u00ebrkesave p\u00ebr Komun\u00ebn e Mal\u00ebsis\u00eb\/Tuz \u00ebsht\u00eb viti 2014"}]},{"@type":"Person","@id":"https:\/\/www.visit-ulcinj.com\/blog\/#\/schema\/person\/dcab619c614d3038751c63bc2aadc06d","name":"ulqini","sameAs":["http:\/\/www.visit-ulcinj.com"],"url":"https:\/\/www.visit-ulcinj.com\/blog\/author\/admin\/"}]}},"jetpack_featured_media_url":"","jetpack_sharing_enabled":true,"jetpack_shortlink":"https:\/\/wp.me\/pe6lTn-lrK","_links":{"self":[{"href":"https:\/\/www.visit-ulcinj.com\/blog\/wp-json\/wp\/v2\/posts\/82444"}],"collection":[{"href":"https:\/\/www.visit-ulcinj.com\/blog\/wp-json\/wp\/v2\/posts"}],"about":[{"href":"https:\/\/www.visit-ulcinj.com\/blog\/wp-json\/wp\/v2\/types\/post"}],"author":[{"embeddable":true,"href":"https:\/\/www.visit-ulcinj.com\/blog\/wp-json\/wp\/v2\/users\/1"}],"replies":[{"embeddable":true,"href":"https:\/\/www.visit-ulcinj.com\/blog\/wp-json\/wp\/v2\/comments?post=82444"}],"version-history":[{"count":1,"href":"https:\/\/www.visit-ulcinj.com\/blog\/wp-json\/wp\/v2\/posts\/82444\/revisions"}],"predecessor-version":[{"id":82446,"href":"https:\/\/www.visit-ulcinj.com\/blog\/wp-json\/wp\/v2\/posts\/82444\/revisions\/82446"}],"wp:attachment":[{"href":"https:\/\/www.visit-ulcinj.com\/blog\/wp-json\/wp\/v2\/media?parent=82444"}],"wp:term":[{"taxonomy":"category","embeddable":true,"href":"https:\/\/www.visit-ulcinj.com\/blog\/wp-json\/wp\/v2\/categories?post=82444"},{"taxonomy":"post_tag","embeddable":true,"href":"https:\/\/www.visit-ulcinj.com\/blog\/wp-json\/wp\/v2\/tags?post=82444"}],"curies":[{"name":"wp","href":"https:\/\/api.w.org\/{rel}","templated":true}]}}