{"id":82454,"date":"2014-05-24T15:01:41","date_gmt":"2014-05-24T14:01:41","guid":{"rendered":"http:\/\/www.visit-ulcinj.com\/blog\/?p=82454"},"modified":"2014-05-24T15:01:41","modified_gmt":"2014-05-24T14:01:41","slug":"dritan-abazovic-na-izborima-u-ukrajini","status":"publish","type":"post","link":"https:\/\/www.visit-ulcinj.com\/blog\/2014\/05\/24\/dritan-abazovic-na-izborima-u-ukrajini\/","title":{"rendered":"Dritan Abazovi\u0107 na izborima u Ukrajini"},"content":{"rendered":"<p><a href=\"http:\/\/www.visit-ulcinj.com\/blog\/wp-content\/uploads\/2014\/05\/Dritan-Abazovic.jpg\"><img loading=\"lazy\" class=\"alignleft  wp-image-82455\" alt=\"Dritan-Abazovic\" src=\"http:\/\/www.visit-ulcinj.com\/blog\/wp-content\/uploads\/2014\/05\/Dritan-Abazovic.jpg\" width=\"300\" height=\"350\" \/><\/a>Poslanik Pozitivne Crne Gore Dritan Abazovi\u0107 \u0107e, kao \u010dlan posmatra\u010dke misije OEBS-a, pratiti predsjedni\u010dke izbore, koji se odr\u017eavaju sjutra u Ukrajini.<\/p>\n<p>\u201eIzbori u Ukrajini, po ocjeni zapadnih zvani\u010dnika, imaju poseban zna\u010daj zbog specifi\u010dne situacije u kojoj se ova zemlja nalazi, a naro\u010dito zbog de\u0161avanja na istoku\u201c, saop\u0161teno je iz Pozitivne.<\/p>\n<p>Zbog toga su, kako dodaju u saopp\u0161tenju, misije OEBS-a, PS SE i PS NATO-a, koje se nalaze u Ukrajini, jedne od najbrojnijih od kada se prate izbori.<\/p>\n<p>Abazovi\u0107 \u0107e izbore posmatrati u Kijevu sa Adao Silvom, biv\u0161im \u0161efom misije OEBS-a u Ma\u0111arskoj i aktulenim \u0161efom delegacije PS OEBS-a u portugalskom parlamentu.<\/p>\n<p><strong>Izvor: RTCG<\/strong><\/p>\n","protected":false},"excerpt":{"rendered":"<p>Poslanik Pozitivne Crne Gore Dritan Abazovi\u0107 \u0107e, kao \u010dlan posmatra\u010dke misije OEBS-a, pratiti predsjedni\u010dke izbore, koji se odr\u017eavaju sjutra u Ukrajini. \u201eIzbori u Ukrajini, po ocjeni zapadnih zvani\u010dnika, imaju poseban zna\u010daj zbog specifi\u010dne situacije u kojoj se ova zemlja nalazi, a naro\u010dito zbog de\u0161avanja na istoku\u201c, saop\u0161teno je iz Pozitivne. Zbog toga su, kako dodaju [&hellip;]<\/p>\n","protected":false},"author":1,"featured_media":0,"comment_status":"closed","ping_status":"closed","sticky":false,"template":"","format":"standard","meta":{"spay_email":"","jetpack_publicize_message":"","jetpack_is_tweetstorm":false,"jetpack_publicize_feature_enabled":true},"categories":[8337],"tags":[],"jetpack_publicize_connections":[],"yoast_head":"<!-- This site is optimized with the Yoast SEO plugin v19.1 - https:\/\/yoast.com\/wordpress\/plugins\/seo\/ -->\n<title>Dritan Abazovi\u0107 na izborima u Ukrajini - Lajme nga Ulqini<\/title>\n<meta name=\"description\" content=\"Poslanik Pozitivne Crne Gore Dritan Abazovi\u0107 \u0107e, kao \u010dlan posmatra\u010dke misije OEBS-a, pratiti predsjedni\u010dke izbore, koji se odr\u017eavaju sjutra u Ukrajini.\" \/>\n<meta name=\"robots\" content=\"index, follow, max-snippet:-1, max-image-preview:large, max-video-preview:-1\" \/>\n<link rel=\"canonical\" href=\"https:\/\/www.visit-ulcinj.com\/blog\/2014\/05\/24\/dritan-abazovic-na-izborima-u-ukrajini\/\" \/>\n<meta property=\"og:locale\" content=\"en_US\" \/>\n<meta property=\"og:type\" content=\"article\" \/>\n<meta property=\"og:title\" content=\"Dritan Abazovi\u0107 na izborima u Ukrajini - Lajme nga Ulqini\" \/>\n<meta property=\"og:description\" content=\"Poslanik Pozitivne Crne Gore Dritan Abazovi\u0107 \u0107e, kao \u010dlan posmatra\u010dke misije OEBS-a, pratiti predsjedni\u010dke izbore, koji se odr\u017eavaju sjutra u Ukrajini.\" \/>\n<meta property=\"og:url\" content=\"https:\/\/www.visit-ulcinj.com\/blog\/2014\/05\/24\/dritan-abazovic-na-izborima-u-ukrajini\/\" \/>\n<meta property=\"og:site_name\" content=\"Lajme nga Ulqini\" \/>\n<meta property=\"article:published_time\" content=\"2014-05-24T14:01:41+00:00\" \/>\n<meta property=\"og:image\" content=\"http:\/\/www.visit-ulcinj.com\/blog\/wp-content\/uploads\/2014\/05\/Dritan-Abazovic.jpg\" \/>\n<meta name=\"twitter:label1\" content=\"Written by\" \/>\n\t<meta name=\"twitter:data1\" content=\"ulqini\" \/>\n\t<meta name=\"twitter:label2\" content=\"Est. reading time\" \/>\n\t<meta name=\"twitter:data2\" content=\"1 minute\" \/>\n<script type=\"application\/ld+json\" class=\"yoast-schema-graph\">{\"@context\":\"https:\/\/schema.org\",\"@graph\":[{\"@type\":\"WebSite\",\"@id\":\"https:\/\/www.visit-ulcinj.com\/blog\/#website\",\"url\":\"https:\/\/www.visit-ulcinj.com\/blog\/\",\"name\":\"Lajme nga Ulqini\",\"description\":\"Lajme,Vijesti,Ulqini,Ulqin,Crna Gora,Mali i Zi\",\"potentialAction\":[{\"@type\":\"SearchAction\",\"target\":{\"@type\":\"EntryPoint\",\"urlTemplate\":\"https:\/\/www.visit-ulcinj.com\/blog\/?s={search_term_string}\"},\"query-input\":\"required name=search_term_string\"}],\"inLanguage\":\"en-US\"},{\"@type\":\"ImageObject\",\"inLanguage\":\"en-US\",\"@id\":\"https:\/\/www.visit-ulcinj.com\/blog\/2014\/05\/24\/dritan-abazovic-na-izborima-u-ukrajini\/#primaryimage\",\"url\":\"https:\/\/www.visit-ulcinj.com\/blog\/wp-content\/uploads\/2014\/05\/Dritan-Abazovic.jpg\",\"contentUrl\":\"https:\/\/www.visit-ulcinj.com\/blog\/wp-content\/uploads\/2014\/05\/Dritan-Abazovic.jpg\",\"width\":407,\"height\":512},{\"@type\":\"WebPage\",\"@id\":\"https:\/\/www.visit-ulcinj.com\/blog\/2014\/05\/24\/dritan-abazovic-na-izborima-u-ukrajini\/#webpage\",\"url\":\"https:\/\/www.visit-ulcinj.com\/blog\/2014\/05\/24\/dritan-abazovic-na-izborima-u-ukrajini\/\",\"name\":\"Dritan Abazovi\u0107 na izborima u Ukrajini - Lajme nga Ulqini\",\"isPartOf\":{\"@id\":\"https:\/\/www.visit-ulcinj.com\/blog\/#website\"},\"primaryImageOfPage\":{\"@id\":\"https:\/\/www.visit-ulcinj.com\/blog\/2014\/05\/24\/dritan-abazovic-na-izborima-u-ukrajini\/#primaryimage\"},\"datePublished\":\"2014-05-24T14:01:41+00:00\",\"dateModified\":\"2014-05-24T14:01:41+00:00\",\"author\":{\"@id\":\"https:\/\/www.visit-ulcinj.com\/blog\/#\/schema\/person\/dcab619c614d3038751c63bc2aadc06d\"},\"description\":\"Poslanik Pozitivne Crne Gore Dritan Abazovi\u0107 \u0107e, kao \u010dlan posmatra\u010dke misije OEBS-a, pratiti predsjedni\u010dke izbore, koji se odr\u017eavaju sjutra u Ukrajini.\",\"breadcrumb\":{\"@id\":\"https:\/\/www.visit-ulcinj.com\/blog\/2014\/05\/24\/dritan-abazovic-na-izborima-u-ukrajini\/#breadcrumb\"},\"inLanguage\":\"en-US\",\"potentialAction\":[{\"@type\":\"ReadAction\",\"target\":[\"https:\/\/www.visit-ulcinj.com\/blog\/2014\/05\/24\/dritan-abazovic-na-izborima-u-ukrajini\/\"]}]},{\"@type\":\"BreadcrumbList\",\"@id\":\"https:\/\/www.visit-ulcinj.com\/blog\/2014\/05\/24\/dritan-abazovic-na-izborima-u-ukrajini\/#breadcrumb\",\"itemListElement\":[{\"@type\":\"ListItem\",\"position\":1,\"name\":\"Dritan Abazovi\u0107 na izborima u Ukrajini\"}]},{\"@type\":\"Person\",\"@id\":\"https:\/\/www.visit-ulcinj.com\/blog\/#\/schema\/person\/dcab619c614d3038751c63bc2aadc06d\",\"name\":\"ulqini\",\"sameAs\":[\"http:\/\/www.visit-ulcinj.com\"],\"url\":\"https:\/\/www.visit-ulcinj.com\/blog\/author\/admin\/\"}]}<\/script>\n<!-- \/ Yoast SEO plugin. -->","yoast_head_json":{"title":"Dritan Abazovi\u0107 na izborima u Ukrajini - Lajme nga Ulqini","description":"Poslanik Pozitivne Crne Gore Dritan Abazovi\u0107 \u0107e, kao \u010dlan posmatra\u010dke misije OEBS-a, pratiti predsjedni\u010dke izbore, koji se odr\u017eavaju sjutra u Ukrajini.","robots":{"index":"index","follow":"follow","max-snippet":"max-snippet:-1","max-image-preview":"max-image-preview:large","max-video-preview":"max-video-preview:-1"},"canonical":"https:\/\/www.visit-ulcinj.com\/blog\/2014\/05\/24\/dritan-abazovic-na-izborima-u-ukrajini\/","og_locale":"en_US","og_type":"article","og_title":"Dritan Abazovi\u0107 na izborima u Ukrajini - Lajme nga Ulqini","og_description":"Poslanik Pozitivne Crne Gore Dritan Abazovi\u0107 \u0107e, kao \u010dlan posmatra\u010dke misije OEBS-a, pratiti predsjedni\u010dke izbore, koji se odr\u017eavaju sjutra u Ukrajini.","og_url":"https:\/\/www.visit-ulcinj.com\/blog\/2014\/05\/24\/dritan-abazovic-na-izborima-u-ukrajini\/","og_site_name":"Lajme nga Ulqini","article_published_time":"2014-05-24T14:01:41+00:00","og_image":[{"url":"http:\/\/www.visit-ulcinj.com\/blog\/wp-content\/uploads\/2014\/05\/Dritan-Abazovic.jpg"}],"twitter_misc":{"Written by":"ulqini","Est. reading time":"1 minute"},"schema":{"@context":"https:\/\/schema.org","@graph":[{"@type":"WebSite","@id":"https:\/\/www.visit-ulcinj.com\/blog\/#website","url":"https:\/\/www.visit-ulcinj.com\/blog\/","name":"Lajme nga Ulqini","description":"Lajme,Vijesti,Ulqini,Ulqin,Crna Gora,Mali i Zi","potentialAction":[{"@type":"SearchAction","target":{"@type":"EntryPoint","urlTemplate":"https:\/\/www.visit-ulcinj.com\/blog\/?s={search_term_string}"},"query-input":"required name=search_term_string"}],"inLanguage":"en-US"},{"@type":"ImageObject","inLanguage":"en-US","@id":"https:\/\/www.visit-ulcinj.com\/blog\/2014\/05\/24\/dritan-abazovic-na-izborima-u-ukrajini\/#primaryimage","url":"https:\/\/www.visit-ulcinj.com\/blog\/wp-content\/uploads\/2014\/05\/Dritan-Abazovic.jpg","contentUrl":"https:\/\/www.visit-ulcinj.com\/blog\/wp-content\/uploads\/2014\/05\/Dritan-Abazovic.jpg","width":407,"height":512},{"@type":"WebPage","@id":"https:\/\/www.visit-ulcinj.com\/blog\/2014\/05\/24\/dritan-abazovic-na-izborima-u-ukrajini\/#webpage","url":"https:\/\/www.visit-ulcinj.com\/blog\/2014\/05\/24\/dritan-abazovic-na-izborima-u-ukrajini\/","name":"Dritan Abazovi\u0107 na izborima u Ukrajini - Lajme nga Ulqini","isPartOf":{"@id":"https:\/\/www.visit-ulcinj.com\/blog\/#website"},"primaryImageOfPage":{"@id":"https:\/\/www.visit-ulcinj.com\/blog\/2014\/05\/24\/dritan-abazovic-na-izborima-u-ukrajini\/#primaryimage"},"datePublished":"2014-05-24T14:01:41+00:00","dateModified":"2014-05-24T14:01:41+00:00","author":{"@id":"https:\/\/www.visit-ulcinj.com\/blog\/#\/schema\/person\/dcab619c614d3038751c63bc2aadc06d"},"description":"Poslanik Pozitivne Crne Gore Dritan Abazovi\u0107 \u0107e, kao \u010dlan posmatra\u010dke misije OEBS-a, pratiti predsjedni\u010dke izbore, koji se odr\u017eavaju sjutra u Ukrajini.","breadcrumb":{"@id":"https:\/\/www.visit-ulcinj.com\/blog\/2014\/05\/24\/dritan-abazovic-na-izborima-u-ukrajini\/#breadcrumb"},"inLanguage":"en-US","potentialAction":[{"@type":"ReadAction","target":["https:\/\/www.visit-ulcinj.com\/blog\/2014\/05\/24\/dritan-abazovic-na-izborima-u-ukrajini\/"]}]},{"@type":"BreadcrumbList","@id":"https:\/\/www.visit-ulcinj.com\/blog\/2014\/05\/24\/dritan-abazovic-na-izborima-u-ukrajini\/#breadcrumb","itemListElement":[{"@type":"ListItem","position":1,"name":"Dritan Abazovi\u0107 na izborima u Ukrajini"}]},{"@type":"Person","@id":"https:\/\/www.visit-ulcinj.com\/blog\/#\/schema\/person\/dcab619c614d3038751c63bc2aadc06d","name":"ulqini","sameAs":["http:\/\/www.visit-ulcinj.com"],"url":"https:\/\/www.visit-ulcinj.com\/blog\/author\/admin\/"}]}},"jetpack_featured_media_url":"","jetpack_sharing_enabled":true,"jetpack_shortlink":"https:\/\/wp.me\/pe6lTn-lrU","_links":{"self":[{"href":"https:\/\/www.visit-ulcinj.com\/blog\/wp-json\/wp\/v2\/posts\/82454"}],"collection":[{"href":"https:\/\/www.visit-ulcinj.com\/blog\/wp-json\/wp\/v2\/posts"}],"about":[{"href":"https:\/\/www.visit-ulcinj.com\/blog\/wp-json\/wp\/v2\/types\/post"}],"author":[{"embeddable":true,"href":"https:\/\/www.visit-ulcinj.com\/blog\/wp-json\/wp\/v2\/users\/1"}],"replies":[{"embeddable":true,"href":"https:\/\/www.visit-ulcinj.com\/blog\/wp-json\/wp\/v2\/comments?post=82454"}],"version-history":[{"count":1,"href":"https:\/\/www.visit-ulcinj.com\/blog\/wp-json\/wp\/v2\/posts\/82454\/revisions"}],"predecessor-version":[{"id":82456,"href":"https:\/\/www.visit-ulcinj.com\/blog\/wp-json\/wp\/v2\/posts\/82454\/revisions\/82456"}],"wp:attachment":[{"href":"https:\/\/www.visit-ulcinj.com\/blog\/wp-json\/wp\/v2\/media?parent=82454"}],"wp:term":[{"taxonomy":"category","embeddable":true,"href":"https:\/\/www.visit-ulcinj.com\/blog\/wp-json\/wp\/v2\/categories?post=82454"},{"taxonomy":"post_tag","embeddable":true,"href":"https:\/\/www.visit-ulcinj.com\/blog\/wp-json\/wp\/v2\/tags?post=82454"}],"curies":[{"name":"wp","href":"https:\/\/api.w.org\/{rel}","templated":true}]}}