{"id":82457,"date":"2014-05-24T17:16:56","date_gmt":"2014-05-24T16:16:56","guid":{"rendered":"http:\/\/www.visit-ulcinj.com\/blog\/?p=82457"},"modified":"2014-05-24T17:17:49","modified_gmt":"2014-05-24T16:17:49","slug":"podrska-omladine-u-baru-koaliciji-bosnjaci-muslimani-albanci","status":"publish","type":"post","link":"https:\/\/www.visit-ulcinj.com\/blog\/2014\/05\/24\/podrska-omladine-u-baru-koaliciji-bosnjaci-muslimani-albanci\/","title":{"rendered":"Podrska omladine u Baru koaliciji Bo\u0161njaci, Muslimani i Albanci"},"content":{"rendered":"<p><a href=\"http:\/\/www.visit-ulcinj.com\/blog\/wp-content\/uploads\/2014\/05\/setnja-Barom-koalicia.jpeg\"><img loading=\"lazy\" class=\"alignleft  wp-image-82458\" alt=\"setnja-Barom-koalicia\" src=\"http:\/\/www.visit-ulcinj.com\/blog\/wp-content\/uploads\/2014\/05\/setnja-Barom-koalicia.jpeg\" width=\"508\" height=\"360\" \/><\/a>Zajednicka lista Bosnjaci, Muslimani i Albanci ima veliku podrsku omladine u barskoj opstini. Predstavnici koalicije prosetali su danas sa omladinom kroz centar grada i barskim korzom. Omladinu su predvodili Munib Licina, nosilac zajednicke liste, Nazif Cungu, predsjednik FORCE, Suljo Mustafic, potpredsjednik Skupstine Crne Gore, Genci Nimanbegu, predsjednik Albanskog nacionalnog savjeta i poslanik u Skupstini, kao i brojni odbornicki kandidati sa liste.<\/p>\n<p>Najve\u0107i potencijal koji ima na\u0161a op\u0161tina jesu mladi i obrazovani ljudi koji su istrajni u cilju da privredno i ekonomski oporave svoj grad. Ulaganje u omladinu jeste ulaganje u budu\u0107nost i prosperitet grada Bara.<\/p>\n<p>Zajedni\u010dka lista \u201eBo\u0161njaci, Muslimani i Albanci\u201c je prepoznala ovaj potencijal, na kojoj se nalazi 8 studenata, dok je 20 kandidata mla\u0111e od 35 godina, \u0161to ovu listu \u010dini jednu od najmla\u0111ih na ovim izborima.<\/p>\n<p>Neophodno je da mladi ljudi dobijaju svoja mjesta i u lokalnoj samoupravi,\u00a0 jer nove ideje i moderniji tehnolo\u0161ki pristup mogu biti klju\u010dni za rje\u0161avanje brojnih problema. Naro\u010dito se mora voditi ra\u010duna o srazmjernoj zastupljenosti pripadnika manjinskih naroda, Bo\u0161njaka-Muslimana, Albanaca i drugih, a sve u cilju po\u0161tovanja Ustava i zakonske regulative. Zbog toga je va\u017eno ulagati u edukaciju na\u0161e omladine, ne bi li dobili najkvalitetnije obrazovanje i stekli osnovu za kvalitetan radni anga\u017eman.<\/p>\n<p>Potrebno je raditi na organizaciji sportskih udru\u017eenja i dru\u0161tava koja bi se bavila razvojem i unaprije\u0111enjem sporta i fizi\u010dke kulture, te saradnjom sa sli\u010dnim organizacijama u zemlji i inostranstvu. Djecu treba u\u010diti zdravim stilovima \u017eivota, a to \u0107emo jedino posti\u0107i gradnjom vi\u0161e sportskih objekata, sportske sale u O\u0160 \u201eMrkojevi\u0107i\u201c, ulaganjem u sport i kulturu, pogotovo u prigradskom i seoskom podru\u010dju. Ova ulaganja naro\u010dito su potrebna u prigradskim i seoskim naseljima, koja su do sada, po ovom pitanju, bila zapostavljena. U Baru postoji vi\u0161e sportskih klubova, me\u0111utim, neophodno je unaprijediti njihov rad te obezbijediti iz bud\u017eeta lokalne samouprave finansijsku pomo\u0107 za najtalentovanije, ali i za projekte iz masovnog sporta.<\/p>\n<p>Na\u017ealost, opojne supstance i narkotici postale su dostupne na\u0161oj omladini na svakom koraku, te je iz tog razloga neophodno ja\u010danje centara i savjetovali\u0161ta za suzbijanje narkomanije i efikasnije mjere dr\u017eave. Potrebna je ve\u0107a podr\u0161ka Kancelariji za suzbijanje narkomanije u Baru, ali i organizovanje vi\u0161e edukativnih predavanja i radionica na ovu temu u osnovnim i srednjim \u0161kolama.<\/p>\n<p><strong>U nedjelju 25. maja, da\u0107emo \u0161ansu mladima, da\u0107emo \u0161ansu zajedni\u010dkoj listi \u201eBo\u0161njaci, Muslimani i Albanci \u2013 Bar u koji vjerujemo\u201c koja se nalazi pod rednim broje 6.<\/strong><\/p>\n<p><strong>Kandidat za odbornika<\/strong><\/p>\n<p><strong>Haris Niko\u010devi\u0107<\/strong><\/p>\n<p><strong>Izvor: Bo\u0161nja\u010dka stranka<\/strong><\/p>\n","protected":false},"excerpt":{"rendered":"<p>Zajednicka lista Bosnjaci, Muslimani i Albanci ima veliku podrsku omladine u barskoj opstini. Predstavnici koalicije prosetali su danas sa omladinom kroz centar grada i barskim korzom. Omladinu su predvodili Munib Licina, nosilac zajednicke liste, Nazif Cungu, predsjednik FORCE, Suljo Mustafic, potpredsjednik Skupstine Crne Gore, Genci Nimanbegu, predsjednik Albanskog nacionalnog savjeta i poslanik u Skupstini, kao [&hellip;]<\/p>\n","protected":false},"author":1,"featured_media":0,"comment_status":"closed","ping_status":"closed","sticky":false,"template":"","format":"standard","meta":{"spay_email":"","jetpack_publicize_message":"","jetpack_is_tweetstorm":false,"jetpack_publicize_feature_enabled":true},"categories":[6950],"tags":[],"jetpack_publicize_connections":[],"yoast_head":"<!-- This site is optimized with the Yoast SEO plugin v19.1 - https:\/\/yoast.com\/wordpress\/plugins\/seo\/ -->\n<title>Podrska omladine u Baru koaliciji Bo\u0161njaci, Muslimani i Albanci - Lajme nga Ulqini<\/title>\n<meta name=\"description\" content=\"Zajednicka lista Bosnjaci, Muslimani i Albanci ima veliku podrsku omladine u barskoj opstini. Predstavnici koalicije prosetali su danas sa omladinom kroz\" \/>\n<meta name=\"robots\" content=\"index, follow, max-snippet:-1, max-image-preview:large, max-video-preview:-1\" \/>\n<link rel=\"canonical\" href=\"https:\/\/www.visit-ulcinj.com\/blog\/2014\/05\/24\/podrska-omladine-u-baru-koaliciji-bosnjaci-muslimani-albanci\/\" \/>\n<meta property=\"og:locale\" content=\"en_US\" \/>\n<meta property=\"og:type\" content=\"article\" \/>\n<meta property=\"og:title\" content=\"Podrska omladine u Baru koaliciji Bo\u0161njaci, Muslimani i Albanci - Lajme nga Ulqini\" \/>\n<meta property=\"og:description\" content=\"Zajednicka lista Bosnjaci, Muslimani i Albanci ima veliku podrsku omladine u barskoj opstini. Predstavnici koalicije prosetali su danas sa omladinom kroz\" \/>\n<meta property=\"og:url\" content=\"https:\/\/www.visit-ulcinj.com\/blog\/2014\/05\/24\/podrska-omladine-u-baru-koaliciji-bosnjaci-muslimani-albanci\/\" \/>\n<meta property=\"og:site_name\" content=\"Lajme nga Ulqini\" \/>\n<meta property=\"article:published_time\" content=\"2014-05-24T16:16:56+00:00\" \/>\n<meta property=\"article:modified_time\" content=\"2014-05-24T16:17:49+00:00\" \/>\n<meta property=\"og:image\" content=\"http:\/\/www.visit-ulcinj.com\/blog\/wp-content\/uploads\/2014\/05\/setnja-Barom-koalicia.jpeg\" \/>\n<meta name=\"twitter:label1\" content=\"Written by\" \/>\n\t<meta name=\"twitter:data1\" content=\"ulqini\" \/>\n\t<meta name=\"twitter:label2\" content=\"Est. reading time\" \/>\n\t<meta name=\"twitter:data2\" content=\"2 minutes\" \/>\n<script type=\"application\/ld+json\" class=\"yoast-schema-graph\">{\"@context\":\"https:\/\/schema.org\",\"@graph\":[{\"@type\":\"WebSite\",\"@id\":\"https:\/\/www.visit-ulcinj.com\/blog\/#website\",\"url\":\"https:\/\/www.visit-ulcinj.com\/blog\/\",\"name\":\"Lajme nga Ulqini\",\"description\":\"Lajme,Vijesti,Ulqini,Ulqin,Crna Gora,Mali i Zi\",\"potentialAction\":[{\"@type\":\"SearchAction\",\"target\":{\"@type\":\"EntryPoint\",\"urlTemplate\":\"https:\/\/www.visit-ulcinj.com\/blog\/?s={search_term_string}\"},\"query-input\":\"required name=search_term_string\"}],\"inLanguage\":\"en-US\"},{\"@type\":\"ImageObject\",\"inLanguage\":\"en-US\",\"@id\":\"https:\/\/www.visit-ulcinj.com\/blog\/2014\/05\/24\/podrska-omladine-u-baru-koaliciji-bosnjaci-muslimani-albanci\/#primaryimage\",\"url\":\"https:\/\/www.visit-ulcinj.com\/blog\/wp-content\/uploads\/2014\/05\/setnja-Barom-koalicia.jpeg\",\"contentUrl\":\"https:\/\/www.visit-ulcinj.com\/blog\/wp-content\/uploads\/2014\/05\/setnja-Barom-koalicia.jpeg\",\"width\":1280,\"height\":960},{\"@type\":\"WebPage\",\"@id\":\"https:\/\/www.visit-ulcinj.com\/blog\/2014\/05\/24\/podrska-omladine-u-baru-koaliciji-bosnjaci-muslimani-albanci\/#webpage\",\"url\":\"https:\/\/www.visit-ulcinj.com\/blog\/2014\/05\/24\/podrska-omladine-u-baru-koaliciji-bosnjaci-muslimani-albanci\/\",\"name\":\"Podrska omladine u Baru koaliciji Bo\u0161njaci, Muslimani i Albanci - Lajme nga Ulqini\",\"isPartOf\":{\"@id\":\"https:\/\/www.visit-ulcinj.com\/blog\/#website\"},\"primaryImageOfPage\":{\"@id\":\"https:\/\/www.visit-ulcinj.com\/blog\/2014\/05\/24\/podrska-omladine-u-baru-koaliciji-bosnjaci-muslimani-albanci\/#primaryimage\"},\"datePublished\":\"2014-05-24T16:16:56+00:00\",\"dateModified\":\"2014-05-24T16:17:49+00:00\",\"author\":{\"@id\":\"https:\/\/www.visit-ulcinj.com\/blog\/#\/schema\/person\/dcab619c614d3038751c63bc2aadc06d\"},\"description\":\"Zajednicka lista Bosnjaci, Muslimani i Albanci ima veliku podrsku omladine u barskoj opstini. Predstavnici koalicije prosetali su danas sa omladinom kroz\",\"breadcrumb\":{\"@id\":\"https:\/\/www.visit-ulcinj.com\/blog\/2014\/05\/24\/podrska-omladine-u-baru-koaliciji-bosnjaci-muslimani-albanci\/#breadcrumb\"},\"inLanguage\":\"en-US\",\"potentialAction\":[{\"@type\":\"ReadAction\",\"target\":[\"https:\/\/www.visit-ulcinj.com\/blog\/2014\/05\/24\/podrska-omladine-u-baru-koaliciji-bosnjaci-muslimani-albanci\/\"]}]},{\"@type\":\"BreadcrumbList\",\"@id\":\"https:\/\/www.visit-ulcinj.com\/blog\/2014\/05\/24\/podrska-omladine-u-baru-koaliciji-bosnjaci-muslimani-albanci\/#breadcrumb\",\"itemListElement\":[{\"@type\":\"ListItem\",\"position\":1,\"name\":\"Podrska omladine u Baru koaliciji Bo\u0161njaci, Muslimani i Albanci\"}]},{\"@type\":\"Person\",\"@id\":\"https:\/\/www.visit-ulcinj.com\/blog\/#\/schema\/person\/dcab619c614d3038751c63bc2aadc06d\",\"name\":\"ulqini\",\"sameAs\":[\"http:\/\/www.visit-ulcinj.com\"],\"url\":\"https:\/\/www.visit-ulcinj.com\/blog\/author\/admin\/\"}]}<\/script>\n<!-- \/ Yoast SEO plugin. -->","yoast_head_json":{"title":"Podrska omladine u Baru koaliciji Bo\u0161njaci, Muslimani i Albanci - Lajme nga Ulqini","description":"Zajednicka lista Bosnjaci, Muslimani i Albanci ima veliku podrsku omladine u barskoj opstini. Predstavnici koalicije prosetali su danas sa omladinom kroz","robots":{"index":"index","follow":"follow","max-snippet":"max-snippet:-1","max-image-preview":"max-image-preview:large","max-video-preview":"max-video-preview:-1"},"canonical":"https:\/\/www.visit-ulcinj.com\/blog\/2014\/05\/24\/podrska-omladine-u-baru-koaliciji-bosnjaci-muslimani-albanci\/","og_locale":"en_US","og_type":"article","og_title":"Podrska omladine u Baru koaliciji Bo\u0161njaci, Muslimani i Albanci - Lajme nga Ulqini","og_description":"Zajednicka lista Bosnjaci, Muslimani i Albanci ima veliku podrsku omladine u barskoj opstini. Predstavnici koalicije prosetali su danas sa omladinom kroz","og_url":"https:\/\/www.visit-ulcinj.com\/blog\/2014\/05\/24\/podrska-omladine-u-baru-koaliciji-bosnjaci-muslimani-albanci\/","og_site_name":"Lajme nga Ulqini","article_published_time":"2014-05-24T16:16:56+00:00","article_modified_time":"2014-05-24T16:17:49+00:00","og_image":[{"url":"http:\/\/www.visit-ulcinj.com\/blog\/wp-content\/uploads\/2014\/05\/setnja-Barom-koalicia.jpeg"}],"twitter_misc":{"Written by":"ulqini","Est. reading time":"2 minutes"},"schema":{"@context":"https:\/\/schema.org","@graph":[{"@type":"WebSite","@id":"https:\/\/www.visit-ulcinj.com\/blog\/#website","url":"https:\/\/www.visit-ulcinj.com\/blog\/","name":"Lajme nga Ulqini","description":"Lajme,Vijesti,Ulqini,Ulqin,Crna Gora,Mali i Zi","potentialAction":[{"@type":"SearchAction","target":{"@type":"EntryPoint","urlTemplate":"https:\/\/www.visit-ulcinj.com\/blog\/?s={search_term_string}"},"query-input":"required name=search_term_string"}],"inLanguage":"en-US"},{"@type":"ImageObject","inLanguage":"en-US","@id":"https:\/\/www.visit-ulcinj.com\/blog\/2014\/05\/24\/podrska-omladine-u-baru-koaliciji-bosnjaci-muslimani-albanci\/#primaryimage","url":"https:\/\/www.visit-ulcinj.com\/blog\/wp-content\/uploads\/2014\/05\/setnja-Barom-koalicia.jpeg","contentUrl":"https:\/\/www.visit-ulcinj.com\/blog\/wp-content\/uploads\/2014\/05\/setnja-Barom-koalicia.jpeg","width":1280,"height":960},{"@type":"WebPage","@id":"https:\/\/www.visit-ulcinj.com\/blog\/2014\/05\/24\/podrska-omladine-u-baru-koaliciji-bosnjaci-muslimani-albanci\/#webpage","url":"https:\/\/www.visit-ulcinj.com\/blog\/2014\/05\/24\/podrska-omladine-u-baru-koaliciji-bosnjaci-muslimani-albanci\/","name":"Podrska omladine u Baru koaliciji Bo\u0161njaci, Muslimani i Albanci - Lajme nga Ulqini","isPartOf":{"@id":"https:\/\/www.visit-ulcinj.com\/blog\/#website"},"primaryImageOfPage":{"@id":"https:\/\/www.visit-ulcinj.com\/blog\/2014\/05\/24\/podrska-omladine-u-baru-koaliciji-bosnjaci-muslimani-albanci\/#primaryimage"},"datePublished":"2014-05-24T16:16:56+00:00","dateModified":"2014-05-24T16:17:49+00:00","author":{"@id":"https:\/\/www.visit-ulcinj.com\/blog\/#\/schema\/person\/dcab619c614d3038751c63bc2aadc06d"},"description":"Zajednicka lista Bosnjaci, Muslimani i Albanci ima veliku podrsku omladine u barskoj opstini. Predstavnici koalicije prosetali su danas sa omladinom kroz","breadcrumb":{"@id":"https:\/\/www.visit-ulcinj.com\/blog\/2014\/05\/24\/podrska-omladine-u-baru-koaliciji-bosnjaci-muslimani-albanci\/#breadcrumb"},"inLanguage":"en-US","potentialAction":[{"@type":"ReadAction","target":["https:\/\/www.visit-ulcinj.com\/blog\/2014\/05\/24\/podrska-omladine-u-baru-koaliciji-bosnjaci-muslimani-albanci\/"]}]},{"@type":"BreadcrumbList","@id":"https:\/\/www.visit-ulcinj.com\/blog\/2014\/05\/24\/podrska-omladine-u-baru-koaliciji-bosnjaci-muslimani-albanci\/#breadcrumb","itemListElement":[{"@type":"ListItem","position":1,"name":"Podrska omladine u Baru koaliciji Bo\u0161njaci, Muslimani i Albanci"}]},{"@type":"Person","@id":"https:\/\/www.visit-ulcinj.com\/blog\/#\/schema\/person\/dcab619c614d3038751c63bc2aadc06d","name":"ulqini","sameAs":["http:\/\/www.visit-ulcinj.com"],"url":"https:\/\/www.visit-ulcinj.com\/blog\/author\/admin\/"}]}},"jetpack_featured_media_url":"","jetpack_sharing_enabled":true,"jetpack_shortlink":"https:\/\/wp.me\/pe6lTn-lrX","_links":{"self":[{"href":"https:\/\/www.visit-ulcinj.com\/blog\/wp-json\/wp\/v2\/posts\/82457"}],"collection":[{"href":"https:\/\/www.visit-ulcinj.com\/blog\/wp-json\/wp\/v2\/posts"}],"about":[{"href":"https:\/\/www.visit-ulcinj.com\/blog\/wp-json\/wp\/v2\/types\/post"}],"author":[{"embeddable":true,"href":"https:\/\/www.visit-ulcinj.com\/blog\/wp-json\/wp\/v2\/users\/1"}],"replies":[{"embeddable":true,"href":"https:\/\/www.visit-ulcinj.com\/blog\/wp-json\/wp\/v2\/comments?post=82457"}],"version-history":[{"count":2,"href":"https:\/\/www.visit-ulcinj.com\/blog\/wp-json\/wp\/v2\/posts\/82457\/revisions"}],"predecessor-version":[{"id":82460,"href":"https:\/\/www.visit-ulcinj.com\/blog\/wp-json\/wp\/v2\/posts\/82457\/revisions\/82460"}],"wp:attachment":[{"href":"https:\/\/www.visit-ulcinj.com\/blog\/wp-json\/wp\/v2\/media?parent=82457"}],"wp:term":[{"taxonomy":"category","embeddable":true,"href":"https:\/\/www.visit-ulcinj.com\/blog\/wp-json\/wp\/v2\/categories?post=82457"},{"taxonomy":"post_tag","embeddable":true,"href":"https:\/\/www.visit-ulcinj.com\/blog\/wp-json\/wp\/v2\/tags?post=82457"}],"curies":[{"name":"wp","href":"https:\/\/api.w.org\/{rel}","templated":true}]}}