{"id":82469,"date":"2014-05-25T18:03:07","date_gmt":"2014-05-25T17:03:07","guid":{"rendered":"http:\/\/www.visit-ulcinj.com\/blog\/?p=82469"},"modified":"2014-05-28T06:07:14","modified_gmt":"2014-05-28T05:07:14","slug":"rana-dhe-zana-2013-analize-e-vepres-lulet-e-veres-ulqin","status":"publish","type":"post","link":"https:\/\/www.visit-ulcinj.com\/blog\/2014\/05\/25\/rana-dhe-zana-2013-analize-e-vepres-lulet-e-veres-ulqin\/","title":{"rendered":"Rana dhe Zana&#8230;2013; Analiz\u00eb e vepr\u00ebs &#8220;Lulet e ver\u00ebs&#8221; Ulqin"},"content":{"rendered":"<p><a href=\"http:\/\/www.visit-ulcinj.com\/blog\/wp-content\/uploads\/2014\/05\/Zana-Hollaj-Sarvan-Ulqin-Ulcinj.jpg\"><img loading=\"lazy\" class=\"alignleft  wp-image-82471\" alt=\"Zana-Hollaj-Sarvan-Ulqin-Ulcinj\" src=\"http:\/\/www.visit-ulcinj.com\/blog\/wp-content\/uploads\/2014\/05\/Zana-Hollaj-Sarvan-Ulqin-Ulcinj.jpg\" width=\"508\" height=\"360\" \/><\/a>Nuk jam n\u00eb dijeni, a ka pas ndonj\u00eb her\u00eb Ulqini n\u00eb nj\u00eb vend kaq\u00eb &#8220;delikat\u00eb&#8221;, si\u00e7 \u00ebsht\u00eb kjo nd\u00ebrmarje publike, ndonj\u00eb fem\u00ebr. Kjo organizat\u00eb \u00ebsht\u00eb n\u00ebn\u00eb ingerenc\u00ebn e Komun\u00ebs, dhe politika e cila vendos\u00eb, q\u00eb n\u00eb vende kryesore t\u00eb ven kuadrat t\u00eb cilat i takojn atyre, m\u00eb duket se k\u00ebsaj radhe ka b\u00ebr\u00eb nj\u00eb zgjedhje t\u00eb mir\u00eb. Pa dyshim, Zana, ka qen\u00eb zgjedja m\u00eb e mir\u00eb, nga t\u00eb gjith\u00eb ato &#8220;ekspertat&#8221; t\u00eb cil\u00ebt i kemi pritur nga pushteti i fundit. Organizata, t\u00eb cil\u00ebn e udh\u00ebheq\u00eb ajo, \u00ebsht\u00eb p\u00ebr \u00e7do dit\u00eb n\u00ebn\u00eb mbik\u00ebqyrjen e popullat\u00ebs, duke filluar nga ato m\u00eb t\u00eb thjesht\u00ebt, e deri ke ato tjer\u00ebt, t\u00eb cil\u00ebt shkruaj dhe kritikojn.<br \/>\n<a href=\"http:\/\/www.visit-ulcinj.com\/blog\/wp-content\/uploads\/2014\/05\/Zana-Hollaj-Sarvan-Ulqin-Ulcinj-Rana.jpg\"><img loading=\"lazy\" class=\"alignleft  wp-image-82472\" alt=\"Zana-Hollaj-Sarvan-Ulqin-Ulcinj-Rana\" src=\"http:\/\/www.visit-ulcinj.com\/blog\/wp-content\/uploads\/2014\/05\/Zana-Hollaj-Sarvan-Ulqin-Ulcinj-Rana.jpg\" width=\"508\" height=\"360\" \/><\/a><\/p>\n<p>Posa\u00e7\u00ebrisht, \u00ebsht\u00eb m\u00eb r\u00ebnd\u00ebsi t\u00eb ve\u00e7ant mendimi i mysafir\u00ebve nga vendet e huaja, t\u00eb cil\u00ebt gjat\u00eb ver\u00ebs e vizitojn qytetin ton\u00eb. Si shoq\u00ebruas i shum\u00eb grup\u00ebve nga vendet e huaja, shpesh degjoj mendimet se \u00ebsht\u00eb p\u00ebrmirsuar gjendje tek ne. Natyrisht, gjithmon\u00eb ka m\u00eb mir\u00eb, dhe duhet t\u00eb punohet q\u00eb t\u00eb b\u00ebhet edhe m\u00eb mir\u00eb. Prandaj, mund t\u00eb themi se m\u00eb ardjen e nj\u00eb femre n\u00eb krye t\u00eb k\u00ebsaj organizate, qytetin e kemi m\u00eb t\u00eb past\u00ebrt. Si\u00e7 duket, kjo organizat\u00eb ka pasur nevoj, p\u00ebr nj\u00eb dor\u00eb t\u00eb nj\u00eb femre.<\/p>\n<p><a href=\"http:\/\/www.visit-ulcinj.com\/blog\/wp-content\/uploads\/2013\/09\/zanasarvan.jpg\"><img loading=\"lazy\" class=\"alignleft  wp-image-74468\" alt=\"zanasarvan\" src=\"http:\/\/www.visit-ulcinj.com\/blog\/wp-content\/uploads\/2013\/09\/zanasarvan.jpg\" width=\"250\" height=\"250\" srcset=\"https:\/\/www.visit-ulcinj.com\/blog\/wp-content\/uploads\/2013\/09\/zanasarvan.jpg 372w, https:\/\/www.visit-ulcinj.com\/blog\/wp-content\/uploads\/2013\/09\/zanasarvan-150x150.jpg 150w, https:\/\/www.visit-ulcinj.com\/blog\/wp-content\/uploads\/2013\/09\/zanasarvan-300x300.jpg 300w\" sizes=\"(max-width: 250px) 100vw, 250px\" \/><\/a><\/p>\n<p>Zana Hollaj Sarvan, p\u00ebr ato t\u00eb cil\u00ebt nuk e njohin, ka qen\u00eb gjithmon\u00eb, e mir\u00eb dhe e qeshur. Edhe si nx\u00ebn\u00ebse n\u00eb shkoll\u00ebn e mesme \u00ebsht\u00eb dalluar. Prandaj, nuk \u00ebsht\u00eb p\u00ebr t\u00eb \u00e7uditur se edhe tash, ka mbetur e thjesht\u00eb, n\u00eb ve\u00e7anti n\u00eb komunikimin m\u00eb pun\u00ebtor t\u00eb cil\u00ebt kan\u00eb nj\u00eb pun\u00eb shum\u00eb delikate. Shpesh her\u00eb Zana, jo vetum se ulet deri n\u00eb Ran\u00eb, ku \u00ebsht\u00eb edhe pasqyra e qytetit ton\u00eb, por ajo shkon edhe atje ku asnj\u00eb drejtor i k\u00ebsaj nd\u00ebrmarje nuk ka shkuar, asnj\u00ebher\u00eb. Si qytetar i cili e don qytetrin, shpesh her\u00eb shkruaj dhe kritikoj. Zan\u00ebs, dhe organizat\u00ebs t\u00eb cil\u00ebn ajo e udheq\u00eb, ne si qytetar duhemi ti ndihmojm.<br \/>\n<a href=\"http:\/\/www.visit-ulcinj.com\/blog\/wp-content\/uploads\/2014\/05\/Zana-Hollaj-Sarvan-Ulqin-Ulcinj-Rana-1.jpg\"><img loading=\"lazy\" class=\"alignleft  wp-image-82474\" alt=\"Zana-Hollaj-Sarvan-Ulqin-Ulcinj-Rana-1\" src=\"http:\/\/www.visit-ulcinj.com\/blog\/wp-content\/uploads\/2014\/05\/Zana-Hollaj-Sarvan-Ulqin-Ulcinj-Rana-1.jpg\" width=\"508\" height=\"360\" \/><\/a><\/p>\n<p>T\u00eb gjith\u00eb ne, n\u00eb vendet ku jetojm, por posa\u00e7\u00ebrisht n\u00eb hapsira publike duhet t\u00eb japim kontributin ton\u00eb, q\u00eb kjo organizat\u00eb t\u00eb ken sa m\u00eb pak pun\u00eb. Si sillemi ndaj ambientit jet\u00ebsor, \u00ebsht\u00eb m\u00eb r\u00ebnd\u00ebsi t\u00eb madhe p\u00ebr t\u00eb gjith\u00eb ne. N\u00eb ve\u00e7anti duhet t\u00eb punohet m\u00eb f\u00ebmi n\u00eb edukimn e tyre, n\u00eb shkolla. Ruajtja dhe mbrojtja e ambientit jet\u00ebsor, \u00ebsht\u00eb sot nj\u00eb problem global, dhe p\u00ebr te t\u00eb gjith\u00eb ne, duhet t\u00eb mundohemi t\u00eb japim nj\u00eb kontriburt, sado si t\u00eb jet i vog\u00ebl. A ka ndonj\u00eb gj\u00eb m\u00eb t\u00eb bukur se, kur n\u00eb mengjes\u00eb uleni n\u00eb Ran\u00eb dhe i shihni lulet n\u00eb &#8220;zhardinjera&#8221; n\u00eb shetitoren ton\u00eb, n\u00eb parkun te &#8220;Holegoja&#8221; , t\u00eb pa prekura. E morra shembull Ran\u00ebn, e cila \u00ebsht\u00eb gjithmon\u00eb m\u00eb e ndih\u00ebshme, por lule keni edhe ke rrug\u00eb tjera, dhe n\u00eb vende publike, pran\u00eb Komun\u00ebs, Qendr\u00ebs p\u00ebr kultur\u00eb, gjat\u00eb bulevardit. Duhet t\u00eb punohet m\u00eb tep\u00ebr, me t\u00eb gith\u00eb ato, t\u00eb cil\u00ebt i largojn\u00eb mbeturinat jasht orarit, dhe jasht vendit t\u00eb caktuar. Kjo vlen p\u00ebr t\u00eb gjitha lagjet n\u00eb qytetin ton\u00eb, duke filluar nga Kalaja. K\u00ebto zot\u00ebrinj, duhet ta kuptojn, se intersat personale, nuk mund t\u00eb jen mbi ato t\u00eb p\u00ebrgjith\u00ebshmet.<\/p>\n<p><a href=\"http:\/\/www.visit-ulcinj.com\/blog\/wp-content\/uploads\/2014\/05\/Zana-Hollaj-Sarvan-Ulqin-Ulcinj-1.jpg\"><img loading=\"lazy\" class=\"alignleft  wp-image-82473\" alt=\"Zana-Hollaj-Sarvan-Ulqin-Ulcinj-1\" src=\"http:\/\/www.visit-ulcinj.com\/blog\/wp-content\/uploads\/2014\/05\/Zana-Hollaj-Sarvan-Ulqin-Ulcinj-1.jpg\" width=\"508\" height=\"360\" \/><\/a><br \/>\nTi kthehem edhe pak Zan\u00ebs. Zana \u00ebsht\u00eb nj\u00eb arkitekte e dalluar. Ka qen\u00eb nj\u00eb koh\u00eb &#8220;Sekretaresh&#8221; p\u00ebr urbaniz\u00ebm, dhe shum\u00eb Ulqinak\u00eb nuk e kan\u00eb ditur ta vler\u00ebsojn pun\u00ebn e saj. Nuk mund e mos ta p\u00ebrmend, pasi q\u00eb nuk \u00ebsht\u00eb mir\u00eb t\u00eb harrohen disa gj\u00ebra. Zana ka nap nj\u00eb kontribut t\u00eb madh\u00eb p\u00ebr rind\u00ebrtimin e Xhamis\u00eb s\u00eb Detar\u00ebve n\u00eb Ran\u00eb, si edhe p\u00ebr disa projekte tjera, por kjo \u00ebsht\u00eb nj\u00eb tem\u00eb tjet\u00ebr&#8230;<\/p>\n<p>Ismet Karamanaga<\/p>\n<!--YouTube Error: bad URL entered-->\n","protected":false},"excerpt":{"rendered":"<p>Nuk jam n\u00eb dijeni, a ka pas ndonj\u00eb her\u00eb Ulqini n\u00eb nj\u00eb vend kaq\u00eb &#8220;delikat\u00eb&#8221;, si\u00e7 \u00ebsht\u00eb kjo nd\u00ebrmarje publike, ndonj\u00eb fem\u00ebr. Kjo organizat\u00eb \u00ebsht\u00eb n\u00ebn\u00eb ingerenc\u00ebn e Komun\u00ebs, dhe politika e cila vendos\u00eb, q\u00eb n\u00eb vende kryesore t\u00eb ven kuadrat t\u00eb cilat i takojn atyre, m\u00eb duket se k\u00ebsaj radhe ka b\u00ebr\u00eb nj\u00eb zgjedhje [&hellip;]<\/p>\n","protected":false},"author":1,"featured_media":0,"comment_status":"closed","ping_status":"closed","sticky":false,"template":"","format":"standard","meta":{"spay_email":"","jetpack_publicize_message":"","jetpack_is_tweetstorm":false,"jetpack_publicize_feature_enabled":true},"categories":[10,1],"tags":[],"jetpack_publicize_connections":[],"yoast_head":"<!-- This site is optimized with the Yoast SEO plugin v19.1 - https:\/\/yoast.com\/wordpress\/plugins\/seo\/ -->\n<title>Rana dhe Zana...2013; Analiz\u00eb e vepr\u00ebs &quot;Lulet e ver\u00ebs&quot; Ulqin - Lajme nga Ulqini<\/title>\n<meta name=\"description\" content=\"Nuk jam n\u00eb dijeni, a ka pas ndonj\u00eb her\u00eb Ulqini n\u00eb nj\u00eb vend kaq\u00eb &quot;delikat\u00eb&quot;, si\u00e7 \u00ebsht\u00eb kjo nd\u00ebrmarje publike, ndonj\u00eb fem\u00ebr. Kjo organizat\u00eb \u00ebsht\u00eb n\u00ebn\u00eb\" \/>\n<meta name=\"robots\" content=\"index, follow, max-snippet:-1, max-image-preview:large, max-video-preview:-1\" \/>\n<link rel=\"canonical\" href=\"https:\/\/www.visit-ulcinj.com\/blog\/2014\/05\/25\/rana-dhe-zana-2013-analize-e-vepres-lulet-e-veres-ulqin\/\" \/>\n<meta property=\"og:locale\" content=\"en_US\" \/>\n<meta property=\"og:type\" content=\"article\" \/>\n<meta property=\"og:title\" content=\"Rana dhe Zana...2013; Analiz\u00eb e vepr\u00ebs &quot;Lulet e ver\u00ebs&quot; Ulqin - Lajme nga Ulqini\" \/>\n<meta property=\"og:description\" content=\"Nuk jam n\u00eb dijeni, a ka pas ndonj\u00eb her\u00eb Ulqini n\u00eb nj\u00eb vend kaq\u00eb &quot;delikat\u00eb&quot;, si\u00e7 \u00ebsht\u00eb kjo nd\u00ebrmarje publike, ndonj\u00eb fem\u00ebr. Kjo organizat\u00eb \u00ebsht\u00eb n\u00ebn\u00eb\" \/>\n<meta property=\"og:url\" content=\"https:\/\/www.visit-ulcinj.com\/blog\/2014\/05\/25\/rana-dhe-zana-2013-analize-e-vepres-lulet-e-veres-ulqin\/\" \/>\n<meta property=\"og:site_name\" content=\"Lajme nga Ulqini\" \/>\n<meta property=\"article:published_time\" content=\"2014-05-25T17:03:07+00:00\" \/>\n<meta property=\"article:modified_time\" content=\"2014-05-28T05:07:14+00:00\" \/>\n<meta property=\"og:image\" content=\"http:\/\/www.visit-ulcinj.com\/blog\/wp-content\/uploads\/2014\/05\/Zana-Hollaj-Sarvan-Ulqin-Ulcinj.jpg\" \/>\n<meta name=\"twitter:label1\" content=\"Written by\" \/>\n\t<meta name=\"twitter:data1\" content=\"ulqini\" \/>\n\t<meta name=\"twitter:label2\" content=\"Est. reading time\" \/>\n\t<meta name=\"twitter:data2\" content=\"3 minutes\" \/>\n<script type=\"application\/ld+json\" class=\"yoast-schema-graph\">{\"@context\":\"https:\/\/schema.org\",\"@graph\":[{\"@type\":\"WebSite\",\"@id\":\"https:\/\/www.visit-ulcinj.com\/blog\/#website\",\"url\":\"https:\/\/www.visit-ulcinj.com\/blog\/\",\"name\":\"Lajme nga Ulqini\",\"description\":\"Lajme,Vijesti,Ulqini,Ulqin,Crna Gora,Mali i Zi\",\"potentialAction\":[{\"@type\":\"SearchAction\",\"target\":{\"@type\":\"EntryPoint\",\"urlTemplate\":\"https:\/\/www.visit-ulcinj.com\/blog\/?s={search_term_string}\"},\"query-input\":\"required name=search_term_string\"}],\"inLanguage\":\"en-US\"},{\"@type\":\"ImageObject\",\"inLanguage\":\"en-US\",\"@id\":\"https:\/\/www.visit-ulcinj.com\/blog\/2014\/05\/25\/rana-dhe-zana-2013-analize-e-vepres-lulet-e-veres-ulqin\/#primaryimage\",\"url\":\"https:\/\/www.visit-ulcinj.com\/blog\/wp-content\/uploads\/2014\/05\/Zana-Hollaj-Sarvan-Ulqin-Ulcinj.jpg\",\"contentUrl\":\"https:\/\/www.visit-ulcinj.com\/blog\/wp-content\/uploads\/2014\/05\/Zana-Hollaj-Sarvan-Ulqin-Ulcinj.jpg\",\"width\":999,\"height\":500},{\"@type\":\"WebPage\",\"@id\":\"https:\/\/www.visit-ulcinj.com\/blog\/2014\/05\/25\/rana-dhe-zana-2013-analize-e-vepres-lulet-e-veres-ulqin\/#webpage\",\"url\":\"https:\/\/www.visit-ulcinj.com\/blog\/2014\/05\/25\/rana-dhe-zana-2013-analize-e-vepres-lulet-e-veres-ulqin\/\",\"name\":\"Rana dhe Zana...2013; Analiz\u00eb e vepr\u00ebs \\\"Lulet e ver\u00ebs\\\" Ulqin - Lajme nga Ulqini\",\"isPartOf\":{\"@id\":\"https:\/\/www.visit-ulcinj.com\/blog\/#website\"},\"primaryImageOfPage\":{\"@id\":\"https:\/\/www.visit-ulcinj.com\/blog\/2014\/05\/25\/rana-dhe-zana-2013-analize-e-vepres-lulet-e-veres-ulqin\/#primaryimage\"},\"datePublished\":\"2014-05-25T17:03:07+00:00\",\"dateModified\":\"2014-05-28T05:07:14+00:00\",\"author\":{\"@id\":\"https:\/\/www.visit-ulcinj.com\/blog\/#\/schema\/person\/dcab619c614d3038751c63bc2aadc06d\"},\"description\":\"Nuk jam n\u00eb dijeni, a ka pas ndonj\u00eb her\u00eb Ulqini n\u00eb nj\u00eb vend kaq\u00eb \\\"delikat\u00eb\\\", si\u00e7 \u00ebsht\u00eb kjo nd\u00ebrmarje publike, ndonj\u00eb fem\u00ebr. Kjo organizat\u00eb \u00ebsht\u00eb n\u00ebn\u00eb\",\"breadcrumb\":{\"@id\":\"https:\/\/www.visit-ulcinj.com\/blog\/2014\/05\/25\/rana-dhe-zana-2013-analize-e-vepres-lulet-e-veres-ulqin\/#breadcrumb\"},\"inLanguage\":\"en-US\",\"potentialAction\":[{\"@type\":\"ReadAction\",\"target\":[\"https:\/\/www.visit-ulcinj.com\/blog\/2014\/05\/25\/rana-dhe-zana-2013-analize-e-vepres-lulet-e-veres-ulqin\/\"]}]},{\"@type\":\"BreadcrumbList\",\"@id\":\"https:\/\/www.visit-ulcinj.com\/blog\/2014\/05\/25\/rana-dhe-zana-2013-analize-e-vepres-lulet-e-veres-ulqin\/#breadcrumb\",\"itemListElement\":[{\"@type\":\"ListItem\",\"position\":1,\"name\":\"Rana dhe Zana&#8230;2013; Analiz\u00eb e vepr\u00ebs &#8220;Lulet e ver\u00ebs&#8221; Ulqin\"}]},{\"@type\":\"Person\",\"@id\":\"https:\/\/www.visit-ulcinj.com\/blog\/#\/schema\/person\/dcab619c614d3038751c63bc2aadc06d\",\"name\":\"ulqini\",\"sameAs\":[\"http:\/\/www.visit-ulcinj.com\"],\"url\":\"https:\/\/www.visit-ulcinj.com\/blog\/author\/admin\/\"}]}<\/script>\n<!-- \/ Yoast SEO plugin. -->","yoast_head_json":{"title":"Rana dhe Zana...2013; Analiz\u00eb e vepr\u00ebs \"Lulet e ver\u00ebs\" Ulqin - Lajme nga Ulqini","description":"Nuk jam n\u00eb dijeni, a ka pas ndonj\u00eb her\u00eb Ulqini n\u00eb nj\u00eb vend kaq\u00eb \"delikat\u00eb\", si\u00e7 \u00ebsht\u00eb kjo nd\u00ebrmarje publike, ndonj\u00eb fem\u00ebr. Kjo organizat\u00eb \u00ebsht\u00eb n\u00ebn\u00eb","robots":{"index":"index","follow":"follow","max-snippet":"max-snippet:-1","max-image-preview":"max-image-preview:large","max-video-preview":"max-video-preview:-1"},"canonical":"https:\/\/www.visit-ulcinj.com\/blog\/2014\/05\/25\/rana-dhe-zana-2013-analize-e-vepres-lulet-e-veres-ulqin\/","og_locale":"en_US","og_type":"article","og_title":"Rana dhe Zana...2013; Analiz\u00eb e vepr\u00ebs \"Lulet e ver\u00ebs\" Ulqin - Lajme nga Ulqini","og_description":"Nuk jam n\u00eb dijeni, a ka pas ndonj\u00eb her\u00eb Ulqini n\u00eb nj\u00eb vend kaq\u00eb \"delikat\u00eb\", si\u00e7 \u00ebsht\u00eb kjo nd\u00ebrmarje publike, ndonj\u00eb fem\u00ebr. Kjo organizat\u00eb \u00ebsht\u00eb n\u00ebn\u00eb","og_url":"https:\/\/www.visit-ulcinj.com\/blog\/2014\/05\/25\/rana-dhe-zana-2013-analize-e-vepres-lulet-e-veres-ulqin\/","og_site_name":"Lajme nga Ulqini","article_published_time":"2014-05-25T17:03:07+00:00","article_modified_time":"2014-05-28T05:07:14+00:00","og_image":[{"url":"http:\/\/www.visit-ulcinj.com\/blog\/wp-content\/uploads\/2014\/05\/Zana-Hollaj-Sarvan-Ulqin-Ulcinj.jpg"}],"twitter_misc":{"Written by":"ulqini","Est. reading time":"3 minutes"},"schema":{"@context":"https:\/\/schema.org","@graph":[{"@type":"WebSite","@id":"https:\/\/www.visit-ulcinj.com\/blog\/#website","url":"https:\/\/www.visit-ulcinj.com\/blog\/","name":"Lajme nga Ulqini","description":"Lajme,Vijesti,Ulqini,Ulqin,Crna Gora,Mali i Zi","potentialAction":[{"@type":"SearchAction","target":{"@type":"EntryPoint","urlTemplate":"https:\/\/www.visit-ulcinj.com\/blog\/?s={search_term_string}"},"query-input":"required name=search_term_string"}],"inLanguage":"en-US"},{"@type":"ImageObject","inLanguage":"en-US","@id":"https:\/\/www.visit-ulcinj.com\/blog\/2014\/05\/25\/rana-dhe-zana-2013-analize-e-vepres-lulet-e-veres-ulqin\/#primaryimage","url":"https:\/\/www.visit-ulcinj.com\/blog\/wp-content\/uploads\/2014\/05\/Zana-Hollaj-Sarvan-Ulqin-Ulcinj.jpg","contentUrl":"https:\/\/www.visit-ulcinj.com\/blog\/wp-content\/uploads\/2014\/05\/Zana-Hollaj-Sarvan-Ulqin-Ulcinj.jpg","width":999,"height":500},{"@type":"WebPage","@id":"https:\/\/www.visit-ulcinj.com\/blog\/2014\/05\/25\/rana-dhe-zana-2013-analize-e-vepres-lulet-e-veres-ulqin\/#webpage","url":"https:\/\/www.visit-ulcinj.com\/blog\/2014\/05\/25\/rana-dhe-zana-2013-analize-e-vepres-lulet-e-veres-ulqin\/","name":"Rana dhe Zana...2013; Analiz\u00eb e vepr\u00ebs \"Lulet e ver\u00ebs\" Ulqin - Lajme nga Ulqini","isPartOf":{"@id":"https:\/\/www.visit-ulcinj.com\/blog\/#website"},"primaryImageOfPage":{"@id":"https:\/\/www.visit-ulcinj.com\/blog\/2014\/05\/25\/rana-dhe-zana-2013-analize-e-vepres-lulet-e-veres-ulqin\/#primaryimage"},"datePublished":"2014-05-25T17:03:07+00:00","dateModified":"2014-05-28T05:07:14+00:00","author":{"@id":"https:\/\/www.visit-ulcinj.com\/blog\/#\/schema\/person\/dcab619c614d3038751c63bc2aadc06d"},"description":"Nuk jam n\u00eb dijeni, a ka pas ndonj\u00eb her\u00eb Ulqini n\u00eb nj\u00eb vend kaq\u00eb \"delikat\u00eb\", si\u00e7 \u00ebsht\u00eb kjo nd\u00ebrmarje publike, ndonj\u00eb fem\u00ebr. Kjo organizat\u00eb \u00ebsht\u00eb n\u00ebn\u00eb","breadcrumb":{"@id":"https:\/\/www.visit-ulcinj.com\/blog\/2014\/05\/25\/rana-dhe-zana-2013-analize-e-vepres-lulet-e-veres-ulqin\/#breadcrumb"},"inLanguage":"en-US","potentialAction":[{"@type":"ReadAction","target":["https:\/\/www.visit-ulcinj.com\/blog\/2014\/05\/25\/rana-dhe-zana-2013-analize-e-vepres-lulet-e-veres-ulqin\/"]}]},{"@type":"BreadcrumbList","@id":"https:\/\/www.visit-ulcinj.com\/blog\/2014\/05\/25\/rana-dhe-zana-2013-analize-e-vepres-lulet-e-veres-ulqin\/#breadcrumb","itemListElement":[{"@type":"ListItem","position":1,"name":"Rana dhe Zana&#8230;2013; Analiz\u00eb e vepr\u00ebs &#8220;Lulet e ver\u00ebs&#8221; Ulqin"}]},{"@type":"Person","@id":"https:\/\/www.visit-ulcinj.com\/blog\/#\/schema\/person\/dcab619c614d3038751c63bc2aadc06d","name":"ulqini","sameAs":["http:\/\/www.visit-ulcinj.com"],"url":"https:\/\/www.visit-ulcinj.com\/blog\/author\/admin\/"}]}},"jetpack_featured_media_url":"","jetpack_sharing_enabled":true,"jetpack_shortlink":"https:\/\/wp.me\/pe6lTn-ls9","_links":{"self":[{"href":"https:\/\/www.visit-ulcinj.com\/blog\/wp-json\/wp\/v2\/posts\/82469"}],"collection":[{"href":"https:\/\/www.visit-ulcinj.com\/blog\/wp-json\/wp\/v2\/posts"}],"about":[{"href":"https:\/\/www.visit-ulcinj.com\/blog\/wp-json\/wp\/v2\/types\/post"}],"author":[{"embeddable":true,"href":"https:\/\/www.visit-ulcinj.com\/blog\/wp-json\/wp\/v2\/users\/1"}],"replies":[{"embeddable":true,"href":"https:\/\/www.visit-ulcinj.com\/blog\/wp-json\/wp\/v2\/comments?post=82469"}],"version-history":[{"count":2,"href":"https:\/\/www.visit-ulcinj.com\/blog\/wp-json\/wp\/v2\/posts\/82469\/revisions"}],"predecessor-version":[{"id":82476,"href":"https:\/\/www.visit-ulcinj.com\/blog\/wp-json\/wp\/v2\/posts\/82469\/revisions\/82476"}],"wp:attachment":[{"href":"https:\/\/www.visit-ulcinj.com\/blog\/wp-json\/wp\/v2\/media?parent=82469"}],"wp:term":[{"taxonomy":"category","embeddable":true,"href":"https:\/\/www.visit-ulcinj.com\/blog\/wp-json\/wp\/v2\/categories?post=82469"},{"taxonomy":"post_tag","embeddable":true,"href":"https:\/\/www.visit-ulcinj.com\/blog\/wp-json\/wp\/v2\/tags?post=82469"}],"curies":[{"name":"wp","href":"https:\/\/api.w.org\/{rel}","templated":true}]}}