{"id":82480,"date":"2014-05-25T18:47:26","date_gmt":"2014-05-25T17:47:26","guid":{"rendered":"http:\/\/www.visit-ulcinj.com\/blog\/?p=82480"},"modified":"2014-05-25T18:48:08","modified_gmt":"2014-05-25T17:48:08","slug":"ulcinj-se-gusi-u-svom-smecu","status":"publish","type":"post","link":"https:\/\/www.visit-ulcinj.com\/blog\/2014\/05\/25\/ulcinj-se-gusi-u-svom-smecu\/","title":{"rendered":"Ulcinj se gu\u0161i u svom sme\u0107u! &#8211; Video"},"content":{"rendered":"<p><strong><a href=\"http:\/\/www.visit-ulcinj.com\/blog\/wp-content\/uploads\/2014\/05\/Smece-ulcinj.jpg\"><img loading=\"lazy\" class=\"alignleft  wp-image-82481\" alt=\"Smece-ulcinj\" src=\"http:\/\/www.visit-ulcinj.com\/blog\/wp-content\/uploads\/2014\/05\/Smece-ulcinj.jpg\" width=\"501\" height=\"285\" \/><\/a>Komunalci zaobilaze mini-deponiju <\/strong><\/p>\n<p>UL\u00adCINj &#8211; Ka\u00adda su pro\u00ad\u0161le ne\u00addje\u00adlje rad\u00adni\u00adci JP Ko\u00admu\u00adnal\u00adne dje\u00adla\u00adno\u00adsti Ul\u00adcinj po\u00adsti\u00adgli do\u00adgo\u00advor sa pred\u00adsjed\u00adni\u00adkom Op\u00ad\u0161ti\u00adne Fat\u00admi\u00adrom \u0110e\u00adkom, da ne or\u00adga\u00adni\u00adzu\u00adju \u0161trajk zbog ne\u00adis\u00adpla\u00ad\u0107e\u00adnih za\u00adra\u00adda, gra\u00ad\u0111a\u00adni naj\u00adju\u00ad\u017eni\u00adje op\u00ad\u0161ti\u00adne su odah\u00adnu\u00adli, na\u00adda\u00adju\u00ad\u0107i se da su pre\u00adpu\u00adni kon\u00adtej\u00adne\u00adri sme\u00ad\u0107a pro\u00ad\u0161lost. Na\u00ad\u017ea\u00adlost, za\u00addo\u00advolj\u00adstvo je po\u00adtra\u00adja\u00adlo krat\u00adko, jer su po\u00adje\u00addi\u00adni dje\u00adlo\u00advi gra\u00adda, slu\u00ad\u010daj\u00adno ili na\u00admjer\u00adno, osta\u00adli za\u00adbo\u00adra\u00advlje\u00adni, a kon\u00adtej\u00adner\u00adska mje\u00adsta za\u00adtr\u00adpa\u00adna ot\u00adpa\u00addom. Naj\u00adu\u00adpe\u00ad\u010da\u00adtlji\u00advi\u00adji pri\u00admjer je na\u00adse\u00adlje Ko\u00addre ko\u00adje se na\u00adla\u00adzi na pe\u00adri\u00adfe\u00adri\u00adji gra\u00adda, u ko\u00adme ve\u0107 vi\u00ad\u0161e od dvi\u00adje ne\u00addje\u00adlje po\u00adsto\u00adji mi\u00adni-de\u00adpo\u00adni\u00adja ko\u00adju rad\u00adni\u00adci Ko\u00admu\u00adnal\u00adnog iz ne\u00adpo\u00adzna\u00adtih raz\u00adlo\u00adga za\u00ado\u00adbi\u00adla\u00adze u \u0161i\u00adro\u00adkom kru\u00adgu. Na\u00adi\u00adme, ko\u00admu\u00adnal\u00adci sva\u00adko\u00addnev\u00adno pra\u00adzne kon\u00adtej\u00adne\u00adre po\u00adred pu\u00adta, ali ra\u00adzno\u00advr\u00adstan ot\u00adpad ko\u00adji se na\u00adgo\u00admi\u00adlao u vri\u00adje\u00adme dok su \u0161tra\u00adjko\u00adva\u00adli osta\u00adje ne\u00adtak\u00adnut, ra\u00adsut po pu\u00adtu i kon\u00adstat\u00adno ga raz\u00adno\u00adse vje\u00adtar i ki\u00ad\u0161a. Da si\u00adtu\u00ada\u00adci\u00adja bu\u00adde go\u00adra di\u00advlja de\u00adpo\u00adni\u00adja na\u00adla\u00adzi se u ne\u00adpo\u00adsred\u00adnoj bli\u00adzi\u00adni ne\u00adko\u00adli\u00adko ve\u00adli\u00adkih pri\u00advat\u00adnih tu\u00adri\u00adsti\u010d\u00adkih obje\u00adka\u00adta (ho\u00adtel i apart\u00adma\u00adni), a u bli\u00adzi\u00adni je i ma\u00adgi\u00adstral\u00adni put ko\u00adji vo\u00addi ka gra\u00adni\u010d\u00adnom pre\u00adla\u00adzu Su\u00adko\u00adbin, ko\u00adjim ina\u00ad\u010de pro\u00adla\u00adzi ve\u00adli\u00adki broj tu\u00adri\u00adsta. Mje\u00ad\u0161ta\u00adni su ogor\u00ad\u010de\u00adni zbog ne\u00adma\u00adra nad\u00adle\u00ad\u017enih i upo\u00adzo\u00adra\u00adva\u00adju da se od\u00admah mo\u00adra rea\u00adg\u00ado\u00adva\u00adti.<br \/>\n\u2013 Dio uli\u00adce je pre\u00adtvo\u00adren u ru\u00adglo. Da\u00adni\u00adma \u010de\u00adka\u00admo da se ne\u00adko smi\u00adlu\u00adje i to o\u010di\u00adsti. Osim \u0161to iz\u00adgle\u00adda vr\u00adlo ru\u00ad\u017eno, zbog ra\u00adsta tem\u00adpe\u00adra\u00adtu\u00adre \u0161i\u00adre se ne\u00adpri\u00adjat\u00adni mi\u00adri\u00adsi pa po\u00adsto\u00adji re\u00adal\u00adna opa\u00adsnost da iz\u00adbi\u00adje za\u00adra\u00adza i ugro\u00adzi zdra\u00advlje lju\u00addi &#8211; ka\u00ad\u017eu mje\u00ad\u0161ta\u00adni.<br \/>\nJe\u00addan od njih je i po\u00adzna\u00adti estrad\u00adni umjet\u00adnih \u0160a\u00adko Po\u00adlu\u00admen\u00adta , ko\u00adji je po\u00adsled\u00adnjih par go\u00addi\u00adna u na\u00adse\u00adlju in\u00advsti\u00adrao iz\u00adgrad\u00adnju dva ve\u00adli\u00adka objek\u00adta za smje\u00ad\u0161taj tu\u00adri\u00adsta.<br \/>\n\u2013 Vo\u00adlim Ul\u00adcinj i iz\u00adu\u00adzet\u00adno sam ve\u00adzan za ovaj grad ali ova\u00adkve stva\u00adri ne smi\u00adju da se de\u00ad\u0161a\u00adva\u00adju, jer kva\u00adre tu\u00adri\u00adsti\u010d\u00adki imid\u017e mje\u00adsta. Pla\u00adni\u00adram da iz\u00adgra\u00addim i sport\u00adsko re\u00adkre\u00ada\u00adtiv\u00adne sa\u00addr\u00ad\u017ea\u00adje, da objek\u00adte iz\u00adda\u00adjem i da u Ul\u00adcinj do\u00adve\u00addem svo\u00adje ko\u00adle\u00adge, spor\u00adti\u00adste, glum\u00adce&#8230; Me\u00ad\u0111u\u00adtim, ko\u00adli\u00adko \u0107e to ima\u00adti smi\u00adsla ako se u bli\u00adzi\u00adni na\u00adla\u00adzi sme\u00adtli\u00ad\u0161te. Zbog to\u00adga ape\u00adlu\u00adjem na nad\u00adle\u00ad\u017ene da se \u0161to pri\u00adje ozbilj\u00adno po\u00adza\u00adba\u00adve ovim pro\u00adble\u00admom. Po\u00adzi\u00advam i kom\u00ad\u0161i\u00adje da svi mi li\u010d\u00adnim pri\u00admje\u00adrom po\u00adka\u00ad\u017ee\u00admo vi\u00ad\u0161e pa\u00ad\u017enje, ka\u00adda je u pi\u00adta\u00adnju od\u00adla\u00adga\u00adnje ot\u00adpa\u00adda. Mi\u00adslim i da tre\u00adba sa\u00adgle\u00adda\u00adti mo\u00adgu\u0107\u00adnost da se kon\u00adtej\u00adne\u00adri iz\u00admje\u00adste sa sa\u00adda\u00ad\u0161nje lo\u00adka\u00adci\u00adje, jer se u vi\u00ad\u0161e na\u00advra\u00adta po\u00adka\u00adza\u00adlo da ni\u00adje ade\u00adkvat\u00adna &#8211; ka\u00ad\u017ee Po\u00adlu\u00admen\u00adta.<br \/>\nU JP Ko\u00admu\u00adnal\u00adne dje\u00adlat\u00adno\u00adsti ni\u00adsmo uspje\u00adli da do\u00adbi\u00adje\u00admo ob\u00adja\u00ad\u0161nje\u00adnje zbog \u010de\u00adga za\u00adpo\u00adsle\u00adni u tom pred\u00adu\u00adze\u00ad\u0107u izb\u00adje\u00adga\u00adva\u00adju da uklo\u00adne sme\u00ad\u0107e ko\u00adje pri\u00adje\u00adti da iza\u00adzo\u00adve za\u00adra\u00adzu. Vr\u00ad\u0161i\u00adlac du\u00ad\u017eno\u00adsti di\u00adrek\u00adto\u00adra ni\u00adje se ja\u00advljao na na\u00adma do\u00adstup\u00adne bro\u00adje\u00adve te\u00adle\u00adfo\u00adna.<br \/>\nSa dru\u00adge stra\u00adne pr\u00advi \u010do\u00advjek Op\u00ad\u0161ti\u00adne ka\u00adzao je da je sa rad\u00adni\u00adci\u00adma ko\u00adji odr\u00ad\u017ea\u00adva\u00adju \u010di\u00adsto\u00ad\u0107u po\u00adstig\u00adnut do\u00adgo\u00advor da se iz gra\u00adda uklo\u00adni sve sme\u00ad\u0107e za\u00ado\u00adsta\u00adlo na\u00adkon nji\u00adho\u00advog sko\u00adra\u00ad\u0161njeg pro\u00adte\u00adsta.<br \/>\n\u2013 Iz\u00adne\u00adna\u00ad\u0111en sam \u0161to jo\u0161 uvi\u00adjek ni\u00adsu za\u00advr\u00ad\u0161i\u00adli oba\u00adve\u00adze ko\u00adje su pre\u00adu\u00adze\u00adli. Grad mo\u00adra bi\u00adti \u010dist bez ob\u00adzi\u00adra o ko\u00adjem se na\u00adse\u00adlju ra\u00addi. Tu\u00adri\u00adsti\u010d\u00adka se\u00adzo\u00adna je je po\u00ad\u010de\u00adla i ve\u0107 ima\u00admo pri\u00adli\u00ad\u010dan broj go\u00adsti\u00adju. Od\u00admah \u0107u in\u00adter\u00adve\u00adni\u00adsa\u00adti i zah\u00adti\u00adje\u00adva\u00adti da se taj pro\u00adblem \u0161to hit\u00adni\u00adje ri\u00adje\u00ad\u0161i &#8211; obe\u00ad\u0107ao je \u0110e\u00adka.<\/p>\n<p><strong>M.K.<\/strong><\/p>\n<p><strong>Po\u00adli\u00adti\u00adka pu\u00adni kon\u00adtej\u00adne\u00adre<\/strong><\/p>\n<p>Mno\u00adgi gra\u00ad\u0111a\u00adni Ul\u00adci\u00adnja mi\u00ad\u0161lje\u00adnja su da u pro\u00adte\u00adkla dva mje\u00adse\u00adca JP Ko\u00admu\u00adnal\u00adne dje\u00adlat\u00adno\u00adsti ne ra\u00addi svoj po\u00adsao, ona\u00adko ka\u00adko bi tre\u00adba\u00adlo. Da li zbog ne\u00adza\u00addo\u00advolj\u00adstva rad\u00adni\u00adka, ko\u00adji su dva pu\u00adta pre\u00adki\u00adda\u00adli sa ra\u00addom, zbog ne\u00adis\u00adpla\u00ad\u0107e\u00adnih za\u00adra\u00adda, ili zbog \u010di\u00adnje\u00adni\u00adce da se dva i po mje\u00adse\u00adca \u010de\u00adka\u00adlo na smje\u00adnu ru\u00adko\u00advod\u00adstva, po\u00adsle\u00addi\u00adce su i te\u00ad ka\u00adko vi\u00addlji\u00adve u \u010di\u00adta\u00advom gra\u00addu. Ne\u00adki su sklo\u00adni da tvr\u00adde da je za sve kri\u00adva po\u00adli\u00adti\u00adka ko\u00adja, ka\u00adko se u \u0161a\u00adli mo\u00ad\u017ee \u010du\u00adti, pu\u00adni kon\u00adtej\u00adne\u00adre. Do\u00adsko\u00adra\u00ad\u0161nja di\u00adrek\u00adto\u00adri\u00adca Ko\u00admu\u00adnal\u00adnog Za\u00adna Sar\u00advan pod\u00adni\u00adje\u00adla je ne\u00addav\u00adno ostav\u00adku jer je ko\u00ada\u00adli\u00adci\u00ado\u00adnim do\u00adgo\u00advo\u00adrom par\u00adti\u00adja na vla\u00adsti to mje\u00adsto pri\u00adpa\u00adlo For\u00adci. U toj par\u00adti\u00adji jo\u0161 ni\u00adsu zva\u00adni\u010d\u00adno pred\u00adlo\u00ad\u017ei\u00adli no\u00advog ru\u00adko\u00advo\u00addi\u00ado\u00adca pred\u00adu\u00adze\u00ad\u0107a, iako se po\u00adsled\u00adnjih da\u00adna kao mo\u00adgu\u00ad\u0107i iz\u00adbor po\u00admi\u00adnje Sa\u00adit Ka\u00adta\u00adna. Ul\u00adci\u00adnja\u00adni s pra\u00advom o\u010de\u00adku\u00adju da se ta ka\u00addrov\u00adsko po\u00adli\u00adti\u010d\u00adka za\u00advr\u00adzla\u00adma \u0161to pri\u00adje ri\u00adje\u00ad\u0161i jer no\u00advog di\u00adrek\u00adto\u00adra \u010de\u00adka pri\u00adli\u010d\u00adno mno\u00adgo po\u00adsla.<\/p>\n<p><strong>Izvor: DAN<\/strong><\/p>\n<!--YouTube Error: bad URL entered-->\n","protected":false},"excerpt":{"rendered":"<p>Komunalci zaobilaze mini-deponiju UL\u00adCINj &#8211; Ka\u00adda su pro\u00ad\u0161le ne\u00addje\u00adlje rad\u00adni\u00adci JP Ko\u00admu\u00adnal\u00adne dje\u00adla\u00adno\u00adsti Ul\u00adcinj po\u00adsti\u00adgli do\u00adgo\u00advor sa pred\u00adsjed\u00adni\u00adkom Op\u00ad\u0161ti\u00adne Fat\u00admi\u00adrom \u0110e\u00adkom, da ne or\u00adga\u00adni\u00adzu\u00adju \u0161trajk zbog ne\u00adis\u00adpla\u00ad\u0107e\u00adnih za\u00adra\u00adda, gra\u00ad\u0111a\u00adni naj\u00adju\u00ad\u017eni\u00adje op\u00ad\u0161ti\u00adne su odah\u00adnu\u00adli, na\u00adda\u00adju\u00ad\u0107i se da su pre\u00adpu\u00adni kon\u00adtej\u00adne\u00adri sme\u00ad\u0107a pro\u00ad\u0161lost. Na\u00ad\u017ea\u00adlost, za\u00addo\u00advolj\u00adstvo je po\u00adtra\u00adja\u00adlo krat\u00adko, jer su po\u00adje\u00addi\u00adni dje\u00adlo\u00advi gra\u00adda, slu\u00ad\u010daj\u00adno ili na\u00admjer\u00adno, osta\u00adli [&hellip;]<\/p>\n","protected":false},"author":1,"featured_media":0,"comment_status":"closed","ping_status":"closed","sticky":false,"template":"","format":"standard","meta":{"spay_email":"","jetpack_publicize_message":"","jetpack_is_tweetstorm":false,"jetpack_publicize_feature_enabled":true},"categories":[8337],"tags":[],"jetpack_publicize_connections":[],"yoast_head":"<!-- This site is optimized with the Yoast SEO plugin v19.1 - https:\/\/yoast.com\/wordpress\/plugins\/seo\/ -->\n<title>Ulcinj se gu\u0161i u svom sme\u0107u! - Video - Lajme nga Ulqini<\/title>\n<meta name=\"description\" content=\"Komunalci zaobilaze mini-deponiju UL\u00adCINj - Ka\u00adda su pro\u00ad\u0161le ne\u00addje\u00adlje rad\u00adni\u00adci JP Ko\u00admu\u00adnal\u00adne dje\u00adla\u00adno\u00adsti Ul\u00adcinj po\u00adsti\u00adgli do\u00adgo\u00advor sa\" \/>\n<meta name=\"robots\" content=\"index, follow, max-snippet:-1, max-image-preview:large, max-video-preview:-1\" \/>\n<link rel=\"canonical\" href=\"https:\/\/www.visit-ulcinj.com\/blog\/2014\/05\/25\/ulcinj-se-gusi-u-svom-smecu\/\" \/>\n<meta property=\"og:locale\" content=\"en_US\" \/>\n<meta property=\"og:type\" content=\"article\" \/>\n<meta property=\"og:title\" content=\"Ulcinj se gu\u0161i u svom sme\u0107u! - Video - Lajme nga Ulqini\" \/>\n<meta property=\"og:description\" content=\"Komunalci zaobilaze mini-deponiju UL\u00adCINj - Ka\u00adda su pro\u00ad\u0161le ne\u00addje\u00adlje rad\u00adni\u00adci JP Ko\u00admu\u00adnal\u00adne dje\u00adla\u00adno\u00adsti Ul\u00adcinj po\u00adsti\u00adgli do\u00adgo\u00advor sa\" \/>\n<meta property=\"og:url\" content=\"https:\/\/www.visit-ulcinj.com\/blog\/2014\/05\/25\/ulcinj-se-gusi-u-svom-smecu\/\" \/>\n<meta property=\"og:site_name\" content=\"Lajme nga Ulqini\" \/>\n<meta property=\"article:published_time\" content=\"2014-05-25T17:47:26+00:00\" \/>\n<meta property=\"article:modified_time\" content=\"2014-05-25T17:48:08+00:00\" \/>\n<meta property=\"og:image\" content=\"http:\/\/www.visit-ulcinj.com\/blog\/wp-content\/uploads\/2014\/05\/Smece-ulcinj.jpg\" \/>\n<meta name=\"twitter:label1\" content=\"Written by\" \/>\n\t<meta name=\"twitter:data1\" content=\"ulqini\" \/>\n\t<meta name=\"twitter:label2\" content=\"Est. reading time\" \/>\n\t<meta name=\"twitter:data2\" content=\"7 minutes\" \/>\n<script type=\"application\/ld+json\" class=\"yoast-schema-graph\">{\"@context\":\"https:\/\/schema.org\",\"@graph\":[{\"@type\":\"WebSite\",\"@id\":\"https:\/\/www.visit-ulcinj.com\/blog\/#website\",\"url\":\"https:\/\/www.visit-ulcinj.com\/blog\/\",\"name\":\"Lajme nga Ulqini\",\"description\":\"Lajme,Vijesti,Ulqini,Ulqin,Crna Gora,Mali i Zi\",\"potentialAction\":[{\"@type\":\"SearchAction\",\"target\":{\"@type\":\"EntryPoint\",\"urlTemplate\":\"https:\/\/www.visit-ulcinj.com\/blog\/?s={search_term_string}\"},\"query-input\":\"required name=search_term_string\"}],\"inLanguage\":\"en-US\"},{\"@type\":\"ImageObject\",\"inLanguage\":\"en-US\",\"@id\":\"https:\/\/www.visit-ulcinj.com\/blog\/2014\/05\/25\/ulcinj-se-gusi-u-svom-smecu\/#primaryimage\",\"url\":\"https:\/\/www.visit-ulcinj.com\/blog\/wp-content\/uploads\/2014\/05\/Smece-ulcinj.jpg\",\"contentUrl\":\"https:\/\/www.visit-ulcinj.com\/blog\/wp-content\/uploads\/2014\/05\/Smece-ulcinj.jpg\",\"width\":701,\"height\":285},{\"@type\":\"WebPage\",\"@id\":\"https:\/\/www.visit-ulcinj.com\/blog\/2014\/05\/25\/ulcinj-se-gusi-u-svom-smecu\/#webpage\",\"url\":\"https:\/\/www.visit-ulcinj.com\/blog\/2014\/05\/25\/ulcinj-se-gusi-u-svom-smecu\/\",\"name\":\"Ulcinj se gu\u0161i u svom sme\u0107u! - Video - Lajme nga Ulqini\",\"isPartOf\":{\"@id\":\"https:\/\/www.visit-ulcinj.com\/blog\/#website\"},\"primaryImageOfPage\":{\"@id\":\"https:\/\/www.visit-ulcinj.com\/blog\/2014\/05\/25\/ulcinj-se-gusi-u-svom-smecu\/#primaryimage\"},\"datePublished\":\"2014-05-25T17:47:26+00:00\",\"dateModified\":\"2014-05-25T17:48:08+00:00\",\"author\":{\"@id\":\"https:\/\/www.visit-ulcinj.com\/blog\/#\/schema\/person\/dcab619c614d3038751c63bc2aadc06d\"},\"description\":\"Komunalci zaobilaze mini-deponiju UL\u00adCINj - Ka\u00adda su pro\u00ad\u0161le ne\u00addje\u00adlje rad\u00adni\u00adci JP Ko\u00admu\u00adnal\u00adne dje\u00adla\u00adno\u00adsti Ul\u00adcinj po\u00adsti\u00adgli do\u00adgo\u00advor sa\",\"breadcrumb\":{\"@id\":\"https:\/\/www.visit-ulcinj.com\/blog\/2014\/05\/25\/ulcinj-se-gusi-u-svom-smecu\/#breadcrumb\"},\"inLanguage\":\"en-US\",\"potentialAction\":[{\"@type\":\"ReadAction\",\"target\":[\"https:\/\/www.visit-ulcinj.com\/blog\/2014\/05\/25\/ulcinj-se-gusi-u-svom-smecu\/\"]}]},{\"@type\":\"BreadcrumbList\",\"@id\":\"https:\/\/www.visit-ulcinj.com\/blog\/2014\/05\/25\/ulcinj-se-gusi-u-svom-smecu\/#breadcrumb\",\"itemListElement\":[{\"@type\":\"ListItem\",\"position\":1,\"name\":\"Ulcinj se gu\u0161i u svom sme\u0107u! &#8211; Video\"}]},{\"@type\":\"Person\",\"@id\":\"https:\/\/www.visit-ulcinj.com\/blog\/#\/schema\/person\/dcab619c614d3038751c63bc2aadc06d\",\"name\":\"ulqini\",\"sameAs\":[\"http:\/\/www.visit-ulcinj.com\"],\"url\":\"https:\/\/www.visit-ulcinj.com\/blog\/author\/admin\/\"}]}<\/script>\n<!-- \/ Yoast SEO plugin. -->","yoast_head_json":{"title":"Ulcinj se gu\u0161i u svom sme\u0107u! - Video - Lajme nga Ulqini","description":"Komunalci zaobilaze mini-deponiju UL\u00adCINj - Ka\u00adda su pro\u00ad\u0161le ne\u00addje\u00adlje rad\u00adni\u00adci JP Ko\u00admu\u00adnal\u00adne dje\u00adla\u00adno\u00adsti Ul\u00adcinj po\u00adsti\u00adgli do\u00adgo\u00advor sa","robots":{"index":"index","follow":"follow","max-snippet":"max-snippet:-1","max-image-preview":"max-image-preview:large","max-video-preview":"max-video-preview:-1"},"canonical":"https:\/\/www.visit-ulcinj.com\/blog\/2014\/05\/25\/ulcinj-se-gusi-u-svom-smecu\/","og_locale":"en_US","og_type":"article","og_title":"Ulcinj se gu\u0161i u svom sme\u0107u! - Video - Lajme nga Ulqini","og_description":"Komunalci zaobilaze mini-deponiju UL\u00adCINj - Ka\u00adda su pro\u00ad\u0161le ne\u00addje\u00adlje rad\u00adni\u00adci JP Ko\u00admu\u00adnal\u00adne dje\u00adla\u00adno\u00adsti Ul\u00adcinj po\u00adsti\u00adgli do\u00adgo\u00advor sa","og_url":"https:\/\/www.visit-ulcinj.com\/blog\/2014\/05\/25\/ulcinj-se-gusi-u-svom-smecu\/","og_site_name":"Lajme nga Ulqini","article_published_time":"2014-05-25T17:47:26+00:00","article_modified_time":"2014-05-25T17:48:08+00:00","og_image":[{"url":"http:\/\/www.visit-ulcinj.com\/blog\/wp-content\/uploads\/2014\/05\/Smece-ulcinj.jpg"}],"twitter_misc":{"Written by":"ulqini","Est. reading time":"7 minutes"},"schema":{"@context":"https:\/\/schema.org","@graph":[{"@type":"WebSite","@id":"https:\/\/www.visit-ulcinj.com\/blog\/#website","url":"https:\/\/www.visit-ulcinj.com\/blog\/","name":"Lajme nga Ulqini","description":"Lajme,Vijesti,Ulqini,Ulqin,Crna Gora,Mali i Zi","potentialAction":[{"@type":"SearchAction","target":{"@type":"EntryPoint","urlTemplate":"https:\/\/www.visit-ulcinj.com\/blog\/?s={search_term_string}"},"query-input":"required name=search_term_string"}],"inLanguage":"en-US"},{"@type":"ImageObject","inLanguage":"en-US","@id":"https:\/\/www.visit-ulcinj.com\/blog\/2014\/05\/25\/ulcinj-se-gusi-u-svom-smecu\/#primaryimage","url":"https:\/\/www.visit-ulcinj.com\/blog\/wp-content\/uploads\/2014\/05\/Smece-ulcinj.jpg","contentUrl":"https:\/\/www.visit-ulcinj.com\/blog\/wp-content\/uploads\/2014\/05\/Smece-ulcinj.jpg","width":701,"height":285},{"@type":"WebPage","@id":"https:\/\/www.visit-ulcinj.com\/blog\/2014\/05\/25\/ulcinj-se-gusi-u-svom-smecu\/#webpage","url":"https:\/\/www.visit-ulcinj.com\/blog\/2014\/05\/25\/ulcinj-se-gusi-u-svom-smecu\/","name":"Ulcinj se gu\u0161i u svom sme\u0107u! - Video - Lajme nga Ulqini","isPartOf":{"@id":"https:\/\/www.visit-ulcinj.com\/blog\/#website"},"primaryImageOfPage":{"@id":"https:\/\/www.visit-ulcinj.com\/blog\/2014\/05\/25\/ulcinj-se-gusi-u-svom-smecu\/#primaryimage"},"datePublished":"2014-05-25T17:47:26+00:00","dateModified":"2014-05-25T17:48:08+00:00","author":{"@id":"https:\/\/www.visit-ulcinj.com\/blog\/#\/schema\/person\/dcab619c614d3038751c63bc2aadc06d"},"description":"Komunalci zaobilaze mini-deponiju UL\u00adCINj - Ka\u00adda su pro\u00ad\u0161le ne\u00addje\u00adlje rad\u00adni\u00adci JP Ko\u00admu\u00adnal\u00adne dje\u00adla\u00adno\u00adsti Ul\u00adcinj po\u00adsti\u00adgli do\u00adgo\u00advor sa","breadcrumb":{"@id":"https:\/\/www.visit-ulcinj.com\/blog\/2014\/05\/25\/ulcinj-se-gusi-u-svom-smecu\/#breadcrumb"},"inLanguage":"en-US","potentialAction":[{"@type":"ReadAction","target":["https:\/\/www.visit-ulcinj.com\/blog\/2014\/05\/25\/ulcinj-se-gusi-u-svom-smecu\/"]}]},{"@type":"BreadcrumbList","@id":"https:\/\/www.visit-ulcinj.com\/blog\/2014\/05\/25\/ulcinj-se-gusi-u-svom-smecu\/#breadcrumb","itemListElement":[{"@type":"ListItem","position":1,"name":"Ulcinj se gu\u0161i u svom sme\u0107u! &#8211; Video"}]},{"@type":"Person","@id":"https:\/\/www.visit-ulcinj.com\/blog\/#\/schema\/person\/dcab619c614d3038751c63bc2aadc06d","name":"ulqini","sameAs":["http:\/\/www.visit-ulcinj.com"],"url":"https:\/\/www.visit-ulcinj.com\/blog\/author\/admin\/"}]}},"jetpack_featured_media_url":"","jetpack_sharing_enabled":true,"jetpack_shortlink":"https:\/\/wp.me\/pe6lTn-lsk","_links":{"self":[{"href":"https:\/\/www.visit-ulcinj.com\/blog\/wp-json\/wp\/v2\/posts\/82480"}],"collection":[{"href":"https:\/\/www.visit-ulcinj.com\/blog\/wp-json\/wp\/v2\/posts"}],"about":[{"href":"https:\/\/www.visit-ulcinj.com\/blog\/wp-json\/wp\/v2\/types\/post"}],"author":[{"embeddable":true,"href":"https:\/\/www.visit-ulcinj.com\/blog\/wp-json\/wp\/v2\/users\/1"}],"replies":[{"embeddable":true,"href":"https:\/\/www.visit-ulcinj.com\/blog\/wp-json\/wp\/v2\/comments?post=82480"}],"version-history":[{"count":2,"href":"https:\/\/www.visit-ulcinj.com\/blog\/wp-json\/wp\/v2\/posts\/82480\/revisions"}],"predecessor-version":[{"id":82484,"href":"https:\/\/www.visit-ulcinj.com\/blog\/wp-json\/wp\/v2\/posts\/82480\/revisions\/82484"}],"wp:attachment":[{"href":"https:\/\/www.visit-ulcinj.com\/blog\/wp-json\/wp\/v2\/media?parent=82480"}],"wp:term":[{"taxonomy":"category","embeddable":true,"href":"https:\/\/www.visit-ulcinj.com\/blog\/wp-json\/wp\/v2\/categories?post=82480"},{"taxonomy":"post_tag","embeddable":true,"href":"https:\/\/www.visit-ulcinj.com\/blog\/wp-json\/wp\/v2\/tags?post=82480"}],"curies":[{"name":"wp","href":"https:\/\/api.w.org\/{rel}","templated":true}]}}